{"id":139777,"date":"2025-11-25T09:01:26","date_gmt":"2025-11-25T08:01:26","guid":{"rendered":"https:\/\/lavozdeibiza.com\/sin-categorizar\/another-victim-of-francos-regime-in-ibiza-human-remains-with-signs-of-execution-found-in-ses-figueretes-cemetery\/"},"modified":"2025-11-25T13:04:11","modified_gmt":"2025-11-25T12:04:11","slug":"another-victim-of-francos-regime-in-ibiza-human-remains-with-signs-of-execution-found-in-ses-figueretes-cemetery","status":"publish","type":"post","link":"https:\/\/lavozdeibiza.com\/en\/current-news\/another-victim-of-francos-regime-in-ibiza-human-remains-with-signs-of-execution-found-in-ses-figueretes-cemetery\/","title":{"rendered":"Another victim of Franco&#8217;s regime in Ibiza? Human remains with signs of execution found in Ses Figueretes cemetery"},"content":{"rendered":"<p>The Government of the Balearic Islands has documented the first human remains during the first excavation of the V <strong><a href=\"https:\/\/lavozdeibiza.com\/?s=franquismo&amp;lang=es\">first excavation of the V Graves Plan<\/a><\/strong>which is being carried out in the <strong>Ses Figueretes cemetery in Ibiza<\/strong> and which began last November 18.<\/p>\n<ul>\n<li>\n<h5><a href=\"https:\/\/lavozdeibiza.com\/en\/current-news\/the-largest-search-for-francoist-reprisals-begins-in-ibiza\/?swcfpc=1\">The largest search for Francoist reprisals begins in Ibiza<\/a><\/h5>\n<\/li>\n<li>\n<h5><a href=\"https:\/\/lavozdeibiza.com\/en\/society\/francisco-francos-dictatorship-returns-to-the-debate-the-surprising-profile-of-those-who-defend-it-today\/?swcfpc=1\">Francisco Franco&#8217;s dictatorship returns to the debate: the surprising profile of those who defend it today<\/a><\/h5>\n<\/li>\n<\/ul>\n<p>The work, led by the <strong>Aranzadi-ATICS team<\/strong> and made up of nine specialists in archaeology and forensic anthropology, is progressing in several probes open to the space where, according to preliminary studies, victims could be located.<\/p>\n<p>In the first days of the intervention, a <strong>long gun projectile<\/strong> -a Spanish Mauser rifle- had already been identified in Sondeo 1, an indication that reinforced the working hypotheses.<\/p>\n<p>In Test Pit 2, the team has located several remains, including a <strong>skull of an adult male with fractures compatible with firearm injuries<\/strong>.<\/p>\n<figure id=\"attachment_139772\" aria-describedby=\"caption-attachment-139772\" style=\"width: 1280px\" class=\"wp-caption alignnone\"><a href=\"https:\/\/lavozdeibiza.com\/actualidad\/otra-victima-del-franquismo-en-ibiza-hallan-restos-humanos-con-signos-de-ejecucion-en-el-cementerio-de-ses-figueretes\/attachment\/3268050\/\" rel=\"attachment wp-att-139771\"><img decoding=\"async\" class=\"size-full wp-image-139771\" src=\"https:\/\/lavozdeibiza.com\/wp-content\/uploads\/2025\/11\/3268050.jpg\" alt=\"\" width=\"1280\" height=\"960\" srcset=\"https:\/\/lavozdeibiza.com\/wp-content\/uploads\/2025\/11\/3268050.jpg 1280w, https:\/\/lavozdeibiza.com\/wp-content\/uploads\/2025\/11\/3268050-300x225.jpg 300w, https:\/\/lavozdeibiza.com\/wp-content\/uploads\/2025\/11\/3268050-768x576.jpg 768w\" sizes=\"(max-width: 1280px) 100vw, 1280px\" \/><\/a><figcaption id=\"caption-attachment-139772\" class=\"wp-caption-text\">Human remains found in the cemetery<\/figcaption><\/figure>\n<p>These preliminary results are consistent with the findings of previous campaigns carried out in the same cemetery, which allowed, in 2024, the<strong> identification of three victims,<\/strong> the first identified on the island of Ibiza: <a href=\"https:\/\/lavozdeibiza.com\/actualidad\/identifican-a-cuatro-victimas-de-la-guerra-civil-en-ibiza-y-formentera\/\">Mariano Castell\u00f3 Castell\u00f3, Bartolom\u00e9 Costa Serra and Josep Vidal Ramon<\/a>.<\/p>\n<ul>\n<li>\n<h5><a href=\"https:\/\/lavozdeibiza.com\/actualidad\/aumentan-a-once-los-cuerpos-de-posibles-victimas-del-franquismo-hallados-en-formentera\/?swcfpc=1\">Eleven bodies of possible victims of Franco&#8217;s regime found in Formentera increased to eleven<\/a><\/h5>\n<\/li>\n<\/ul>\n<p>The work of the V Graves Plan will continue during the next weeks with the objective of delimiting new areas, studying the recovered remains and advancing in the <strong>identification process through forensic anthropology and genetic analysis techniques.<\/strong><\/p>\n<figure id=\"attachment_139774\" aria-describedby=\"caption-attachment-139774\" style=\"width: 1280px\" class=\"wp-caption alignnone\"><a href=\"https:\/\/lavozdeibiza.com\/actualidad\/otra-victima-del-franquismo-en-ibiza-hallan-restos-humanos-con-signos-de-ejecucion-en-el-cementerio-de-ses-figueretes\/attachment\/3268060\/\" rel=\"attachment wp-att-139773\"><img decoding=\"async\" class=\"size-full wp-image-139773\" src=\"https:\/\/lavozdeibiza.com\/wp-content\/uploads\/2025\/11\/3268060.jpg\" alt=\"\" width=\"1280\" height=\"960\" srcset=\"https:\/\/lavozdeibiza.com\/wp-content\/uploads\/2025\/11\/3268060.jpg 1280w, https:\/\/lavozdeibiza.com\/wp-content\/uploads\/2025\/11\/3268060-300x225.jpg 300w, https:\/\/lavozdeibiza.com\/wp-content\/uploads\/2025\/11\/3268060-768x576.jpg 768w\" sizes=\"(max-width: 1280px) 100vw, 1280px\" \/><\/a><figcaption id=\"caption-attachment-139774\" class=\"wp-caption-text\">The work is led by the Aranzadi-ATICS team and is composed of nine specialists in archaeology and forensic anthropology.<\/figcaption><\/figure>\n<p>&#8220;The Government of the Balearic Islands reaffirms its commitment to continue with the work of exhumation and identification of people who disappeared as a result of the Civil War and Franco&#8217;s regime, in order to give them a dignified burial,&#8221; they said.<\/p>\n<h2>Continue reading:<\/h2>\n<ul>\n<li>\n<h5><a href=\"https:\/\/lavozdeibiza.com\/actualidad\/el-presidente-del-parlament-balear-destroza-la-foto-de-una-fusilada-por-el-franquismo-y-expulsa-a-dos-diputadas-socialistas\/?swcfpc=1\">The president of the Balearic Parliament destroys the photo of a woman shot by Franco&#8217;s regime and expels two socialist deputies<\/a><\/h5>\n<\/li>\n<li>\n<h5><a href=\"https:\/\/lavozdeibiza.com\/actualidad\/exhumados-tres-esqueletos-completos-de-posibles-victimas-del-franquismo-en-formentera\/?swcfpc=1\">Exhumed three complete skeletons of possible victims of Franco&#8217;s regime in Formentera<\/a><\/h5>\n<\/li>\n<li>\n<h5><a href=\"https:\/\/lavozdeibiza.com\/actualidad\/identificados-en-el-campament-de-formentera-los-restos-de-tres-victimas\/?swcfpc=1\">Remains of three victims identified in the &#8216;Campament&#8217; of Formentera<\/a><\/h5>\n<\/li>\n<\/ul>\n","protected":false},"excerpt":{"rendered":"<p>The intervention, carried out by the Aranzadi-ATICS team, confirms evidence compatible with victims of the Civil War and Franco&#8217;s regime.<\/p>\n","protected":false},"author":17,"featured_media":139770,"comment_status":"closed","ping_status":"closed","sticky":false,"template":"","format":"standard","meta":{"_acf_changed":false,"site-sidebar-layout":"default","site-content-layout":"","ast-site-content-layout":"default","site-content-style":"default","site-sidebar-style":"default","ast-global-header-display":"","ast-banner-title-visibility":"","ast-main-header-display":"","ast-hfb-above-header-display":"","ast-hfb-below-header-display":"","ast-hfb-mobile-header-display":"","site-post-title":"","ast-breadcrumbs-content":"","ast-featured-img":"","footer-sml-layout":"","ast-disable-related-posts":"","theme-transparent-header-meta":"default","adv-header-id-meta":"","stick-header-meta":"","header-above-stick-meta":"","header-main-stick-meta":"","header-below-stick-meta":"","astra-migrate-meta-layouts":"default","ast-page-background-enabled":"default","ast-page-background-meta":{"desktop":{"background-color":"var(--ast-global-color-4)","background-image":"","background-repeat":"repeat","background-position":"center center","background-size":"auto","background-attachment":"scroll","background-type":"","background-media":"","overlay-type":"","overlay-color":"","overlay-opacity":"","overlay-gradient":""},"tablet":{"background-color":"","background-image":"","background-repeat":"repeat","background-position":"center center","background-size":"auto","background-attachment":"scroll","background-type":"","background-media":"","overlay-type":"","overlay-color":"","overlay-opacity":"","overlay-gradient":""},"mobile":{"background-color":"","background-image":"","background-repeat":"repeat","background-position":"center center","background-size":"auto","background-attachment":"scroll","background-type":"","background-media":"","overlay-type":"","overlay-color":"","overlay-opacity":"","overlay-gradient":""}},"ast-content-background-meta":{"desktop":{"background-color":"var(--ast-global-color-5)","background-image":"","background-repeat":"repeat","background-position":"center center","background-size":"auto","background-attachment":"scroll","background-type":"","background-media":"","overlay-type":"","overlay-color":"","overlay-opacity":"","overlay-gradient":""},"tablet":{"background-color":"var(--ast-global-color-5)","background-image":"","background-repeat":"repeat","background-position":"center center","background-size":"auto","background-attachment":"scroll","background-type":"","background-media":"","overlay-type":"","overlay-color":"","overlay-opacity":"","overlay-gradient":""},"mobile":{"background-color":"var(--ast-global-color-5)","background-image":"","background-repeat":"repeat","background-position":"center center","background-size":"auto","background-attachment":"scroll","background-type":"","background-media":"","overlay-type":"","overlay-color":"","overlay-opacity":"","overlay-gradient":""}},"footnotes":""},"categories":[2910,2918],"tags":[2921,9321,9247,9219],"ppma_author":[2646],"class_list":["post-139777","post","type-post","status-publish","format-standard","has-post-thumbnail","hentry","category-current-news","category-ibiza-en","tag-actualidad-2-en","tag-franchism","tag-pit-plan","tag-ses-figueretes-cemetery"],"acf":[],"yoast_head":"<!-- This site is optimized with the Yoast SEO plugin v27.4 - https:\/\/yoast.com\/product\/yoast-seo-wordpress\/ -->\n<title>Another victim of Franco&#039;s regime in Ibiza? Human remains with signs of execution found in Ses Figueretes cemetery - La Voz De Ibiza<\/title>\n<meta name=\"description\" content=\"The intervention, carried out by the Aranzadi-ATICS team, confirms evidence compatible with victims of the Civil War and Franco&#039;s regime.\" \/>\n<meta name=\"robots\" content=\"index, follow, max-snippet:-1, max-image-preview:large, max-video-preview:-1\" \/>\n<link rel=\"canonical\" href=\"https:\/\/lavozdeibiza.com\/en\/current-news\/another-victim-of-francos-regime-in-ibiza-human-remains-with-signs-of-execution-found-in-ses-figueretes-cemetery\/\" \/>\n<meta property=\"og:locale\" content=\"en_US\" \/>\n<meta property=\"og:type\" content=\"article\" \/>\n<meta property=\"og:title\" content=\"Another victim of Franco&#039;s regime in Ibiza? Human remains with signs of execution found in Ses Figueretes cemetery - La Voz De Ibiza\" \/>\n<meta property=\"og:description\" content=\"The intervention, carried out by the Aranzadi-ATICS team, confirms evidence compatible with victims of the Civil War and Franco&#039;s regime.\" \/>\n<meta property=\"og:url\" content=\"https:\/\/lavozdeibiza.com\/en\/current-news\/another-victim-of-francos-regime-in-ibiza-human-remains-with-signs-of-execution-found-in-ses-figueretes-cemetery\/\" \/>\n<meta property=\"og:site_name\" content=\"La Voz De Ibiza\" \/>\n<meta property=\"article:published_time\" content=\"2025-11-25T08:01:26+00:00\" \/>\n<meta property=\"article:modified_time\" content=\"2025-11-25T12:04:11+00:00\" \/>\n<meta property=\"og:image\" content=\"https:\/\/lavozdeibiza.com\/wp-content\/uploads\/2025\/11\/3268040.jpg\" \/>\n\t<meta property=\"og:image:width\" content=\"1280\" \/>\n\t<meta property=\"og:image:height\" content=\"960\" \/>\n\t<meta property=\"og:image:type\" content=\"image\/jpeg\" \/>\n<meta name=\"author\" content=\"Agust\u00edn Gigante\" \/>\n<meta name=\"twitter:card\" content=\"summary_large_image\" \/>\n<meta name=\"twitter:creator\" content=\"@vozdeibiza\" \/>\n<meta name=\"twitter:site\" content=\"@vozdeibiza\" \/>\n<meta name=\"twitter:label1\" content=\"Written by\" \/>\n\t<meta name=\"twitter:data1\" content=\"Agust\u00edn Gigante\" \/>\n\t<meta name=\"twitter:label2\" content=\"Est. reading time\" \/>\n\t<meta name=\"twitter:data2\" content=\"2 minutes\" \/>\n<script type=\"application\/ld+json\" class=\"yoast-schema-graph\">{\"@context\":\"https:\\\/\\\/schema.org\",\"@graph\":[{\"@type\":\"NewsArticle\",\"@id\":\"https:\\\/\\\/lavozdeibiza.com\\\/en\\\/current-news\\\/another-victim-of-francos-regime-in-ibiza-human-remains-with-signs-of-execution-found-in-ses-figueretes-cemetery\\\/#article\",\"isPartOf\":{\"@id\":\"https:\\\/\\\/lavozdeibiza.com\\\/en\\\/current-news\\\/another-victim-of-francos-regime-in-ibiza-human-remains-with-signs-of-execution-found-in-ses-figueretes-cemetery\\\/\"},\"author\":{\"name\":\"Agust\u00edn Gigante\",\"@id\":\"https:\\\/\\\/lavozdeibiza.com\\\/en\\\/#\\\/schema\\\/person\\\/daeae671b6d57a7fdaff476f7da26cfb\"},\"headline\":\"Another victim of Franco&#8217;s regime in Ibiza? Human remains with signs of execution found in Ses Figueretes cemetery\",\"datePublished\":\"2025-11-25T08:01:26+00:00\",\"dateModified\":\"2025-11-25T12:04:11+00:00\",\"mainEntityOfPage\":{\"@id\":\"https:\\\/\\\/lavozdeibiza.com\\\/en\\\/current-news\\\/another-victim-of-francos-regime-in-ibiza-human-remains-with-signs-of-execution-found-in-ses-figueretes-cemetery\\\/\"},\"wordCount\":398,\"publisher\":{\"@id\":\"https:\\\/\\\/lavozdeibiza.com\\\/en\\\/#organization\"},\"image\":{\"@id\":\"https:\\\/\\\/lavozdeibiza.com\\\/en\\\/current-news\\\/another-victim-of-francos-regime-in-ibiza-human-remains-with-signs-of-execution-found-in-ses-figueretes-cemetery\\\/#primaryimage\"},\"thumbnailUrl\":\"https:\\\/\\\/lavozdeibiza.com\\\/wp-content\\\/uploads\\\/2025\\\/11\\\/3268040.jpg\",\"keywords\":[\"Actualidad 2\",\"Franchism\",\"PIT PLAN\",\"Ses Figueretes cemetery.\"],\"articleSection\":[\"CURRENT NEWS\",\"IBIZA\"],\"inLanguage\":\"en-US\"},{\"@type\":[\"WebPage\",\"ItemPage\"],\"@id\":\"https:\\\/\\\/lavozdeibiza.com\\\/en\\\/current-news\\\/another-victim-of-francos-regime-in-ibiza-human-remains-with-signs-of-execution-found-in-ses-figueretes-cemetery\\\/\",\"url\":\"https:\\\/\\\/lavozdeibiza.com\\\/en\\\/current-news\\\/another-victim-of-francos-regime-in-ibiza-human-remains-with-signs-of-execution-found-in-ses-figueretes-cemetery\\\/\",\"name\":\"Another victim of Franco's regime in Ibiza? Human remains with signs of execution found in Ses Figueretes cemetery - La Voz De Ibiza\",\"isPartOf\":{\"@id\":\"https:\\\/\\\/lavozdeibiza.com\\\/en\\\/#website\"},\"primaryImageOfPage\":{\"@id\":\"https:\\\/\\\/lavozdeibiza.com\\\/en\\\/current-news\\\/another-victim-of-francos-regime-in-ibiza-human-remains-with-signs-of-execution-found-in-ses-figueretes-cemetery\\\/#primaryimage\"},\"image\":{\"@id\":\"https:\\\/\\\/lavozdeibiza.com\\\/en\\\/current-news\\\/another-victim-of-francos-regime-in-ibiza-human-remains-with-signs-of-execution-found-in-ses-figueretes-cemetery\\\/#primaryimage\"},\"thumbnailUrl\":\"https:\\\/\\\/lavozdeibiza.com\\\/wp-content\\\/uploads\\\/2025\\\/11\\\/3268040.jpg\",\"datePublished\":\"2025-11-25T08:01:26+00:00\",\"dateModified\":\"2025-11-25T12:04:11+00:00\",\"description\":\"The intervention, carried out by the Aranzadi-ATICS team, confirms evidence compatible with victims of the Civil War and Franco's regime.\",\"breadcrumb\":{\"@id\":\"https:\\\/\\\/lavozdeibiza.com\\\/en\\\/current-news\\\/another-victim-of-francos-regime-in-ibiza-human-remains-with-signs-of-execution-found-in-ses-figueretes-cemetery\\\/#breadcrumb\"},\"inLanguage\":\"en-US\",\"potentialAction\":[{\"@type\":\"ReadAction\",\"target\":[\"https:\\\/\\\/lavozdeibiza.com\\\/en\\\/current-news\\\/another-victim-of-francos-regime-in-ibiza-human-remains-with-signs-of-execution-found-in-ses-figueretes-cemetery\\\/\"]}]},{\"@type\":\"ImageObject\",\"inLanguage\":\"en-US\",\"@id\":\"https:\\\/\\\/lavozdeibiza.com\\\/en\\\/current-news\\\/another-victim-of-francos-regime-in-ibiza-human-remains-with-signs-of-execution-found-in-ses-figueretes-cemetery\\\/#primaryimage\",\"url\":\"https:\\\/\\\/lavozdeibiza.com\\\/wp-content\\\/uploads\\\/2025\\\/11\\\/3268040.jpg\",\"contentUrl\":\"https:\\\/\\\/lavozdeibiza.com\\\/wp-content\\\/uploads\\\/2025\\\/11\\\/3268040.jpg\",\"width\":1280,\"height\":960,\"caption\":\"Los trabajos en el cementerio Ses Figueretes\"},{\"@type\":\"BreadcrumbList\",\"@id\":\"https:\\\/\\\/lavozdeibiza.com\\\/en\\\/current-news\\\/another-victim-of-francos-regime-in-ibiza-human-remains-with-signs-of-execution-found-in-ses-figueretes-cemetery\\\/#breadcrumb\",\"itemListElement\":[{\"@type\":\"ListItem\",\"position\":1,\"name\":\"Portada\",\"item\":\"https:\\\/\\\/lavozdeibiza.com\\\/en\\\/\"},{\"@type\":\"ListItem\",\"position\":2,\"name\":\"Another victim of Franco&#8217;s regime in Ibiza? Human remains with signs of execution found in Ses Figueretes cemetery\"}]},{\"@type\":\"WebSite\",\"@id\":\"https:\\\/\\\/lavozdeibiza.com\\\/en\\\/#website\",\"url\":\"https:\\\/\\\/lavozdeibiza.com\\\/en\\\/\",\"name\":\"La Voz de Ibiza\",\"description\":\"Diario de informaci\u00f3n actualidad y noticias de Ibiza. Todas las noticias de los municipios de Ibiza\",\"publisher\":{\"@id\":\"https:\\\/\\\/lavozdeibiza.com\\\/en\\\/#organization\"},\"potentialAction\":[{\"@type\":\"SearchAction\",\"target\":{\"@type\":\"EntryPoint\",\"urlTemplate\":\"https:\\\/\\\/lavozdeibiza.com\\\/en\\\/?s={search_term_string}\"},\"query-input\":{\"@type\":\"PropertyValueSpecification\",\"valueRequired\":true,\"valueName\":\"search_term_string\"}}],\"inLanguage\":\"en-US\"},{\"@type\":[\"Organization\",\"NewsMediaOrganization\"],\"@id\":\"https:\\\/\\\/lavozdeibiza.com\\\/en\\\/#organization\",\"name\":\"La Voz de Ibiza\",\"url\":\"https:\\\/\\\/lavozdeibiza.com\\\/en\\\/\",\"logo\":{\"@type\":\"ImageObject\",\"inLanguage\":\"en-US\",\"@id\":\"https:\\\/\\\/lavozdeibiza.com\\\/en\\\/#\\\/schema\\\/logo\\\/image\\\/\",\"url\":\"https:\\\/\\\/lavozdeibiza.com\\\/wp-content\\\/uploads\\\/2023\\\/10\\\/logo-lvib-grande.jpg\",\"contentUrl\":\"https:\\\/\\\/lavozdeibiza.com\\\/wp-content\\\/uploads\\\/2023\\\/10\\\/logo-lvib-grande.jpg\",\"width\":1500,\"height\":1000,\"caption\":\"La Voz de Ibiza\"},\"image\":{\"@id\":\"https:\\\/\\\/lavozdeibiza.com\\\/en\\\/#\\\/schema\\\/logo\\\/image\\\/\"},\"sameAs\":[\"https:\\\/\\\/x.com\\\/vozdeibiza\",\"https:\\\/\\\/www.instagram.com\\\/lavozibiza\\\/\"]},{\"@type\":\"Person\",\"@id\":\"https:\\\/\\\/lavozdeibiza.com\\\/en\\\/#\\\/schema\\\/person\\\/daeae671b6d57a7fdaff476f7da26cfb\",\"name\":\"Agust\u00edn Gigante\",\"image\":{\"@type\":\"ImageObject\",\"inLanguage\":\"en-US\",\"@id\":\"https:\\\/\\\/secure.gravatar.com\\\/avatar\\\/9c661cfc4e92b909127e423fea256839e90e70ffb25a76e44ffa8c17ef0eb72e?s=96&d=mm&r=geb0bda8b30c65ea19b0cc972ad1923ed\",\"url\":\"https:\\\/\\\/secure.gravatar.com\\\/avatar\\\/9c661cfc4e92b909127e423fea256839e90e70ffb25a76e44ffa8c17ef0eb72e?s=96&d=mm&r=g\",\"contentUrl\":\"https:\\\/\\\/secure.gravatar.com\\\/avatar\\\/9c661cfc4e92b909127e423fea256839e90e70ffb25a76e44ffa8c17ef0eb72e?s=96&d=mm&r=g\",\"caption\":\"Agust\u00edn Gigante\"},\"url\":\"https:\\\/\\\/lavozdeibiza.com\\\/en\\\/author\\\/agigante\\\/\"},{\"@type\":\"SiteNavigationElement\",\"@id\":\"https:\\\/\\\/lavozdeibiza.com\\\/en\\\/#site-navigation\",\"cssSelector\":[\".cib-main-menu\"]},{\"@type\":\"WPHeader\",\"@id\":\"https:\\\/\\\/lavozdeibiza.com\\\/en\\\/#header\",\"cssSelector\":[\".cib-header\"]},{\"@type\":\"WPFooter\",\"@id\":\"https:\\\/\\\/lavozdeibiza.com\\\/en\\\/#footer\",\"cssSelector\":[\".cib-footer\"]}]}<\/script>\n<!-- \/ Yoast SEO plugin. -->","yoast_head_json":{"title":"Another victim of Franco's regime in Ibiza? Human remains with signs of execution found in Ses Figueretes cemetery - La Voz De Ibiza","description":"The intervention, carried out by the Aranzadi-ATICS team, confirms evidence compatible with victims of the Civil War and Franco's regime.","robots":{"index":"index","follow":"follow","max-snippet":"max-snippet:-1","max-image-preview":"max-image-preview:large","max-video-preview":"max-video-preview:-1"},"canonical":"https:\/\/lavozdeibiza.com\/en\/current-news\/another-victim-of-francos-regime-in-ibiza-human-remains-with-signs-of-execution-found-in-ses-figueretes-cemetery\/","og_locale":"en_US","og_type":"article","og_title":"Another victim of Franco's regime in Ibiza? Human remains with signs of execution found in Ses Figueretes cemetery - La Voz De Ibiza","og_description":"The intervention, carried out by the Aranzadi-ATICS team, confirms evidence compatible with victims of the Civil War and Franco's regime.","og_url":"https:\/\/lavozdeibiza.com\/en\/current-news\/another-victim-of-francos-regime-in-ibiza-human-remains-with-signs-of-execution-found-in-ses-figueretes-cemetery\/","og_site_name":"La Voz De Ibiza","article_published_time":"2025-11-25T08:01:26+00:00","article_modified_time":"2025-11-25T12:04:11+00:00","og_image":[{"width":1280,"height":960,"url":"https:\/\/lavozdeibiza.com\/wp-content\/uploads\/2025\/11\/3268040.jpg","type":"image\/jpeg"}],"author":"Agust\u00edn Gigante","twitter_card":"summary_large_image","twitter_creator":"@vozdeibiza","twitter_site":"@vozdeibiza","twitter_misc":{"Written by":"Agust\u00edn Gigante","Est. reading time":"2 minutes"},"schema":{"@context":"https:\/\/schema.org","@graph":[{"@type":"NewsArticle","@id":"https:\/\/lavozdeibiza.com\/en\/current-news\/another-victim-of-francos-regime-in-ibiza-human-remains-with-signs-of-execution-found-in-ses-figueretes-cemetery\/#article","isPartOf":{"@id":"https:\/\/lavozdeibiza.com\/en\/current-news\/another-victim-of-francos-regime-in-ibiza-human-remains-with-signs-of-execution-found-in-ses-figueretes-cemetery\/"},"author":{"name":"Agust\u00edn Gigante","@id":"https:\/\/lavozdeibiza.com\/en\/#\/schema\/person\/daeae671b6d57a7fdaff476f7da26cfb"},"headline":"Another victim of Franco&#8217;s regime in Ibiza? Human remains with signs of execution found in Ses Figueretes cemetery","datePublished":"2025-11-25T08:01:26+00:00","dateModified":"2025-11-25T12:04:11+00:00","mainEntityOfPage":{"@id":"https:\/\/lavozdeibiza.com\/en\/current-news\/another-victim-of-francos-regime-in-ibiza-human-remains-with-signs-of-execution-found-in-ses-figueretes-cemetery\/"},"wordCount":398,"publisher":{"@id":"https:\/\/lavozdeibiza.com\/en\/#organization"},"image":{"@id":"https:\/\/lavozdeibiza.com\/en\/current-news\/another-victim-of-francos-regime-in-ibiza-human-remains-with-signs-of-execution-found-in-ses-figueretes-cemetery\/#primaryimage"},"thumbnailUrl":"https:\/\/lavozdeibiza.com\/wp-content\/uploads\/2025\/11\/3268040.jpg","keywords":["Actualidad 2","Franchism","PIT PLAN","Ses Figueretes cemetery."],"articleSection":["CURRENT NEWS","IBIZA"],"inLanguage":"en-US"},{"@type":["WebPage","ItemPage"],"@id":"https:\/\/lavozdeibiza.com\/en\/current-news\/another-victim-of-francos-regime-in-ibiza-human-remains-with-signs-of-execution-found-in-ses-figueretes-cemetery\/","url":"https:\/\/lavozdeibiza.com\/en\/current-news\/another-victim-of-francos-regime-in-ibiza-human-remains-with-signs-of-execution-found-in-ses-figueretes-cemetery\/","name":"Another victim of Franco's regime in Ibiza? Human remains with signs of execution found in Ses Figueretes cemetery - La Voz De Ibiza","isPartOf":{"@id":"https:\/\/lavozdeibiza.com\/en\/#website"},"primaryImageOfPage":{"@id":"https:\/\/lavozdeibiza.com\/en\/current-news\/another-victim-of-francos-regime-in-ibiza-human-remains-with-signs-of-execution-found-in-ses-figueretes-cemetery\/#primaryimage"},"image":{"@id":"https:\/\/lavozdeibiza.com\/en\/current-news\/another-victim-of-francos-regime-in-ibiza-human-remains-with-signs-of-execution-found-in-ses-figueretes-cemetery\/#primaryimage"},"thumbnailUrl":"https:\/\/lavozdeibiza.com\/wp-content\/uploads\/2025\/11\/3268040.jpg","datePublished":"2025-11-25T08:01:26+00:00","dateModified":"2025-11-25T12:04:11+00:00","description":"The intervention, carried out by the Aranzadi-ATICS team, confirms evidence compatible with victims of the Civil War and Franco's regime.","breadcrumb":{"@id":"https:\/\/lavozdeibiza.com\/en\/current-news\/another-victim-of-francos-regime-in-ibiza-human-remains-with-signs-of-execution-found-in-ses-figueretes-cemetery\/#breadcrumb"},"inLanguage":"en-US","potentialAction":[{"@type":"ReadAction","target":["https:\/\/lavozdeibiza.com\/en\/current-news\/another-victim-of-francos-regime-in-ibiza-human-remains-with-signs-of-execution-found-in-ses-figueretes-cemetery\/"]}]},{"@type":"ImageObject","inLanguage":"en-US","@id":"https:\/\/lavozdeibiza.com\/en\/current-news\/another-victim-of-francos-regime-in-ibiza-human-remains-with-signs-of-execution-found-in-ses-figueretes-cemetery\/#primaryimage","url":"https:\/\/lavozdeibiza.com\/wp-content\/uploads\/2025\/11\/3268040.jpg","contentUrl":"https:\/\/lavozdeibiza.com\/wp-content\/uploads\/2025\/11\/3268040.jpg","width":1280,"height":960,"caption":"Los trabajos en el cementerio Ses Figueretes"},{"@type":"BreadcrumbList","@id":"https:\/\/lavozdeibiza.com\/en\/current-news\/another-victim-of-francos-regime-in-ibiza-human-remains-with-signs-of-execution-found-in-ses-figueretes-cemetery\/#breadcrumb","itemListElement":[{"@type":"ListItem","position":1,"name":"Portada","item":"https:\/\/lavozdeibiza.com\/en\/"},{"@type":"ListItem","position":2,"name":"Another victim of Franco&#8217;s regime in Ibiza? Human remains with signs of execution found in Ses Figueretes cemetery"}]},{"@type":"WebSite","@id":"https:\/\/lavozdeibiza.com\/en\/#website","url":"https:\/\/lavozdeibiza.com\/en\/","name":"La Voz de Ibiza","description":"Diario de informaci\u00f3n actualidad y noticias de Ibiza. Todas las noticias de los municipios de Ibiza","publisher":{"@id":"https:\/\/lavozdeibiza.com\/en\/#organization"},"potentialAction":[{"@type":"SearchAction","target":{"@type":"EntryPoint","urlTemplate":"https:\/\/lavozdeibiza.com\/en\/?s={search_term_string}"},"query-input":{"@type":"PropertyValueSpecification","valueRequired":true,"valueName":"search_term_string"}}],"inLanguage":"en-US"},{"@type":["Organization","NewsMediaOrganization"],"@id":"https:\/\/lavozdeibiza.com\/en\/#organization","name":"La Voz de Ibiza","url":"https:\/\/lavozdeibiza.com\/en\/","logo":{"@type":"ImageObject","inLanguage":"en-US","@id":"https:\/\/lavozdeibiza.com\/en\/#\/schema\/logo\/image\/","url":"https:\/\/lavozdeibiza.com\/wp-content\/uploads\/2023\/10\/logo-lvib-grande.jpg","contentUrl":"https:\/\/lavozdeibiza.com\/wp-content\/uploads\/2023\/10\/logo-lvib-grande.jpg","width":1500,"height":1000,"caption":"La Voz de Ibiza"},"image":{"@id":"https:\/\/lavozdeibiza.com\/en\/#\/schema\/logo\/image\/"},"sameAs":["https:\/\/x.com\/vozdeibiza","https:\/\/www.instagram.com\/lavozibiza\/"]},{"@type":"Person","@id":"https:\/\/lavozdeibiza.com\/en\/#\/schema\/person\/daeae671b6d57a7fdaff476f7da26cfb","name":"Agust\u00edn Gigante","image":{"@type":"ImageObject","inLanguage":"en-US","@id":"https:\/\/secure.gravatar.com\/avatar\/9c661cfc4e92b909127e423fea256839e90e70ffb25a76e44ffa8c17ef0eb72e?s=96&d=mm&r=geb0bda8b30c65ea19b0cc972ad1923ed","url":"https:\/\/secure.gravatar.com\/avatar\/9c661cfc4e92b909127e423fea256839e90e70ffb25a76e44ffa8c17ef0eb72e?s=96&d=mm&r=g","contentUrl":"https:\/\/secure.gravatar.com\/avatar\/9c661cfc4e92b909127e423fea256839e90e70ffb25a76e44ffa8c17ef0eb72e?s=96&d=mm&r=g","caption":"Agust\u00edn Gigante"},"url":"https:\/\/lavozdeibiza.com\/en\/author\/agigante\/"},{"@type":"SiteNavigationElement","@id":"https:\/\/lavozdeibiza.com\/en\/#site-navigation","cssSelector":[".cib-main-menu"]},{"@type":"WPHeader","@id":"https:\/\/lavozdeibiza.com\/en\/#header","cssSelector":[".cib-header"]},{"@type":"WPFooter","@id":"https:\/\/lavozdeibiza.com\/en\/#footer","cssSelector":[".cib-footer"]}]}},"authors":[{"term_id":2646,"user_id":17,"is_guest":0,"slug":"agigante","display_name":"Agust\u00edn Gigante","avatar_url":"https:\/\/secure.gravatar.com\/avatar\/9c661cfc4e92b909127e423fea256839e90e70ffb25a76e44ffa8c17ef0eb72e?s=96&d=mm&r=g","0":null,"1":"","2":"","3":"","4":"","5":"","6":"","7":"","8":"","9":"","10":""}],"_links":{"self":[{"href":"https:\/\/lavozdeibiza.com\/en\/wp-json\/wp\/v2\/posts\/139777","targetHints":{"allow":["GET"]}}],"collection":[{"href":"https:\/\/lavozdeibiza.com\/en\/wp-json\/wp\/v2\/posts"}],"about":[{"href":"https:\/\/lavozdeibiza.com\/en\/wp-json\/wp\/v2\/types\/post"}],"author":[{"embeddable":true,"href":"https:\/\/lavozdeibiza.com\/en\/wp-json\/wp\/v2\/users\/17"}],"replies":[{"embeddable":true,"href":"https:\/\/lavozdeibiza.com\/en\/wp-json\/wp\/v2\/comments?post=139777"}],"version-history":[{"count":1,"href":"https:\/\/lavozdeibiza.com\/en\/wp-json\/wp\/v2\/posts\/139777\/revisions"}],"predecessor-version":[{"id":139864,"href":"https:\/\/lavozdeibiza.com\/en\/wp-json\/wp\/v2\/posts\/139777\/revisions\/139864"}],"wp:featuredmedia":[{"embeddable":true,"href":"https:\/\/lavozdeibiza.com\/en\/wp-json\/wp\/v2\/media\/139770"}],"wp:attachment":[{"href":"https:\/\/lavozdeibiza.com\/en\/wp-json\/wp\/v2\/media?parent=139777"}],"wp:term":[{"taxonomy":"category","embeddable":true,"href":"https:\/\/lavozdeibiza.com\/en\/wp-json\/wp\/v2\/categories?post=139777"},{"taxonomy":"post_tag","embeddable":true,"href":"https:\/\/lavozdeibiza.com\/en\/wp-json\/wp\/v2\/tags?post=139777"},{"taxonomy":"author","embeddable":true,"href":"https:\/\/lavozdeibiza.com\/en\/wp-json\/wp\/v2\/ppma_author?post=139777"}],"curies":[{"name":"wp","href":"https:\/\/api.w.org\/{rel}","templated":true}]}}