{"id":140146,"date":"2025-11-26T10:00:31","date_gmt":"2025-11-26T09:00:31","guid":{"rendered":"https:\/\/lavozdeibiza.com\/sin-categorizar\/ibiza-and-formentera-are-left-without-new-michelin-stars-but-maintain-their-gastronomic-reference-points\/"},"modified":"2025-11-26T10:31:46","modified_gmt":"2025-11-26T09:31:46","slug":"ibiza-and-formentera-are-left-without-new-michelin-stars-but-maintain-their-gastronomic-reference-points","status":"publish","type":"post","link":"https:\/\/lavozdeibiza.com\/en\/current-news\/ibiza-and-formentera-are-left-without-new-michelin-stars-but-maintain-their-gastronomic-reference-points\/","title":{"rendered":"Ibiza and Formentera are left without new Michelin stars, but maintain their gastronomic reference points"},"content":{"rendered":"<p data-start=\"511\" data-end=\"908\">The Pitiusas Islands have not incorporated <strong data-start=\"558\" data-end=\"587\">new Michelin stars<\/strong> this year, as announced Tuesday at the gala held in Malaga, in the scenic space managed by Antonio Banderas and Domingo Mer\u00edn. An event that once again brought together the leading names in Spanish gastronomy, with Jes\u00fas V\u00e1zquez as master of ceremonies and the Malaga actress Masi Rodr\u00edguez on the red carpet.<\/p>\n<p data-start=\"910\" data-end=\"1162\"><strong data-start=\"917\" data-end=\"966\">Ibiza and Formentera did not receive any awards<\/strong>, however, there was a novelty in the Balearic Islands as a whole: the <strong data-start=\"1031\" data-end=\"1041\">Terrae<\/strong> restaurant in Port de Pollen\u00e7a received a <strong data-start=\"1076\" data-end=\"1094\">Green Star<\/strong>, in recognition of its sustainability and environmental commitment.<\/p>\n<h2 data-start=\"1164\" data-end=\"1216\"><strong data-start=\"1168\" data-end=\"1216\">Echo of 2023, a record year for Ibiza<\/strong><\/h2>\n<p data-start=\"1218\" data-end=\"1465\">The absence of new stars contrasts with what happened in <strong data-start=\"1279\" data-end=\"1287\">2023<\/strong>, when Ibiza shone like never before in the Michelin Guide after obtaining <strong data-start=\"1353\" data-end=\"1378\">three new stars<\/strong> at the Algarve gala. Two of those restaurants are still in the guide today:<\/p>\n<ul data-start=\"1466\" data-end=\"1530\">\n<li data-start=\"1466\" data-end=\"1497\">\n<p data-start=\"1468\" data-end=\"1497\"><strong data-start=\"1468\" data-end=\"1487\">Omakase by Walt<\/strong> (Ibiza)<\/p>\n<\/li>\n<li data-start=\"1498\" data-end=\"1530\">\n<p data-start=\"1500\" data-end=\"1530\"><strong data-start=\"1500\" data-end=\"1508\">UNIC<\/strong> (Platja d&#8217;en Bossa)<\/p>\n<\/li>\n<\/ul>\n<p data-start=\"1532\" data-end=\"1739\">The restaurant <strong data-start=\"1547\" data-end=\"1560\">Es Trag\u00f3n<\/strong> (Sant Antoni), which already had a star and added a Green Star in 2023, has disappeared from the guide this 2025 after not reopening its doors, thus losing both recognitions.<\/p>\n<h2 data-start=\"1741\" data-end=\"1787\"><strong data-start=\"1745\" data-end=\"1787\">Three stars resisting on the island<\/strong><\/h2>\n<p data-start=\"1789\" data-end=\"1857\">At the moment, Ibiza has <strong data-start=\"1821\" data-end=\"1856\">three active Michelin stars<\/strong>:<\/p>\n<ul data-start=\"1859\" data-end=\"2151\">\n<li data-start=\"1859\" data-end=\"1945\">\n<p data-start=\"1861\" data-end=\"1945\"><strong data-start=\"1861\" data-end=\"1872\">La Gaia<\/strong>, by chef <strong data-start=\"1883\" data-end=\"1899\">\u00d3scar Molina<\/strong> (Ibiza Gran Hotel), distinguished since 2021.<\/p>\n<\/li>\n<li data-start=\"1946\" data-end=\"2028\">\n<p data-start=\"1948\" data-end=\"2028\"><strong data-start=\"1948\" data-end=\"1967\">Omakase by Walt<\/strong>, led by <strong data-start=\"1982\" data-end=\"2005\">Walter Sidoravicius<\/strong>, which debuted in 2023.<\/p>\n<\/li>\n<li data-start=\"2029\" data-end=\"2151\">\n<p data-start=\"2031\" data-end=\"2151\"><strong data-start=\"2031\" data-end=\"2039\">UNIC<\/strong>, which received its star in 2023, although it is out of the latest edition after changes in its offer.<\/p>\n<\/li>\n<\/ul>\n<p data-start=\"2153\" data-end=\"2477\">The guide highlights <strong data-start=\"2172\" data-end=\"2183\">La Gaia<\/strong> &#8216;s combination of creativity, technique and environmental commitment, with two tasting menus -Illa and Horitz\u00f3- that cover both its most emblematic dishes and its most innovative proposals. It also highlights its ability to create a gastronomic experience that transcends the dish.<\/p>\n<p data-start=\"2479\" data-end=\"2898\">About <strong data-start=\"2485\" data-end=\"2504\">Omakase by Walt<\/strong>, Michelin highlights its unique concept: a place hidden behind the facade of an appliance store where everything revolves around a single menu served at the bar in a fully synchronized experience. The proposal of the Argentine chef, trained in Tokyo and at the Basque Culinary Center, explores the purity of Japanese recipes, with cold, raw and highly precise preparations.<\/p>\n<figure style=\"width: 1800px\" class=\"wp-caption alignnone\"><img decoding=\"async\" src=\"https:\/\/d3h1lg3ksw6i6b.cloudfront.net\/media\/image\/2025\/11\/14\/1fc24a6f68214889ab010221137675b3_akelarre-restaurante-tres-estrellas-michelin-subijana.jpg\" alt=\"Artichoke flower and its soup with chard and foie, from Akela\u0155e restaurant, led by chef Pedro Subijana Akela\u0155e, with three MICHELIN Stars, in Donostia \/ San Sebasti\u00e1n. \u00a9 Akela\u0155e\" width=\"1800\" height=\"1200\" data-src=\"https:\/\/d3h1lg3ksw6i6b.cloudfront.net\/media\/image\/2025\/11\/14\/1fc24a6f68214889ab010221137675b3_akelarre-restaurante-tres-estrellas-michelin-subijana.jpg\" data-ll-status=\"loaded\"><figcaption class=\"wp-caption-text\">Artichoke flower and its soup with chard and foie, from Akela\u0155e restaurant, led by chef Pedro Subijana Akela\u0155e, with three MICHELIN Stars, in Donostia \/ San Sebasti\u00e1n. \u00a9 Akela\u0155e<\/figcaption><\/figure>\n<h2 data-start=\"2900\" data-end=\"2942\"><strong data-start=\"2904\" data-end=\"2942\">An increasingly competitive list<\/strong><\/h2>\n<p data-start=\"2944\" data-end=\"3017\">The new edition of the <strong data-start=\"2967\" data-end=\"3006\">Michelin Guide Spain &amp; Andorra 2026<\/strong> includes:<\/p>\n<ul data-start=\"3018\" data-end=\"3206\">\n<li data-start=\"3018\" data-end=\"3056\">\n<p data-start=\"3020\" data-end=\"3056\">16 three-star restaurants<\/p>\n<\/li>\n<li data-start=\"3057\" data-end=\"3081\">\n<p data-start=\"3059\" data-end=\"3081\">37 with two stars<\/p>\n<\/li>\n<li data-start=\"3082\" data-end=\"3206\">\n<p data-start=\"3084\" data-end=\"3206\">254 with one star For a total of <strong data-start=\"3124\" data-end=\"3154\">307 award-winning restaurants<\/strong>, with 25 new entries in the one-star group.<\/p>\n<\/li>\n<\/ul>\n<h2>Three-star restaurants<\/h2>\n<ul>\n<li>Arriondas &#8211; <a href=\"https:\/\/guide.michelin.com\/es\/es\/principado-de-asturias\/arriondas\/restaurante\/casa-marcial\" target=\"_blank\" rel=\"noopener\">Casa Marcial<\/a><\/li>\n<li>Barcelona &#8211; <a href=\"https:\/\/guide.michelin.com\/es\/es\/catalunya\/barcelona\/restaurante\/abac\" target=\"_blank\" rel=\"noopener\">ABaC<\/a><\/li>\n<li>Barcelona &#8211; <a href=\"https:\/\/guide.michelin.com\/es\/es\/catalunya\/barcelona\/restaurante\/cocina-hermanos-torres\" target=\"_blank\" rel=\"noopener\">Torres Brothers Kitchen<\/a><\/li>\n<li>Barcelona &#8211; <a href=\"https:\/\/guide.michelin.com\/es\/es\/catalunya\/barcelona\/restaurante\/disfrutar\" target=\"_blank\" rel=\"noopener\">Enjoy<\/a><\/li>\n<li>Barcelona &#8211; <a href=\"https:\/\/guide.michelin.com\/es\/es\/catalunya\/barcelona\/restaurante\/lasarte\" target=\"_blank\" rel=\"noopener\">Lasarte<\/a><\/li>\n<li>C\u00e1ceres &#8211;<a href=\"https:\/\/guide.michelin.com\/es\/es\/extremadura\/cceres\/restaurante\/atrio\" target=\"_blank\" rel=\"noopener\"> Atrium<\/a><\/li>\n<li>C\u00f3rdoba &#8211; <a href=\"https:\/\/guide.michelin.com\/es\/es\/andalucia\/cordoba\/restaurante\/noor\" target=\"_blank\" rel=\"noopener\">Noor<\/a><\/li>\n<li>D\u00e9nia &#8211; <a href=\"https:\/\/guide.michelin.com\/es\/es\/comunidad-valenciana\/dnia\/restaurante\/quique-dacosta\" target=\"_blank\" rel=\"noopener\">Quique Dacosta<\/a><\/li>\n<li>Donostia \/ San Sebasti\u00e1n &#8211; <a href=\"https:\/\/guide.michelin.com\/es\/es\/pais-vasco\/es-donostia-san-sebastian\/restaurante\/akelare\" target=\"_blank\" rel=\"noopener\">Akela\u0155e<\/a><\/li>\n<li>Donostia \/ San Sebasti\u00e1n &#8211;<a href=\"https:\/\/guide.michelin.com\/es\/es\/pais-vasco\/es-donostia-san-sebastian\/restaurante\/arzak\" target=\"_blank\" rel=\"noopener\"> Arzak<\/a><\/li>\n<li>El Puerto de Santa Mar\u00eda &#8211; <a href=\"https:\/\/guide.michelin.com\/es\/es\/andalucia\/el-puerto-de-santa-maria\/restaurante\/aponiente\" target=\"_blank\" rel=\"noopener\">Aponiente<\/a><\/li>\n<li>Girona &#8211; <a href=\"https:\/\/guide.michelin.com\/es\/es\/catalunya\/girona\/restaurante\/el-celler-de-can-roca\" target=\"_blank\" rel=\"noopener\">El Celler de Can Roca<\/a><\/li>\n<li>Larrabetzu &#8211; <a href=\"https:\/\/guide.michelin.com\/es\/es\/pais-vasco\/larrabetzu\/restaurante\/azurmendi\" target=\"_blank\" rel=\"noopener\">Azurmendi<\/a><\/li>\n<li>Lasarte &#8211; Oria &#8211; <a href=\"https:\/\/guide.michelin.com\/es\/es\/pais-vasco\/lasarte-oria\/restaurante\/martin-berasategui\" target=\"_blank\" rel=\"noopener\">Mart\u00edn Berasategui<\/a><\/li>\n<li>Madrid &#8211; <a href=\"https:\/\/guide.michelin.com\/es\/es\/comunidad-de-madrid\/madrid\/restaurante\/diverxo\" target=\"_blank\" rel=\"noopener\">DiverXO<\/a><\/li>\n<li>Villaverde de Pontones &#8211; <a href=\"https:\/\/guide.michelin.com\/es\/es\/cantabria\/villaverde-de-pontones\/restaurante\/cenador-de-amos\" target=\"_blank\" rel=\"noopener\">Cenador de Am\u00f3s<\/a><\/li>\n<\/ul>\n<figure style=\"width: 1600px\" class=\"wp-caption alignnone\"><img decoding=\"async\" src=\"https:\/\/d3h1lg3ksw6i6b.cloudfront.net\/media\/image\/2025\/11\/14\/a70af690ad234a3e89b8f20c646602eb_ramon-freixa-atelier-restaurante-madrid-estrella-michelin.jpg\" alt=\"Appetizers at the Ram\u00f3n Freixa Atelier restaurant, awarded with two MICHELIN Stars, in Madrid. \u00a9 Ram\u00f3n Freixa Atelier\" width=\"1600\" height=\"1200\" data-src=\"https:\/\/d3h1lg3ksw6i6b.cloudfront.net\/media\/image\/2025\/11\/14\/a70af690ad234a3e89b8f20c646602eb_ramon-freixa-atelier-restaurante-madrid-estrella-michelin.jpg\" data-ll-status=\"loaded\"><figcaption class=\"wp-caption-text\">Appetizers at the Ram\u00f3n Freixa Atelier restaurant, awarded with two MICHELIN Stars, in Madrid. \u00a9 Ram\u00f3n Freixa Atelier<\/figcaption><\/figure>\n<p>&nbsp;<\/p>\n<h2>Two Stars<\/h2>\n<ul>\n<li>Adeje &#8211; <a href=\"https:\/\/guide.michelin.com\/es\/es\/canarias\/adeje\/restaurante\/el-rincon-de-juan-carlos-1194880\" target=\"_blank\" rel=\"noopener\">El Rinc\u00f3n de Juan Carlos<\/a><\/li>\n<li>Almansa &#8211; <a href=\"https:\/\/guide.michelin.com\/es\/es\/castilla-la-mancha\/almansa\/restaurante\/maralba\" target=\"_blank\" rel=\"noopener\">Maralba<\/a><\/li>\n<li>Barcelona &#8211;<a href=\"https:\/\/guide.michelin.com\/es\/es\/catalunya\/barcelona\/restaurante\/aleia\" target=\"_blank\" rel=\"noopener\">Aleia<\/a> &#8211; NEW<\/li>\n<li>Barcelona &#8211;<a href=\"https:\/\/guide.michelin.com\/es\/es\/catalunya\/barcelona\/restaurante\/enigma\" target=\"_blank\" rel=\"noopener\">Enigma<\/a> &#8211; NEW<\/li>\n<li>Barcelona &#8211; <a href=\"https:\/\/guide.michelin.com\/es\/es\/catalunya\/barcelona\/restaurante\/cinc-sentits\" target=\"_blank\" rel=\"noopener\">Cinc Sentits<\/a><\/li>\n<li>Barcelona &#8211; <a href=\"https:\/\/guide.michelin.com\/es\/es\/catalunya\/barcelona\/restaurante\/enoteca204150\" target=\"_blank\" rel=\"noopener\">Enoteca Paco P\u00e9rez<\/a><\/li>\n<li>Barcelona &#8211;<a href=\"https:\/\/guide.michelin.com\/es\/es\/catalunya\/barcelona\/restaurante\/mont-bar\" target=\"_blank\" rel=\"noopener\">Mont Bar<\/a> &#8211; NEW<\/li>\n<li>Bellv\u00eds &#8211;<a href=\"https:\/\/guide.michelin.com\/es\/es\/catalunya\/bellvis\/restaurante\/la-boscana\" target=\"_blank\" rel=\"noopener\">La Boscana<\/a> &#8211; NOVELTIES<\/li>\n<li>Canyamel &#8211; <a href=\"https:\/\/guide.michelin.com\/es\/es\/islas-baleares\/canyamel\/restaurante\/voro\" target=\"_blank\" rel=\"noopener\">Voro<\/a><\/li>\n<li>Chiclana de la Frontera &#8211; <a href=\"https:\/\/guide.michelin.com\/es\/es\/andalucia\/chiclana-de-la-frontera_1446717\/restaurante\/alevante\" target=\"_blank\" rel=\"noopener\">Alevante<\/a><\/li>\n<li>Cocentaina &#8211; <a href=\"https:\/\/guide.michelin.com\/es\/es\/comunidad-valenciana\/cocentaina\/restaurante\/l-escaleta\" target=\"_blank\" rel=\"noopener\">L&#8217;Escaleta<\/a><\/li>\n<li>Cor\u00e7\u00e0 &#8211; <a href=\"https:\/\/guide.michelin.com\/es\/es\/catalunya\/corca\/restaurante\/bo-tic\" target=\"_blank\" rel=\"noopener\">Bo.TiC<\/a><\/li>\n<li>Daroca de Rioja &#8211;<a href=\"https:\/\/guide.michelin.com\/es\/es\/la-rioja\/daroca-de-rioja\/restaurante\/venta-moncalvillo\" target=\"_blank\" rel=\"noopener\"> Venta Moncalvillo<\/a><\/li>\n<li>Donostia \/ San Sebasti\u00e1n &#8211; <a href=\"https:\/\/guide.michelin.com\/es\/es\/pais-vasco\/es-donostia-san-sebastian\/restaurante\/amelia-1191398\" target=\"_blank\" rel=\"noopener\">Amelia by Paulo Airaudo<\/a><\/li>\n<li>El Palmar &#8211; <a href=\"https:\/\/guide.michelin.com\/es\/es\/region-de-murcia\/region-de-murcia-el-palmar\/restaurante\/cabana-buenavista\" target=\"_blank\" rel=\"noopener\">Buenavista Cottage<\/a><\/li>\n<li>Errenteria &#8211; <a href=\"https:\/\/guide.michelin.com\/es\/es\/pais-vasco\/errenteria\/restaurante\/mugaritz\" target=\"_blank\" rel=\"noopener\">Mugaritz<\/a><\/li>\n<li>Ezcaray &#8211; <a href=\"https:\/\/guide.michelin.com\/es\/es\/la-rioja\/ezcaray\/restaurante\/el-portal\" target=\"_blank\" rel=\"noopener\">The Echaurren Portal<\/a><\/li>\n<li>Gu\u00eda de Isora &#8211; <a href=\"https:\/\/guide.michelin.com\/es\/es\/canarias\/gua-de-isora\/restaurante\/m-b\" target=\"_blank\" rel=\"noopener\">M.B<\/a><\/li>\n<li>Jerez de la Frontera &#8211; <a href=\"https:\/\/guide.michelin.com\/es\/es\/andalucia\/jerez-de-la-frontera\/restaurante\/lu-cocina-y-alma\" target=\"_blank\" rel=\"noopener\">L\u00da Cocina y Alma<\/a><\/li>\n<li>Llan\u00e7\u00e0 &#8211; <a href=\"https:\/\/guide.michelin.com\/es\/es\/catalunya\/llan\/restaurante\/miramar\" target=\"_blank\" rel=\"noopener\">Miramar<\/a><\/li>\n<li>Madrid &#8211; <a href=\"https:\/\/guide.michelin.com\/es\/es\/comunidad-de-madrid\/madrid\/restaurante\/coque\" target=\"_blank\" rel=\"noopener\">Coque<\/a><\/li>\n<li>Madrid &#8211; <a href=\"https:\/\/guide.michelin.com\/es\/es\/comunidad-de-madrid\/madrid\/restaurante\/deessa\" target=\"_blank\" rel=\"noopener\">Deessa<\/a><\/li>\n<li>Madrid &#8211; <a href=\"https:\/\/guide.michelin.com\/es\/es\/comunidad-de-madrid\/madrid\/restaurante\/dstage\" target=\"_blank\" rel=\"noopener\">DSTAgE<\/a><\/li>\n<li>Madrid &#8211;<a href=\"https:\/\/guide.michelin.com\/es\/es\/comunidad-de-madrid\/madrid\/restaurante\/la-terraza-del-casino\" target=\"_blank\" rel=\"noopener\"> Paco Roncero<\/a><\/li>\n<li>Madrid &#8211;<a href=\"https:\/\/guide.michelin.com\/es\/es\/comunidad-de-madrid\/madrid\/restaurante\/ramon-freixa-atelier\" target=\"_blank\" rel=\"noopener\">Ram\u00f3n Freixa Atelier<\/a> &#8211; NOVELTIES<\/li>\n<li>Madrid &#8211; <a href=\"https:\/\/guide.michelin.com\/es\/es\/comunidad-de-madrid\/madrid\/restaurante\/smoked-room\" target=\"_blank\" rel=\"noopener\">Smoked Room<\/a><\/li>\n<li>Marbella &#8211; <a href=\"https:\/\/guide.michelin.com\/es\/es\/andalucia\/marbella\/restaurante\/skina\" target=\"_blank\" rel=\"noopener\">Skina<\/a><\/li>\n<li>O Grove &#8211; <a href=\"https:\/\/guide.michelin.com\/es\/es\/galicia\/o-grove\/restaurante\/culler-de-pau\" target=\"_blank\" rel=\"noopener\">Culler de Pau<\/a><\/li>\n<li>Olot &#8211; <a href=\"https:\/\/guide.michelin.com\/es\/es\/catalunya\/olot\/restaurante\/les-cols\" target=\"_blank\" rel=\"noopener\">Les Cols<\/a><\/li>\n<li>Rax\u00f3 &#8211; <a href=\"https:\/\/guide.michelin.com\/es\/es\/galicia\/raxo-(san-gregorio)_1412090\/restaurante\/pepe-vieira\" target=\"_blank\" rel=\"noopener\">Pepe Vieria<\/a><\/li>\n<li>Ronda &#8211; <a href=\"https:\/\/guide.michelin.com\/es\/es\/andalucia\/ronda\/restaurante\/bardal\" target=\"_blank\" rel=\"noopener\">Bardal<\/a><\/li>\n<li>Santa Comba &#8211; <a href=\"https:\/\/guide.michelin.com\/es\/es\/galicia\/santa-comba\/restaurante\/retiro-da-costina\" target=\"_blank\" rel=\"noopener\">Retiro da Costi\u00f1a<\/a><\/li>\n<li>Toledo &#8211; <a href=\"https:\/\/guide.michelin.com\/es\/es\/castilla-la-mancha\/es-toledo\/restaurante\/ivan-cerdeno\" target=\"_blank\" rel=\"noopener\">Iv\u00e1n Cerde\u00f1o<\/a><\/li>\n<li>Urdaitz &#8211; <a href=\"https:\/\/guide.michelin.com\/es\/es\/comunidad-foral-de-navarra\/urdaitz\/restaurante\/el-molino-de-urdaniz\" target=\"_blank\" rel=\"noopener\">The Mill of Urd\u00e1niz<\/a><\/li>\n<li>Val\u00e8ncia &#8211; <a href=\"https:\/\/guide.michelin.com\/es\/es\/comunidad-valenciana\/valencia\/restaurante\/el-poblet\" target=\"_blank\" rel=\"noopener\">El Poblet<\/a><\/li>\n<li>Val\u00e8ncia &#8211; <a href=\"https:\/\/guide.michelin.com\/es\/es\/comunidad-valenciana\/valencia\/restaurante\/ricard-camarena\" target=\"_blank\" rel=\"noopener\">Ricard Camarena<\/a><\/li>\n<li>X\u00e0bia &#8211; <a href=\"https:\/\/guide.michelin.com\/es\/es\/comunidad-valenciana\/xbia\/restaurante\/bonamb\" target=\"_blank\" rel=\"noopener\">BonAmb<\/a><\/li>\n<\/ul>\n<figure style=\"width: 1576px\" class=\"wp-caption alignnone\"><img decoding=\"async\" src=\"https:\/\/d3h1lg3ksw6i6b.cloudfront.net\/media\/image\/2025\/11\/14\/46482c4868fb4118aee0dd858b9e9f1e_haydee-by-victor-suarez-restaurante-adeje-estrella-michelin.jpg\" alt=\"Small bites of the restaurant Hayd\u00e9e by V\u00edctor Su\u00e1rez, with a MICHELIN Star, in Adeje, Tenerife. \u00a9 Juanmy Alemany\/Hayd\u00e9e by V\u00edctor Su\u00e1rez\" width=\"1576\" height=\"1182\" data-src=\"https:\/\/d3h1lg3ksw6i6b.cloudfront.net\/media\/image\/2025\/11\/14\/46482c4868fb4118aee0dd858b9e9f1e_haydee-by-victor-suarez-restaurante-adeje-estrella-michelin.jpg\" data-ll-status=\"loaded\"><figcaption class=\"wp-caption-text\">Small bites of the restaurant Hayd\u00e9e by V\u00edctor Su\u00e1rez, with a MICHELIN Star, in Adeje, Tenerife. \u00a9 Juanmy Alemany\/Hayd\u00e9e by V\u00edctor Su\u00e1rez<\/figcaption><\/figure>\n<h2><\/h2>\n<h2>One Star<\/h2>\n<h3>Andorra<\/h3>\n<ul>\n<li>Soldeu &#8211; <a href=\"https:\/\/guide.michelin.com\/es\/es\/canillo\/soldeu\/restaurante\/ibaya\" target=\"_blank\" rel=\"noopener\">Ibaya<\/a><\/li>\n<\/ul>\n<h3>Spain<\/h3>\n<p>&nbsp;<\/p>\n<ul>\n<li>A Coru\u00f1a &#8211;<a href=\"https:\/\/guide.michelin.com\/es\/es\/galicia\/a-corua\/restaurante\/arbore-da-veira\" target=\"_blank\" rel=\"noopener\"> \u00c1rbore da Veira<\/a><\/li>\n<li>Adeje &#8211; <a href=\"https:\/\/guide.michelin.com\/es\/es\/canarias\/adeje\/restaurante\/donaire\" target=\"_blank\" rel=\"noopener\">Donaire<\/a><\/li>\n<li>Adeje &#8211;<a href=\"https:\/\/guide.michelin.com\/es\/es\/canarias\/adeje\/restaurante\/haydee-by-victor-suarez\" target=\"_blank\" rel=\"noopener\">Hayd\u00e9e by V\u00edctor Su\u00e1rez<\/a> &#8211; NOVELTIES<\/li>\n<li>Adeje &#8211; <a href=\"https:\/\/guide.michelin.com\/es\/es\/canarias\/adeje\/restaurante\/il-bocconcino-by-royal-hideaway\" target=\"_blank\" rel=\"noopener\">Il Bocconcino by Royal Hideaway<\/a><\/li>\n<li>Adeje &#8211; <a href=\"https:\/\/guide.michelin.com\/es\/es\/canarias\/adeje\/restaurante\/nub-1194862\" target=\"_blank\" rel=\"noopener\">Nub<\/a><\/li>\n<li>Adeje &#8211; <a href=\"https:\/\/guide.michelin.com\/es\/es\/canarias\/adeje\/restaurante\/san-ho\" target=\"_blank\" rel=\"noopener\">San-H\u00f4<\/a><\/li>\n<li>Ainsa &#8211; <a href=\"https:\/\/guide.michelin.com\/es\/es\/aragon\/ainsa\/restaurante\/callizo\" target=\"_blank\" rel=\"noopener\">Callizo<\/a><\/li>\n<li>Alacant &#8211; <a href=\"https:\/\/guide.michelin.com\/es\/es\/comunidad-valenciana\/alacant\/restaurante\/baeza-rufete\" target=\"_blank\" rel=\"noopener\">Baeza &amp; Rufete<\/a><\/li>\n<li>Albacete &#8211; <a href=\"https:\/\/guide.michelin.com\/es\/es\/castilla-la-mancha\/albacete\/restaurante\/ababol\" target=\"_blank\" rel=\"noopener\">Ababol<\/a><\/li>\n<li>Alcal\u00e1 del Valle &#8211; <a href=\"https:\/\/guide.michelin.com\/es\/es\/andalucia\/alcal-del-valle\/restaurante\/meson-sabor-andaluz\" target=\"_blank\" rel=\"noopener\">Mes\u00f3n Sabor Andaluz<\/a><\/li>\n<li>Alcanar &#8211; <a href=\"https:\/\/guide.michelin.com\/es\/es\/catalunya\/alcanar\/restaurante\/citrus-del-tancat\" target=\"_blank\" rel=\"noopener\">Citrus del Tancat<\/a><\/li>\n<li>Alcoseebre &#8211; <a href=\"https:\/\/guide.michelin.com\/es\/es\/comunidad-valenciana\/alcossebre\/restaurante\/atalaya\" target=\"_blank\" rel=\"noopener\">Atalaya<\/a><\/li>\n<li>Amorebieta-Etxano &#8211; <a href=\"https:\/\/guide.michelin.com\/es\/es\/pais-vasco\/amorebieta-etxano\/restaurante\/boroa\" target=\"_blank\" rel=\"noopener\">Boroa<\/a><\/li>\n<li>Amorebieta-Etxano &#8211; <a href=\"https:\/\/guide.michelin.com\/es\/es\/pais-vasco\/amorebieta-etxano\/restaurante\/la-revelia\" target=\"_blank\" rel=\"noopener\">La Revel\u00eda<\/a> &#8211; NEW<\/li>\n<li>Ampuero &#8211; <a href=\"https:\/\/guide.michelin.com\/es\/es\/cantabria\/ampuero\/restaurante\/solana\" target=\"_blank\" rel=\"noopener\">Solana<\/a><\/li>\n<li>Anciles &#8211; <a href=\"https:\/\/guide.michelin.com\/es\/es\/aragon\/anciles_7770296\/restaurante\/ansils\" target=\"_blank\" rel=\"noopener\">Ansils<\/a><\/li>\n<li>Angl\u00e8s &#8211; <a href=\"https:\/\/guide.michelin.com\/es\/es\/catalunya\/angles\/restaurante\/l-alianca-1919-d-angles\" target=\"_blank\" rel=\"noopener\">L&#8217;Alian\u00e7a d&#8217;Angl\u00e8s<\/a><\/li>\n<li>Arb\u00facies &#8211; <a href=\"https:\/\/guide.michelin.com\/es\/es\/catalunya\/arbcies\/restaurante\/les-magnolies\" target=\"_blank\" rel=\"noopener\">Les Magn\u00f2lies<\/a><\/li>\n<li>Arriondas &#8211;<a href=\"https:\/\/guide.michelin.com\/es\/es\/principado-de-asturias\/arriondas\/restaurante\/el-corral-del-indianu\" target=\"_blank\" rel=\"noopener\"> El Corral del Indianu<\/a><\/li>\n<li>Avila &#8211; <a href=\"https:\/\/guide.michelin.com\/es\/es\/castilla-y-leon\/avila\/restaurante\/barro\" target=\"_blank\" rel=\"noopener\">Mud<\/a><\/li>\n<li>Axpe &#8211;<a href=\"https:\/\/guide.michelin.com\/es\/es\/pais-vasco\/axpe\/restaurante\/etxebarri\" target=\"_blank\" rel=\"noopener\"> Etxebarri<\/a><\/li>\n<li>Axpe &#8211; <a href=\"https:\/\/guide.michelin.com\/es\/es\/pais-vasco\/axpe\/restaurante\/txispa\" target=\"_blank\" rel=\"noopener\">Txispa<\/a><\/li>\n<li>Baeza &#8211; <a href=\"https:\/\/guide.michelin.com\/es\/es\/andalucia\/baeza\/restaurante\/vandelvira\" target=\"_blank\" rel=\"noopener\">Vandelvira<\/a><\/li>\n<li>Barcelona &#8211; <a href=\"https:\/\/guide.michelin.com\/es\/es\/catalunya\/barcelona\/restaurante\/alkimia\" target=\"_blank\" rel=\"noopener\">Alkimia<\/a><\/li>\n<li>Barcelona &#8211; <a href=\"https:\/\/guide.michelin.com\/es\/es\/catalunya\/barcelona\/restaurante\/angle\" target=\"_blank\" rel=\"noopener\">Angle<\/a><\/li>\n<li>Barcelona &#8211; <a href=\"https:\/\/guide.michelin.com\/es\/es\/catalunya\/barcelona\/restaurante\/atempo-1196425\" target=\"_blank\" rel=\"noopener\">Atempo<\/a><\/li>\n<li>Barcelona &#8211;<a href=\"https:\/\/guide.michelin.com\/es\/es\/catalunya\/barcelona\/restaurante\/caelis\" target=\"_blank\" rel=\"noopener\"> Caelis<\/a><\/li>\n<li>Barcelona &#8211; <a href=\"https:\/\/guide.michelin.com\/es\/es\/catalunya\/barcelona\/restaurante\/come-by-paco-mendez\" target=\"_blank\" rel=\"noopener\">COME by Paco M\u00e9ndez<\/a><\/li>\n<li>Barcelona &#8211; <a href=\"https:\/\/guide.michelin.com\/es\/es\/catalunya\/barcelona\/restaurante\/dos-palillos\" target=\"_blank\" rel=\"noopener\">Dos Palillos<\/a><\/li>\n<li>Barcelona &#8211; <a href=\"https:\/\/guide.michelin.com\/es\/es\/catalunya\/barcelona\/restaurante\/fishology\" target=\"_blank\" rel=\"noopener\">Fish\u00f8logy<\/a><\/li>\n<li>Barcelona &#8211;<a href=\"https:\/\/guide.michelin.com\/es\/es\/catalunya\/barcelona\/restaurante\/hisop\" target=\"_blank\" rel=\"noopener\"> Hisop<\/a><\/li>\n<li>Barcelona &#8211; <a href=\"https:\/\/guide.michelin.com\/es\/es\/catalunya\/barcelona\/restaurante\/hofmann\" target=\"_blank\" rel=\"noopener\">Hofmann<\/a><\/li>\n<li>Barcelona &#8211; <a href=\"https:\/\/guide.michelin.com\/es\/es\/catalunya\/barcelona\/restaurante\/taberna-kamikaze\" target=\"_blank\" rel=\"noopener\">Kamikaze<\/a> &#8211; NEW<\/li>\n<li>Barcelona &#8211; <a href=\"https:\/\/guide.michelin.com\/es\/es\/catalunya\/barcelona\/restaurante\/koy-shunka\" target=\"_blank\" rel=\"noopener\">Koy Shunka<\/a><\/li>\n<li>Barcelona &#8211; <a href=\"https:\/\/guide.michelin.com\/es\/es\/catalunya\/barcelona\/restaurante\/mae-barcelona\" target=\"_blank\" rel=\"noopener\">MAE Barcelona<\/a><\/li>\n<li>Barcelona &#8211; <a href=\"https:\/\/guide.michelin.com\/es\/es\/catalunya\/barcelona\/restaurante\/moments\" target=\"_blank\" rel=\"noopener\">Moments<\/a><\/li>\n<li>Barcelona &#8211; <a href=\"https:\/\/guide.michelin.com\/es\/es\/catalunya\/barcelona\/restaurante\/prodigi\" target=\"_blank\" rel=\"noopener\">Prodigi<\/a><\/li>\n<li>Barcelona &#8211;<a href=\"https:\/\/guide.michelin.com\/es\/es\/catalunya\/barcelona\/restaurante\/quirat\" target=\"_blank\" rel=\"noopener\"> Quirat<\/a><\/li>\n<li>Barcelona &#8211; <a href=\"https:\/\/guide.michelin.com\/es\/es\/catalunya\/barcelona\/restaurante\/scapar\" target=\"_blank\" rel=\"noopener\">SCAPAR<\/a> &#8211; NEW<\/li>\n<li>Barcelona &#8211; <a href=\"https:\/\/guide.michelin.com\/es\/es\/catalunya\/barcelona\/restaurante\/slow-low\" target=\"_blank\" rel=\"noopener\">Slow &amp; Low<\/a><\/li>\n<li>Barcelona &#8211; <a href=\"https:\/\/guide.michelin.com\/es\/es\/catalunya\/barcelona\/restaurante\/suto\" target=\"_blank\" rel=\"noopener\">Suto<\/a><\/li>\n<li>Barcelona &#8211; <a href=\"https:\/\/guide.michelin.com\/es\/es\/catalunya\/barcelona\/restaurante\/teatro-kitchen-bar\" target=\"_blank\" rel=\"noopener\">Theater kitchen &amp; bar<\/a><\/li>\n<li>Barcelona &#8211; <a href=\"https:\/\/guide.michelin.com\/es\/es\/catalunya\/barcelona\/restaurante\/via-veneto\" target=\"_blank\" rel=\"noopener\">Via Veneto<\/a><\/li>\n<li>Barizo &#8211; <a href=\"https:\/\/guide.michelin.com\/es\/es\/galicia\/barizo\/restaurante\/as-garzas\" target=\"_blank\" rel=\"noopener\">As Garzas<\/a><\/li>\n<li>Benavente &#8211;<a href=\"https:\/\/guide.michelin.com\/es\/es\/castilla-y-leon\/benavente\/restaurante\/el-ermitano\" target=\"_blank\" rel=\"noopener\"> The Hermit<\/a><\/li>\n<li>Benicarl\u00f3 &#8211;<a href=\"https:\/\/guide.michelin.com\/es\/es\/comunidad-valenciana\/benicarlo\/restaurante\/raul-resino\" target=\"_blank\" rel=\"noopener\"> Ra\u00fal Resino<\/a><\/li>\n<li>Benissa &#8211; <a href=\"https:\/\/guide.michelin.com\/es\/es\/comunidad-valenciana\/benissa\/restaurante\/casa-bernardi\" target=\"_blank\" rel=\"noopener\">Casa Bernardi<\/a><\/li>\n<li>Bilbao &#8211; <a href=\"https:\/\/guide.michelin.com\/es\/es\/pais-vasco\/bilbao\/restaurante\/islares\" target=\"_blank\" rel=\"noopener\">Islares<\/a> &#8211; NEW<\/li>\n<li>Bilbao &#8211; <a href=\"https:\/\/guide.michelin.com\/es\/es\/pais-vasco\/bilbao\/restaurante\/mina\" target=\"_blank\" rel=\"noopener\">Mina<\/a><\/li>\n<li>Bilbao &#8211; <a href=\"https:\/\/guide.michelin.com\/es\/es\/pais-vasco\/bilbao\/restaurante\/nerua-guggenheim-bilbao\" target=\"_blank\" rel=\"noopener\">Nerua Guggenheim Bilbao<\/a><\/li>\n<li>Bilbao &#8211; <a href=\"https:\/\/guide.michelin.com\/es\/es\/pais-vasco\/bilbao\/restaurante\/ola-martin-berasategui\" target=\"_blank\" rel=\"noopener\">Ola Mart\u00edn Berasategui<\/a><\/li>\n<li>Bilbao &#8211; <a href=\"https:\/\/guide.michelin.com\/es\/es\/pais-vasco\/bilbao\/restaurante\/zarate\" target=\"_blank\" rel=\"noopener\">Zarate<\/a><\/li>\n<li>Burgos &#8211; <a href=\"https:\/\/guide.michelin.com\/es\/es\/castilla-y-leon\/burgos\/restaurante\/cobo-evolucion\" target=\"_blank\" rel=\"noopener\">Cobo Evoluci\u00f3n<\/a><\/li>\n<li>Burgos &#8211; <a href=\"https:\/\/guide.michelin.com\/es\/es\/castilla-y-leon\/burgos\/restaurante\/ricardo-temino\" target=\"_blank\" rel=\"noopener\">Ricardo Temi\u00f1o<\/a><\/li>\n<li>Cadiz &#8211;<a href=\"https:\/\/guide.michelin.com\/es\/es\/andalucia\/cadiz\/restaurante\/codigo-de-barra\" target=\"_blank\" rel=\"noopener\"> Bar Code<\/a><\/li>\n<li>C\u00e1diz &#8211; <a href=\"https:\/\/guide.michelin.com\/es\/es\/andalucia\/cadiz\/restaurante\/mare-1213853\" target=\"_blank\" rel=\"noopener\">Mare<\/a> &#8211; NEW<\/li>\n<li>Calldetenes &#8211; <a href=\"https:\/\/guide.michelin.com\/es\/es\/catalunya\/calldetenes\/restaurante\/can-jubany\" target=\"_blank\" rel=\"noopener\">Can Jubany<\/a><\/li>\n<li>Calp &#8211; <a href=\"https:\/\/guide.michelin.com\/es\/es\/comunidad-valenciana\/calp\/restaurante\/audrey-s-by-rafa-soler\" target=\"_blank\" rel=\"noopener\">Audrey&#8217;s<\/a><\/li>\n<li>Calp &#8211; <a href=\"https:\/\/guide.michelin.com\/es\/es\/comunidad-valenciana\/calp\/restaurante\/beat\" target=\"_blank\" rel=\"noopener\">Beat<\/a><\/li>\n<li>Calp &#8211; <a href=\"https:\/\/guide.michelin.com\/es\/es\/comunidad-valenciana\/calp\/restaurante\/orobianco\" target=\"_blank\" rel=\"noopener\">Orobianco<\/a><\/li>\n<li>Cambados &#8211; <a href=\"https:\/\/guide.michelin.com\/es\/es\/galicia\/cambados\/restaurante\/yayo-daporta\" target=\"_blank\" rel=\"noopener\">Yayo Daporta<\/a><\/li>\n<li>Cambrils &#8211; <a href=\"https:\/\/guide.michelin.com\/es\/es\/catalunya\/cambrils\/restaurante\/can-bosch\" target=\"_blank\" rel=\"noopener\">Can Bosch<\/a><\/li>\n<li>Cambrils &#8211;<a href=\"https:\/\/guide.michelin.com\/es\/es\/catalunya\/cambrils\/restaurante\/rincon-de-diego\" target=\"_blank\" rel=\"noopener\"> Rinc\u00f3n de Diego<\/a><\/li>\n<li>Canfranc-Station &#8211; <a href=\"https:\/\/guide.michelin.com\/es\/es\/aragon\/canfranc-estacion_1384216\/restaurante\/canfranc-express\" target=\"_blank\" rel=\"noopener\">Canfranc Express<\/a><\/li>\n<li>Carasa &#8211; <a href=\"https:\/\/guide.michelin.com\/es\/es\/cantabria\/carasa_7770389\/restaurante\/pico-velasco\" target=\"_blank\" rel=\"noopener\">Pico Velasco<\/a> &#8211; NEW<\/li>\n<li>Carcaixent &#8211; <a href=\"https:\/\/guide.michelin.com\/es\/es\/comunidad-valenciana\/carcaixent_1386765\/restaurante\/origen-1214557\" target=\"_blank\" rel=\"noopener\">Origin<\/a><\/li>\n<li>Cartagena &#8211;<a href=\"https:\/\/guide.michelin.com\/es\/es\/region-de-murcia\/cartagena\/restaurante\/magoga\" target=\"_blank\" rel=\"noopener\"> Magoga<\/a><\/li>\n<li>Casas-Ib\u00e1\u00f1ez &#8211; <a href=\"https:\/\/guide.michelin.com\/es\/es\/castilla-la-mancha\/casas-ibanez\/restaurante\/oba\" target=\"_blank\" rel=\"noopener\">Oba-<\/a><\/li>\n<li>Castell\u00f3 d&#8217;Emp\u00faries &#8211; <a href=\"https:\/\/guide.michelin.com\/es\/es\/catalunya\/castello-d-empuries\/restaurante\/emporium\" target=\"_blank\" rel=\"noopener\">Emporium<\/a><\/li>\n<li>Castroverde de Campos &#8211; <a href=\"https:\/\/guide.michelin.com\/es\/es\/castilla-y-leon\/castroverde-de-campos\/restaurante\/lera\" target=\"_blank\" rel=\"noopener\">Lera<\/a><\/li>\n<li>C\u00f3rdoba &#8211; <a href=\"https:\/\/guide.michelin.com\/es\/es\/andalucia\/cordoba\/restaurante\/choco\" target=\"_blank\" rel=\"noopener\">Choco<\/a><\/li>\n<li>C\u00f3rdoba &#8211; <a href=\"https:\/\/guide.michelin.com\/es\/es\/andalucia\/cordoba\/restaurante\/recomiendo\" target=\"_blank\" rel=\"noopener\">ReComiendo<\/a> &#8211; NEW<\/li>\n<li>Cornudella de Montsant &#8211; <a href=\"https:\/\/guide.michelin.com\/es\/es\/catalunya\/cornudella-de-montsant\/restaurante\/quatre-molins\" target=\"_blank\" rel=\"noopener\">Quatre Molins<\/a><\/li>\n<li>Cuenca &#8211; <a href=\"https:\/\/guide.michelin.com\/es\/es\/castilla-la-mancha\/es-cuenca\/restaurante\/casas-colgadas\" target=\"_blank\" rel=\"noopener\">Casas Colgadas Restaurant<\/a><\/li>\n<li>D\u00e9nia &#8211; <a href=\"https:\/\/guide.michelin.com\/es\/es\/comunidad-valenciana\/dnia\/restaurante\/peix-y-brases\" target=\"_blank\" rel=\"noopener\">Peix &amp; Brases<\/a><\/li>\n<li>Dima &#8211; <a href=\"https:\/\/guide.michelin.com\/es\/es\/pais-vasco\/dima\/restaurante\/garena\" target=\"_blank\" rel=\"noopener\">Garena<\/a><\/li>\n<li>Donostia &#8211; San Sebasti\u00e1n &#8211; <a href=\"https:\/\/guide.michelin.com\/es\/es\/pais-vasco\/es-donostia-san-sebastian\/restaurante\/ibai-by-paulo-airaudo\" target=\"_blank\" rel=\"noopener\">iBAi by Paulo Airaudo<\/a><\/li>\n<li>Donostia &#8211; San Sebasti\u00e1n &#8211; <a href=\"https:\/\/guide.michelin.com\/es\/es\/pais-vasco\/es-donostia-san-sebastian\/restaurante\/itzuli\" target=\"_blank\" rel=\"noopener\">Itzuli<\/a> &#8211; NOVELTIES<\/li>\n<li>Donostia &#8211; San Sebastian &#8211; <a href=\"https:\/\/guide.michelin.com\/es\/es\/pais-vasco\/es-donostia-san-sebastian\/restaurante\/kokotxa\" target=\"_blank\" rel=\"noopener\">Kokotxa<\/a><\/li>\n<\/ul>\n<p>&nbsp;<\/p>\n<p data-start=\"3208\" data-end=\"3600\"><img decoding=\"async\" src=\"https:\/\/d3h1lg3ksw6i6b.cloudfront.net\/media\/image\/2025\/11\/14\/7a790024f72f4aad948db6388809cbac_mare-restaurante-cadiz-estrella-michelin.jpg\" alt=\"The version of the classic Italian Vitello tonnato at the Mare restaurant, with a MICHELIN Star, in Cadiz. \u00a9 Peter Marconi\/Mare\" data-src=\"https:\/\/d3h1lg3ksw6i6b.cloudfront.net\/media\/image\/2025\/11\/14\/7a790024f72f4aad948db6388809cbac_mare-restaurante-cadiz-estrella-michelin.jpg\" data-ll-status=\"loaded\">The version of the classic Italian Vitello tonnato at the Mare restaurant, with a MICHELIN Star, in Cadiz. \u00a9 Peter Marconi\/Mare <\/p>\n<ul>\n<li>Ibiza- <a href=\"https:\/\/guide.michelin.com\/es\/es\/islas-baleares\/eivissa\/restaurante\/la-gaia\" target=\"_blank\" rel=\"noopener\">La Gaia<\/a><\/li>\n<li>Ibiza- <a href=\"https:\/\/guide.michelin.com\/es\/es\/islas-baleares\/eivissa\/restaurante\/omakase-by-walt\" target=\"_blank\" rel=\"noopener\">Omakase by Walt<\/a><\/li>\n<li>El Ejido &#8211; <a href=\"https:\/\/guide.michelin.com\/es\/es\/andalucia\/el-ejido\/restaurante\/la-costa\" target=\"_blank\" rel=\"noopener\">La Costa<\/a><\/li>\n<li>El Masnou &#8211; <a href=\"https:\/\/guide.michelin.com\/es\/es\/catalunya\/el-masnou\/restaurante\/tresmacarrons\" target=\"_blank\" rel=\"noopener\">Tresmacarrons<\/a><\/li>\n<li>Elche &#8211; <a href=\"https:\/\/guide.michelin.com\/es\/es\/comunidad-valenciana\/elche\/restaurante\/la-finca\" target=\"_blank\" rel=\"noopener\">La Finca<\/a><\/li>\n<li>Es Capdell\u00e0 &#8211; <a href=\"https:\/\/guide.michelin.com\/es\/es\/islas-baleares\/es-capdella\/restaurante\/sa-clastra\" target=\"_blank\" rel=\"noopener\">Sa Clastra<\/a><\/li>\n<li>Fisterra &#8211; <a href=\"https:\/\/guide.michelin.com\/es\/es\/galicia\/fisterra\/restaurante\/terra-1204404\" target=\"_blank\" rel=\"noopener\">Terra<\/a><\/li>\n<li>Fuengirola &#8211; <a href=\"https:\/\/guide.michelin.com\/es\/es\/andalucia\/fuengirola\/restaurante\/sollo\" target=\"_blank\" rel=\"noopener\">Sollo<\/a><\/li>\n<li>Galdakao &#8211; <a href=\"https:\/\/guide.michelin.com\/es\/es\/pais-vasco\/galdakao\/restaurante\/andra-mari220169\" target=\"_blank\" rel=\"noopener\">Andra Mari<\/a><\/li>\n<li>Getaria &#8211; <a href=\"https:\/\/guide.michelin.com\/es\/es\/pais-vasco\/getaria\/restaurante\/elkano\" target=\"_blank\" rel=\"noopener\">Elkano<\/a><\/li>\n<li>Gij\u00f3n &#8211; <a href=\"https:\/\/guide.michelin.com\/es\/es\/principado-de-asturias\/gijon\/restaurante\/auga\" target=\"_blank\" rel=\"noopener\">Auga<\/a><\/li>\n<li>Gij\u00f3n &#8211; <a href=\"https:\/\/guide.michelin.com\/es\/es\/principado-de-asturias\/gijon\/restaurante\/marcos\" target=\"_blank\" rel=\"noopener\">Marcos<\/a><\/li>\n<li>Gimenells &#8211; <a href=\"https:\/\/guide.michelin.com\/es\/es\/catalunya\/gimenells\/restaurante\/malena\" target=\"_blank\" rel=\"noopener\">Malena<\/a><\/li>\n<li>Girona &#8211; <a href=\"https:\/\/guide.michelin.com\/es\/es\/catalunya\/girona\/restaurante\/divinum\" target=\"_blank\" rel=\"noopener\">Divinum<\/a><\/li>\n<li>Girona &#8211; <a href=\"https:\/\/guide.michelin.com\/es\/es\/catalunya\/girona\/restaurante\/massana\" target=\"_blank\" rel=\"noopener\">Massana<\/a><\/li>\n<li>Granada &#8211; <a href=\"https:\/\/guide.michelin.com\/es\/es\/andalucia\/granada\/restaurante\/farala\" target=\"_blank\" rel=\"noopener\">Faral\u00e1<\/a> &#8211; NEW<\/li>\n<li>Gombr\u00e8n &#8211; <a href=\"https:\/\/guide.michelin.com\/es\/es\/catalunya\/gombren\/restaurante\/la-fonda-xesc\" target=\"_blank\" rel=\"noopener\">La Fonda Xesc<\/a><\/li>\n<li>Haro &#8211; <a href=\"https:\/\/guide.michelin.com\/es\/es\/la-rioja\/haro\/restaurante\/nublo\" target=\"_blank\" rel=\"noopener\">Nublo<\/a><\/li>\n<li>Hondarribia &#8211; <a href=\"https:\/\/guide.michelin.com\/es\/es\/pais-vasco\/hondarribia\/restaurante\/alameda220551\" target=\"_blank\" rel=\"noopener\">Alameda<\/a><\/li>\n<li>Hoznayo &#8211; <a href=\"https:\/\/guide.michelin.com\/es\/es\/cantabria\/hoznayo\/restaurante\/la-bicicleta\" target=\"_blank\" rel=\"noopener\">La Bicicleta<\/a><\/li>\n<li>Huesca &#8211; <a href=\"https:\/\/guide.michelin.com\/es\/es\/aragon\/huesca\/restaurante\/lillas-pastia\" target=\"_blank\" rel=\"noopener\">Lillas Pastia<\/a><\/li>\n<li>Huesca &#8211; <a href=\"https:\/\/guide.michelin.com\/es\/es\/aragon\/huesca\/restaurante\/tatau\" target=\"_blank\" rel=\"noopener\">Tatau<\/a><\/li>\n<li>Illescas &#8211; <a href=\"https:\/\/guide.michelin.com\/es\/es\/castilla-la-mancha\/illescas\/restaurante\/el-bohio\" target=\"_blank\" rel=\"noopener\">El Boh\u00edo<\/a><\/li>\n<li>Ja\u00e9n &#8211; <a href=\"https:\/\/guide.michelin.com\/es\/es\/andalucia\/jaen\/restaurante\/baga\" target=\"_blank\" rel=\"noopener\">Bag\u00e1<\/a><\/li>\n<li>Ja\u00e9n &#8211; <a href=\"https:\/\/guide.michelin.com\/es\/es\/andalucia\/jaen\/restaurante\/dama-juana\" target=\"_blank\" rel=\"noopener\">Dama Juana<\/a><\/li>\n<li>Ja\u00e9n &#8211; <a href=\"https:\/\/guide.michelin.com\/es\/es\/andalucia\/jaen\/restaurante\/malak\" target=\"_blank\" rel=\"noopener\">Malak<\/a><\/li>\n<li>Ja\u00e9n &#8211; <a href=\"https:\/\/guide.michelin.com\/es\/es\/andalucia\/jaen\/restaurante\/radis\" target=\"_blank\" rel=\"noopener\">Radis<\/a><\/li>\n<li>Jerez de la Frontera &#8211; <a href=\"https:\/\/guide.michelin.com\/es\/es\/andalucia\/jerez-de-la-frontera\/restaurante\/mantua\" target=\"_blank\" rel=\"noopener\">Mant\u00faa<\/a><\/li>\n<li>La Nucia &#8211; <a href=\"https:\/\/guide.michelin.com\/es\/es\/comunidad-valenciana\/la-nucia\/restaurante\/el-xato\" target=\"_blank\" rel=\"noopener\">El Xato<\/a><\/li>\n<li>La Vall de Bianya &#8211; <a href=\"https:\/\/guide.michelin.com\/es\/es\/catalunya\/la-vall-de-bianya\/restaurante\/ca-l-enric\" target=\"_blank\" rel=\"noopener\">Ca l&#8217;Enric<\/a><\/li>\n<li>Larrabetzu &#8211; <a href=\"https:\/\/guide.michelin.com\/es\/es\/pais-vasco\/larrabetzu\/restaurante\/eneko\" target=\"_blank\" rel=\"noopener\">Eneko<\/a><\/li>\n<li>Las Palmas de Gran Canaria &#8211; <a href=\"https:\/\/guide.michelin.com\/es\/es\/canarias\/las-palmas-de-gran-canaria\/restaurante\/muxgo\" target=\"_blank\" rel=\"noopener\">Muxgo<\/a><\/li>\n<li>Las Palmas de Gran Canaria &#8211; <a href=\"https:\/\/guide.michelin.com\/es\/es\/canarias\/las-palmas-de-gran-canaria\/restaurante\/poemas-by-hermanos-padron\" target=\"_blank\" rel=\"noopener\">Poems by Padr\u00f3n Brothers<\/a><\/li>\n<li>Las Palmas de Gran Canaria &#8211; <a href=\"https:\/\/guide.michelin.com\/es\/es\/canarias\/las-palmas-de-gran-canaria\/restaurante\/tabaiba\" target=\"_blank\" rel=\"noopener\">Tabaiba<\/a><\/li>\n<li>Le\u00f3n &#8211; <a href=\"https:\/\/guide.michelin.com\/es\/es\/castilla-y-leon\/leon\/restaurante\/cocinandos\" target=\"_blank\" rel=\"noopener\">Cocinandos<\/a><\/li>\n<li>Leon &#8211; <a href=\"https:\/\/guide.michelin.com\/es\/es\/castilla-y-leon\/leon\/restaurante\/pablo\" target=\"_blank\" rel=\"noopener\">Paul<\/a><\/li>\n<li>Llagostera &#8211; <a href=\"https:\/\/guide.michelin.com\/es\/es\/catalunya\/llagostera\/restaurante\/els-tinars\" target=\"_blank\" rel=\"noopener\">Els Tinars<\/a><\/li>\n<li>Llanes &#8211; <a href=\"https:\/\/guide.michelin.com\/es\/es\/principado-de-asturias\/llanes\/restaurante\/el-retiro\" target=\"_blank\" rel=\"noopener\">El Retiro<\/a><\/li>\n<li>Llucmajor &#8211; <a href=\"https:\/\/guide.michelin.com\/es\/es\/islas-baleares\/llucmajor\/restaurante\/andreu-genestra-1208507\" target=\"_blank\" rel=\"noopener\">Andreu Genestra<\/a><\/li>\n<li>Logro\u00f1o &#8211; <a href=\"https:\/\/guide.michelin.com\/es\/es\/la-rioja\/logrono\/restaurante\/ajonegro\" target=\"_blank\" rel=\"noopener\">Ajonegro<\/a><\/li>\n<li>Logro\u00f1o &#8211; <a href=\"https:\/\/guide.michelin.com\/es\/es\/la-rioja\/logrono\/restaurante\/ikaro\" target=\"_blank\" rel=\"noopener\">Ikaro<\/a><\/li>\n<li>Logro\u00f1o &#8211; <a href=\"https:\/\/guide.michelin.com\/es\/es\/la-rioja\/logrono\/restaurante\/kiro-sushi\" target=\"_blank\" rel=\"noopener\">Kiro Sushi<\/a><\/li>\n<li>Los Rosales &#8211; <a href=\"https:\/\/guide.michelin.com\/es\/es\/andalucia\/los-rosales_3888074\/restaurante\/ochando\" target=\"_blank\" rel=\"noopener\">Ochando<\/a> &#8211; NEW<\/li>\n<li>Madrid &#8211; <a href=\"https:\/\/guide.michelin.com\/es\/es\/comunidad-de-madrid\/madrid\/restaurante\/a-barra\" target=\"_blank\" rel=\"noopener\">A&#8217;Barra<\/a><\/li>\n<li>Madrid &#8211; <a href=\"https:\/\/guide.michelin.com\/es\/es\/comunidad-de-madrid\/madrid\/restaurante\/cebo-1203091\" target=\"_blank\" rel=\"noopener\">CEBO<\/a><\/li>\n<li>Madrid &#8211; <a href=\"https:\/\/guide.michelin.com\/es\/es\/comunidad-de-madrid\/madrid\/restaurante\/chispa-bistro\" target=\"_blank\" rel=\"noopener\">Chispa Bistr\u00f3<\/a><\/li>\n<li>Madrid &#8211; <a href=\"https:\/\/guide.michelin.com\/es\/es\/comunidad-de-madrid\/madrid\/restaurante\/clos-madrid\" target=\"_blank\" rel=\"noopener\">Clos Madrid<\/a><\/li>\n<li>Madrid &#8211; <a href=\"https:\/\/guide.michelin.com\/es\/es\/comunidad-de-madrid\/madrid\/restaurante\/corral-de-la-moreria-gastronomico\" target=\"_blank\" rel=\"noopener\">Corral de la Morer\u00eda Gastron\u00f3mico<\/a><\/li>\n<li>Madrid &#8211; <a href=\"https:\/\/guide.michelin.com\/es\/es\/comunidad-de-madrid\/madrid\/restaurante\/desde-1911\" target=\"_blank\" rel=\"noopener\">Since 1911<\/a><\/li>\n<li>Madrid &#8211; <a href=\"https:\/\/guide.michelin.com\/es\/es\/comunidad-de-madrid\/madrid\/restaurante\/el-invernadero\" target=\"_blank\" rel=\"noopener\">El Invernadero<\/a><\/li>\n<li>Madrid &#8211; <a href=\"https:\/\/guide.michelin.com\/es\/es\/comunidad-de-madrid\/madrid\/restaurante\/emi\" target=\"_blank\" rel=\"noopener\">EMi<\/a> &#8211; NEW<\/li>\n<li>Madrid &#8211; <a href=\"https:\/\/guide.michelin.com\/es\/es\/comunidad-de-madrid\/madrid\/restaurante\/eter\" target=\"_blank\" rel=\"noopener\">\u00c8ter<\/a> &#8211; NEW<\/li>\n<li>Madrid &#8211; <a href=\"https:\/\/guide.michelin.com\/es\/es\/comunidad-de-madrid\/madrid\/restaurante\/gaytan\" target=\"_blank\" rel=\"noopener\">Gaytan<\/a><\/li>\n<li>Madrid &#8211; <a href=\"https:\/\/guide.michelin.com\/es\/es\/comunidad-de-madrid\/madrid\/restaurante\/gofio-by-cicero-canary\" target=\"_blank\" rel=\"noopener\">Gofio<\/a><\/li>\n<li>Madrid &#8211; <a href=\"https:\/\/guide.michelin.com\/es\/es\/comunidad-de-madrid\/madrid\/restaurante\/la-tasqueria\" target=\"_blank\" rel=\"noopener\">La Tasqueria<\/a><\/li>\n<li>Madrid &#8211; <a href=\"https:\/\/guide.michelin.com\/es\/es\/comunidad-de-madrid\/madrid\/restaurante\/osa\" target=\"_blank\" rel=\"noopener\">OSA<\/a><\/li>\n<li>Madrid &#8211; <a href=\"https:\/\/guide.michelin.com\/es\/es\/comunidad-de-madrid\/madrid\/restaurante\/pabu\" target=\"_blank\" rel=\"noopener\">Pabu<\/a><\/li>\n<li>Madrid &#8211; <a href=\"https:\/\/guide.michelin.com\/es\/es\/comunidad-de-madrid\/madrid\/restaurante\/quimbaya\" target=\"_blank\" rel=\"noopener\">Quimbaya<\/a><\/li>\n<li>Madrid &#8211; <a href=\"https:\/\/guide.michelin.com\/es\/es\/comunidad-de-madrid\/madrid\/restaurante\/ravioxo\" target=\"_blank\" rel=\"noopener\">RavioXO<\/a><\/li>\n<li>Madrid &#8211; <a href=\"https:\/\/guide.michelin.com\/es\/es\/comunidad-de-madrid\/madrid\/restaurante\/kabuki-wellington\" target=\"_blank\" rel=\"noopener\">Ricardo Sanz Wellington<\/a><\/li>\n<li>Madrid &#8211; <a href=\"https:\/\/guide.michelin.com\/es\/es\/comunidad-de-madrid\/madrid\/restaurante\/saddle\" target=\"_blank\" rel=\"noopener\">Saddle<\/a><\/li>\n<li>Madrid &#8211; <a href=\"https:\/\/guide.michelin.com\/es\/es\/comunidad-de-madrid\/madrid\/restaurante\/santerra\" target=\"_blank\" rel=\"noopener\">Santerra<\/a><\/li>\n<li>Madrid &#8211; <a href=\"https:\/\/guide.michelin.com\/es\/es\/comunidad-de-madrid\/madrid\/restaurante\/sen-omakase\" target=\"_blank\" rel=\"noopener\">Sen Omakase<\/a><\/li>\n<li>Madrid &#8211; <a href=\"https:\/\/guide.michelin.com\/es\/es\/comunidad-de-madrid\/madrid\/restaurante\/toki-1205025\" target=\"_blank\" rel=\"noopener\">Toki<\/a><\/li>\n<li>Madrid &#8211; <a href=\"https:\/\/guide.michelin.com\/es\/es\/comunidad-de-madrid\/madrid\/restaurante\/ugo-chan\" target=\"_blank\" rel=\"noopener\">Ugo Chan<\/a><\/li>\n<li>Madrid &#8211; <a href=\"https:\/\/guide.michelin.com\/es\/es\/comunidad-de-madrid\/madrid\/restaurante\/velascoabella\" target=\"_blank\" rel=\"noopener\">VelascoAbell\u00e0<\/a><\/li>\n<li>Madrid &#8211; <a href=\"https:\/\/guide.michelin.com\/es\/es\/comunidad-de-madrid\/madrid\/restaurante\/yugo\" target=\"_blank\" rel=\"noopener\">Yugo The Bunker<\/a><\/li>\n<\/ul>\n<p data-start=\"3208\" data-end=\"3600\"><img decoding=\"async\" src=\"https:\/\/d3h1lg3ksw6i6b.cloudfront.net\/media\/image\/2025\/11\/14\/07cb6b2952eb45e4af2c873de9f1f837_restaurante-simposio-san-antonio-de-benageber-estrella-michelin.jpg\" alt=\"Valencian oyster, cucumber and iodine smoothie, from Simposio restaurant, with a MICHELIN Star in San Antonio de Benag\u00e9ber. \u00a9 Mikel Ponce\/Simposio\" data-src=\"https:\/\/d3h1lg3ksw6i6b.cloudfront.net\/media\/image\/2025\/11\/14\/07cb6b2952eb45e4af2c873de9f1f837_restaurante-simposio-san-antonio-de-benageber-estrella-michelin.jpg\" data-ll-status=\"loaded\">Valencian oyster, cucumber and iodine smoothie, from Simposio restaurant, with a MICHELIN Star in San Antonio de Benag\u00e9ber. \u00a9 Mikel Ponce\/Simposio <\/p>\n<ul>\n<li>Malaga &#8211; <a href=\"https:\/\/guide.michelin.com\/es\/es\/andalucia\/malaga\/restaurante\/blossom-1202609\" target=\"_blank\" rel=\"noopener\">Blossom<\/a><\/li>\n<li>Malaga &#8211; <a href=\"https:\/\/guide.michelin.com\/es\/es\/andalucia\/malaga\/restaurante\/jose-carlos-garcia\" target=\"_blank\" rel=\"noopener\">Jos\u00e9 Carlos Garc\u00eda<\/a><\/li>\n<li>Malaga &#8211; <a href=\"https:\/\/guide.michelin.com\/es\/es\/andalucia\/malaga\/restaurante\/kaleja\" target=\"_blank\" rel=\"noopener\">Kaleja<\/a><\/li>\n<li>M\u00e1laga &#8211; <a href=\"https:\/\/guide.michelin.com\/es\/es\/andalucia\/malaga\/restaurante\/palodu\" target=\"_blank\" rel=\"noopener\">Palod\u00fa<\/a>&#8211;<b>NEW<\/b><\/li>\n<li>Marbella &#8211; <a href=\"https:\/\/guide.michelin.com\/es\/es\/andalucia\/marbella\/restaurante\/back\" target=\"_blank\" rel=\"noopener\">BACK<\/a><\/li>\n<li>Marbella &#8211; <a href=\"https:\/\/guide.michelin.com\/es\/es\/andalucia\/marbella\/restaurante\/messina\" target=\"_blank\" rel=\"noopener\">Messina<\/a><\/li>\n<li>Marbella &#8211; <a href=\"https:\/\/guide.michelin.com\/es\/es\/andalucia\/marbella\/restaurante\/nintai\" target=\"_blank\" rel=\"noopener\">Nintai<\/a><\/li>\n<li>Matapozuelos &#8211; <a href=\"https:\/\/guide.michelin.com\/es\/es\/castilla-y-leon\/matapozuelos\/restaurante\/la-botica\" target=\"_blank\" rel=\"noopener\">La Botica de Matapozuelos<\/a><\/li>\n<li>Miranda de Ebro &#8211; <a href=\"https:\/\/guide.michelin.com\/es\/es\/castilla-y-leon\/miranda-de-ebro\/restaurante\/alejandro-serrano\" target=\"_blank\" rel=\"noopener\">Alejandro Serrano<\/a><\/li>\n<li>Miranda de Ebro &#8211; <a href=\"https:\/\/guide.michelin.com\/es\/es\/castilla-y-leon\/miranda-de-ebro\/restaurante\/erre-de-roca\" target=\"_blank\" rel=\"noopener\">Erre de Roca<\/a><\/li>\n<li>Mog\u00e1n &#8211; <a href=\"https:\/\/guide.michelin.com\/es\/es\/canarias\/mogan\/restaurante\/los-guayres\" target=\"_blank\" rel=\"noopener\">Los Guayres<\/a><\/li>\n<li>Mungia &#8211; <a href=\"https:\/\/guide.michelin.com\/es\/es\/pais-vasco\/mungia_1403141\/restaurante\/bakea\" target=\"_blank\" rel=\"noopener\">Bakea<\/a> &#8211; NOVELTIES<\/li>\n<li>Murcia &#8211; <a href=\"https:\/\/guide.michelin.com\/es\/es\/region-de-murcia\/murcia\/restaurante\/almo\" target=\"_blank\" rel=\"noopener\">Almo de Juan Guillam\u00f3n<\/a><\/li>\n<li>Murcia &#8211; <a href=\"https:\/\/guide.michelin.com\/es\/es\/region-de-murcia\/murcia\/restaurante\/frases\" target=\"_blank\" rel=\"noopener\">Phrases<\/a><\/li>\n<li>Wall &#8211; <a href=\"https:\/\/guide.michelin.com\/es\/es\/islas-baleares\/muro\/restaurante\/fusion19\" target=\"_blank\" rel=\"noopener\">Fusion19<\/a><\/li>\n<li>Navaleno &#8211; <a href=\"https:\/\/guide.michelin.com\/es\/es\/castilla-y-leon\/navaleno\/restaurante\/la-lobita\" target=\"_blank\" rel=\"noopener\">La Lobita<\/a><\/li>\n<li>Olost &#8211; <a href=\"https:\/\/guide.michelin.com\/es\/es\/catalunya\/olost\/restaurante\/sala\" target=\"_blank\" rel=\"noopener\">Hall<\/a><\/li>\n<li>Ondara &#8211; <a href=\"https:\/\/guide.michelin.com\/es\/es\/comunidad-valenciana\/ondara\/restaurante\/casa-pepa\" target=\"_blank\" rel=\"noopener\">Casa Pepa<\/a><\/li>\n<li>Oropesa del Mar &#8211; <a href=\"https:\/\/guide.michelin.com\/es\/es\/comunidad-valenciana\/oropesa-del-mar\/restaurante\/llavor\" target=\"_blank\" rel=\"noopener\">Llavor<\/a> &#8211; NOVELTIES<\/li>\n<li>Ortiguera &#8211; <a href=\"https:\/\/guide.michelin.com\/es\/es\/principado-de-asturias\/ortiguera\/restaurante\/ferpel\" target=\"_blank\" rel=\"noopener\">Ferpel Gastron\u00f3mico<\/a><\/li>\n<li>Ourense &#8211; <a href=\"https:\/\/guide.michelin.com\/es\/es\/galicia\/ourense\/restaurante\/ceibe\" target=\"_blank\" rel=\"noopener\">Ceibe<\/a><\/li>\n<li>Ourense &#8211; <a href=\"https:\/\/guide.michelin.com\/es\/es\/galicia\/ourense\/restaurante\/nova\" target=\"_blank\" rel=\"noopener\">Nova<\/a><\/li>\n<li>Ourense &#8211; <a href=\"https:\/\/guide.michelin.com\/es\/es\/galicia\/ourense\/restaurante\/miguel-gonzalez\" target=\"_blank\" rel=\"noopener\">Miguel Gonz\u00e1lez<\/a> &#8211; NEW<\/li>\n<li>Oviedo &#8211; <a href=\"https:\/\/guide.michelin.com\/es\/es\/principado-de-asturias\/oviedo\/restaurante\/nm\" target=\"_blank\" rel=\"noopener\">NM<\/a><\/li>\n<li>Padr\u00f3n &#8211; <a href=\"https:\/\/guide.michelin.com\/es\/es\/galicia\/padron\/restaurante\/o-pazo\" target=\"_blank\" rel=\"noopener\">O&#8217;Pazo<\/a><\/li>\n<li>Palma &#8211; <a href=\"https:\/\/guide.michelin.com\/es\/es\/islas-baleares\/palma\/restaurante\/dins-santi-taura\" target=\"_blank\" rel=\"noopener\">DINS Santi Taura<\/a><\/li>\n<li>Palma &#8211; <a href=\"https:\/\/guide.michelin.com\/es\/es\/islas-baleares\/palma\/restaurante\/marc-fosh\" target=\"_blank\" rel=\"noopener\">Marc Fosh<\/a><\/li>\n<li>Palma &#8211; <a href=\"https:\/\/guide.michelin.com\/es\/es\/islas-baleares\/palma\/restaurante\/zaranda-1191909\" target=\"_blank\" rel=\"noopener\">Zaranda<\/a><\/li>\n<li>Palmanova &#8211;<a href=\"https:\/\/guide.michelin.com\/es\/es\/islas-baleares\/palmanova\/restaurante\/es-fum\" target=\"_blank\" rel=\"noopener\"> Es Fum<\/a><\/li>\n<li>Pamplona &#8211; <a href=\"https:\/\/guide.michelin.com\/es\/es\/comunidad-foral-de-navarra\/pamplona\/restaurante\/europa\" target=\"_blank\" rel=\"noopener\">Europe<\/a><\/li>\n<li>Pamplona &#8211; <a href=\"https:\/\/guide.michelin.com\/es\/es\/comunidad-foral-de-navarra\/pamplona\/restaurante\/kabo\" target=\"_blank\" rel=\"noopener\">Kabo<\/a><\/li>\n<li>Pamplona &#8211; <a href=\"https:\/\/guide.michelin.com\/es\/es\/comunidad-foral-de-navarra\/pamplona\/restaurante\/rodero\" target=\"_blank\" rel=\"noopener\">Rodero<\/a><\/li>\n<li>Patalavaca &#8211; <a href=\"https:\/\/guide.michelin.com\/es\/es\/canarias\/patalavaca\/restaurante\/la-aquarela\" target=\"_blank\" rel=\"noopener\">La Aquarela<\/a><\/li>\n<li>Pe\u00f1afiel &#8211; <a href=\"https:\/\/guide.michelin.com\/es\/es\/castilla-y-leon\/penafiel\/restaurante\/ambivium\" target=\"_blank\" rel=\"noopener\">Ambivium<\/a><\/li>\n<li>Peralada &#8211; <a href=\"https:\/\/guide.michelin.com\/es\/es\/catalunya\/peralada\/restaurante\/castell-peralada\" target=\"_blank\" rel=\"noopener\">Castell Peralada<\/a><\/li>\n<li>Playa de las Americas &#8211; <a href=\"https:\/\/guide.michelin.com\/es\/es\/canarias\/playa-de-las-americas\/restaurante\/taste-1973\" target=\"_blank\" rel=\"noopener\">Taste 1973<\/a><\/li>\n<li>Playa Blanca &#8211; <a href=\"https:\/\/guide.michelin.com\/es\/es\/canarias\/playa-blanca\/restaurante\/kamezi\" target=\"_blank\" rel=\"noopener\">Kamez\u00ed<\/a><\/li>\n<li>Ponferrada &#8211; <a href=\"https:\/\/guide.michelin.com\/es\/es\/castilla-y-leon\/ponferrada\/restaurante\/mu%E2%80%A2na\" target=\"_blank\" rel=\"noopener\">Mu-na<\/a><\/li>\n<li>Pontevedra &#8211; <a href=\"https:\/\/guide.michelin.com\/es\/es\/galicia\/pontevedra\/restaurante\/eirado-da-lena\" target=\"_blank\" rel=\"noopener\">Eirado<\/a><\/li>\n<li>Portbou &#8211; <a href=\"https:\/\/guide.michelin.com\/es\/es\/catalunya\/portbou\/restaurante\/voramar\" target=\"_blank\" rel=\"noopener\">Voramar<\/a><\/li>\n<li>Port d&#8217;Alc\u00fadia &#8211; <a href=\"https:\/\/guide.michelin.com\/es\/es\/islas-baleares\/port-d-alcdia\/restaurante\/maca-de-castro\" target=\"_blank\" rel=\"noopener\">Maca de Castro<\/a><\/li>\n<li>Pozuelo de Alarc\u00f3n &#8211; <a href=\"https:\/\/guide.michelin.com\/es\/es\/comunidad-de-madrid\/pozuelo-de-alarcon\/restaurante\/ancestral-1241234\" target=\"_blank\" rel=\"noopener\">Ancestral<\/a> &#8211; NOVELTIES<\/li>\n<li>Prendes &#8211; <a href=\"https:\/\/guide.michelin.com\/es\/es\/principado-de-asturias\/prendes\/restaurante\/casa-gerardo\" target=\"_blank\" rel=\"noopener\">Casa Gerardo<\/a><\/li>\n<li>Puerto de la Cruz (Canary Islands) &#8211; <a href=\"https:\/\/guide.michelin.com\/es\/es\/canarias\/puerto-de-la-cruz\/restaurante\/el-taller-seve-diaz\" target=\"_blank\" rel=\"noopener\">El Taller Seve D\u00edaz<\/a> &#8211; NOVELTIES<\/li>\n<li>Quintanilla de On\u00e9simo &#8211; <a href=\"https:\/\/guide.michelin.com\/es\/es\/castilla-y-leon\/quintanilla-de-onesimo\/restaurante\/taller\" target=\"_blank\" rel=\"noopener\">Taller Arzuaga<\/a><\/li>\n<li>Ribadesella &#8211; <a href=\"https:\/\/guide.michelin.com\/es\/es\/principado-de-asturias\/ribadesella\/restaurante\/ayalga\" target=\"_blank\" rel=\"noopener\">Ayalga<\/a><\/li>\n<li>Sag\u00e0s &#8211; <a href=\"https:\/\/guide.michelin.com\/es\/es\/catalunya\/sagas\/restaurante\/els-casals\" target=\"_blank\" rel=\"noopener\">Els Casals<\/a><\/li>\n<li>Sagunt &#8211; <a href=\"https:\/\/guide.michelin.com\/es\/es\/comunidad-valenciana\/sagunt\/restaurante\/arrels\" target=\"_blank\" rel=\"noopener\">Arrels<\/a><\/li>\n<li>Salamanca &#8211; <a href=\"https:\/\/guide.michelin.com\/es\/es\/castilla-y-leon\/salamanca\/restaurante\/en-la-parra\" target=\"_blank\" rel=\"noopener\">In the vineyard<\/a><\/li>\n<li>Salamanca &#8211; <a href=\"https:\/\/guide.michelin.com\/es\/es\/castilla-y-leon\/salamanca\/restaurante\/victor-gutierrez\" target=\"_blank\" rel=\"noopener\">V\u00edctor Guti\u00e9rrez<\/a><\/li>\n<li>Salinas &#8211; <a href=\"https:\/\/guide.michelin.com\/es\/es\/principado-de-asturias\/es-salinas\/restaurante\/real-balneario\" target=\"_blank\" rel=\"noopener\">Real Balneario<\/a><\/li>\n<li>Salou &#8211; <a href=\"https:\/\/guide.michelin.com\/es\/es\/catalunya\/salou\/restaurante\/deliranto\" target=\"_blank\" rel=\"noopener\">Deliranto<\/a><\/li>\n<li>San Antonio de Benag\u00e9ber &#8211; <a href=\"https:\/\/guide.michelin.com\/es\/es\/comunidad-valenciana\/san-antonio-de-benageber_1388600\/restaurante\/simposio\" target=\"_blank\" rel=\"noopener\">Symposium<\/a>&#8211; NEWS<\/li>\n<li>San Feliz &#8211; <a href=\"https:\/\/guide.michelin.com\/es\/es\/principado-de-asturias\/san-feliz\/restaurante\/monte-1190765\" target=\"_blank\" rel=\"noopener\">Monte<\/a><\/li>\n<li>San Lorenzo de El Escorial &#8211; <a href=\"https:\/\/guide.michelin.com\/es\/es\/comunidad-de-madrid\/san-lorenzo-de-el-escorial\/restaurante\/montia-1196081\" target=\"_blank\" rel=\"noopener\">Montia<\/a><\/li>\n<\/ul>\n<p data-start=\"3208\" data-end=\"3600\"><img decoding=\"async\" src=\"https:\/\/d3h1lg3ksw6i6b.cloudfront.net\/media\/image\/2025\/11\/14\/c6c9504ca43e41f1a1a2f6d17280cd18_bakea-restaurante-mungia-estrella-michelin_%282%29.jpg\" alt=\"Basque-rooted cuisine at the Michelin-starred Bakea restaurant in Mungia. \u00a9 Asier G\u00f3mez\/Bakea  \" data-src=\"https:\/\/d3h1lg3ksw6i6b.cloudfront.net\/media\/image\/2025\/11\/14\/c6c9504ca43e41f1a1a2f6d17280cd18_bakea-restaurante-mungia-estrella-michelin_%282%29.jpg\" data-ll-status=\"loaded\">Basque-rooted cuisine at the Michelin-starred Bakea restaurant in Mungia. \u00a9 Asier G\u00f3mez\/Bakea <\/p>\n<ul>\n<li>San Salvador de Poio &#8211; <a href=\"https:\/\/guide.michelin.com\/es\/es\/galicia\/san-salvador-de-poio\/restaurante\/solla\" target=\"_blank\" rel=\"noopener\">Plaice<\/a><\/li>\n<li>Sant Fruit\u00f3s de Bages &#8211; <a href=\"https:\/\/guide.michelin.com\/es\/es\/catalunya\/sant-fruitos-de-bages\/restaurante\/l-o\" target=\"_blank\" rel=\"noopener\">L&#8217;\u00d3<\/a><\/li>\n<li>Sant Josep de sa Talaia &#8211; <a href=\"https:\/\/guide.michelin.com\/es\/es\/islas-baleares\/sant-josep-de-sa-talaia\/restaurante\/unic\" target=\"_blank\" rel=\"noopener\">Unic<\/a><\/li>\n<li>Sant Juli\u00e0 de Ramis &#8211; <a href=\"https:\/\/guide.michelin.com\/es\/es\/catalunya\/sant-julia-de-ramis\/restaurante\/esperit-roca\" target=\"_blank\" rel=\"noopener\">Esperit Roca<\/a><\/li>\n<li>Sant Mart\u00ed Sarroca &#8211; <a href=\"https:\/\/guide.michelin.com\/es\/es\/catalunya\/sant-marti-sarroca\/restaurante\/casa-nova\" target=\"_blank\" rel=\"noopener\">Casa Nova<\/a><\/li>\n<li>Santa Coloma de Gramenet &#8211; <a href=\"https:\/\/guide.michelin.com\/es\/es\/catalunya\/santa-coloma-de-gramenet\/restaurante\/lluerna\" target=\"_blank\" rel=\"noopener\">Lluerna<\/a><\/li>\n<li>Santa Cruz de Campezo &#8211; <a href=\"https:\/\/guide.michelin.com\/es\/es\/pais-vasco\/santa-cruz-de-campezo\/restaurante\/arrea\" target=\"_blank\" rel=\"noopener\">ARREA!<\/a><\/li>\n<li>Santander &#8211; <a href=\"https:\/\/guide.michelin.com\/es\/es\/cantabria\/santander\/restaurante\/casona-del-judio\" target=\"_blank\" rel=\"noopener\">Casona del Jud\u00edo<\/a><\/li>\n<li>Santander &#8211; <a href=\"https:\/\/guide.michelin.com\/es\/es\/cantabria\/santander\/restaurante\/el-serbal-1197026\" target=\"_blank\" rel=\"noopener\">El Serbal<\/a><\/li>\n<li>Santiago de Compostela &#8211; <a href=\"https:\/\/guide.michelin.com\/es\/es\/galicia\/santiago-de-compostela\/restaurante\/a-tafona\" target=\"_blank\" rel=\"noopener\">A Tafona<\/a><\/li>\n<li>Santiago de Compostela &#8211; <a href=\"https:\/\/guide.michelin.com\/es\/es\/galicia\/santiago-de-compostela\/restaurante\/casa-marcelo\" target=\"_blank\" rel=\"noopener\">Casa Marcelo<\/a><\/li>\n<li>Santiago de Compostela &#8211; <a href=\"https:\/\/guide.michelin.com\/es\/es\/galicia\/santiago-de-compostela\/restaurante\/simpar\" target=\"_blank\" rel=\"noopener\">Simpar<\/a><\/li>\n<li>Sardas &#8211; <a href=\"https:\/\/guide.michelin.com\/es\/es\/aragon\/sardas\/restaurante\/la-era-de-los-nogales\" target=\"_blank\" rel=\"noopener\">The Walnut Tree Age<\/a><\/li>\n<li>Sard\u00f3n de Duero &#8211; <a href=\"https:\/\/guide.michelin.com\/es\/es\/castilla-y-leon\/sardon-de-duero\/restaurante\/refectorio\" target=\"_blank\" rel=\"noopener\">Refectory<\/a><\/li>\n<li>Seville &#8211; <a href=\"https:\/\/guide.michelin.com\/es\/es\/andalucia\/sevilla\/restaurante\/abantal\" target=\"_blank\" rel=\"noopener\">Abantal<\/a><\/li>\n<li>Seville &#8211; <a href=\"https:\/\/guide.michelin.com\/es\/es\/andalucia\/sevilla\/restaurante\/canabota\" target=\"_blank\" rel=\"noopener\">Ca\u00f1abota<\/a><\/li>\n<li>Sig\u00fcenza &#8211; <a href=\"https:\/\/guide.michelin.com\/es\/es\/castilla-la-mancha\/siguenza\/restaurante\/el-doncel\" target=\"_blank\" rel=\"noopener\">The Doncel<\/a><\/li>\n<li>Sig\u00fcenza &#8211; <a href=\"https:\/\/guide.michelin.com\/es\/es\/castilla-la-mancha\/siguenza\/restaurante\/el-molino-de-alcuneza\" target=\"_blank\" rel=\"noopener\">The Mill of Alcuneza<\/a><\/li>\n<li>Sober &#8211; <a href=\"https:\/\/guide.michelin.com\/es\/es\/galicia\/sober_3313368\/restaurante\/vertigo-1205008\" target=\"_blank\" rel=\"noopener\">Vertigo<\/a> &#8211; NOVELTY<\/li>\n<li>S\u00f3ller &#8211; <a href=\"https:\/\/guide.michelin.com\/es\/es\/islas-baleares\/soller\/restaurante\/bens-d-avall\" target=\"_blank\" rel=\"noopener\">B\u00e9ns d&#8217;Avall<\/a><\/li>\n<li>Sort &#8211; <a href=\"https:\/\/guide.michelin.com\/es\/es\/catalunya\/sort\/restaurante\/fogony\" target=\"_blank\" rel=\"noopener\">Fogony<\/a><\/li>\n<li>Talavera de la Reina &#8211; <a href=\"https:\/\/guide.michelin.com\/es\/es\/castilla-la-mancha\/talavera-de-la-reina\/restaurante\/raices-carlos-maldonado\" target=\"_blank\" rel=\"noopener\">Ra\u00edces-Carlos Maldonado<\/a><\/li>\n<li>Tella &#8211; <a href=\"https:\/\/guide.michelin.com\/es\/es\/aragon\/tella\/restaurante\/casa-ruben\" target=\"_blank\" rel=\"noopener\">Casa Rub\u00e9n<\/a> &#8211; NEW<\/li>\n<li>Toulouse &#8211; <a href=\"https:\/\/guide.michelin.com\/es\/es\/pais-vasco\/tolosa\/restaurante\/ama\" target=\"_blank\" rel=\"noopener\">Ama<\/a><\/li>\n<li>Tomelloso &#8211; <a href=\"https:\/\/guide.michelin.com\/es\/es\/castilla-la-mancha\/tomelloso\/restaurante\/epilogo\" target=\"_blank\" rel=\"noopener\">Epilogue<\/a><\/li>\n<li>Torre de Juan Abad &#8211; <a href=\"https:\/\/guide.michelin.com\/es\/es\/castilla-la-mancha\/torre-de-juan-abad\/restaurante\/coto-de-quevedo\" target=\"_blank\" rel=\"noopener\">Coto de Quevedo Evolution<\/a><\/li>\n<li>Torrenueva &#8211; <a href=\"https:\/\/guide.michelin.com\/es\/es\/castilla-la-mancha\/torrenueva\/restaurante\/retama\" target=\"_blank\" rel=\"noopener\">Retama<\/a><\/li>\n<li>Tox &#8211; <a href=\"https:\/\/guide.michelin.com\/es\/es\/principado-de-asturias\/tox\/restaurante\/regueiro\" target=\"_blank\" rel=\"noopener\">Regueiro<\/a> &#8211; NEW<\/li>\n<li>Tramacastilla &#8211; <a href=\"https:\/\/guide.michelin.com\/es\/es\/aragon\/tramacastilla\/restaurante\/hospederia-el-batan\" target=\"_blank\" rel=\"noopener\">Hospeder\u00eda El Bat\u00e1n<\/a><\/li>\n<li>Ulldecona &#8211; <a href=\"https:\/\/guide.michelin.com\/es\/es\/catalunya\/ulldecona\/restaurante\/l-antic-moli\" target=\"_blank\" rel=\"noopener\">L&#8217;Antic Mol\u00ed<\/a><\/li>\n<li>Ulldecona &#8211; <a href=\"https:\/\/guide.michelin.com\/es\/es\/catalunya\/ulldecona\/restaurante\/les-moles\" target=\"_blank\" rel=\"noopener\">Les Moles<\/a><\/li>\n<li>Valdemorillo &#8211; <a href=\"https:\/\/guide.michelin.com\/es\/es\/comunidad-de-madrid\/valdemorillo\/restaurante\/la-casa-de-manolo-franco\" target=\"_blank\" rel=\"noopener\">La Casa de Manolo Franco<\/a><\/li>\n<li>Valdemoro &#8211; <a href=\"https:\/\/guide.michelin.com\/es\/es\/comunidad-de-madrid\/valdemoro\/restaurante\/chiron\" target=\"_blank\" rel=\"noopener\">Chiron<\/a><\/li>\n<li>Val\u00e8ncia &#8211; <a href=\"https:\/\/guide.michelin.com\/es\/es\/comunidad-valenciana\/valencia\/restaurante\/fierro\" target=\"_blank\" rel=\"noopener\">Fierro<\/a><\/li>\n<li>Val\u00e8ncia &#8211; <a href=\"https:\/\/guide.michelin.com\/es\/es\/comunidad-valenciana\/valencia\/restaurante\/fraula\" target=\"_blank\" rel=\"noopener\">Fraula<\/a><\/li>\n<li>Val\u00e8ncia &#8211; <a href=\"https:\/\/guide.michelin.com\/es\/es\/comunidad-valenciana\/valencia\/restaurante\/kaido-sushi-bar\" target=\"_blank\" rel=\"noopener\">Kaido Sushi Bar<\/a><\/li>\n<li>Val\u00e8ncia &#8211; <a href=\"https:\/\/guide.michelin.com\/es\/es\/comunidad-valenciana\/valencia\/restaurante\/la-salita-1192181\" target=\"_blank\" rel=\"noopener\">La Salita<\/a><\/li>\n<li>Val\u00e8ncia &#8211; <a href=\"https:\/\/guide.michelin.com\/es\/es\/comunidad-valenciana\/valencia\/restaurante\/lienzo\" target=\"_blank\" rel=\"noopener\">Lienzo<\/a><\/li>\n<li>Val\u00e8ncia &#8211; <a href=\"https:\/\/guide.michelin.com\/es\/es\/comunidad-valenciana\/valencia\/restaurante\/riff\" target=\"_blank\" rel=\"noopener\">Riff<\/a><\/li>\n<li>Vall d&#8217;Alba &#8211; <a href=\"https:\/\/guide.michelin.com\/es\/es\/comunidad-valenciana\/vall-d-alba\/restaurante\/cal-paradis\" target=\"_blank\" rel=\"noopener\">Cal Parad\u00eds<\/a><\/li>\n<li>Valladolid &#8211; <a href=\"https:\/\/guide.michelin.com\/es\/es\/castilla-y-leon\/valladolid\/restaurante\/alquimia\" target=\"_blank\" rel=\"noopener\">Alchemy &#8211; Laboratory<\/a><\/li>\n<li>Valladolid &#8211; <a href=\"https:\/\/guide.michelin.com\/es\/es\/castilla-y-leon\/valladolid\/restaurante\/trigo\" target=\"_blank\" rel=\"noopener\">Wheat<\/a><\/li>\n<li>Villanova &#8211; <a href=\"https:\/\/guide.michelin.com\/es\/es\/aragon\/villanova\/restaurante\/casa-arcas\" target=\"_blank\" rel=\"noopener\">Casa Arcas<\/a><\/li>\n<li>Vigo &#8211; <a href=\"https:\/\/guide.michelin.com\/es\/es\/galicia\/vigo\/restaurante\/maruja-limon\" target=\"_blank\" rel=\"noopener\">Maruja Lim\u00f3n<\/a><\/li>\n<li>Vigo &#8211; <a href=\"https:\/\/guide.michelin.com\/es\/es\/galicia\/vigo\/restaurante\/silabario\" target=\"_blank\" rel=\"noopener\">Syllabary<\/a><\/li>\n<li>Vinar\u00f2s &#8211; <a href=\"https:\/\/guide.michelin.com\/es\/es\/comunidad-valenciana\/vinaros\/restaurante\/ruben-miralles\" target=\"_blank\" rel=\"noopener\">Rub\u00e9n Miralles<\/a>&#8211; NEW<\/li>\n<li>X\u00e0bia &#8211; <a href=\"https:\/\/guide.michelin.com\/es\/es\/comunidad-valenciana\/xbia\/restaurante\/tula\" target=\"_blank\" rel=\"noopener\">Tula<\/a><\/li>\n<li>Xerta &#8211; <a href=\"https:\/\/guide.michelin.com\/es\/es\/catalunya\/xerta\/restaurante\/villa-retiro\" target=\"_blank\" rel=\"noopener\">Villa Retiro<\/a><\/li>\n<li>Yecla &#8211; <a href=\"https:\/\/guide.michelin.com\/es\/es\/region-de-murcia\/yecla\/restaurante\/barahonda\" target=\"_blank\" rel=\"noopener\">Barahonda<\/a> &#8211; NOVELTIES<\/li>\n<li>Zaragoza &#8211; <a href=\"https:\/\/guide.michelin.com\/es\/es\/aragon\/zaragoza\/restaurante\/gente-rara\" target=\"_blank\" rel=\"noopener\">Rare People<\/a><\/li>\n<li>Zaragoza &#8211; <a href=\"https:\/\/guide.michelin.com\/es\/es\/aragon\/zaragoza\/restaurante\/la-prensa\" target=\"_blank\" rel=\"noopener\">La Prensa<\/a><\/li>\n<li>Zarza de Granadilla &#8211; <a href=\"https:\/\/guide.michelin.com\/es\/es\/extremadura\/zarza-de-granadilla\/restaurante\/versatil\" target=\"_blank\" rel=\"noopener\">Versatile<\/a><\/li>\n<\/ul>\n<p data-start=\"3208\" data-end=\"3600\">\n","protected":false},"excerpt":{"rendered":"<p>The gala held in Malaga did not add distinctions for Ibiza and Formentera, although the island retains three starred restaurants. The only Balearic recognition goes to Terrae (Pollen\u00e7a), awarded with a Green Star. <\/p>\n","protected":false},"author":31,"featured_media":140144,"comment_status":"closed","ping_status":"closed","sticky":false,"template":"","format":"standard","meta":{"_acf_changed":false,"site-sidebar-layout":"default","site-content-layout":"","ast-site-content-layout":"default","site-content-style":"default","site-sidebar-style":"default","ast-global-header-display":"","ast-banner-title-visibility":"","ast-main-header-display":"","ast-hfb-above-header-display":"","ast-hfb-below-header-display":"","ast-hfb-mobile-header-display":"","site-post-title":"","ast-breadcrumbs-content":"","ast-featured-img":"","footer-sml-layout":"","ast-disable-related-posts":"","theme-transparent-header-meta":"default","adv-header-id-meta":"","stick-header-meta":"","header-above-stick-meta":"","header-main-stick-meta":"","header-below-stick-meta":"","astra-migrate-meta-layouts":"default","ast-page-background-enabled":"default","ast-page-background-meta":{"desktop":{"background-color":"var(--ast-global-color-4)","background-image":"","background-repeat":"repeat","background-position":"center center","background-size":"auto","background-attachment":"scroll","background-type":"","background-media":"","overlay-type":"","overlay-color":"","overlay-opacity":"","overlay-gradient":""},"tablet":{"background-color":"","background-image":"","background-repeat":"repeat","background-position":"center center","background-size":"auto","background-attachment":"scroll","background-type":"","background-media":"","overlay-type":"","overlay-color":"","overlay-opacity":"","overlay-gradient":""},"mobile":{"background-color":"","background-image":"","background-repeat":"repeat","background-position":"center center","background-size":"auto","background-attachment":"scroll","background-type":"","background-media":"","overlay-type":"","overlay-color":"","overlay-opacity":"","overlay-gradient":""}},"ast-content-background-meta":{"desktop":{"background-color":"var(--ast-global-color-5)","background-image":"","background-repeat":"repeat","background-position":"center center","background-size":"auto","background-attachment":"scroll","background-type":"","background-media":"","overlay-type":"","overlay-color":"","overlay-opacity":"","overlay-gradient":""},"tablet":{"background-color":"var(--ast-global-color-5)","background-image":"","background-repeat":"repeat","background-position":"center center","background-size":"auto","background-attachment":"scroll","background-type":"","background-media":"","overlay-type":"","overlay-color":"","overlay-opacity":"","overlay-gradient":""},"mobile":{"background-color":"var(--ast-global-color-5)","background-image":"","background-repeat":"repeat","background-position":"center center","background-size":"auto","background-attachment":"scroll","background-type":"","background-media":"","overlay-type":"","overlay-color":"","overlay-opacity":"","overlay-gradient":""}},"footnotes":""},"categories":[4612,2910,3210,2918],"tags":[2921,9605,9604,5371],"ppma_author":[6610],"class_list":["post-140146","post","type-post","status-publish","format-standard","has-post-thumbnail","hentry","category-baleares-en","category-current-news","category-formentera-en","category-ibiza-en","tag-actualidad-2-en","tag-guide","tag-michelin-star","tag-restaurants"],"acf":[],"yoast_head":"<!-- This site is optimized with the Yoast SEO plugin v27.4 - https:\/\/yoast.com\/product\/yoast-seo-wordpress\/ -->\n<title>Ibiza and Formentera are left without new Michelin stars, but maintain their gastronomic reference points - La Voz De Ibiza<\/title>\n<meta name=\"description\" content=\"The gala held in Malaga did not add distinctions for Ibiza and Formentera, although the island retains three starred restaurants. The only Balearic recognition goes to Terrae (Pollen\u00e7a), awarded with a Green Star.\" \/>\n<meta name=\"robots\" content=\"index, follow, max-snippet:-1, max-image-preview:large, max-video-preview:-1\" \/>\n<link rel=\"canonical\" href=\"https:\/\/lavozdeibiza.com\/en\/current-news\/ibiza-and-formentera-are-left-without-new-michelin-stars-but-maintain-their-gastronomic-reference-points\/\" \/>\n<meta property=\"og:locale\" content=\"en_US\" \/>\n<meta property=\"og:type\" content=\"article\" \/>\n<meta property=\"og:title\" content=\"Ibiza and Formentera are left without new Michelin stars, but maintain their gastronomic reference points - La Voz De Ibiza\" \/>\n<meta property=\"og:description\" content=\"The gala held in Malaga did not add distinctions for Ibiza and Formentera, although the island retains three starred restaurants. The only Balearic recognition goes to Terrae (Pollen\u00e7a), awarded with a Green Star.\" \/>\n<meta property=\"og:url\" content=\"https:\/\/lavozdeibiza.com\/en\/current-news\/ibiza-and-formentera-are-left-without-new-michelin-stars-but-maintain-their-gastronomic-reference-points\/\" \/>\n<meta property=\"og:site_name\" content=\"La Voz De Ibiza\" \/>\n<meta property=\"article:published_time\" content=\"2025-11-26T09:00:31+00:00\" \/>\n<meta property=\"article:modified_time\" content=\"2025-11-26T09:31:46+00:00\" \/>\n<meta property=\"og:image\" content=\"https:\/\/lavozdeibiza.com\/wp-content\/uploads\/2025\/11\/ESTRELLAS-MICHELIN-DOS-1.webp\" \/>\n\t<meta property=\"og:image:width\" content=\"900\" \/>\n\t<meta property=\"og:image:height\" content=\"600\" \/>\n\t<meta property=\"og:image:type\" content=\"image\/webp\" \/>\n<meta name=\"author\" content=\"Adriana Lui\" \/>\n<meta name=\"twitter:card\" content=\"summary_large_image\" \/>\n<meta name=\"twitter:creator\" content=\"@vozdeibiza\" \/>\n<meta name=\"twitter:site\" content=\"@vozdeibiza\" \/>\n<meta name=\"twitter:label1\" content=\"Written by\" \/>\n\t<meta name=\"twitter:data1\" content=\"Adriana Lui\" \/>\n\t<meta name=\"twitter:label2\" content=\"Est. reading time\" \/>\n\t<meta name=\"twitter:data2\" content=\"10 minutes\" \/>\n<script type=\"application\/ld+json\" class=\"yoast-schema-graph\">{\"@context\":\"https:\\\/\\\/schema.org\",\"@graph\":[{\"@type\":\"NewsArticle\",\"@id\":\"https:\\\/\\\/lavozdeibiza.com\\\/en\\\/current-news\\\/ibiza-and-formentera-are-left-without-new-michelin-stars-but-maintain-their-gastronomic-reference-points\\\/#article\",\"isPartOf\":{\"@id\":\"https:\\\/\\\/lavozdeibiza.com\\\/en\\\/current-news\\\/ibiza-and-formentera-are-left-without-new-michelin-stars-but-maintain-their-gastronomic-reference-points\\\/\"},\"author\":{\"name\":\"Adriana Lui\",\"@id\":\"https:\\\/\\\/lavozdeibiza.com\\\/en\\\/#\\\/schema\\\/person\\\/dfdc025d57832a30d03cb6d4b375b52e\"},\"headline\":\"Ibiza and Formentera are left without new Michelin stars, but maintain their gastronomic reference points\",\"datePublished\":\"2025-11-26T09:00:31+00:00\",\"dateModified\":\"2025-11-26T09:31:46+00:00\",\"mainEntityOfPage\":{\"@id\":\"https:\\\/\\\/lavozdeibiza.com\\\/en\\\/current-news\\\/ibiza-and-formentera-are-left-without-new-michelin-stars-but-maintain-their-gastronomic-reference-points\\\/\"},\"wordCount\":2007,\"publisher\":{\"@id\":\"https:\\\/\\\/lavozdeibiza.com\\\/en\\\/#organization\"},\"image\":{\"@id\":\"https:\\\/\\\/lavozdeibiza.com\\\/en\\\/current-news\\\/ibiza-and-formentera-are-left-without-new-michelin-stars-but-maintain-their-gastronomic-reference-points\\\/#primaryimage\"},\"thumbnailUrl\":\"https:\\\/\\\/lavozdeibiza.com\\\/wp-content\\\/uploads\\\/2025\\\/11\\\/ESTRELLAS-MICHELIN-DOS-1.webp\",\"keywords\":[\"Actualidad 2\",\"guide\",\"michelin star\",\"restaurants\"],\"articleSection\":[\"BALEARES\",\"CURRENT NEWS\",\"FORMENTERA\",\"IBIZA\"],\"inLanguage\":\"en-US\"},{\"@type\":[\"WebPage\",\"ItemPage\"],\"@id\":\"https:\\\/\\\/lavozdeibiza.com\\\/en\\\/current-news\\\/ibiza-and-formentera-are-left-without-new-michelin-stars-but-maintain-their-gastronomic-reference-points\\\/\",\"url\":\"https:\\\/\\\/lavozdeibiza.com\\\/en\\\/current-news\\\/ibiza-and-formentera-are-left-without-new-michelin-stars-but-maintain-their-gastronomic-reference-points\\\/\",\"name\":\"Ibiza and Formentera are left without new Michelin stars, but maintain their gastronomic reference points - La Voz De Ibiza\",\"isPartOf\":{\"@id\":\"https:\\\/\\\/lavozdeibiza.com\\\/en\\\/#website\"},\"primaryImageOfPage\":{\"@id\":\"https:\\\/\\\/lavozdeibiza.com\\\/en\\\/current-news\\\/ibiza-and-formentera-are-left-without-new-michelin-stars-but-maintain-their-gastronomic-reference-points\\\/#primaryimage\"},\"image\":{\"@id\":\"https:\\\/\\\/lavozdeibiza.com\\\/en\\\/current-news\\\/ibiza-and-formentera-are-left-without-new-michelin-stars-but-maintain-their-gastronomic-reference-points\\\/#primaryimage\"},\"thumbnailUrl\":\"https:\\\/\\\/lavozdeibiza.com\\\/wp-content\\\/uploads\\\/2025\\\/11\\\/ESTRELLAS-MICHELIN-DOS-1.webp\",\"datePublished\":\"2025-11-26T09:00:31+00:00\",\"dateModified\":\"2025-11-26T09:31:46+00:00\",\"description\":\"The gala held in Malaga did not add distinctions for Ibiza and Formentera, although the island retains three starred restaurants. The only Balearic recognition goes to Terrae (Pollen\u00e7a), awarded with a Green Star.\",\"breadcrumb\":{\"@id\":\"https:\\\/\\\/lavozdeibiza.com\\\/en\\\/current-news\\\/ibiza-and-formentera-are-left-without-new-michelin-stars-but-maintain-their-gastronomic-reference-points\\\/#breadcrumb\"},\"inLanguage\":\"en-US\",\"potentialAction\":[{\"@type\":\"ReadAction\",\"target\":[\"https:\\\/\\\/lavozdeibiza.com\\\/en\\\/current-news\\\/ibiza-and-formentera-are-left-without-new-michelin-stars-but-maintain-their-gastronomic-reference-points\\\/\"]}]},{\"@type\":\"ImageObject\",\"inLanguage\":\"en-US\",\"@id\":\"https:\\\/\\\/lavozdeibiza.com\\\/en\\\/current-news\\\/ibiza-and-formentera-are-left-without-new-michelin-stars-but-maintain-their-gastronomic-reference-points\\\/#primaryimage\",\"url\":\"https:\\\/\\\/lavozdeibiza.com\\\/wp-content\\\/uploads\\\/2025\\\/11\\\/ESTRELLAS-MICHELIN-DOS-1.webp\",\"contentUrl\":\"https:\\\/\\\/lavozdeibiza.com\\\/wp-content\\\/uploads\\\/2025\\\/11\\\/ESTRELLAS-MICHELIN-DOS-1.webp\",\"width\":900,\"height\":600,\"caption\":\"Fotograf\u00eda de los galardonados con dos estrellas Michel\u00edn durante la gala de entrega de las Estrellas Michel\u00edn 2026, este martes en M\u00e1laga. EFE\\\/Jorge Zapata\"},{\"@type\":\"BreadcrumbList\",\"@id\":\"https:\\\/\\\/lavozdeibiza.com\\\/en\\\/current-news\\\/ibiza-and-formentera-are-left-without-new-michelin-stars-but-maintain-their-gastronomic-reference-points\\\/#breadcrumb\",\"itemListElement\":[{\"@type\":\"ListItem\",\"position\":1,\"name\":\"Portada\",\"item\":\"https:\\\/\\\/lavozdeibiza.com\\\/en\\\/\"},{\"@type\":\"ListItem\",\"position\":2,\"name\":\"Ibiza and Formentera are left without new Michelin stars, but maintain their gastronomic reference points\"}]},{\"@type\":\"WebSite\",\"@id\":\"https:\\\/\\\/lavozdeibiza.com\\\/en\\\/#website\",\"url\":\"https:\\\/\\\/lavozdeibiza.com\\\/en\\\/\",\"name\":\"La Voz de Ibiza\",\"description\":\"Diario de informaci\u00f3n actualidad y noticias de Ibiza. Todas las noticias de los municipios de Ibiza\",\"publisher\":{\"@id\":\"https:\\\/\\\/lavozdeibiza.com\\\/en\\\/#organization\"},\"potentialAction\":[{\"@type\":\"SearchAction\",\"target\":{\"@type\":\"EntryPoint\",\"urlTemplate\":\"https:\\\/\\\/lavozdeibiza.com\\\/en\\\/?s={search_term_string}\"},\"query-input\":{\"@type\":\"PropertyValueSpecification\",\"valueRequired\":true,\"valueName\":\"search_term_string\"}}],\"inLanguage\":\"en-US\"},{\"@type\":[\"Organization\",\"NewsMediaOrganization\"],\"@id\":\"https:\\\/\\\/lavozdeibiza.com\\\/en\\\/#organization\",\"name\":\"La Voz de Ibiza\",\"url\":\"https:\\\/\\\/lavozdeibiza.com\\\/en\\\/\",\"logo\":{\"@type\":\"ImageObject\",\"inLanguage\":\"en-US\",\"@id\":\"https:\\\/\\\/lavozdeibiza.com\\\/en\\\/#\\\/schema\\\/logo\\\/image\\\/\",\"url\":\"https:\\\/\\\/lavozdeibiza.com\\\/wp-content\\\/uploads\\\/2023\\\/10\\\/logo-lvib-grande.jpg\",\"contentUrl\":\"https:\\\/\\\/lavozdeibiza.com\\\/wp-content\\\/uploads\\\/2023\\\/10\\\/logo-lvib-grande.jpg\",\"width\":1500,\"height\":1000,\"caption\":\"La Voz de Ibiza\"},\"image\":{\"@id\":\"https:\\\/\\\/lavozdeibiza.com\\\/en\\\/#\\\/schema\\\/logo\\\/image\\\/\"},\"sameAs\":[\"https:\\\/\\\/x.com\\\/vozdeibiza\",\"https:\\\/\\\/www.instagram.com\\\/lavozibiza\\\/\"]},{\"@type\":\"Person\",\"@id\":\"https:\\\/\\\/lavozdeibiza.com\\\/en\\\/#\\\/schema\\\/person\\\/dfdc025d57832a30d03cb6d4b375b52e\",\"name\":\"Adriana Lui\",\"image\":{\"@type\":\"ImageObject\",\"inLanguage\":\"en-US\",\"@id\":\"https:\\\/\\\/secure.gravatar.com\\\/avatar\\\/316ea0299711d3ae33b81b9f07741b59eb95972a942b1c2d73f042662a42c170?s=96&d=mm&r=g1c70a88d9688947f7426f567f55acb5a\",\"url\":\"https:\\\/\\\/secure.gravatar.com\\\/avatar\\\/316ea0299711d3ae33b81b9f07741b59eb95972a942b1c2d73f042662a42c170?s=96&d=mm&r=g\",\"contentUrl\":\"https:\\\/\\\/secure.gravatar.com\\\/avatar\\\/316ea0299711d3ae33b81b9f07741b59eb95972a942b1c2d73f042662a42c170?s=96&d=mm&r=g\",\"caption\":\"Adriana Lui\"},\"url\":\"https:\\\/\\\/lavozdeibiza.com\\\/en\\\/author\\\/alui\\\/\"},{\"@type\":\"SiteNavigationElement\",\"@id\":\"https:\\\/\\\/lavozdeibiza.com\\\/en\\\/#site-navigation\",\"cssSelector\":[\".cib-main-menu\"]},{\"@type\":\"WPHeader\",\"@id\":\"https:\\\/\\\/lavozdeibiza.com\\\/en\\\/#header\",\"cssSelector\":[\".cib-header\"]},{\"@type\":\"WPFooter\",\"@id\":\"https:\\\/\\\/lavozdeibiza.com\\\/en\\\/#footer\",\"cssSelector\":[\".cib-footer\"]}]}<\/script>\n<!-- \/ Yoast SEO plugin. -->","yoast_head_json":{"title":"Ibiza and Formentera are left without new Michelin stars, but maintain their gastronomic reference points - La Voz De Ibiza","description":"The gala held in Malaga did not add distinctions for Ibiza and Formentera, although the island retains three starred restaurants. The only Balearic recognition goes to Terrae (Pollen\u00e7a), awarded with a Green Star.","robots":{"index":"index","follow":"follow","max-snippet":"max-snippet:-1","max-image-preview":"max-image-preview:large","max-video-preview":"max-video-preview:-1"},"canonical":"https:\/\/lavozdeibiza.com\/en\/current-news\/ibiza-and-formentera-are-left-without-new-michelin-stars-but-maintain-their-gastronomic-reference-points\/","og_locale":"en_US","og_type":"article","og_title":"Ibiza and Formentera are left without new Michelin stars, but maintain their gastronomic reference points - La Voz De Ibiza","og_description":"The gala held in Malaga did not add distinctions for Ibiza and Formentera, although the island retains three starred restaurants. The only Balearic recognition goes to Terrae (Pollen\u00e7a), awarded with a Green Star.","og_url":"https:\/\/lavozdeibiza.com\/en\/current-news\/ibiza-and-formentera-are-left-without-new-michelin-stars-but-maintain-their-gastronomic-reference-points\/","og_site_name":"La Voz De Ibiza","article_published_time":"2025-11-26T09:00:31+00:00","article_modified_time":"2025-11-26T09:31:46+00:00","og_image":[{"width":900,"height":600,"url":"https:\/\/lavozdeibiza.com\/wp-content\/uploads\/2025\/11\/ESTRELLAS-MICHELIN-DOS-1.webp","type":"image\/webp"}],"author":"Adriana Lui","twitter_card":"summary_large_image","twitter_creator":"@vozdeibiza","twitter_site":"@vozdeibiza","twitter_misc":{"Written by":"Adriana Lui","Est. reading time":"10 minutes"},"schema":{"@context":"https:\/\/schema.org","@graph":[{"@type":"NewsArticle","@id":"https:\/\/lavozdeibiza.com\/en\/current-news\/ibiza-and-formentera-are-left-without-new-michelin-stars-but-maintain-their-gastronomic-reference-points\/#article","isPartOf":{"@id":"https:\/\/lavozdeibiza.com\/en\/current-news\/ibiza-and-formentera-are-left-without-new-michelin-stars-but-maintain-their-gastronomic-reference-points\/"},"author":{"name":"Adriana Lui","@id":"https:\/\/lavozdeibiza.com\/en\/#\/schema\/person\/dfdc025d57832a30d03cb6d4b375b52e"},"headline":"Ibiza and Formentera are left without new Michelin stars, but maintain their gastronomic reference points","datePublished":"2025-11-26T09:00:31+00:00","dateModified":"2025-11-26T09:31:46+00:00","mainEntityOfPage":{"@id":"https:\/\/lavozdeibiza.com\/en\/current-news\/ibiza-and-formentera-are-left-without-new-michelin-stars-but-maintain-their-gastronomic-reference-points\/"},"wordCount":2007,"publisher":{"@id":"https:\/\/lavozdeibiza.com\/en\/#organization"},"image":{"@id":"https:\/\/lavozdeibiza.com\/en\/current-news\/ibiza-and-formentera-are-left-without-new-michelin-stars-but-maintain-their-gastronomic-reference-points\/#primaryimage"},"thumbnailUrl":"https:\/\/lavozdeibiza.com\/wp-content\/uploads\/2025\/11\/ESTRELLAS-MICHELIN-DOS-1.webp","keywords":["Actualidad 2","guide","michelin star","restaurants"],"articleSection":["BALEARES","CURRENT NEWS","FORMENTERA","IBIZA"],"inLanguage":"en-US"},{"@type":["WebPage","ItemPage"],"@id":"https:\/\/lavozdeibiza.com\/en\/current-news\/ibiza-and-formentera-are-left-without-new-michelin-stars-but-maintain-their-gastronomic-reference-points\/","url":"https:\/\/lavozdeibiza.com\/en\/current-news\/ibiza-and-formentera-are-left-without-new-michelin-stars-but-maintain-their-gastronomic-reference-points\/","name":"Ibiza and Formentera are left without new Michelin stars, but maintain their gastronomic reference points - La Voz De Ibiza","isPartOf":{"@id":"https:\/\/lavozdeibiza.com\/en\/#website"},"primaryImageOfPage":{"@id":"https:\/\/lavozdeibiza.com\/en\/current-news\/ibiza-and-formentera-are-left-without-new-michelin-stars-but-maintain-their-gastronomic-reference-points\/#primaryimage"},"image":{"@id":"https:\/\/lavozdeibiza.com\/en\/current-news\/ibiza-and-formentera-are-left-without-new-michelin-stars-but-maintain-their-gastronomic-reference-points\/#primaryimage"},"thumbnailUrl":"https:\/\/lavozdeibiza.com\/wp-content\/uploads\/2025\/11\/ESTRELLAS-MICHELIN-DOS-1.webp","datePublished":"2025-11-26T09:00:31+00:00","dateModified":"2025-11-26T09:31:46+00:00","description":"The gala held in Malaga did not add distinctions for Ibiza and Formentera, although the island retains three starred restaurants. The only Balearic recognition goes to Terrae (Pollen\u00e7a), awarded with a Green Star.","breadcrumb":{"@id":"https:\/\/lavozdeibiza.com\/en\/current-news\/ibiza-and-formentera-are-left-without-new-michelin-stars-but-maintain-their-gastronomic-reference-points\/#breadcrumb"},"inLanguage":"en-US","potentialAction":[{"@type":"ReadAction","target":["https:\/\/lavozdeibiza.com\/en\/current-news\/ibiza-and-formentera-are-left-without-new-michelin-stars-but-maintain-their-gastronomic-reference-points\/"]}]},{"@type":"ImageObject","inLanguage":"en-US","@id":"https:\/\/lavozdeibiza.com\/en\/current-news\/ibiza-and-formentera-are-left-without-new-michelin-stars-but-maintain-their-gastronomic-reference-points\/#primaryimage","url":"https:\/\/lavozdeibiza.com\/wp-content\/uploads\/2025\/11\/ESTRELLAS-MICHELIN-DOS-1.webp","contentUrl":"https:\/\/lavozdeibiza.com\/wp-content\/uploads\/2025\/11\/ESTRELLAS-MICHELIN-DOS-1.webp","width":900,"height":600,"caption":"Fotograf\u00eda de los galardonados con dos estrellas Michel\u00edn durante la gala de entrega de las Estrellas Michel\u00edn 2026, este martes en M\u00e1laga. EFE\/Jorge Zapata"},{"@type":"BreadcrumbList","@id":"https:\/\/lavozdeibiza.com\/en\/current-news\/ibiza-and-formentera-are-left-without-new-michelin-stars-but-maintain-their-gastronomic-reference-points\/#breadcrumb","itemListElement":[{"@type":"ListItem","position":1,"name":"Portada","item":"https:\/\/lavozdeibiza.com\/en\/"},{"@type":"ListItem","position":2,"name":"Ibiza and Formentera are left without new Michelin stars, but maintain their gastronomic reference points"}]},{"@type":"WebSite","@id":"https:\/\/lavozdeibiza.com\/en\/#website","url":"https:\/\/lavozdeibiza.com\/en\/","name":"La Voz de Ibiza","description":"Diario de informaci\u00f3n actualidad y noticias de Ibiza. Todas las noticias de los municipios de Ibiza","publisher":{"@id":"https:\/\/lavozdeibiza.com\/en\/#organization"},"potentialAction":[{"@type":"SearchAction","target":{"@type":"EntryPoint","urlTemplate":"https:\/\/lavozdeibiza.com\/en\/?s={search_term_string}"},"query-input":{"@type":"PropertyValueSpecification","valueRequired":true,"valueName":"search_term_string"}}],"inLanguage":"en-US"},{"@type":["Organization","NewsMediaOrganization"],"@id":"https:\/\/lavozdeibiza.com\/en\/#organization","name":"La Voz de Ibiza","url":"https:\/\/lavozdeibiza.com\/en\/","logo":{"@type":"ImageObject","inLanguage":"en-US","@id":"https:\/\/lavozdeibiza.com\/en\/#\/schema\/logo\/image\/","url":"https:\/\/lavozdeibiza.com\/wp-content\/uploads\/2023\/10\/logo-lvib-grande.jpg","contentUrl":"https:\/\/lavozdeibiza.com\/wp-content\/uploads\/2023\/10\/logo-lvib-grande.jpg","width":1500,"height":1000,"caption":"La Voz de Ibiza"},"image":{"@id":"https:\/\/lavozdeibiza.com\/en\/#\/schema\/logo\/image\/"},"sameAs":["https:\/\/x.com\/vozdeibiza","https:\/\/www.instagram.com\/lavozibiza\/"]},{"@type":"Person","@id":"https:\/\/lavozdeibiza.com\/en\/#\/schema\/person\/dfdc025d57832a30d03cb6d4b375b52e","name":"Adriana Lui","image":{"@type":"ImageObject","inLanguage":"en-US","@id":"https:\/\/secure.gravatar.com\/avatar\/316ea0299711d3ae33b81b9f07741b59eb95972a942b1c2d73f042662a42c170?s=96&d=mm&r=g1c70a88d9688947f7426f567f55acb5a","url":"https:\/\/secure.gravatar.com\/avatar\/316ea0299711d3ae33b81b9f07741b59eb95972a942b1c2d73f042662a42c170?s=96&d=mm&r=g","contentUrl":"https:\/\/secure.gravatar.com\/avatar\/316ea0299711d3ae33b81b9f07741b59eb95972a942b1c2d73f042662a42c170?s=96&d=mm&r=g","caption":"Adriana Lui"},"url":"https:\/\/lavozdeibiza.com\/en\/author\/alui\/"},{"@type":"SiteNavigationElement","@id":"https:\/\/lavozdeibiza.com\/en\/#site-navigation","cssSelector":[".cib-main-menu"]},{"@type":"WPHeader","@id":"https:\/\/lavozdeibiza.com\/en\/#header","cssSelector":[".cib-header"]},{"@type":"WPFooter","@id":"https:\/\/lavozdeibiza.com\/en\/#footer","cssSelector":[".cib-footer"]}]}},"authors":[{"term_id":6610,"user_id":31,"is_guest":0,"slug":"alui","display_name":"Adriana Lui","avatar_url":"https:\/\/secure.gravatar.com\/avatar\/316ea0299711d3ae33b81b9f07741b59eb95972a942b1c2d73f042662a42c170?s=96&d=mm&r=g","0":null,"1":"","2":"","3":"","4":"","5":"","6":"","7":"","8":"","9":"","10":""}],"_links":{"self":[{"href":"https:\/\/lavozdeibiza.com\/en\/wp-json\/wp\/v2\/posts\/140146","targetHints":{"allow":["GET"]}}],"collection":[{"href":"https:\/\/lavozdeibiza.com\/en\/wp-json\/wp\/v2\/posts"}],"about":[{"href":"https:\/\/lavozdeibiza.com\/en\/wp-json\/wp\/v2\/types\/post"}],"author":[{"embeddable":true,"href":"https:\/\/lavozdeibiza.com\/en\/wp-json\/wp\/v2\/users\/31"}],"replies":[{"embeddable":true,"href":"https:\/\/lavozdeibiza.com\/en\/wp-json\/wp\/v2\/comments?post=140146"}],"version-history":[{"count":1,"href":"https:\/\/lavozdeibiza.com\/en\/wp-json\/wp\/v2\/posts\/140146\/revisions"}],"predecessor-version":[{"id":140151,"href":"https:\/\/lavozdeibiza.com\/en\/wp-json\/wp\/v2\/posts\/140146\/revisions\/140151"}],"wp:featuredmedia":[{"embeddable":true,"href":"https:\/\/lavozdeibiza.com\/en\/wp-json\/wp\/v2\/media\/140144"}],"wp:attachment":[{"href":"https:\/\/lavozdeibiza.com\/en\/wp-json\/wp\/v2\/media?parent=140146"}],"wp:term":[{"taxonomy":"category","embeddable":true,"href":"https:\/\/lavozdeibiza.com\/en\/wp-json\/wp\/v2\/categories?post=140146"},{"taxonomy":"post_tag","embeddable":true,"href":"https:\/\/lavozdeibiza.com\/en\/wp-json\/wp\/v2\/tags?post=140146"},{"taxonomy":"author","embeddable":true,"href":"https:\/\/lavozdeibiza.com\/en\/wp-json\/wp\/v2\/ppma_author?post=140146"}],"curies":[{"name":"wp","href":"https:\/\/api.w.org\/{rel}","templated":true}]}}