{"id":140308,"date":"2025-11-26T15:39:03","date_gmt":"2025-11-26T14:39:03","guid":{"rendered":"https:\/\/lavozdeibiza.com\/sin-categorizar\/15-years-of-culture-and-commitment-iboshim-celebrates-its-anniversary-at-centro-cultural-de-jesus\/"},"modified":"2025-11-26T15:39:03","modified_gmt":"2025-11-26T14:39:03","slug":"15-years-of-culture-and-commitment-iboshim-celebrates-its-anniversary-at-centro-cultural-de-jesus","status":"publish","type":"post","link":"https:\/\/lavozdeibiza.com\/en\/what-to-do\/15-years-of-culture-and-commitment-iboshim-celebrates-its-anniversary-at-centro-cultural-de-jesus\/","title":{"rendered":"15 years of culture and commitment: Iboshim celebrates its anniversary at Centro Cultural de Jes\u00fas"},"content":{"rendered":"<p data-start=\"389\" data-end=\"894\">The<strong> Pitiusa Association of Historical Recreation Iboshim<\/strong> will celebrate on Saturday, November 29, 2025 the central event of its XV anniversary, a day entitled &#8220;15 years of history&#8221; that will take place at the <strong>Cultural Center of Jesus<\/strong> and will bring together authorities, partners, former members and collaborators.<\/p>\n<p data-start=\"389\" data-end=\"894\">The entity, founded in 2010, has become a cultural reference in the Pitiusas Islands thanks to its work in research, dissemination and recreation of the Phoenician-Punic and Mediterranean past of the region.<\/p>\n<p data-start=\"896\" data-end=\"1341\">During the last decade and a half, Iboshim has developed projects that combine historical rigor with educational outreach, with the aim of making cultural heritage accessible to the population. Its activity has contributed to strengthen the collective knowledge about the Mediterranean roots of the island, consolidating its role as a key entity in the historical and recreational field. <\/p>\n<h2 data-start=\"1343\" data-end=\"1819\"><strong data-start=\"1343\" data-end=\"1394\">An institutional act of remembrance and gratitude<\/strong><\/h2>\n<p data-start=\"1343\" data-end=\"1819\">The ceremony will begin at <strong>18:00<\/strong> <strong>hours<\/strong> and will be attended by representatives of cultural and social entities, as well as the management of the association. The event will include a journey through the trajectory of Iboshim through explanations and audiovisual material, as well as the delivery of a personalized souvenir to all the people and institutions that have supported the entity throughout these fifteen years. <\/p>\n<p data-start=\"1821\" data-end=\"2267\">&#8220;The celebration is not just a date, it is a recognition of all the people who have made it possible for Iboshim to get to where it is today. Fifteen years of projects, commitment and collective work that look to the future with the same enthusiasm of the first day,&#8221; said the management of the association. The event has the collaboration of the City Council of Santa Eul\u00e0ria and the Cultural Center of Jesus. <\/p>\n<h2 data-start=\"1821\" data-end=\"2267\">Continue reading<\/h2>\n<ul>\n<li>\n<h5><a href=\"https:\/\/lavozdeibiza.com\/en\/what-to-do\/disability-day-ibiza-launches-inclusive-activities-to-highlight-and-celebrate-diversity\/?swcfpc=1\">Disability Day: Ibiza launches inclusive activities to highlight and celebrate diversity<\/a><\/h5>\n<\/li>\n<li>\n<h5><a href=\"https:\/\/lavozdeibiza.com\/en\/what-to-do\/jazz-soul-and-new-emotions-belen-juan-and-omar-guzman-return-to-es-polvori-with-a-unique-concert\/?swcfpc=1\">Jazz, soul and new emotions: Bel\u00e9n Juan and Omar Guzm\u00e1n return to Es Polvor\u00ed with a unique concert.<\/a><\/h5>\n<\/li>\n<\/ul>\n","protected":false},"excerpt":{"rendered":"<p>The Pitiusa Historical Recreation Association will review fifteen years of dissemination of the Phoenician-Punic and Mediterranean past.<\/p>\n","protected":false},"author":12,"featured_media":140306,"comment_status":"closed","ping_status":"closed","sticky":false,"template":"","format":"standard","meta":{"_acf_changed":false,"site-sidebar-layout":"default","site-content-layout":"","ast-site-content-layout":"default","site-content-style":"default","site-sidebar-style":"default","ast-global-header-display":"","ast-banner-title-visibility":"","ast-main-header-display":"","ast-hfb-above-header-display":"","ast-hfb-below-header-display":"","ast-hfb-mobile-header-display":"","site-post-title":"","ast-breadcrumbs-content":"","ast-featured-img":"","footer-sml-layout":"","ast-disable-related-posts":"","theme-transparent-header-meta":"default","adv-header-id-meta":"","stick-header-meta":"","header-above-stick-meta":"","header-main-stick-meta":"","header-below-stick-meta":"","astra-migrate-meta-layouts":"default","ast-page-background-enabled":"default","ast-page-background-meta":{"desktop":{"background-color":"var(--ast-global-color-4)","background-image":"","background-repeat":"repeat","background-position":"center center","background-size":"auto","background-attachment":"scroll","background-type":"","background-media":"","overlay-type":"","overlay-color":"","overlay-opacity":"","overlay-gradient":""},"tablet":{"background-color":"","background-image":"","background-repeat":"repeat","background-position":"center center","background-size":"auto","background-attachment":"scroll","background-type":"","background-media":"","overlay-type":"","overlay-color":"","overlay-opacity":"","overlay-gradient":""},"mobile":{"background-color":"","background-image":"","background-repeat":"repeat","background-position":"center center","background-size":"auto","background-attachment":"scroll","background-type":"","background-media":"","overlay-type":"","overlay-color":"","overlay-opacity":"","overlay-gradient":""}},"ast-content-background-meta":{"desktop":{"background-color":"var(--ast-global-color-5)","background-image":"","background-repeat":"repeat","background-position":"center center","background-size":"auto","background-attachment":"scroll","background-type":"","background-media":"","overlay-type":"","overlay-color":"","overlay-opacity":"","overlay-gradient":""},"tablet":{"background-color":"var(--ast-global-color-5)","background-image":"","background-repeat":"repeat","background-position":"center center","background-size":"auto","background-attachment":"scroll","background-type":"","background-media":"","overlay-type":"","overlay-color":"","overlay-opacity":"","overlay-gradient":""},"mobile":{"background-color":"var(--ast-global-color-5)","background-image":"","background-repeat":"repeat","background-position":"center center","background-size":"auto","background-attachment":"scroll","background-type":"","background-media":"","overlay-type":"","overlay-color":"","overlay-opacity":"","overlay-gradient":""}},"footnotes":""},"categories":[2910,3271],"tags":[2919,9656],"ppma_author":[2642],"class_list":["post-140308","post","type-post","status-publish","format-standard","has-post-thumbnail","hentry","category-current-news","category-what-to-do","tag-ibiza-en","tag-iboshim"],"acf":[],"yoast_head":"<!-- This site is optimized with the Yoast SEO plugin v27.4 - https:\/\/yoast.com\/product\/yoast-seo-wordpress\/ -->\n<title>15 years of culture and commitment: Iboshim celebrates its anniversary at Centro Cultural de Jes\u00fas - La Voz De Ibiza<\/title>\n<meta name=\"description\" content=\"The Pitiusa Historical Recreation Association will review fifteen years of dissemination of the Phoenician-Punic and Mediterranean past.\" \/>\n<meta name=\"robots\" content=\"index, follow, max-snippet:-1, max-image-preview:large, max-video-preview:-1\" \/>\n<link rel=\"canonical\" href=\"https:\/\/lavozdeibiza.com\/en\/what-to-do\/15-years-of-culture-and-commitment-iboshim-celebrates-its-anniversary-at-centro-cultural-de-jesus\/\" \/>\n<meta property=\"og:locale\" content=\"en_US\" \/>\n<meta property=\"og:type\" content=\"article\" \/>\n<meta property=\"og:title\" content=\"15 years of culture and commitment: Iboshim celebrates its anniversary at Centro Cultural de Jes\u00fas - La Voz De Ibiza\" \/>\n<meta property=\"og:description\" content=\"The Pitiusa Historical Recreation Association will review fifteen years of dissemination of the Phoenician-Punic and Mediterranean past.\" \/>\n<meta property=\"og:url\" content=\"https:\/\/lavozdeibiza.com\/en\/what-to-do\/15-years-of-culture-and-commitment-iboshim-celebrates-its-anniversary-at-centro-cultural-de-jesus\/\" \/>\n<meta property=\"og:site_name\" content=\"La Voz De Ibiza\" \/>\n<meta property=\"article:published_time\" content=\"2025-11-26T14:39:03+00:00\" \/>\n<meta property=\"og:image\" content=\"https:\/\/lavozdeibiza.com\/wp-content\/uploads\/2025\/11\/Una-de-nuestras-formaciones-en-el-evento-Castra-Legionis-2022.-Asociacion-Iboshim.png\" \/>\n\t<meta property=\"og:image:width\" content=\"1300\" \/>\n\t<meta property=\"og:image:height\" content=\"867\" \/>\n\t<meta property=\"og:image:type\" content=\"image\/png\" \/>\n<meta name=\"author\" content=\"Keila Morgan\" \/>\n<meta name=\"twitter:card\" content=\"summary_large_image\" \/>\n<meta name=\"twitter:creator\" content=\"@vozdeibiza\" \/>\n<meta name=\"twitter:site\" content=\"@vozdeibiza\" \/>\n<meta name=\"twitter:label1\" content=\"Written by\" \/>\n\t<meta name=\"twitter:data1\" content=\"Keila Morgan\" \/>\n\t<meta name=\"twitter:label2\" content=\"Est. reading time\" \/>\n\t<meta name=\"twitter:data2\" content=\"2 minutes\" \/>\n<script type=\"application\/ld+json\" class=\"yoast-schema-graph\">{\"@context\":\"https:\\\/\\\/schema.org\",\"@graph\":[{\"@type\":\"NewsArticle\",\"@id\":\"https:\\\/\\\/lavozdeibiza.com\\\/en\\\/what-to-do\\\/15-years-of-culture-and-commitment-iboshim-celebrates-its-anniversary-at-centro-cultural-de-jesus\\\/#article\",\"isPartOf\":{\"@id\":\"https:\\\/\\\/lavozdeibiza.com\\\/en\\\/what-to-do\\\/15-years-of-culture-and-commitment-iboshim-celebrates-its-anniversary-at-centro-cultural-de-jesus\\\/\"},\"author\":{\"name\":\"Keila Morgan\",\"@id\":\"https:\\\/\\\/lavozdeibiza.com\\\/en\\\/#\\\/schema\\\/person\\\/33b4dcabcbaa7c13b0b2a83c43d64387\"},\"headline\":\"15 years of culture and commitment: Iboshim celebrates its anniversary at Centro Cultural de Jes\u00fas\",\"datePublished\":\"2025-11-26T14:39:03+00:00\",\"mainEntityOfPage\":{\"@id\":\"https:\\\/\\\/lavozdeibiza.com\\\/en\\\/what-to-do\\\/15-years-of-culture-and-commitment-iboshim-celebrates-its-anniversary-at-centro-cultural-de-jesus\\\/\"},\"wordCount\":329,\"publisher\":{\"@id\":\"https:\\\/\\\/lavozdeibiza.com\\\/en\\\/#organization\"},\"image\":{\"@id\":\"https:\\\/\\\/lavozdeibiza.com\\\/en\\\/what-to-do\\\/15-years-of-culture-and-commitment-iboshim-celebrates-its-anniversary-at-centro-cultural-de-jesus\\\/#primaryimage\"},\"thumbnailUrl\":\"https:\\\/\\\/lavozdeibiza.com\\\/wp-content\\\/uploads\\\/2025\\\/11\\\/Una-de-nuestras-formaciones-en-el-evento-Castra-Legionis-2022.-Asociacion-Iboshim.png\",\"keywords\":[\"Ibiza\",\"Iboshim\"],\"articleSection\":[\"CURRENT NEWS\",\"WHAT TO DO?\"],\"inLanguage\":\"en-US\"},{\"@type\":[\"WebPage\",\"ItemPage\"],\"@id\":\"https:\\\/\\\/lavozdeibiza.com\\\/en\\\/what-to-do\\\/15-years-of-culture-and-commitment-iboshim-celebrates-its-anniversary-at-centro-cultural-de-jesus\\\/\",\"url\":\"https:\\\/\\\/lavozdeibiza.com\\\/en\\\/what-to-do\\\/15-years-of-culture-and-commitment-iboshim-celebrates-its-anniversary-at-centro-cultural-de-jesus\\\/\",\"name\":\"15 years of culture and commitment: Iboshim celebrates its anniversary at Centro Cultural de Jes\u00fas - La Voz De Ibiza\",\"isPartOf\":{\"@id\":\"https:\\\/\\\/lavozdeibiza.com\\\/en\\\/#website\"},\"primaryImageOfPage\":{\"@id\":\"https:\\\/\\\/lavozdeibiza.com\\\/en\\\/what-to-do\\\/15-years-of-culture-and-commitment-iboshim-celebrates-its-anniversary-at-centro-cultural-de-jesus\\\/#primaryimage\"},\"image\":{\"@id\":\"https:\\\/\\\/lavozdeibiza.com\\\/en\\\/what-to-do\\\/15-years-of-culture-and-commitment-iboshim-celebrates-its-anniversary-at-centro-cultural-de-jesus\\\/#primaryimage\"},\"thumbnailUrl\":\"https:\\\/\\\/lavozdeibiza.com\\\/wp-content\\\/uploads\\\/2025\\\/11\\\/Una-de-nuestras-formaciones-en-el-evento-Castra-Legionis-2022.-Asociacion-Iboshim.png\",\"datePublished\":\"2025-11-26T14:39:03+00:00\",\"description\":\"The Pitiusa Historical Recreation Association will review fifteen years of dissemination of the Phoenician-Punic and Mediterranean past.\",\"breadcrumb\":{\"@id\":\"https:\\\/\\\/lavozdeibiza.com\\\/en\\\/what-to-do\\\/15-years-of-culture-and-commitment-iboshim-celebrates-its-anniversary-at-centro-cultural-de-jesus\\\/#breadcrumb\"},\"inLanguage\":\"en-US\",\"potentialAction\":[{\"@type\":\"ReadAction\",\"target\":[\"https:\\\/\\\/lavozdeibiza.com\\\/en\\\/what-to-do\\\/15-years-of-culture-and-commitment-iboshim-celebrates-its-anniversary-at-centro-cultural-de-jesus\\\/\"]}]},{\"@type\":\"ImageObject\",\"inLanguage\":\"en-US\",\"@id\":\"https:\\\/\\\/lavozdeibiza.com\\\/en\\\/what-to-do\\\/15-years-of-culture-and-commitment-iboshim-celebrates-its-anniversary-at-centro-cultural-de-jesus\\\/#primaryimage\",\"url\":\"https:\\\/\\\/lavozdeibiza.com\\\/wp-content\\\/uploads\\\/2025\\\/11\\\/Una-de-nuestras-formaciones-en-el-evento-Castra-Legionis-2022.-Asociacion-Iboshim.png\",\"contentUrl\":\"https:\\\/\\\/lavozdeibiza.com\\\/wp-content\\\/uploads\\\/2025\\\/11\\\/Una-de-nuestras-formaciones-en-el-evento-Castra-Legionis-2022.-Asociacion-Iboshim.png\",\"width\":1300,\"height\":867},{\"@type\":\"BreadcrumbList\",\"@id\":\"https:\\\/\\\/lavozdeibiza.com\\\/en\\\/what-to-do\\\/15-years-of-culture-and-commitment-iboshim-celebrates-its-anniversary-at-centro-cultural-de-jesus\\\/#breadcrumb\",\"itemListElement\":[{\"@type\":\"ListItem\",\"position\":1,\"name\":\"Portada\",\"item\":\"https:\\\/\\\/lavozdeibiza.com\\\/en\\\/\"},{\"@type\":\"ListItem\",\"position\":2,\"name\":\"15 years of culture and commitment: Iboshim celebrates its anniversary at Centro Cultural de Jes\u00fas\"}]},{\"@type\":\"WebSite\",\"@id\":\"https:\\\/\\\/lavozdeibiza.com\\\/en\\\/#website\",\"url\":\"https:\\\/\\\/lavozdeibiza.com\\\/en\\\/\",\"name\":\"La Voz de Ibiza\",\"description\":\"Diario de informaci\u00f3n actualidad y noticias de Ibiza. Todas las noticias de los municipios de Ibiza\",\"publisher\":{\"@id\":\"https:\\\/\\\/lavozdeibiza.com\\\/en\\\/#organization\"},\"potentialAction\":[{\"@type\":\"SearchAction\",\"target\":{\"@type\":\"EntryPoint\",\"urlTemplate\":\"https:\\\/\\\/lavozdeibiza.com\\\/en\\\/?s={search_term_string}\"},\"query-input\":{\"@type\":\"PropertyValueSpecification\",\"valueRequired\":true,\"valueName\":\"search_term_string\"}}],\"inLanguage\":\"en-US\"},{\"@type\":[\"Organization\",\"NewsMediaOrganization\"],\"@id\":\"https:\\\/\\\/lavozdeibiza.com\\\/en\\\/#organization\",\"name\":\"La Voz de Ibiza\",\"url\":\"https:\\\/\\\/lavozdeibiza.com\\\/en\\\/\",\"logo\":{\"@type\":\"ImageObject\",\"inLanguage\":\"en-US\",\"@id\":\"https:\\\/\\\/lavozdeibiza.com\\\/en\\\/#\\\/schema\\\/logo\\\/image\\\/\",\"url\":\"https:\\\/\\\/lavozdeibiza.com\\\/wp-content\\\/uploads\\\/2023\\\/10\\\/logo-lvib-grande.jpg\",\"contentUrl\":\"https:\\\/\\\/lavozdeibiza.com\\\/wp-content\\\/uploads\\\/2023\\\/10\\\/logo-lvib-grande.jpg\",\"width\":1500,\"height\":1000,\"caption\":\"La Voz de Ibiza\"},\"image\":{\"@id\":\"https:\\\/\\\/lavozdeibiza.com\\\/en\\\/#\\\/schema\\\/logo\\\/image\\\/\"},\"sameAs\":[\"https:\\\/\\\/x.com\\\/vozdeibiza\",\"https:\\\/\\\/www.instagram.com\\\/lavozibiza\\\/\"]},{\"@type\":\"Person\",\"@id\":\"https:\\\/\\\/lavozdeibiza.com\\\/en\\\/#\\\/schema\\\/person\\\/33b4dcabcbaa7c13b0b2a83c43d64387\",\"name\":\"Keila Morgan\",\"image\":{\"@type\":\"ImageObject\",\"inLanguage\":\"en-US\",\"@id\":\"https:\\\/\\\/secure.gravatar.com\\\/avatar\\\/4ea90a80410d4eaf487ffcca22e3463691f77fc273039f7d207bcd3da7f886ac?s=96&d=mm&r=gcd77ae18b2bf3529f06e5fa5f823ea67\",\"url\":\"https:\\\/\\\/secure.gravatar.com\\\/avatar\\\/4ea90a80410d4eaf487ffcca22e3463691f77fc273039f7d207bcd3da7f886ac?s=96&d=mm&r=g\",\"contentUrl\":\"https:\\\/\\\/secure.gravatar.com\\\/avatar\\\/4ea90a80410d4eaf487ffcca22e3463691f77fc273039f7d207bcd3da7f886ac?s=96&d=mm&r=g\",\"caption\":\"Keila Morgan\"},\"sameAs\":[\"https:\\\/\\\/www.instagram.com\\\/keps.morgan\\\/\"],\"url\":\"https:\\\/\\\/lavozdeibiza.com\\\/en\\\/author\\\/krodas\\\/\"},{\"@type\":\"SiteNavigationElement\",\"@id\":\"https:\\\/\\\/lavozdeibiza.com\\\/en\\\/#site-navigation\",\"cssSelector\":[\".cib-main-menu\"]},{\"@type\":\"WPHeader\",\"@id\":\"https:\\\/\\\/lavozdeibiza.com\\\/en\\\/#header\",\"cssSelector\":[\".cib-header\"]},{\"@type\":\"WPFooter\",\"@id\":\"https:\\\/\\\/lavozdeibiza.com\\\/en\\\/#footer\",\"cssSelector\":[\".cib-footer\"]}]}<\/script>\n<!-- \/ Yoast SEO plugin. -->","yoast_head_json":{"title":"15 years of culture and commitment: Iboshim celebrates its anniversary at Centro Cultural de Jes\u00fas - La Voz De Ibiza","description":"The Pitiusa Historical Recreation Association will review fifteen years of dissemination of the Phoenician-Punic and Mediterranean past.","robots":{"index":"index","follow":"follow","max-snippet":"max-snippet:-1","max-image-preview":"max-image-preview:large","max-video-preview":"max-video-preview:-1"},"canonical":"https:\/\/lavozdeibiza.com\/en\/what-to-do\/15-years-of-culture-and-commitment-iboshim-celebrates-its-anniversary-at-centro-cultural-de-jesus\/","og_locale":"en_US","og_type":"article","og_title":"15 years of culture and commitment: Iboshim celebrates its anniversary at Centro Cultural de Jes\u00fas - La Voz De Ibiza","og_description":"The Pitiusa Historical Recreation Association will review fifteen years of dissemination of the Phoenician-Punic and Mediterranean past.","og_url":"https:\/\/lavozdeibiza.com\/en\/what-to-do\/15-years-of-culture-and-commitment-iboshim-celebrates-its-anniversary-at-centro-cultural-de-jesus\/","og_site_name":"La Voz De Ibiza","article_published_time":"2025-11-26T14:39:03+00:00","og_image":[{"width":1300,"height":867,"url":"https:\/\/lavozdeibiza.com\/wp-content\/uploads\/2025\/11\/Una-de-nuestras-formaciones-en-el-evento-Castra-Legionis-2022.-Asociacion-Iboshim.png","type":"image\/png"}],"author":"Keila Morgan","twitter_card":"summary_large_image","twitter_creator":"@vozdeibiza","twitter_site":"@vozdeibiza","twitter_misc":{"Written by":"Keila Morgan","Est. reading time":"2 minutes"},"schema":{"@context":"https:\/\/schema.org","@graph":[{"@type":"NewsArticle","@id":"https:\/\/lavozdeibiza.com\/en\/what-to-do\/15-years-of-culture-and-commitment-iboshim-celebrates-its-anniversary-at-centro-cultural-de-jesus\/#article","isPartOf":{"@id":"https:\/\/lavozdeibiza.com\/en\/what-to-do\/15-years-of-culture-and-commitment-iboshim-celebrates-its-anniversary-at-centro-cultural-de-jesus\/"},"author":{"name":"Keila Morgan","@id":"https:\/\/lavozdeibiza.com\/en\/#\/schema\/person\/33b4dcabcbaa7c13b0b2a83c43d64387"},"headline":"15 years of culture and commitment: Iboshim celebrates its anniversary at Centro Cultural de Jes\u00fas","datePublished":"2025-11-26T14:39:03+00:00","mainEntityOfPage":{"@id":"https:\/\/lavozdeibiza.com\/en\/what-to-do\/15-years-of-culture-and-commitment-iboshim-celebrates-its-anniversary-at-centro-cultural-de-jesus\/"},"wordCount":329,"publisher":{"@id":"https:\/\/lavozdeibiza.com\/en\/#organization"},"image":{"@id":"https:\/\/lavozdeibiza.com\/en\/what-to-do\/15-years-of-culture-and-commitment-iboshim-celebrates-its-anniversary-at-centro-cultural-de-jesus\/#primaryimage"},"thumbnailUrl":"https:\/\/lavozdeibiza.com\/wp-content\/uploads\/2025\/11\/Una-de-nuestras-formaciones-en-el-evento-Castra-Legionis-2022.-Asociacion-Iboshim.png","keywords":["Ibiza","Iboshim"],"articleSection":["CURRENT NEWS","WHAT TO DO?"],"inLanguage":"en-US"},{"@type":["WebPage","ItemPage"],"@id":"https:\/\/lavozdeibiza.com\/en\/what-to-do\/15-years-of-culture-and-commitment-iboshim-celebrates-its-anniversary-at-centro-cultural-de-jesus\/","url":"https:\/\/lavozdeibiza.com\/en\/what-to-do\/15-years-of-culture-and-commitment-iboshim-celebrates-its-anniversary-at-centro-cultural-de-jesus\/","name":"15 years of culture and commitment: Iboshim celebrates its anniversary at Centro Cultural de Jes\u00fas - La Voz De Ibiza","isPartOf":{"@id":"https:\/\/lavozdeibiza.com\/en\/#website"},"primaryImageOfPage":{"@id":"https:\/\/lavozdeibiza.com\/en\/what-to-do\/15-years-of-culture-and-commitment-iboshim-celebrates-its-anniversary-at-centro-cultural-de-jesus\/#primaryimage"},"image":{"@id":"https:\/\/lavozdeibiza.com\/en\/what-to-do\/15-years-of-culture-and-commitment-iboshim-celebrates-its-anniversary-at-centro-cultural-de-jesus\/#primaryimage"},"thumbnailUrl":"https:\/\/lavozdeibiza.com\/wp-content\/uploads\/2025\/11\/Una-de-nuestras-formaciones-en-el-evento-Castra-Legionis-2022.-Asociacion-Iboshim.png","datePublished":"2025-11-26T14:39:03+00:00","description":"The Pitiusa Historical Recreation Association will review fifteen years of dissemination of the Phoenician-Punic and Mediterranean past.","breadcrumb":{"@id":"https:\/\/lavozdeibiza.com\/en\/what-to-do\/15-years-of-culture-and-commitment-iboshim-celebrates-its-anniversary-at-centro-cultural-de-jesus\/#breadcrumb"},"inLanguage":"en-US","potentialAction":[{"@type":"ReadAction","target":["https:\/\/lavozdeibiza.com\/en\/what-to-do\/15-years-of-culture-and-commitment-iboshim-celebrates-its-anniversary-at-centro-cultural-de-jesus\/"]}]},{"@type":"ImageObject","inLanguage":"en-US","@id":"https:\/\/lavozdeibiza.com\/en\/what-to-do\/15-years-of-culture-and-commitment-iboshim-celebrates-its-anniversary-at-centro-cultural-de-jesus\/#primaryimage","url":"https:\/\/lavozdeibiza.com\/wp-content\/uploads\/2025\/11\/Una-de-nuestras-formaciones-en-el-evento-Castra-Legionis-2022.-Asociacion-Iboshim.png","contentUrl":"https:\/\/lavozdeibiza.com\/wp-content\/uploads\/2025\/11\/Una-de-nuestras-formaciones-en-el-evento-Castra-Legionis-2022.-Asociacion-Iboshim.png","width":1300,"height":867},{"@type":"BreadcrumbList","@id":"https:\/\/lavozdeibiza.com\/en\/what-to-do\/15-years-of-culture-and-commitment-iboshim-celebrates-its-anniversary-at-centro-cultural-de-jesus\/#breadcrumb","itemListElement":[{"@type":"ListItem","position":1,"name":"Portada","item":"https:\/\/lavozdeibiza.com\/en\/"},{"@type":"ListItem","position":2,"name":"15 years of culture and commitment: Iboshim celebrates its anniversary at Centro Cultural de Jes\u00fas"}]},{"@type":"WebSite","@id":"https:\/\/lavozdeibiza.com\/en\/#website","url":"https:\/\/lavozdeibiza.com\/en\/","name":"La Voz de Ibiza","description":"Diario de informaci\u00f3n actualidad y noticias de Ibiza. Todas las noticias de los municipios de Ibiza","publisher":{"@id":"https:\/\/lavozdeibiza.com\/en\/#organization"},"potentialAction":[{"@type":"SearchAction","target":{"@type":"EntryPoint","urlTemplate":"https:\/\/lavozdeibiza.com\/en\/?s={search_term_string}"},"query-input":{"@type":"PropertyValueSpecification","valueRequired":true,"valueName":"search_term_string"}}],"inLanguage":"en-US"},{"@type":["Organization","NewsMediaOrganization"],"@id":"https:\/\/lavozdeibiza.com\/en\/#organization","name":"La Voz de Ibiza","url":"https:\/\/lavozdeibiza.com\/en\/","logo":{"@type":"ImageObject","inLanguage":"en-US","@id":"https:\/\/lavozdeibiza.com\/en\/#\/schema\/logo\/image\/","url":"https:\/\/lavozdeibiza.com\/wp-content\/uploads\/2023\/10\/logo-lvib-grande.jpg","contentUrl":"https:\/\/lavozdeibiza.com\/wp-content\/uploads\/2023\/10\/logo-lvib-grande.jpg","width":1500,"height":1000,"caption":"La Voz de Ibiza"},"image":{"@id":"https:\/\/lavozdeibiza.com\/en\/#\/schema\/logo\/image\/"},"sameAs":["https:\/\/x.com\/vozdeibiza","https:\/\/www.instagram.com\/lavozibiza\/"]},{"@type":"Person","@id":"https:\/\/lavozdeibiza.com\/en\/#\/schema\/person\/33b4dcabcbaa7c13b0b2a83c43d64387","name":"Keila Morgan","image":{"@type":"ImageObject","inLanguage":"en-US","@id":"https:\/\/secure.gravatar.com\/avatar\/4ea90a80410d4eaf487ffcca22e3463691f77fc273039f7d207bcd3da7f886ac?s=96&d=mm&r=gcd77ae18b2bf3529f06e5fa5f823ea67","url":"https:\/\/secure.gravatar.com\/avatar\/4ea90a80410d4eaf487ffcca22e3463691f77fc273039f7d207bcd3da7f886ac?s=96&d=mm&r=g","contentUrl":"https:\/\/secure.gravatar.com\/avatar\/4ea90a80410d4eaf487ffcca22e3463691f77fc273039f7d207bcd3da7f886ac?s=96&d=mm&r=g","caption":"Keila Morgan"},"sameAs":["https:\/\/www.instagram.com\/keps.morgan\/"],"url":"https:\/\/lavozdeibiza.com\/en\/author\/krodas\/"},{"@type":"SiteNavigationElement","@id":"https:\/\/lavozdeibiza.com\/en\/#site-navigation","cssSelector":[".cib-main-menu"]},{"@type":"WPHeader","@id":"https:\/\/lavozdeibiza.com\/en\/#header","cssSelector":[".cib-header"]},{"@type":"WPFooter","@id":"https:\/\/lavozdeibiza.com\/en\/#footer","cssSelector":[".cib-footer"]}]}},"authors":[{"term_id":2642,"user_id":12,"is_guest":0,"slug":"krodas","display_name":"Keila Morgan","avatar_url":"https:\/\/secure.gravatar.com\/avatar\/4ea90a80410d4eaf487ffcca22e3463691f77fc273039f7d207bcd3da7f886ac?s=96&d=mm&r=g","0":null,"1":"","2":"","3":"","4":"","5":"","6":"","7":"","8":"","9":"","10":""}],"_links":{"self":[{"href":"https:\/\/lavozdeibiza.com\/en\/wp-json\/wp\/v2\/posts\/140308","targetHints":{"allow":["GET"]}}],"collection":[{"href":"https:\/\/lavozdeibiza.com\/en\/wp-json\/wp\/v2\/posts"}],"about":[{"href":"https:\/\/lavozdeibiza.com\/en\/wp-json\/wp\/v2\/types\/post"}],"author":[{"embeddable":true,"href":"https:\/\/lavozdeibiza.com\/en\/wp-json\/wp\/v2\/users\/12"}],"replies":[{"embeddable":true,"href":"https:\/\/lavozdeibiza.com\/en\/wp-json\/wp\/v2\/comments?post=140308"}],"version-history":[{"count":0,"href":"https:\/\/lavozdeibiza.com\/en\/wp-json\/wp\/v2\/posts\/140308\/revisions"}],"wp:featuredmedia":[{"embeddable":true,"href":"https:\/\/lavozdeibiza.com\/en\/wp-json\/wp\/v2\/media\/140306"}],"wp:attachment":[{"href":"https:\/\/lavozdeibiza.com\/en\/wp-json\/wp\/v2\/media?parent=140308"}],"wp:term":[{"taxonomy":"category","embeddable":true,"href":"https:\/\/lavozdeibiza.com\/en\/wp-json\/wp\/v2\/categories?post=140308"},{"taxonomy":"post_tag","embeddable":true,"href":"https:\/\/lavozdeibiza.com\/en\/wp-json\/wp\/v2\/tags?post=140308"},{"taxonomy":"author","embeddable":true,"href":"https:\/\/lavozdeibiza.com\/en\/wp-json\/wp\/v2\/ppma_author?post=140308"}],"curies":[{"name":"wp","href":"https:\/\/api.w.org\/{rel}","templated":true}]}}