{"id":140956,"date":"2025-11-28T15:26:50","date_gmt":"2025-11-28T14:26:50","guid":{"rendered":"https:\/\/lavozdeibiza.com\/sin-categorizar\/santa-eularia-presents-its-feline-plan-and-asks-for-improvement-proposals-to-institutions-ecologists-and-animal-associations\/"},"modified":"2025-11-28T15:26:50","modified_gmt":"2025-11-28T14:26:50","slug":"santa-eularia-presents-its-feline-plan-and-asks-for-improvement-proposals-to-institutions-ecologists-and-animal-associations","status":"publish","type":"post","link":"https:\/\/lavozdeibiza.com\/en\/current-news\/santa-eularia-presents-its-feline-plan-and-asks-for-improvement-proposals-to-institutions-ecologists-and-animal-associations\/","title":{"rendered":"Santa Eul\u00e0ria presents its Feline Plan and asks for improvement proposals to institutions, ecologists and animal associations."},"content":{"rendered":"<p data-start=\"129\" data-end=\"676\">The City Council of Santa Eul\u00e0ria des Riu has taken a step forward in the management of community cats with the presentation of its <strong data-start=\"261\" data-end=\"296\">Integral Feline Management Plan<\/strong>, a document that seeks to organize, coordinate and improve the actions related to cat colonies in the municipality. The initiative was presented at a round table that brought together public institutions, environmental organizations and animal associations, in a meeting that highlighted the importance of addressing this issue from a multidisciplinary perspective. <\/p>\n<p data-start=\"678\" data-end=\"1385\">The Plan is based on <strong data-start=\"701\" data-end=\"733\">four fundamental pillars<\/strong>. The first is <g id=\"gid_1\">animal welfare<\/g>, which guarantees humane management of stray cats and constant improvement of their living conditions. The second pillar focuses on <g id=\"gid_2\">public health and sanitation<\/g>, with measures aimed at preventing health risks and ensuring the hygiene of urban spaces. The third, dedicated to the <g id=\"gid_3\">environment and biodiversity<\/g>, focuses on minimizing the impact of felines on native fauna, a particularly sensitive aspect in an island territory. Finally, the fourth pillar promotes a <strong data-start=\"1299\" data-end=\"1336\">balanced citizen coexistence<\/strong>, fostering harmony between neighbors and animals.    <\/p>\n<p data-start=\"1387\" data-end=\"1763\">The Plan foresees an <strong data-start=\"1405\" data-end=\"1428\">active collaboration<\/strong> between the local administration, volunteers and qualified personnel, acting under municipal direction. Its methodology is based on a prior diagnosis of each situation, applying a prioritization system to optimize resources and ensure that interventions are efficient, coordinated and respectful of current regulations. <\/p>\n<p data-start=\"1765\" data-end=\"2059\">During the presentation, the City Council opened a period of participation and asked the actors involved to provide proposals for improvement. Until <strong data-start=\"1918\" data-end=\"1933\">January 15,<\/strong> any interested party may submit suggestions or recommendations through the Town Hall&#8217;s Registry Office. <\/p>\n<p data-start=\"2061\" data-end=\"2579\">The animal welfare table was attended by a wide institutional and social representation: Sant Josep and Sant Antoni town councils, the Consell d&#8217;Eivissa, the Direcci\u00f3 General de Medi Natural, the Environmental Agents service, the Conselleria de Salut, the Local Police of Santa Eul\u00e0ria, the Fundaci\u00f3 Natura Parc, the SEPRONA of the Guardia Civil, as well as environmental organizations such as GEN-GOB, SEO Birdlife, Amics de la Terra and the animal associations Care4cats and the Asociaci\u00f3n de Colonias Felinas de Eivissa.<\/p>\n<p data-start=\"2581\" data-end=\"2841\" data-is-last-node=\"\" data-is-only-node=\"\">With this Plan, Santa Eul\u00e0ria des Riu is positioned as one of the pioneer municipalities in Ibiza in the integral and responsible management of community cats, betting on a model that combines animal welfare, environmental protection and citizen coexistence.<\/p>\n","protected":false},"excerpt":{"rendered":"<p>The City Council has presented the draft of the new plan for the management of community cats at a dialogue table with administrations, environmentalists and animal associations, who have been invited to submit proposals until January 15.<\/p>\n","protected":false},"author":31,"featured_media":140953,"comment_status":"closed","ping_status":"closed","sticky":false,"template":"","format":"standard","meta":{"_acf_changed":false,"site-sidebar-layout":"default","site-content-layout":"","ast-site-content-layout":"default","site-content-style":"default","site-sidebar-style":"default","ast-global-header-display":"","ast-banner-title-visibility":"","ast-main-header-display":"","ast-hfb-above-header-display":"","ast-hfb-below-header-display":"","ast-hfb-mobile-header-display":"","site-post-title":"","ast-breadcrumbs-content":"","ast-featured-img":"","footer-sml-layout":"","ast-disable-related-posts":"","theme-transparent-header-meta":"default","adv-header-id-meta":"","stick-header-meta":"","header-above-stick-meta":"","header-main-stick-meta":"","header-below-stick-meta":"","astra-migrate-meta-layouts":"default","ast-page-background-enabled":"default","ast-page-background-meta":{"desktop":{"background-color":"var(--ast-global-color-4)","background-image":"","background-repeat":"repeat","background-position":"center center","background-size":"auto","background-attachment":"scroll","background-type":"","background-media":"","overlay-type":"","overlay-color":"","overlay-opacity":"","overlay-gradient":""},"tablet":{"background-color":"","background-image":"","background-repeat":"repeat","background-position":"center center","background-size":"auto","background-attachment":"scroll","background-type":"","background-media":"","overlay-type":"","overlay-color":"","overlay-opacity":"","overlay-gradient":""},"mobile":{"background-color":"","background-image":"","background-repeat":"repeat","background-position":"center center","background-size":"auto","background-attachment":"scroll","background-type":"","background-media":"","overlay-type":"","overlay-color":"","overlay-opacity":"","overlay-gradient":""}},"ast-content-background-meta":{"desktop":{"background-color":"var(--ast-global-color-5)","background-image":"","background-repeat":"repeat","background-position":"center center","background-size":"auto","background-attachment":"scroll","background-type":"","background-media":"","overlay-type":"","overlay-color":"","overlay-opacity":"","overlay-gradient":""},"tablet":{"background-color":"var(--ast-global-color-5)","background-image":"","background-repeat":"repeat","background-position":"center center","background-size":"auto","background-attachment":"scroll","background-type":"","background-media":"","overlay-type":"","overlay-color":"","overlay-opacity":"","overlay-gradient":""},"mobile":{"background-color":"var(--ast-global-color-5)","background-image":"","background-repeat":"repeat","background-position":"center center","background-size":"auto","background-attachment":"scroll","background-type":"","background-media":"","overlay-type":"","overlay-color":"","overlay-opacity":"","overlay-gradient":""}},"footnotes":""},"categories":[2910,2918,4551],"tags":[2912,5276],"ppma_author":[6610],"class_list":["post-140956","post","type-post","status-publish","format-standard","has-post-thumbnail","hentry","category-current-news","category-ibiza-en","category-santa-eularia-en","tag-actualidad-3-en","tag-cats"],"acf":[],"yoast_head":"<!-- This site is optimized with the Yoast SEO plugin v27.4 - https:\/\/yoast.com\/product\/yoast-seo-wordpress\/ -->\n<title>Santa Eul\u00e0ria presents its Feline Plan and asks for improvement proposals to institutions, ecologists and animal associations. - La Voz De Ibiza<\/title>\n<meta name=\"description\" content=\"The City Council has presented the draft of the new plan for the management of community cats at a dialogue table with administrations, environmentalists and animal associations, who have been invited to submit proposals until January 15.\" \/>\n<meta name=\"robots\" content=\"index, follow, max-snippet:-1, max-image-preview:large, max-video-preview:-1\" \/>\n<link rel=\"canonical\" href=\"https:\/\/lavozdeibiza.com\/en\/current-news\/santa-eularia-presents-its-feline-plan-and-asks-for-improvement-proposals-to-institutions-ecologists-and-animal-associations\/\" \/>\n<meta property=\"og:locale\" content=\"en_US\" \/>\n<meta property=\"og:type\" content=\"article\" \/>\n<meta property=\"og:title\" content=\"Santa Eul\u00e0ria presents its Feline Plan and asks for improvement proposals to institutions, ecologists and animal associations. - La Voz De Ibiza\" \/>\n<meta property=\"og:description\" content=\"The City Council has presented the draft of the new plan for the management of community cats at a dialogue table with administrations, environmentalists and animal associations, who have been invited to submit proposals until January 15.\" \/>\n<meta property=\"og:url\" content=\"https:\/\/lavozdeibiza.com\/en\/current-news\/santa-eularia-presents-its-feline-plan-and-asks-for-improvement-proposals-to-institutions-ecologists-and-animal-associations\/\" \/>\n<meta property=\"og:site_name\" content=\"La Voz De Ibiza\" \/>\n<meta property=\"article:published_time\" content=\"2025-11-28T14:26:50+00:00\" \/>\n<meta property=\"og:image\" content=\"https:\/\/lavozdeibiza.com\/wp-content\/uploads\/2025\/11\/20251128-Plan-de-Gestion-Felina.jpg\" \/>\n\t<meta property=\"og:image:width\" content=\"1280\" \/>\n\t<meta property=\"og:image:height\" content=\"853\" \/>\n\t<meta property=\"og:image:type\" content=\"image\/jpeg\" \/>\n<meta name=\"author\" content=\"Adriana Lui\" \/>\n<meta name=\"twitter:card\" content=\"summary_large_image\" \/>\n<meta name=\"twitter:creator\" content=\"@vozdeibiza\" \/>\n<meta name=\"twitter:site\" content=\"@vozdeibiza\" \/>\n<meta name=\"twitter:label1\" content=\"Written by\" \/>\n\t<meta name=\"twitter:data1\" content=\"Adriana Lui\" \/>\n\t<meta name=\"twitter:label2\" content=\"Est. reading time\" \/>\n\t<meta name=\"twitter:data2\" content=\"2 minutes\" \/>\n<script type=\"application\/ld+json\" class=\"yoast-schema-graph\">{\"@context\":\"https:\\\/\\\/schema.org\",\"@graph\":[{\"@type\":\"NewsArticle\",\"@id\":\"https:\\\/\\\/lavozdeibiza.com\\\/en\\\/current-news\\\/santa-eularia-presents-its-feline-plan-and-asks-for-improvement-proposals-to-institutions-ecologists-and-animal-associations\\\/#article\",\"isPartOf\":{\"@id\":\"https:\\\/\\\/lavozdeibiza.com\\\/en\\\/current-news\\\/santa-eularia-presents-its-feline-plan-and-asks-for-improvement-proposals-to-institutions-ecologists-and-animal-associations\\\/\"},\"author\":{\"name\":\"Adriana Lui\",\"@id\":\"https:\\\/\\\/lavozdeibiza.com\\\/en\\\/#\\\/schema\\\/person\\\/dfdc025d57832a30d03cb6d4b375b52e\"},\"headline\":\"Santa Eul\u00e0ria presents its Feline Plan and asks for improvement proposals to institutions, ecologists and animal associations.\",\"datePublished\":\"2025-11-28T14:26:50+00:00\",\"mainEntityOfPage\":{\"@id\":\"https:\\\/\\\/lavozdeibiza.com\\\/en\\\/current-news\\\/santa-eularia-presents-its-feline-plan-and-asks-for-improvement-proposals-to-institutions-ecologists-and-animal-associations\\\/\"},\"wordCount\":399,\"publisher\":{\"@id\":\"https:\\\/\\\/lavozdeibiza.com\\\/en\\\/#organization\"},\"image\":{\"@id\":\"https:\\\/\\\/lavozdeibiza.com\\\/en\\\/current-news\\\/santa-eularia-presents-its-feline-plan-and-asks-for-improvement-proposals-to-institutions-ecologists-and-animal-associations\\\/#primaryimage\"},\"thumbnailUrl\":\"https:\\\/\\\/lavozdeibiza.com\\\/wp-content\\\/uploads\\\/2025\\\/11\\\/20251128-Plan-de-Gestion-Felina.jpg\",\"keywords\":[\"Actualidad 3\",\"CATS\"],\"articleSection\":[\"CURRENT NEWS\",\"IBIZA\",\"Santa Eul\u00e0ria\"],\"inLanguage\":\"en-US\"},{\"@type\":[\"WebPage\",\"ItemPage\"],\"@id\":\"https:\\\/\\\/lavozdeibiza.com\\\/en\\\/current-news\\\/santa-eularia-presents-its-feline-plan-and-asks-for-improvement-proposals-to-institutions-ecologists-and-animal-associations\\\/\",\"url\":\"https:\\\/\\\/lavozdeibiza.com\\\/en\\\/current-news\\\/santa-eularia-presents-its-feline-plan-and-asks-for-improvement-proposals-to-institutions-ecologists-and-animal-associations\\\/\",\"name\":\"Santa Eul\u00e0ria presents its Feline Plan and asks for improvement proposals to institutions, ecologists and animal associations. - La Voz De Ibiza\",\"isPartOf\":{\"@id\":\"https:\\\/\\\/lavozdeibiza.com\\\/en\\\/#website\"},\"primaryImageOfPage\":{\"@id\":\"https:\\\/\\\/lavozdeibiza.com\\\/en\\\/current-news\\\/santa-eularia-presents-its-feline-plan-and-asks-for-improvement-proposals-to-institutions-ecologists-and-animal-associations\\\/#primaryimage\"},\"image\":{\"@id\":\"https:\\\/\\\/lavozdeibiza.com\\\/en\\\/current-news\\\/santa-eularia-presents-its-feline-plan-and-asks-for-improvement-proposals-to-institutions-ecologists-and-animal-associations\\\/#primaryimage\"},\"thumbnailUrl\":\"https:\\\/\\\/lavozdeibiza.com\\\/wp-content\\\/uploads\\\/2025\\\/11\\\/20251128-Plan-de-Gestion-Felina.jpg\",\"datePublished\":\"2025-11-28T14:26:50+00:00\",\"description\":\"The City Council has presented the draft of the new plan for the management of community cats at a dialogue table with administrations, environmentalists and animal associations, who have been invited to submit proposals until January 15.\",\"breadcrumb\":{\"@id\":\"https:\\\/\\\/lavozdeibiza.com\\\/en\\\/current-news\\\/santa-eularia-presents-its-feline-plan-and-asks-for-improvement-proposals-to-institutions-ecologists-and-animal-associations\\\/#breadcrumb\"},\"inLanguage\":\"en-US\",\"potentialAction\":[{\"@type\":\"ReadAction\",\"target\":[\"https:\\\/\\\/lavozdeibiza.com\\\/en\\\/current-news\\\/santa-eularia-presents-its-feline-plan-and-asks-for-improvement-proposals-to-institutions-ecologists-and-animal-associations\\\/\"]}]},{\"@type\":\"ImageObject\",\"inLanguage\":\"en-US\",\"@id\":\"https:\\\/\\\/lavozdeibiza.com\\\/en\\\/current-news\\\/santa-eularia-presents-its-feline-plan-and-asks-for-improvement-proposals-to-institutions-ecologists-and-animal-associations\\\/#primaryimage\",\"url\":\"https:\\\/\\\/lavozdeibiza.com\\\/wp-content\\\/uploads\\\/2025\\\/11\\\/20251128-Plan-de-Gestion-Felina.jpg\",\"contentUrl\":\"https:\\\/\\\/lavozdeibiza.com\\\/wp-content\\\/uploads\\\/2025\\\/11\\\/20251128-Plan-de-Gestion-Felina.jpg\",\"width\":1280,\"height\":853,\"caption\":\"Presentaci\u00f3n del plan\"},{\"@type\":\"BreadcrumbList\",\"@id\":\"https:\\\/\\\/lavozdeibiza.com\\\/en\\\/current-news\\\/santa-eularia-presents-its-feline-plan-and-asks-for-improvement-proposals-to-institutions-ecologists-and-animal-associations\\\/#breadcrumb\",\"itemListElement\":[{\"@type\":\"ListItem\",\"position\":1,\"name\":\"Portada\",\"item\":\"https:\\\/\\\/lavozdeibiza.com\\\/en\\\/\"},{\"@type\":\"ListItem\",\"position\":2,\"name\":\"Santa Eul\u00e0ria presents its Feline Plan and asks for improvement proposals to institutions, ecologists and animal associations.\"}]},{\"@type\":\"WebSite\",\"@id\":\"https:\\\/\\\/lavozdeibiza.com\\\/en\\\/#website\",\"url\":\"https:\\\/\\\/lavozdeibiza.com\\\/en\\\/\",\"name\":\"La Voz de Ibiza\",\"description\":\"Diario de informaci\u00f3n actualidad y noticias de Ibiza. Todas las noticias de los municipios de Ibiza\",\"publisher\":{\"@id\":\"https:\\\/\\\/lavozdeibiza.com\\\/en\\\/#organization\"},\"potentialAction\":[{\"@type\":\"SearchAction\",\"target\":{\"@type\":\"EntryPoint\",\"urlTemplate\":\"https:\\\/\\\/lavozdeibiza.com\\\/en\\\/?s={search_term_string}\"},\"query-input\":{\"@type\":\"PropertyValueSpecification\",\"valueRequired\":true,\"valueName\":\"search_term_string\"}}],\"inLanguage\":\"en-US\"},{\"@type\":[\"Organization\",\"NewsMediaOrganization\"],\"@id\":\"https:\\\/\\\/lavozdeibiza.com\\\/en\\\/#organization\",\"name\":\"La Voz de Ibiza\",\"url\":\"https:\\\/\\\/lavozdeibiza.com\\\/en\\\/\",\"logo\":{\"@type\":\"ImageObject\",\"inLanguage\":\"en-US\",\"@id\":\"https:\\\/\\\/lavozdeibiza.com\\\/en\\\/#\\\/schema\\\/logo\\\/image\\\/\",\"url\":\"https:\\\/\\\/lavozdeibiza.com\\\/wp-content\\\/uploads\\\/2023\\\/10\\\/logo-lvib-grande.jpg\",\"contentUrl\":\"https:\\\/\\\/lavozdeibiza.com\\\/wp-content\\\/uploads\\\/2023\\\/10\\\/logo-lvib-grande.jpg\",\"width\":1500,\"height\":1000,\"caption\":\"La Voz de Ibiza\"},\"image\":{\"@id\":\"https:\\\/\\\/lavozdeibiza.com\\\/en\\\/#\\\/schema\\\/logo\\\/image\\\/\"},\"sameAs\":[\"https:\\\/\\\/x.com\\\/vozdeibiza\",\"https:\\\/\\\/www.instagram.com\\\/lavozibiza\\\/\"]},{\"@type\":\"Person\",\"@id\":\"https:\\\/\\\/lavozdeibiza.com\\\/en\\\/#\\\/schema\\\/person\\\/dfdc025d57832a30d03cb6d4b375b52e\",\"name\":\"Adriana Lui\",\"image\":{\"@type\":\"ImageObject\",\"inLanguage\":\"en-US\",\"@id\":\"https:\\\/\\\/secure.gravatar.com\\\/avatar\\\/316ea0299711d3ae33b81b9f07741b59eb95972a942b1c2d73f042662a42c170?s=96&d=mm&r=g1c70a88d9688947f7426f567f55acb5a\",\"url\":\"https:\\\/\\\/secure.gravatar.com\\\/avatar\\\/316ea0299711d3ae33b81b9f07741b59eb95972a942b1c2d73f042662a42c170?s=96&d=mm&r=g\",\"contentUrl\":\"https:\\\/\\\/secure.gravatar.com\\\/avatar\\\/316ea0299711d3ae33b81b9f07741b59eb95972a942b1c2d73f042662a42c170?s=96&d=mm&r=g\",\"caption\":\"Adriana Lui\"},\"url\":\"https:\\\/\\\/lavozdeibiza.com\\\/en\\\/author\\\/alui\\\/\"},{\"@type\":\"SiteNavigationElement\",\"@id\":\"https:\\\/\\\/lavozdeibiza.com\\\/en\\\/#site-navigation\",\"cssSelector\":[\".cib-main-menu\"]},{\"@type\":\"WPHeader\",\"@id\":\"https:\\\/\\\/lavozdeibiza.com\\\/en\\\/#header\",\"cssSelector\":[\".cib-header\"]},{\"@type\":\"WPFooter\",\"@id\":\"https:\\\/\\\/lavozdeibiza.com\\\/en\\\/#footer\",\"cssSelector\":[\".cib-footer\"]}]}<\/script>\n<!-- \/ Yoast SEO plugin. -->","yoast_head_json":{"title":"Santa Eul\u00e0ria presents its Feline Plan and asks for improvement proposals to institutions, ecologists and animal associations. - La Voz De Ibiza","description":"The City Council has presented the draft of the new plan for the management of community cats at a dialogue table with administrations, environmentalists and animal associations, who have been invited to submit proposals until January 15.","robots":{"index":"index","follow":"follow","max-snippet":"max-snippet:-1","max-image-preview":"max-image-preview:large","max-video-preview":"max-video-preview:-1"},"canonical":"https:\/\/lavozdeibiza.com\/en\/current-news\/santa-eularia-presents-its-feline-plan-and-asks-for-improvement-proposals-to-institutions-ecologists-and-animal-associations\/","og_locale":"en_US","og_type":"article","og_title":"Santa Eul\u00e0ria presents its Feline Plan and asks for improvement proposals to institutions, ecologists and animal associations. - La Voz De Ibiza","og_description":"The City Council has presented the draft of the new plan for the management of community cats at a dialogue table with administrations, environmentalists and animal associations, who have been invited to submit proposals until January 15.","og_url":"https:\/\/lavozdeibiza.com\/en\/current-news\/santa-eularia-presents-its-feline-plan-and-asks-for-improvement-proposals-to-institutions-ecologists-and-animal-associations\/","og_site_name":"La Voz De Ibiza","article_published_time":"2025-11-28T14:26:50+00:00","og_image":[{"width":1280,"height":853,"url":"https:\/\/lavozdeibiza.com\/wp-content\/uploads\/2025\/11\/20251128-Plan-de-Gestion-Felina.jpg","type":"image\/jpeg"}],"author":"Adriana Lui","twitter_card":"summary_large_image","twitter_creator":"@vozdeibiza","twitter_site":"@vozdeibiza","twitter_misc":{"Written by":"Adriana Lui","Est. reading time":"2 minutes"},"schema":{"@context":"https:\/\/schema.org","@graph":[{"@type":"NewsArticle","@id":"https:\/\/lavozdeibiza.com\/en\/current-news\/santa-eularia-presents-its-feline-plan-and-asks-for-improvement-proposals-to-institutions-ecologists-and-animal-associations\/#article","isPartOf":{"@id":"https:\/\/lavozdeibiza.com\/en\/current-news\/santa-eularia-presents-its-feline-plan-and-asks-for-improvement-proposals-to-institutions-ecologists-and-animal-associations\/"},"author":{"name":"Adriana Lui","@id":"https:\/\/lavozdeibiza.com\/en\/#\/schema\/person\/dfdc025d57832a30d03cb6d4b375b52e"},"headline":"Santa Eul\u00e0ria presents its Feline Plan and asks for improvement proposals to institutions, ecologists and animal associations.","datePublished":"2025-11-28T14:26:50+00:00","mainEntityOfPage":{"@id":"https:\/\/lavozdeibiza.com\/en\/current-news\/santa-eularia-presents-its-feline-plan-and-asks-for-improvement-proposals-to-institutions-ecologists-and-animal-associations\/"},"wordCount":399,"publisher":{"@id":"https:\/\/lavozdeibiza.com\/en\/#organization"},"image":{"@id":"https:\/\/lavozdeibiza.com\/en\/current-news\/santa-eularia-presents-its-feline-plan-and-asks-for-improvement-proposals-to-institutions-ecologists-and-animal-associations\/#primaryimage"},"thumbnailUrl":"https:\/\/lavozdeibiza.com\/wp-content\/uploads\/2025\/11\/20251128-Plan-de-Gestion-Felina.jpg","keywords":["Actualidad 3","CATS"],"articleSection":["CURRENT NEWS","IBIZA","Santa Eul\u00e0ria"],"inLanguage":"en-US"},{"@type":["WebPage","ItemPage"],"@id":"https:\/\/lavozdeibiza.com\/en\/current-news\/santa-eularia-presents-its-feline-plan-and-asks-for-improvement-proposals-to-institutions-ecologists-and-animal-associations\/","url":"https:\/\/lavozdeibiza.com\/en\/current-news\/santa-eularia-presents-its-feline-plan-and-asks-for-improvement-proposals-to-institutions-ecologists-and-animal-associations\/","name":"Santa Eul\u00e0ria presents its Feline Plan and asks for improvement proposals to institutions, ecologists and animal associations. - La Voz De Ibiza","isPartOf":{"@id":"https:\/\/lavozdeibiza.com\/en\/#website"},"primaryImageOfPage":{"@id":"https:\/\/lavozdeibiza.com\/en\/current-news\/santa-eularia-presents-its-feline-plan-and-asks-for-improvement-proposals-to-institutions-ecologists-and-animal-associations\/#primaryimage"},"image":{"@id":"https:\/\/lavozdeibiza.com\/en\/current-news\/santa-eularia-presents-its-feline-plan-and-asks-for-improvement-proposals-to-institutions-ecologists-and-animal-associations\/#primaryimage"},"thumbnailUrl":"https:\/\/lavozdeibiza.com\/wp-content\/uploads\/2025\/11\/20251128-Plan-de-Gestion-Felina.jpg","datePublished":"2025-11-28T14:26:50+00:00","description":"The City Council has presented the draft of the new plan for the management of community cats at a dialogue table with administrations, environmentalists and animal associations, who have been invited to submit proposals until January 15.","breadcrumb":{"@id":"https:\/\/lavozdeibiza.com\/en\/current-news\/santa-eularia-presents-its-feline-plan-and-asks-for-improvement-proposals-to-institutions-ecologists-and-animal-associations\/#breadcrumb"},"inLanguage":"en-US","potentialAction":[{"@type":"ReadAction","target":["https:\/\/lavozdeibiza.com\/en\/current-news\/santa-eularia-presents-its-feline-plan-and-asks-for-improvement-proposals-to-institutions-ecologists-and-animal-associations\/"]}]},{"@type":"ImageObject","inLanguage":"en-US","@id":"https:\/\/lavozdeibiza.com\/en\/current-news\/santa-eularia-presents-its-feline-plan-and-asks-for-improvement-proposals-to-institutions-ecologists-and-animal-associations\/#primaryimage","url":"https:\/\/lavozdeibiza.com\/wp-content\/uploads\/2025\/11\/20251128-Plan-de-Gestion-Felina.jpg","contentUrl":"https:\/\/lavozdeibiza.com\/wp-content\/uploads\/2025\/11\/20251128-Plan-de-Gestion-Felina.jpg","width":1280,"height":853,"caption":"Presentaci\u00f3n del plan"},{"@type":"BreadcrumbList","@id":"https:\/\/lavozdeibiza.com\/en\/current-news\/santa-eularia-presents-its-feline-plan-and-asks-for-improvement-proposals-to-institutions-ecologists-and-animal-associations\/#breadcrumb","itemListElement":[{"@type":"ListItem","position":1,"name":"Portada","item":"https:\/\/lavozdeibiza.com\/en\/"},{"@type":"ListItem","position":2,"name":"Santa Eul\u00e0ria presents its Feline Plan and asks for improvement proposals to institutions, ecologists and animal associations."}]},{"@type":"WebSite","@id":"https:\/\/lavozdeibiza.com\/en\/#website","url":"https:\/\/lavozdeibiza.com\/en\/","name":"La Voz de Ibiza","description":"Diario de informaci\u00f3n actualidad y noticias de Ibiza. Todas las noticias de los municipios de Ibiza","publisher":{"@id":"https:\/\/lavozdeibiza.com\/en\/#organization"},"potentialAction":[{"@type":"SearchAction","target":{"@type":"EntryPoint","urlTemplate":"https:\/\/lavozdeibiza.com\/en\/?s={search_term_string}"},"query-input":{"@type":"PropertyValueSpecification","valueRequired":true,"valueName":"search_term_string"}}],"inLanguage":"en-US"},{"@type":["Organization","NewsMediaOrganization"],"@id":"https:\/\/lavozdeibiza.com\/en\/#organization","name":"La Voz de Ibiza","url":"https:\/\/lavozdeibiza.com\/en\/","logo":{"@type":"ImageObject","inLanguage":"en-US","@id":"https:\/\/lavozdeibiza.com\/en\/#\/schema\/logo\/image\/","url":"https:\/\/lavozdeibiza.com\/wp-content\/uploads\/2023\/10\/logo-lvib-grande.jpg","contentUrl":"https:\/\/lavozdeibiza.com\/wp-content\/uploads\/2023\/10\/logo-lvib-grande.jpg","width":1500,"height":1000,"caption":"La Voz de Ibiza"},"image":{"@id":"https:\/\/lavozdeibiza.com\/en\/#\/schema\/logo\/image\/"},"sameAs":["https:\/\/x.com\/vozdeibiza","https:\/\/www.instagram.com\/lavozibiza\/"]},{"@type":"Person","@id":"https:\/\/lavozdeibiza.com\/en\/#\/schema\/person\/dfdc025d57832a30d03cb6d4b375b52e","name":"Adriana Lui","image":{"@type":"ImageObject","inLanguage":"en-US","@id":"https:\/\/secure.gravatar.com\/avatar\/316ea0299711d3ae33b81b9f07741b59eb95972a942b1c2d73f042662a42c170?s=96&d=mm&r=g1c70a88d9688947f7426f567f55acb5a","url":"https:\/\/secure.gravatar.com\/avatar\/316ea0299711d3ae33b81b9f07741b59eb95972a942b1c2d73f042662a42c170?s=96&d=mm&r=g","contentUrl":"https:\/\/secure.gravatar.com\/avatar\/316ea0299711d3ae33b81b9f07741b59eb95972a942b1c2d73f042662a42c170?s=96&d=mm&r=g","caption":"Adriana Lui"},"url":"https:\/\/lavozdeibiza.com\/en\/author\/alui\/"},{"@type":"SiteNavigationElement","@id":"https:\/\/lavozdeibiza.com\/en\/#site-navigation","cssSelector":[".cib-main-menu"]},{"@type":"WPHeader","@id":"https:\/\/lavozdeibiza.com\/en\/#header","cssSelector":[".cib-header"]},{"@type":"WPFooter","@id":"https:\/\/lavozdeibiza.com\/en\/#footer","cssSelector":[".cib-footer"]}]}},"authors":[{"term_id":6610,"user_id":31,"is_guest":0,"slug":"alui","display_name":"Adriana Lui","avatar_url":"https:\/\/secure.gravatar.com\/avatar\/316ea0299711d3ae33b81b9f07741b59eb95972a942b1c2d73f042662a42c170?s=96&d=mm&r=g","0":null,"1":"","2":"","3":"","4":"","5":"","6":"","7":"","8":"","9":"","10":""}],"_links":{"self":[{"href":"https:\/\/lavozdeibiza.com\/en\/wp-json\/wp\/v2\/posts\/140956","targetHints":{"allow":["GET"]}}],"collection":[{"href":"https:\/\/lavozdeibiza.com\/en\/wp-json\/wp\/v2\/posts"}],"about":[{"href":"https:\/\/lavozdeibiza.com\/en\/wp-json\/wp\/v2\/types\/post"}],"author":[{"embeddable":true,"href":"https:\/\/lavozdeibiza.com\/en\/wp-json\/wp\/v2\/users\/31"}],"replies":[{"embeddable":true,"href":"https:\/\/lavozdeibiza.com\/en\/wp-json\/wp\/v2\/comments?post=140956"}],"version-history":[{"count":0,"href":"https:\/\/lavozdeibiza.com\/en\/wp-json\/wp\/v2\/posts\/140956\/revisions"}],"wp:featuredmedia":[{"embeddable":true,"href":"https:\/\/lavozdeibiza.com\/en\/wp-json\/wp\/v2\/media\/140953"}],"wp:attachment":[{"href":"https:\/\/lavozdeibiza.com\/en\/wp-json\/wp\/v2\/media?parent=140956"}],"wp:term":[{"taxonomy":"category","embeddable":true,"href":"https:\/\/lavozdeibiza.com\/en\/wp-json\/wp\/v2\/categories?post=140956"},{"taxonomy":"post_tag","embeddable":true,"href":"https:\/\/lavozdeibiza.com\/en\/wp-json\/wp\/v2\/tags?post=140956"},{"taxonomy":"author","embeddable":true,"href":"https:\/\/lavozdeibiza.com\/en\/wp-json\/wp\/v2\/ppma_author?post=140956"}],"curies":[{"name":"wp","href":"https:\/\/api.w.org\/{rel}","templated":true}]}}