{"id":140976,"date":"2025-11-28T16:12:57","date_gmt":"2025-11-28T15:12:57","guid":{"rendered":"https:\/\/lavozdeibiza.com\/sin-categorizar\/ibizan-triumph-at-the-cocktail-congress-eating-in-ibiza-boosts-local-product\/"},"modified":"2025-11-28T16:12:57","modified_gmt":"2025-11-28T15:12:57","slug":"ibizan-triumph-at-the-cocktail-congress-eating-in-ibiza-boosts-local-product","status":"publish","type":"post","link":"https:\/\/lavozdeibiza.com\/en\/baleares-en\/ibizan-triumph-at-the-cocktail-congress-eating-in-ibiza-boosts-local-product\/","title":{"rendered":"Ibizan triumph at the Cocktail Congress: Eating in Ibiza boosts local product"},"content":{"rendered":"<p data-start=\"398\" data-end=\"765\">From<strong> November 17 to 20,<\/strong> <strong>Eating in Ibiza<\/strong> -the gastronomic product club of <strong>Fomento del Turismo de la Isla de Ibiza-<\/strong>took part in the <strong>LXX Congreso Nacional de Cocteler\u00eda,<\/strong> held in <strong>Mallorca<\/strong> between November 16 and 20. The event brought together professionals from all over the country in a space where technique, creativity and liquid culture were the protagonists. <\/p>\n<p data-start=\"767\" data-end=\"1266\">During the conference, Eating in Ibiza had an exhibition space in which it presented a careful selection of traditional products and beverages of the island. Among them were <strong>orelletes, fla\u00f3, Hierbas Ibicencas and Fr\u00edgola de Familia Mar\u00ed Mayans, fig liqueur and Caf\u00e9 Caleta de Flux\u00e0.<\/strong> The proposal attracted the attention of more than a hundred participants, congress participants and visitors, consolidating the presence of Ibizan gastronomy in an event of national reference. <\/p>\n<p data-start=\"767\" data-end=\"1266\"><img decoding=\"async\" class=\"aligncenter size-full wp-image-140971\" src=\"https:\/\/lavozdeibiza.com\/wp-content\/uploads\/2025\/11\/20251118_112654-rotated.jpg\" alt=\"\" width=\"960\" height=\"1280\" srcset=\"https:\/\/lavozdeibiza.com\/wp-content\/uploads\/2025\/11\/20251118_112654-rotated.jpg 960w, https:\/\/lavozdeibiza.com\/wp-content\/uploads\/2025\/11\/20251118_112654-225x300.jpg 225w, https:\/\/lavozdeibiza.com\/wp-content\/uploads\/2025\/11\/20251118_112654-768x1024.jpg 768w\" sizes=\"(max-width: 960px) 100vw, 960px\" \/><\/p>\n<p data-start=\"1268\" data-end=\"1710\">The participation also left a special reason for celebration.<strong> Gabriel Ram\u00f3n<\/strong>, partner of <strong>Fomento del Turismo de la Isla de Ibiza,<\/strong> won the victory in the congress competition, achieving the pass to represent Spain in the <strong>World Cocktail Championship in 2026<\/strong>. Likewise, the Balearic team was recognized as the <strong>Best Team in Spain,<\/strong> an achievement that reinforces the professional level of the archipelago in the field of bartending.<\/p>\n<p data-start=\"1712\" data-end=\"2093\" data-is-last-node=\"\" data-is-only-node=\"\">Eating in Ibiza has expressed its gratitude to its partners for collaborating in this promotional action and contributing to spread the gastronomic richness of the island. He also expressed his appreciation to the organization of the congress, the <strong>Associaci\u00f3 de Bartenders de les Illes Balears<\/strong> and the <strong>Federaci\u00f3n de Asociaciones de Bartenders de Espa\u00f1a<\/strong> for including the brand in this edition. <\/p>\n<h2 data-start=\"1712\" data-end=\"2093\">Continue reading<\/h2>\n<ul>\n<li>\n<h5><a href=\"https:\/\/lavozdeibiza.com\/que-hacer-en-ibiza-y-formentera\/ibiza-se-convierte-en-capital-mundial-de-la-cocteleria-durante-una-semana-unica\/?swcfpc=1\">Ibiza becomes the world capital of cocktails during a unique week<\/a><\/h5>\n<\/li>\n<\/ul>\n","protected":false},"excerpt":{"rendered":"<p>The gastronomic brand of Fomento del Turismo de la Isla de Ibiza participated in the meeting and highlighted the culinary richness of the island of Ibiza.  <\/p>\n","protected":false},"author":12,"featured_media":140970,"comment_status":"closed","ping_status":"closed","sticky":false,"template":"","format":"standard","meta":{"_acf_changed":false,"site-sidebar-layout":"default","site-content-layout":"","ast-site-content-layout":"default","site-content-style":"default","site-sidebar-style":"default","ast-global-header-display":"","ast-banner-title-visibility":"","ast-main-header-display":"","ast-hfb-above-header-display":"","ast-hfb-below-header-display":"","ast-hfb-mobile-header-display":"","site-post-title":"","ast-breadcrumbs-content":"","ast-featured-img":"","footer-sml-layout":"","ast-disable-related-posts":"","theme-transparent-header-meta":"default","adv-header-id-meta":"","stick-header-meta":"","header-above-stick-meta":"","header-main-stick-meta":"","header-below-stick-meta":"","astra-migrate-meta-layouts":"default","ast-page-background-enabled":"default","ast-page-background-meta":{"desktop":{"background-color":"var(--ast-global-color-4)","background-image":"","background-repeat":"repeat","background-position":"center center","background-size":"auto","background-attachment":"scroll","background-type":"","background-media":"","overlay-type":"","overlay-color":"","overlay-opacity":"","overlay-gradient":""},"tablet":{"background-color":"","background-image":"","background-repeat":"repeat","background-position":"center center","background-size":"auto","background-attachment":"scroll","background-type":"","background-media":"","overlay-type":"","overlay-color":"","overlay-opacity":"","overlay-gradient":""},"mobile":{"background-color":"","background-image":"","background-repeat":"repeat","background-position":"center center","background-size":"auto","background-attachment":"scroll","background-type":"","background-media":"","overlay-type":"","overlay-color":"","overlay-opacity":"","overlay-gradient":""}},"ast-content-background-meta":{"desktop":{"background-color":"var(--ast-global-color-5)","background-image":"","background-repeat":"repeat","background-position":"center center","background-size":"auto","background-attachment":"scroll","background-type":"","background-media":"","overlay-type":"","overlay-color":"","overlay-opacity":"","overlay-gradient":""},"tablet":{"background-color":"var(--ast-global-color-5)","background-image":"","background-repeat":"repeat","background-position":"center center","background-size":"auto","background-attachment":"scroll","background-type":"","background-media":"","overlay-type":"","overlay-color":"","overlay-opacity":"","overlay-gradient":""},"mobile":{"background-color":"var(--ast-global-color-5)","background-image":"","background-repeat":"repeat","background-position":"center center","background-size":"auto","background-attachment":"scroll","background-type":"","background-media":"","overlay-type":"","overlay-color":"","overlay-opacity":"","overlay-gradient":""}},"footnotes":""},"categories":[4612,2910],"tags":[5074,9781,2919],"ppma_author":[2642],"class_list":["post-140976","post","type-post","status-publish","format-standard","has-post-thumbnail","hentry","category-baleares-en","category-current-news","tag-balearic-islands","tag-cocktail-bar","tag-ibiza-en"],"acf":[],"yoast_head":"<!-- This site is optimized with the Yoast SEO plugin v27.4 - https:\/\/yoast.com\/product\/yoast-seo-wordpress\/ -->\n<title>Ibizan triumph at the Cocktail Congress: Eating in Ibiza boosts local product - La Voz De Ibiza<\/title>\n<meta name=\"description\" content=\"The gastronomic brand of Fomento del Turismo de la Isla de Ibiza participated in the meeting and highlighted the culinary richness of the island of Ibiza.\" \/>\n<meta name=\"robots\" content=\"index, follow, max-snippet:-1, max-image-preview:large, max-video-preview:-1\" \/>\n<link rel=\"canonical\" href=\"https:\/\/lavozdeibiza.com\/en\/baleares-en\/ibizan-triumph-at-the-cocktail-congress-eating-in-ibiza-boosts-local-product\/\" \/>\n<meta property=\"og:locale\" content=\"en_US\" \/>\n<meta property=\"og:type\" content=\"article\" \/>\n<meta property=\"og:title\" content=\"Ibizan triumph at the Cocktail Congress: Eating in Ibiza boosts local product - La Voz De Ibiza\" \/>\n<meta property=\"og:description\" content=\"The gastronomic brand of Fomento del Turismo de la Isla de Ibiza participated in the meeting and highlighted the culinary richness of the island of Ibiza.\" \/>\n<meta property=\"og:url\" content=\"https:\/\/lavozdeibiza.com\/en\/baleares-en\/ibizan-triumph-at-the-cocktail-congress-eating-in-ibiza-boosts-local-product\/\" \/>\n<meta property=\"og:site_name\" content=\"La Voz De Ibiza\" \/>\n<meta property=\"article:published_time\" content=\"2025-11-28T15:12:57+00:00\" \/>\n<meta property=\"og:image\" content=\"https:\/\/lavozdeibiza.com\/wp-content\/uploads\/2025\/11\/Congreso-Nacional-de-Cocteleria.-Archivo.jpg\" \/>\n\t<meta property=\"og:image:width\" content=\"1280\" \/>\n\t<meta property=\"og:image:height\" content=\"854\" \/>\n\t<meta property=\"og:image:type\" content=\"image\/jpeg\" \/>\n<meta name=\"author\" content=\"Keila Morgan\" \/>\n<meta name=\"twitter:card\" content=\"summary_large_image\" \/>\n<meta name=\"twitter:creator\" content=\"@vozdeibiza\" \/>\n<meta name=\"twitter:site\" content=\"@vozdeibiza\" \/>\n<meta name=\"twitter:label1\" content=\"Written by\" \/>\n\t<meta name=\"twitter:data1\" content=\"Keila Morgan\" \/>\n\t<meta name=\"twitter:label2\" content=\"Est. reading time\" \/>\n\t<meta name=\"twitter:data2\" content=\"1 minute\" \/>\n<script type=\"application\/ld+json\" class=\"yoast-schema-graph\">{\"@context\":\"https:\\\/\\\/schema.org\",\"@graph\":[{\"@type\":\"NewsArticle\",\"@id\":\"https:\\\/\\\/lavozdeibiza.com\\\/en\\\/baleares-en\\\/ibizan-triumph-at-the-cocktail-congress-eating-in-ibiza-boosts-local-product\\\/#article\",\"isPartOf\":{\"@id\":\"https:\\\/\\\/lavozdeibiza.com\\\/en\\\/baleares-en\\\/ibizan-triumph-at-the-cocktail-congress-eating-in-ibiza-boosts-local-product\\\/\"},\"author\":{\"name\":\"Keila Morgan\",\"@id\":\"https:\\\/\\\/lavozdeibiza.com\\\/en\\\/#\\\/schema\\\/person\\\/33b4dcabcbaa7c13b0b2a83c43d64387\"},\"headline\":\"Ibizan triumph at the Cocktail Congress: Eating in Ibiza boosts local product\",\"datePublished\":\"2025-11-28T15:12:57+00:00\",\"mainEntityOfPage\":{\"@id\":\"https:\\\/\\\/lavozdeibiza.com\\\/en\\\/baleares-en\\\/ibizan-triumph-at-the-cocktail-congress-eating-in-ibiza-boosts-local-product\\\/\"},\"wordCount\":285,\"publisher\":{\"@id\":\"https:\\\/\\\/lavozdeibiza.com\\\/en\\\/#organization\"},\"image\":{\"@id\":\"https:\\\/\\\/lavozdeibiza.com\\\/en\\\/baleares-en\\\/ibizan-triumph-at-the-cocktail-congress-eating-in-ibiza-boosts-local-product\\\/#primaryimage\"},\"thumbnailUrl\":\"https:\\\/\\\/lavozdeibiza.com\\\/wp-content\\\/uploads\\\/2025\\\/11\\\/Congreso-Nacional-de-Cocteleria.-Archivo.jpg\",\"keywords\":[\"Balearic Islands\",\"Cocktail bar\",\"Ibiza\"],\"articleSection\":[\"BALEARES\",\"CURRENT NEWS\"],\"inLanguage\":\"en-US\"},{\"@type\":[\"WebPage\",\"ItemPage\"],\"@id\":\"https:\\\/\\\/lavozdeibiza.com\\\/en\\\/baleares-en\\\/ibizan-triumph-at-the-cocktail-congress-eating-in-ibiza-boosts-local-product\\\/\",\"url\":\"https:\\\/\\\/lavozdeibiza.com\\\/en\\\/baleares-en\\\/ibizan-triumph-at-the-cocktail-congress-eating-in-ibiza-boosts-local-product\\\/\",\"name\":\"Ibizan triumph at the Cocktail Congress: Eating in Ibiza boosts local product - La Voz De Ibiza\",\"isPartOf\":{\"@id\":\"https:\\\/\\\/lavozdeibiza.com\\\/en\\\/#website\"},\"primaryImageOfPage\":{\"@id\":\"https:\\\/\\\/lavozdeibiza.com\\\/en\\\/baleares-en\\\/ibizan-triumph-at-the-cocktail-congress-eating-in-ibiza-boosts-local-product\\\/#primaryimage\"},\"image\":{\"@id\":\"https:\\\/\\\/lavozdeibiza.com\\\/en\\\/baleares-en\\\/ibizan-triumph-at-the-cocktail-congress-eating-in-ibiza-boosts-local-product\\\/#primaryimage\"},\"thumbnailUrl\":\"https:\\\/\\\/lavozdeibiza.com\\\/wp-content\\\/uploads\\\/2025\\\/11\\\/Congreso-Nacional-de-Cocteleria.-Archivo.jpg\",\"datePublished\":\"2025-11-28T15:12:57+00:00\",\"description\":\"The gastronomic brand of Fomento del Turismo de la Isla de Ibiza participated in the meeting and highlighted the culinary richness of the island of Ibiza.\",\"breadcrumb\":{\"@id\":\"https:\\\/\\\/lavozdeibiza.com\\\/en\\\/baleares-en\\\/ibizan-triumph-at-the-cocktail-congress-eating-in-ibiza-boosts-local-product\\\/#breadcrumb\"},\"inLanguage\":\"en-US\",\"potentialAction\":[{\"@type\":\"ReadAction\",\"target\":[\"https:\\\/\\\/lavozdeibiza.com\\\/en\\\/baleares-en\\\/ibizan-triumph-at-the-cocktail-congress-eating-in-ibiza-boosts-local-product\\\/\"]}]},{\"@type\":\"ImageObject\",\"inLanguage\":\"en-US\",\"@id\":\"https:\\\/\\\/lavozdeibiza.com\\\/en\\\/baleares-en\\\/ibizan-triumph-at-the-cocktail-congress-eating-in-ibiza-boosts-local-product\\\/#primaryimage\",\"url\":\"https:\\\/\\\/lavozdeibiza.com\\\/wp-content\\\/uploads\\\/2025\\\/11\\\/Congreso-Nacional-de-Cocteleria.-Archivo.jpg\",\"contentUrl\":\"https:\\\/\\\/lavozdeibiza.com\\\/wp-content\\\/uploads\\\/2025\\\/11\\\/Congreso-Nacional-de-Cocteleria.-Archivo.jpg\",\"width\":1280,\"height\":854},{\"@type\":\"BreadcrumbList\",\"@id\":\"https:\\\/\\\/lavozdeibiza.com\\\/en\\\/baleares-en\\\/ibizan-triumph-at-the-cocktail-congress-eating-in-ibiza-boosts-local-product\\\/#breadcrumb\",\"itemListElement\":[{\"@type\":\"ListItem\",\"position\":1,\"name\":\"Portada\",\"item\":\"https:\\\/\\\/lavozdeibiza.com\\\/en\\\/\"},{\"@type\":\"ListItem\",\"position\":2,\"name\":\"Ibizan triumph at the Cocktail Congress: Eating in Ibiza boosts local product\"}]},{\"@type\":\"WebSite\",\"@id\":\"https:\\\/\\\/lavozdeibiza.com\\\/en\\\/#website\",\"url\":\"https:\\\/\\\/lavozdeibiza.com\\\/en\\\/\",\"name\":\"La Voz de Ibiza\",\"description\":\"Diario de informaci\u00f3n actualidad y noticias de Ibiza. Todas las noticias de los municipios de Ibiza\",\"publisher\":{\"@id\":\"https:\\\/\\\/lavozdeibiza.com\\\/en\\\/#organization\"},\"potentialAction\":[{\"@type\":\"SearchAction\",\"target\":{\"@type\":\"EntryPoint\",\"urlTemplate\":\"https:\\\/\\\/lavozdeibiza.com\\\/en\\\/?s={search_term_string}\"},\"query-input\":{\"@type\":\"PropertyValueSpecification\",\"valueRequired\":true,\"valueName\":\"search_term_string\"}}],\"inLanguage\":\"en-US\"},{\"@type\":[\"Organization\",\"NewsMediaOrganization\"],\"@id\":\"https:\\\/\\\/lavozdeibiza.com\\\/en\\\/#organization\",\"name\":\"La Voz de Ibiza\",\"url\":\"https:\\\/\\\/lavozdeibiza.com\\\/en\\\/\",\"logo\":{\"@type\":\"ImageObject\",\"inLanguage\":\"en-US\",\"@id\":\"https:\\\/\\\/lavozdeibiza.com\\\/en\\\/#\\\/schema\\\/logo\\\/image\\\/\",\"url\":\"https:\\\/\\\/lavozdeibiza.com\\\/wp-content\\\/uploads\\\/2023\\\/10\\\/logo-lvib-grande.jpg\",\"contentUrl\":\"https:\\\/\\\/lavozdeibiza.com\\\/wp-content\\\/uploads\\\/2023\\\/10\\\/logo-lvib-grande.jpg\",\"width\":1500,\"height\":1000,\"caption\":\"La Voz de Ibiza\"},\"image\":{\"@id\":\"https:\\\/\\\/lavozdeibiza.com\\\/en\\\/#\\\/schema\\\/logo\\\/image\\\/\"},\"sameAs\":[\"https:\\\/\\\/x.com\\\/vozdeibiza\",\"https:\\\/\\\/www.instagram.com\\\/lavozibiza\\\/\"]},{\"@type\":\"Person\",\"@id\":\"https:\\\/\\\/lavozdeibiza.com\\\/en\\\/#\\\/schema\\\/person\\\/33b4dcabcbaa7c13b0b2a83c43d64387\",\"name\":\"Keila Morgan\",\"image\":{\"@type\":\"ImageObject\",\"inLanguage\":\"en-US\",\"@id\":\"https:\\\/\\\/secure.gravatar.com\\\/avatar\\\/4ea90a80410d4eaf487ffcca22e3463691f77fc273039f7d207bcd3da7f886ac?s=96&d=mm&r=gcd77ae18b2bf3529f06e5fa5f823ea67\",\"url\":\"https:\\\/\\\/secure.gravatar.com\\\/avatar\\\/4ea90a80410d4eaf487ffcca22e3463691f77fc273039f7d207bcd3da7f886ac?s=96&d=mm&r=g\",\"contentUrl\":\"https:\\\/\\\/secure.gravatar.com\\\/avatar\\\/4ea90a80410d4eaf487ffcca22e3463691f77fc273039f7d207bcd3da7f886ac?s=96&d=mm&r=g\",\"caption\":\"Keila Morgan\"},\"sameAs\":[\"https:\\\/\\\/www.instagram.com\\\/keps.morgan\\\/\"],\"url\":\"https:\\\/\\\/lavozdeibiza.com\\\/en\\\/author\\\/krodas\\\/\"},{\"@type\":\"SiteNavigationElement\",\"@id\":\"https:\\\/\\\/lavozdeibiza.com\\\/en\\\/#site-navigation\",\"cssSelector\":[\".cib-main-menu\"]},{\"@type\":\"WPHeader\",\"@id\":\"https:\\\/\\\/lavozdeibiza.com\\\/en\\\/#header\",\"cssSelector\":[\".cib-header\"]},{\"@type\":\"WPFooter\",\"@id\":\"https:\\\/\\\/lavozdeibiza.com\\\/en\\\/#footer\",\"cssSelector\":[\".cib-footer\"]}]}<\/script>\n<!-- \/ Yoast SEO plugin. -->","yoast_head_json":{"title":"Ibizan triumph at the Cocktail Congress: Eating in Ibiza boosts local product - La Voz De Ibiza","description":"The gastronomic brand of Fomento del Turismo de la Isla de Ibiza participated in the meeting and highlighted the culinary richness of the island of Ibiza.","robots":{"index":"index","follow":"follow","max-snippet":"max-snippet:-1","max-image-preview":"max-image-preview:large","max-video-preview":"max-video-preview:-1"},"canonical":"https:\/\/lavozdeibiza.com\/en\/baleares-en\/ibizan-triumph-at-the-cocktail-congress-eating-in-ibiza-boosts-local-product\/","og_locale":"en_US","og_type":"article","og_title":"Ibizan triumph at the Cocktail Congress: Eating in Ibiza boosts local product - La Voz De Ibiza","og_description":"The gastronomic brand of Fomento del Turismo de la Isla de Ibiza participated in the meeting and highlighted the culinary richness of the island of Ibiza.","og_url":"https:\/\/lavozdeibiza.com\/en\/baleares-en\/ibizan-triumph-at-the-cocktail-congress-eating-in-ibiza-boosts-local-product\/","og_site_name":"La Voz De Ibiza","article_published_time":"2025-11-28T15:12:57+00:00","og_image":[{"width":1280,"height":854,"url":"https:\/\/lavozdeibiza.com\/wp-content\/uploads\/2025\/11\/Congreso-Nacional-de-Cocteleria.-Archivo.jpg","type":"image\/jpeg"}],"author":"Keila Morgan","twitter_card":"summary_large_image","twitter_creator":"@vozdeibiza","twitter_site":"@vozdeibiza","twitter_misc":{"Written by":"Keila Morgan","Est. reading time":"1 minute"},"schema":{"@context":"https:\/\/schema.org","@graph":[{"@type":"NewsArticle","@id":"https:\/\/lavozdeibiza.com\/en\/baleares-en\/ibizan-triumph-at-the-cocktail-congress-eating-in-ibiza-boosts-local-product\/#article","isPartOf":{"@id":"https:\/\/lavozdeibiza.com\/en\/baleares-en\/ibizan-triumph-at-the-cocktail-congress-eating-in-ibiza-boosts-local-product\/"},"author":{"name":"Keila Morgan","@id":"https:\/\/lavozdeibiza.com\/en\/#\/schema\/person\/33b4dcabcbaa7c13b0b2a83c43d64387"},"headline":"Ibizan triumph at the Cocktail Congress: Eating in Ibiza boosts local product","datePublished":"2025-11-28T15:12:57+00:00","mainEntityOfPage":{"@id":"https:\/\/lavozdeibiza.com\/en\/baleares-en\/ibizan-triumph-at-the-cocktail-congress-eating-in-ibiza-boosts-local-product\/"},"wordCount":285,"publisher":{"@id":"https:\/\/lavozdeibiza.com\/en\/#organization"},"image":{"@id":"https:\/\/lavozdeibiza.com\/en\/baleares-en\/ibizan-triumph-at-the-cocktail-congress-eating-in-ibiza-boosts-local-product\/#primaryimage"},"thumbnailUrl":"https:\/\/lavozdeibiza.com\/wp-content\/uploads\/2025\/11\/Congreso-Nacional-de-Cocteleria.-Archivo.jpg","keywords":["Balearic Islands","Cocktail bar","Ibiza"],"articleSection":["BALEARES","CURRENT NEWS"],"inLanguage":"en-US"},{"@type":["WebPage","ItemPage"],"@id":"https:\/\/lavozdeibiza.com\/en\/baleares-en\/ibizan-triumph-at-the-cocktail-congress-eating-in-ibiza-boosts-local-product\/","url":"https:\/\/lavozdeibiza.com\/en\/baleares-en\/ibizan-triumph-at-the-cocktail-congress-eating-in-ibiza-boosts-local-product\/","name":"Ibizan triumph at the Cocktail Congress: Eating in Ibiza boosts local product - La Voz De Ibiza","isPartOf":{"@id":"https:\/\/lavozdeibiza.com\/en\/#website"},"primaryImageOfPage":{"@id":"https:\/\/lavozdeibiza.com\/en\/baleares-en\/ibizan-triumph-at-the-cocktail-congress-eating-in-ibiza-boosts-local-product\/#primaryimage"},"image":{"@id":"https:\/\/lavozdeibiza.com\/en\/baleares-en\/ibizan-triumph-at-the-cocktail-congress-eating-in-ibiza-boosts-local-product\/#primaryimage"},"thumbnailUrl":"https:\/\/lavozdeibiza.com\/wp-content\/uploads\/2025\/11\/Congreso-Nacional-de-Cocteleria.-Archivo.jpg","datePublished":"2025-11-28T15:12:57+00:00","description":"The gastronomic brand of Fomento del Turismo de la Isla de Ibiza participated in the meeting and highlighted the culinary richness of the island of Ibiza.","breadcrumb":{"@id":"https:\/\/lavozdeibiza.com\/en\/baleares-en\/ibizan-triumph-at-the-cocktail-congress-eating-in-ibiza-boosts-local-product\/#breadcrumb"},"inLanguage":"en-US","potentialAction":[{"@type":"ReadAction","target":["https:\/\/lavozdeibiza.com\/en\/baleares-en\/ibizan-triumph-at-the-cocktail-congress-eating-in-ibiza-boosts-local-product\/"]}]},{"@type":"ImageObject","inLanguage":"en-US","@id":"https:\/\/lavozdeibiza.com\/en\/baleares-en\/ibizan-triumph-at-the-cocktail-congress-eating-in-ibiza-boosts-local-product\/#primaryimage","url":"https:\/\/lavozdeibiza.com\/wp-content\/uploads\/2025\/11\/Congreso-Nacional-de-Cocteleria.-Archivo.jpg","contentUrl":"https:\/\/lavozdeibiza.com\/wp-content\/uploads\/2025\/11\/Congreso-Nacional-de-Cocteleria.-Archivo.jpg","width":1280,"height":854},{"@type":"BreadcrumbList","@id":"https:\/\/lavozdeibiza.com\/en\/baleares-en\/ibizan-triumph-at-the-cocktail-congress-eating-in-ibiza-boosts-local-product\/#breadcrumb","itemListElement":[{"@type":"ListItem","position":1,"name":"Portada","item":"https:\/\/lavozdeibiza.com\/en\/"},{"@type":"ListItem","position":2,"name":"Ibizan triumph at the Cocktail Congress: Eating in Ibiza boosts local product"}]},{"@type":"WebSite","@id":"https:\/\/lavozdeibiza.com\/en\/#website","url":"https:\/\/lavozdeibiza.com\/en\/","name":"La Voz de Ibiza","description":"Diario de informaci\u00f3n actualidad y noticias de Ibiza. Todas las noticias de los municipios de Ibiza","publisher":{"@id":"https:\/\/lavozdeibiza.com\/en\/#organization"},"potentialAction":[{"@type":"SearchAction","target":{"@type":"EntryPoint","urlTemplate":"https:\/\/lavozdeibiza.com\/en\/?s={search_term_string}"},"query-input":{"@type":"PropertyValueSpecification","valueRequired":true,"valueName":"search_term_string"}}],"inLanguage":"en-US"},{"@type":["Organization","NewsMediaOrganization"],"@id":"https:\/\/lavozdeibiza.com\/en\/#organization","name":"La Voz de Ibiza","url":"https:\/\/lavozdeibiza.com\/en\/","logo":{"@type":"ImageObject","inLanguage":"en-US","@id":"https:\/\/lavozdeibiza.com\/en\/#\/schema\/logo\/image\/","url":"https:\/\/lavozdeibiza.com\/wp-content\/uploads\/2023\/10\/logo-lvib-grande.jpg","contentUrl":"https:\/\/lavozdeibiza.com\/wp-content\/uploads\/2023\/10\/logo-lvib-grande.jpg","width":1500,"height":1000,"caption":"La Voz de Ibiza"},"image":{"@id":"https:\/\/lavozdeibiza.com\/en\/#\/schema\/logo\/image\/"},"sameAs":["https:\/\/x.com\/vozdeibiza","https:\/\/www.instagram.com\/lavozibiza\/"]},{"@type":"Person","@id":"https:\/\/lavozdeibiza.com\/en\/#\/schema\/person\/33b4dcabcbaa7c13b0b2a83c43d64387","name":"Keila Morgan","image":{"@type":"ImageObject","inLanguage":"en-US","@id":"https:\/\/secure.gravatar.com\/avatar\/4ea90a80410d4eaf487ffcca22e3463691f77fc273039f7d207bcd3da7f886ac?s=96&d=mm&r=gcd77ae18b2bf3529f06e5fa5f823ea67","url":"https:\/\/secure.gravatar.com\/avatar\/4ea90a80410d4eaf487ffcca22e3463691f77fc273039f7d207bcd3da7f886ac?s=96&d=mm&r=g","contentUrl":"https:\/\/secure.gravatar.com\/avatar\/4ea90a80410d4eaf487ffcca22e3463691f77fc273039f7d207bcd3da7f886ac?s=96&d=mm&r=g","caption":"Keila Morgan"},"sameAs":["https:\/\/www.instagram.com\/keps.morgan\/"],"url":"https:\/\/lavozdeibiza.com\/en\/author\/krodas\/"},{"@type":"SiteNavigationElement","@id":"https:\/\/lavozdeibiza.com\/en\/#site-navigation","cssSelector":[".cib-main-menu"]},{"@type":"WPHeader","@id":"https:\/\/lavozdeibiza.com\/en\/#header","cssSelector":[".cib-header"]},{"@type":"WPFooter","@id":"https:\/\/lavozdeibiza.com\/en\/#footer","cssSelector":[".cib-footer"]}]}},"authors":[{"term_id":2642,"user_id":12,"is_guest":0,"slug":"krodas","display_name":"Keila Morgan","avatar_url":"https:\/\/secure.gravatar.com\/avatar\/4ea90a80410d4eaf487ffcca22e3463691f77fc273039f7d207bcd3da7f886ac?s=96&d=mm&r=g","0":null,"1":"","2":"","3":"","4":"","5":"","6":"","7":"","8":"","9":"","10":""}],"_links":{"self":[{"href":"https:\/\/lavozdeibiza.com\/en\/wp-json\/wp\/v2\/posts\/140976","targetHints":{"allow":["GET"]}}],"collection":[{"href":"https:\/\/lavozdeibiza.com\/en\/wp-json\/wp\/v2\/posts"}],"about":[{"href":"https:\/\/lavozdeibiza.com\/en\/wp-json\/wp\/v2\/types\/post"}],"author":[{"embeddable":true,"href":"https:\/\/lavozdeibiza.com\/en\/wp-json\/wp\/v2\/users\/12"}],"replies":[{"embeddable":true,"href":"https:\/\/lavozdeibiza.com\/en\/wp-json\/wp\/v2\/comments?post=140976"}],"version-history":[{"count":0,"href":"https:\/\/lavozdeibiza.com\/en\/wp-json\/wp\/v2\/posts\/140976\/revisions"}],"wp:featuredmedia":[{"embeddable":true,"href":"https:\/\/lavozdeibiza.com\/en\/wp-json\/wp\/v2\/media\/140970"}],"wp:attachment":[{"href":"https:\/\/lavozdeibiza.com\/en\/wp-json\/wp\/v2\/media?parent=140976"}],"wp:term":[{"taxonomy":"category","embeddable":true,"href":"https:\/\/lavozdeibiza.com\/en\/wp-json\/wp\/v2\/categories?post=140976"},{"taxonomy":"post_tag","embeddable":true,"href":"https:\/\/lavozdeibiza.com\/en\/wp-json\/wp\/v2\/tags?post=140976"},{"taxonomy":"author","embeddable":true,"href":"https:\/\/lavozdeibiza.com\/en\/wp-json\/wp\/v2\/ppma_author?post=140976"}],"curies":[{"name":"wp","href":"https:\/\/api.w.org\/{rel}","templated":true}]}}