{"id":141214,"date":"2025-11-30T15:06:53","date_gmt":"2025-11-30T14:06:53","guid":{"rendered":"https:\/\/lavozdeibiza.com\/sin-categorizar\/nautical-schools-of-ibiza-agree-with-the-govern-the-examination-calendar-for-2026\/"},"modified":"2025-11-30T15:06:53","modified_gmt":"2025-11-30T14:06:53","slug":"nautical-schools-of-ibiza-agree-with-the-govern-the-examination-calendar-for-2026","status":"publish","type":"post","link":"https:\/\/lavozdeibiza.com\/en\/current-news\/nautical-schools-of-ibiza-agree-with-the-govern-the-examination-calendar-for-2026\/","title":{"rendered":"Nautical schools of Ibiza agree with the Govern the examination calendar for 2026"},"content":{"rendered":"<p data-start=\"541\" data-end=\"838\"><strong data-start=\"541\" data-end=\"598\">The Directorate General of Ports and Maritime Transport<\/strong>, under the <strong data-start=\"618\" data-end=\"662\">Ministry of the Sea and Water Cycle<\/strong>, has agreed with several <strong data-start=\"687\" data-end=\"717\">nautical schools in Ibiza<\/strong> and the rest of the archipelago the <strong data-start=\"750\" data-end=\"776\">examination schedule<\/strong> for recreational qualifications for the year <strong data-start=\"829\" data-end=\"837\">2026<\/strong>.<\/p>\n<ul>\n<li data-start=\"541\" data-end=\"838\">\n<h4><a href=\"https:\/\/lavozdeibiza.com\/actualidad\/aumenta-el-numero-de-piscinas-en-formentera\/?swcfpc=1\">Increase in the number of swimming pools in Formentera<\/a><\/h4>\n<\/li>\n<\/ul>\n<p data-start=\"840\" data-end=\"1220\">The decision was reached during the <strong data-start=\"874\" data-end=\"891\">annual meeting<\/strong> held this week in Palma, with the presence of the general director <strong data-start=\"959\" data-end=\"975\">Toni Mercant<\/strong> and representatives of schools from all the islands, including several nautical training centers in Ibiza as <strong data-start=\"1087\" data-end=\"1119\">Islander Sea Training School<\/strong>, <strong data-start=\"1121\" data-end=\"1139\">E.N. Posidonia<\/strong>, <strong data-start=\"1141\" data-end=\"1152\">Zulumar<\/strong>, <strong data-start=\"1154\" data-end=\"1173\">One Day Charter<\/strong> or <strong data-start=\"1179\" data-end=\"1219\">Club N\u00e1utico Sant Antoni &#8211; Es N\u00e0utic<\/strong>.<\/p>\n<p data-start=\"1224\" data-end=\"1398\">&#8220;These meetings are essential to maintain a rigorous and updated system of qualifications, aligned with the needs of the sector,&#8221; said the Regional Ministry.<\/p>\n<p data-start=\"1400\" data-end=\"1664\">During the meeting, key aspects such as the <strong data-start=\"1458\" data-end=\"1499\">logistical coordination of the tests<\/strong>, the resolution of <strong data-start=\"1518\" data-end=\"1541\">technical issues<\/strong> raised by the centers and the establishment of the <strong data-start=\"1597\" data-end=\"1631\">four official<\/strong> exams scheduled for 2026 were discussed.<\/p>\n<h2 data-start=\"1666\" data-end=\"1690\"><strong data-start=\"1666\" data-end=\"1690\">High demand in 2024<\/strong><\/h2>\n<p data-start=\"1692\" data-end=\"1922\">From the Govern highlighted the volume of activity involved in the management of nautical qualifications, with a total of <strong data-start=\"1808\" data-end=\"1847\">2,960 applications for theoretical examination<\/strong> in 2024: 927 in April, 730 in June, 429 in September and 874 in December.<\/p>\n<p data-start=\"1924\" data-end=\"2219\">In addition, <strong data-start=\"1946\" data-end=\"2005\">4,232 issuances and renewals of certificates and cards<\/strong> were processed, most of them corresponding to the <strong data-start=\"2038\" data-end=\"2079\">Recreational Boat Skipper (PER)<\/strong>, with <strong data-start=\"2085\" data-end=\"2116\">3,017 certificates issued<\/strong>, followed by yacht skipper (507), yacht captain (264), basic qualification (442) and jet ski (2).<\/p>\n<p data-start=\"2221\" data-end=\"2421\">This <strong data-start=\"2229\" data-end=\"2300\">high demand is evidence of the growing interest in recreational boating<\/strong>, a sector in which Ibiza has a strong presence both for professional activity and specialized tourism.<\/p>\n<p data-start=\"2458\" data-end=\"2694\">The Directorate General appreciated the involvement of Ibizan schools such as <strong data-start=\"2533\" data-end=\"2545\">Islander<\/strong>, <strong data-start=\"2547\" data-end=\"2558\">Zulumar<\/strong>, <strong data-start=\"2560\" data-end=\"2573\">Posidonia<\/strong>, <strong data-start=\"2575\" data-end=\"2591\">Stella Maris<\/strong>, <strong data-start=\"2593\" data-end=\"2612\">One Day Charter<\/strong> and <strong data-start=\"2615\" data-end=\"2628\">Es Nautic<\/strong>, which are an active part of the Balearic nautical training system.<\/p>\n<p data-start=\"2696\" data-end=\"2984\">The Government stressed that this collaboration ensures an <strong data-start=\"2767\" data-end=\"2804\">efficient, safe and high level of<\/strong> service, while <strong data-start=\"2820\" data-end=\"2864\">promoting a responsible maritime culture<\/strong>, committed to <strong data-start=\"2886\" data-end=\"2909\">safety at sea<\/strong> and the <strong data-start=\"2915\" data-end=\"2983\">sustainable use of nautical and port resources of the Balearic Islands<\/strong>.<\/p>\n","protected":false},"excerpt":{"rendered":"<p>Training centers of the island participated in the regional meeting that defined the dates of the tests to obtain recreational boating qualifications.<\/p>\n","protected":false},"author":26,"featured_media":141212,"comment_status":"closed","ping_status":"closed","sticky":false,"template":"","format":"standard","meta":{"_acf_changed":false,"site-sidebar-layout":"default","site-content-layout":"","ast-site-content-layout":"default","site-content-style":"default","site-sidebar-style":"default","ast-global-header-display":"","ast-banner-title-visibility":"","ast-main-header-display":"","ast-hfb-above-header-display":"","ast-hfb-below-header-display":"","ast-hfb-mobile-header-display":"","site-post-title":"","ast-breadcrumbs-content":"","ast-featured-img":"","footer-sml-layout":"","ast-disable-related-posts":"","theme-transparent-header-meta":"default","adv-header-id-meta":"","stick-header-meta":"","header-above-stick-meta":"","header-main-stick-meta":"","header-below-stick-meta":"","astra-migrate-meta-layouts":"default","ast-page-background-enabled":"default","ast-page-background-meta":{"desktop":{"background-color":"var(--ast-global-color-4)","background-image":"","background-repeat":"repeat","background-position":"center center","background-size":"auto","background-attachment":"scroll","background-type":"","background-media":"","overlay-type":"","overlay-color":"","overlay-opacity":"","overlay-gradient":""},"tablet":{"background-color":"","background-image":"","background-repeat":"repeat","background-position":"center center","background-size":"auto","background-attachment":"scroll","background-type":"","background-media":"","overlay-type":"","overlay-color":"","overlay-opacity":"","overlay-gradient":""},"mobile":{"background-color":"","background-image":"","background-repeat":"repeat","background-position":"center center","background-size":"auto","background-attachment":"scroll","background-type":"","background-media":"","overlay-type":"","overlay-color":"","overlay-opacity":"","overlay-gradient":""}},"ast-content-background-meta":{"desktop":{"background-color":"var(--ast-global-color-5)","background-image":"","background-repeat":"repeat","background-position":"center center","background-size":"auto","background-attachment":"scroll","background-type":"","background-media":"","overlay-type":"","overlay-color":"","overlay-opacity":"","overlay-gradient":""},"tablet":{"background-color":"var(--ast-global-color-5)","background-image":"","background-repeat":"repeat","background-position":"center center","background-size":"auto","background-attachment":"scroll","background-type":"","background-media":"","overlay-type":"","overlay-color":"","overlay-opacity":"","overlay-gradient":""},"mobile":{"background-color":"var(--ast-global-color-5)","background-image":"","background-repeat":"repeat","background-position":"center center","background-size":"auto","background-attachment":"scroll","background-type":"","background-media":"","overlay-type":"","overlay-color":"","overlay-opacity":"","overlay-gradient":""}},"footnotes":""},"categories":[4612,2910,2918],"tags":[2912,9829,9830],"ppma_author":[5373],"class_list":["post-141214","post","type-post","status-publish","format-standard","has-post-thumbnail","hentry","category-baleares-en","category-current-news","category-ibiza-en","tag-actualidad-3-en","tag-nautica","tag-nautical-schools"],"acf":[],"yoast_head":"<!-- This site is optimized with the Yoast SEO plugin v27.4 - https:\/\/yoast.com\/product\/yoast-seo-wordpress\/ -->\n<title>Nautical schools of Ibiza agree with the Govern the examination calendar for 2026 - La Voz De Ibiza<\/title>\n<meta name=\"description\" content=\"Training centers of the island participated in the regional meeting that defined the dates of the tests to obtain recreational boating qualifications.\" \/>\n<meta name=\"robots\" content=\"index, follow, max-snippet:-1, max-image-preview:large, max-video-preview:-1\" \/>\n<link rel=\"canonical\" href=\"https:\/\/lavozdeibiza.com\/en\/current-news\/nautical-schools-of-ibiza-agree-with-the-govern-the-examination-calendar-for-2026\/\" \/>\n<meta property=\"og:locale\" content=\"en_US\" \/>\n<meta property=\"og:type\" content=\"article\" \/>\n<meta property=\"og:title\" content=\"Nautical schools of Ibiza agree with the Govern the examination calendar for 2026 - La Voz De Ibiza\" \/>\n<meta property=\"og:description\" content=\"Training centers of the island participated in the regional meeting that defined the dates of the tests to obtain recreational boating qualifications.\" \/>\n<meta property=\"og:url\" content=\"https:\/\/lavozdeibiza.com\/en\/current-news\/nautical-schools-of-ibiza-agree-with-the-govern-the-examination-calendar-for-2026\/\" \/>\n<meta property=\"og:site_name\" content=\"La Voz De Ibiza\" \/>\n<meta property=\"article:published_time\" content=\"2025-11-30T14:06:53+00:00\" \/>\n<meta property=\"og:image\" content=\"https:\/\/lavozdeibiza.com\/wp-content\/uploads\/2025\/11\/fotonoticia_20251130114547_1920.jpg\" \/>\n\t<meta property=\"og:image:width\" content=\"1280\" \/>\n\t<meta property=\"og:image:height\" content=\"960\" \/>\n\t<meta property=\"og:image:type\" content=\"image\/jpeg\" \/>\n<meta name=\"author\" content=\"David Flier\" \/>\n<meta name=\"twitter:card\" content=\"summary_large_image\" \/>\n<meta name=\"twitter:creator\" content=\"@vozdeibiza\" \/>\n<meta name=\"twitter:site\" content=\"@vozdeibiza\" \/>\n<meta name=\"twitter:label1\" content=\"Written by\" \/>\n\t<meta name=\"twitter:data1\" content=\"David Flier\" \/>\n\t<meta name=\"twitter:label2\" content=\"Est. reading time\" \/>\n\t<meta name=\"twitter:data2\" content=\"2 minutes\" \/>\n<script type=\"application\/ld+json\" class=\"yoast-schema-graph\">{\"@context\":\"https:\\\/\\\/schema.org\",\"@graph\":[{\"@type\":\"NewsArticle\",\"@id\":\"https:\\\/\\\/lavozdeibiza.com\\\/en\\\/current-news\\\/nautical-schools-of-ibiza-agree-with-the-govern-the-examination-calendar-for-2026\\\/#article\",\"isPartOf\":{\"@id\":\"https:\\\/\\\/lavozdeibiza.com\\\/en\\\/current-news\\\/nautical-schools-of-ibiza-agree-with-the-govern-the-examination-calendar-for-2026\\\/\"},\"author\":{\"name\":\"David Flier\",\"@id\":\"https:\\\/\\\/lavozdeibiza.com\\\/en\\\/#\\\/schema\\\/person\\\/a3db4b4018c4d252faa654b1ae0f6ff6\"},\"headline\":\"Nautical schools of Ibiza agree with the Govern the examination calendar for 2026\",\"datePublished\":\"2025-11-30T14:06:53+00:00\",\"mainEntityOfPage\":{\"@id\":\"https:\\\/\\\/lavozdeibiza.com\\\/en\\\/current-news\\\/nautical-schools-of-ibiza-agree-with-the-govern-the-examination-calendar-for-2026\\\/\"},\"wordCount\":349,\"publisher\":{\"@id\":\"https:\\\/\\\/lavozdeibiza.com\\\/en\\\/#organization\"},\"image\":{\"@id\":\"https:\\\/\\\/lavozdeibiza.com\\\/en\\\/current-news\\\/nautical-schools-of-ibiza-agree-with-the-govern-the-examination-calendar-for-2026\\\/#primaryimage\"},\"thumbnailUrl\":\"https:\\\/\\\/lavozdeibiza.com\\\/wp-content\\\/uploads\\\/2025\\\/11\\\/fotonoticia_20251130114547_1920.jpg\",\"keywords\":[\"Actualidad 3\",\"Nautica\",\"nautical schools\"],\"articleSection\":[\"BALEARES\",\"CURRENT NEWS\",\"IBIZA\"],\"inLanguage\":\"en-US\"},{\"@type\":[\"WebPage\",\"ItemPage\"],\"@id\":\"https:\\\/\\\/lavozdeibiza.com\\\/en\\\/current-news\\\/nautical-schools-of-ibiza-agree-with-the-govern-the-examination-calendar-for-2026\\\/\",\"url\":\"https:\\\/\\\/lavozdeibiza.com\\\/en\\\/current-news\\\/nautical-schools-of-ibiza-agree-with-the-govern-the-examination-calendar-for-2026\\\/\",\"name\":\"Nautical schools of Ibiza agree with the Govern the examination calendar for 2026 - La Voz De Ibiza\",\"isPartOf\":{\"@id\":\"https:\\\/\\\/lavozdeibiza.com\\\/en\\\/#website\"},\"primaryImageOfPage\":{\"@id\":\"https:\\\/\\\/lavozdeibiza.com\\\/en\\\/current-news\\\/nautical-schools-of-ibiza-agree-with-the-govern-the-examination-calendar-for-2026\\\/#primaryimage\"},\"image\":{\"@id\":\"https:\\\/\\\/lavozdeibiza.com\\\/en\\\/current-news\\\/nautical-schools-of-ibiza-agree-with-the-govern-the-examination-calendar-for-2026\\\/#primaryimage\"},\"thumbnailUrl\":\"https:\\\/\\\/lavozdeibiza.com\\\/wp-content\\\/uploads\\\/2025\\\/11\\\/fotonoticia_20251130114547_1920.jpg\",\"datePublished\":\"2025-11-30T14:06:53+00:00\",\"description\":\"Training centers of the island participated in the regional meeting that defined the dates of the tests to obtain recreational boating qualifications.\",\"breadcrumb\":{\"@id\":\"https:\\\/\\\/lavozdeibiza.com\\\/en\\\/current-news\\\/nautical-schools-of-ibiza-agree-with-the-govern-the-examination-calendar-for-2026\\\/#breadcrumb\"},\"inLanguage\":\"en-US\",\"potentialAction\":[{\"@type\":\"ReadAction\",\"target\":[\"https:\\\/\\\/lavozdeibiza.com\\\/en\\\/current-news\\\/nautical-schools-of-ibiza-agree-with-the-govern-the-examination-calendar-for-2026\\\/\"]}]},{\"@type\":\"ImageObject\",\"inLanguage\":\"en-US\",\"@id\":\"https:\\\/\\\/lavozdeibiza.com\\\/en\\\/current-news\\\/nautical-schools-of-ibiza-agree-with-the-govern-the-examination-calendar-for-2026\\\/#primaryimage\",\"url\":\"https:\\\/\\\/lavozdeibiza.com\\\/wp-content\\\/uploads\\\/2025\\\/11\\\/fotonoticia_20251130114547_1920.jpg\",\"contentUrl\":\"https:\\\/\\\/lavozdeibiza.com\\\/wp-content\\\/uploads\\\/2025\\\/11\\\/fotonoticia_20251130114547_1920.jpg\",\"width\":1280,\"height\":960,\"caption\":\"30\\\/11\\\/2025 Reuni\u00f3n anual de la Direcci\u00f3n General de Puertos y Transporte Mar\u00edtimo con las escuelas n\u00e1uticas por el calendario de ex\u00e1menes de 2026 POLITICA CAIB\"},{\"@type\":\"BreadcrumbList\",\"@id\":\"https:\\\/\\\/lavozdeibiza.com\\\/en\\\/current-news\\\/nautical-schools-of-ibiza-agree-with-the-govern-the-examination-calendar-for-2026\\\/#breadcrumb\",\"itemListElement\":[{\"@type\":\"ListItem\",\"position\":1,\"name\":\"Portada\",\"item\":\"https:\\\/\\\/lavozdeibiza.com\\\/en\\\/\"},{\"@type\":\"ListItem\",\"position\":2,\"name\":\"Nautical schools of Ibiza agree with the Govern the examination calendar for 2026\"}]},{\"@type\":\"WebSite\",\"@id\":\"https:\\\/\\\/lavozdeibiza.com\\\/en\\\/#website\",\"url\":\"https:\\\/\\\/lavozdeibiza.com\\\/en\\\/\",\"name\":\"La Voz de Ibiza\",\"description\":\"Diario de informaci\u00f3n actualidad y noticias de Ibiza. Todas las noticias de los municipios de Ibiza\",\"publisher\":{\"@id\":\"https:\\\/\\\/lavozdeibiza.com\\\/en\\\/#organization\"},\"potentialAction\":[{\"@type\":\"SearchAction\",\"target\":{\"@type\":\"EntryPoint\",\"urlTemplate\":\"https:\\\/\\\/lavozdeibiza.com\\\/en\\\/?s={search_term_string}\"},\"query-input\":{\"@type\":\"PropertyValueSpecification\",\"valueRequired\":true,\"valueName\":\"search_term_string\"}}],\"inLanguage\":\"en-US\"},{\"@type\":[\"Organization\",\"NewsMediaOrganization\"],\"@id\":\"https:\\\/\\\/lavozdeibiza.com\\\/en\\\/#organization\",\"name\":\"La Voz de Ibiza\",\"url\":\"https:\\\/\\\/lavozdeibiza.com\\\/en\\\/\",\"logo\":{\"@type\":\"ImageObject\",\"inLanguage\":\"en-US\",\"@id\":\"https:\\\/\\\/lavozdeibiza.com\\\/en\\\/#\\\/schema\\\/logo\\\/image\\\/\",\"url\":\"https:\\\/\\\/lavozdeibiza.com\\\/wp-content\\\/uploads\\\/2023\\\/10\\\/logo-lvib-grande.jpg\",\"contentUrl\":\"https:\\\/\\\/lavozdeibiza.com\\\/wp-content\\\/uploads\\\/2023\\\/10\\\/logo-lvib-grande.jpg\",\"width\":1500,\"height\":1000,\"caption\":\"La Voz de Ibiza\"},\"image\":{\"@id\":\"https:\\\/\\\/lavozdeibiza.com\\\/en\\\/#\\\/schema\\\/logo\\\/image\\\/\"},\"sameAs\":[\"https:\\\/\\\/x.com\\\/vozdeibiza\",\"https:\\\/\\\/www.instagram.com\\\/lavozibiza\\\/\"]},{\"@type\":\"Person\",\"@id\":\"https:\\\/\\\/lavozdeibiza.com\\\/en\\\/#\\\/schema\\\/person\\\/a3db4b4018c4d252faa654b1ae0f6ff6\",\"name\":\"David Flier\",\"image\":{\"@type\":\"ImageObject\",\"inLanguage\":\"en-US\",\"@id\":\"https:\\\/\\\/secure.gravatar.com\\\/avatar\\\/c63945118a23a519422b93a94be466f40284c9baf22554f733eae2d07fa3af0f?s=96&d=mm&r=g65d099881cf48f956cd824201fb35f72\",\"url\":\"https:\\\/\\\/secure.gravatar.com\\\/avatar\\\/c63945118a23a519422b93a94be466f40284c9baf22554f733eae2d07fa3af0f?s=96&d=mm&r=g\",\"contentUrl\":\"https:\\\/\\\/secure.gravatar.com\\\/avatar\\\/c63945118a23a519422b93a94be466f40284c9baf22554f733eae2d07fa3af0f?s=96&d=mm&r=g\",\"caption\":\"David Flier\"},\"url\":\"https:\\\/\\\/lavozdeibiza.com\\\/en\\\/author\\\/dflier\\\/\"},{\"@type\":\"SiteNavigationElement\",\"@id\":\"https:\\\/\\\/lavozdeibiza.com\\\/en\\\/#site-navigation\",\"cssSelector\":[\".cib-main-menu\"]},{\"@type\":\"WPHeader\",\"@id\":\"https:\\\/\\\/lavozdeibiza.com\\\/en\\\/#header\",\"cssSelector\":[\".cib-header\"]},{\"@type\":\"WPFooter\",\"@id\":\"https:\\\/\\\/lavozdeibiza.com\\\/en\\\/#footer\",\"cssSelector\":[\".cib-footer\"]}]}<\/script>\n<!-- \/ Yoast SEO plugin. -->","yoast_head_json":{"title":"Nautical schools of Ibiza agree with the Govern the examination calendar for 2026 - La Voz De Ibiza","description":"Training centers of the island participated in the regional meeting that defined the dates of the tests to obtain recreational boating qualifications.","robots":{"index":"index","follow":"follow","max-snippet":"max-snippet:-1","max-image-preview":"max-image-preview:large","max-video-preview":"max-video-preview:-1"},"canonical":"https:\/\/lavozdeibiza.com\/en\/current-news\/nautical-schools-of-ibiza-agree-with-the-govern-the-examination-calendar-for-2026\/","og_locale":"en_US","og_type":"article","og_title":"Nautical schools of Ibiza agree with the Govern the examination calendar for 2026 - La Voz De Ibiza","og_description":"Training centers of the island participated in the regional meeting that defined the dates of the tests to obtain recreational boating qualifications.","og_url":"https:\/\/lavozdeibiza.com\/en\/current-news\/nautical-schools-of-ibiza-agree-with-the-govern-the-examination-calendar-for-2026\/","og_site_name":"La Voz De Ibiza","article_published_time":"2025-11-30T14:06:53+00:00","og_image":[{"width":1280,"height":960,"url":"https:\/\/lavozdeibiza.com\/wp-content\/uploads\/2025\/11\/fotonoticia_20251130114547_1920.jpg","type":"image\/jpeg"}],"author":"David Flier","twitter_card":"summary_large_image","twitter_creator":"@vozdeibiza","twitter_site":"@vozdeibiza","twitter_misc":{"Written by":"David Flier","Est. reading time":"2 minutes"},"schema":{"@context":"https:\/\/schema.org","@graph":[{"@type":"NewsArticle","@id":"https:\/\/lavozdeibiza.com\/en\/current-news\/nautical-schools-of-ibiza-agree-with-the-govern-the-examination-calendar-for-2026\/#article","isPartOf":{"@id":"https:\/\/lavozdeibiza.com\/en\/current-news\/nautical-schools-of-ibiza-agree-with-the-govern-the-examination-calendar-for-2026\/"},"author":{"name":"David Flier","@id":"https:\/\/lavozdeibiza.com\/en\/#\/schema\/person\/a3db4b4018c4d252faa654b1ae0f6ff6"},"headline":"Nautical schools of Ibiza agree with the Govern the examination calendar for 2026","datePublished":"2025-11-30T14:06:53+00:00","mainEntityOfPage":{"@id":"https:\/\/lavozdeibiza.com\/en\/current-news\/nautical-schools-of-ibiza-agree-with-the-govern-the-examination-calendar-for-2026\/"},"wordCount":349,"publisher":{"@id":"https:\/\/lavozdeibiza.com\/en\/#organization"},"image":{"@id":"https:\/\/lavozdeibiza.com\/en\/current-news\/nautical-schools-of-ibiza-agree-with-the-govern-the-examination-calendar-for-2026\/#primaryimage"},"thumbnailUrl":"https:\/\/lavozdeibiza.com\/wp-content\/uploads\/2025\/11\/fotonoticia_20251130114547_1920.jpg","keywords":["Actualidad 3","Nautica","nautical schools"],"articleSection":["BALEARES","CURRENT NEWS","IBIZA"],"inLanguage":"en-US"},{"@type":["WebPage","ItemPage"],"@id":"https:\/\/lavozdeibiza.com\/en\/current-news\/nautical-schools-of-ibiza-agree-with-the-govern-the-examination-calendar-for-2026\/","url":"https:\/\/lavozdeibiza.com\/en\/current-news\/nautical-schools-of-ibiza-agree-with-the-govern-the-examination-calendar-for-2026\/","name":"Nautical schools of Ibiza agree with the Govern the examination calendar for 2026 - La Voz De Ibiza","isPartOf":{"@id":"https:\/\/lavozdeibiza.com\/en\/#website"},"primaryImageOfPage":{"@id":"https:\/\/lavozdeibiza.com\/en\/current-news\/nautical-schools-of-ibiza-agree-with-the-govern-the-examination-calendar-for-2026\/#primaryimage"},"image":{"@id":"https:\/\/lavozdeibiza.com\/en\/current-news\/nautical-schools-of-ibiza-agree-with-the-govern-the-examination-calendar-for-2026\/#primaryimage"},"thumbnailUrl":"https:\/\/lavozdeibiza.com\/wp-content\/uploads\/2025\/11\/fotonoticia_20251130114547_1920.jpg","datePublished":"2025-11-30T14:06:53+00:00","description":"Training centers of the island participated in the regional meeting that defined the dates of the tests to obtain recreational boating qualifications.","breadcrumb":{"@id":"https:\/\/lavozdeibiza.com\/en\/current-news\/nautical-schools-of-ibiza-agree-with-the-govern-the-examination-calendar-for-2026\/#breadcrumb"},"inLanguage":"en-US","potentialAction":[{"@type":"ReadAction","target":["https:\/\/lavozdeibiza.com\/en\/current-news\/nautical-schools-of-ibiza-agree-with-the-govern-the-examination-calendar-for-2026\/"]}]},{"@type":"ImageObject","inLanguage":"en-US","@id":"https:\/\/lavozdeibiza.com\/en\/current-news\/nautical-schools-of-ibiza-agree-with-the-govern-the-examination-calendar-for-2026\/#primaryimage","url":"https:\/\/lavozdeibiza.com\/wp-content\/uploads\/2025\/11\/fotonoticia_20251130114547_1920.jpg","contentUrl":"https:\/\/lavozdeibiza.com\/wp-content\/uploads\/2025\/11\/fotonoticia_20251130114547_1920.jpg","width":1280,"height":960,"caption":"30\/11\/2025 Reuni\u00f3n anual de la Direcci\u00f3n General de Puertos y Transporte Mar\u00edtimo con las escuelas n\u00e1uticas por el calendario de ex\u00e1menes de 2026 POLITICA CAIB"},{"@type":"BreadcrumbList","@id":"https:\/\/lavozdeibiza.com\/en\/current-news\/nautical-schools-of-ibiza-agree-with-the-govern-the-examination-calendar-for-2026\/#breadcrumb","itemListElement":[{"@type":"ListItem","position":1,"name":"Portada","item":"https:\/\/lavozdeibiza.com\/en\/"},{"@type":"ListItem","position":2,"name":"Nautical schools of Ibiza agree with the Govern the examination calendar for 2026"}]},{"@type":"WebSite","@id":"https:\/\/lavozdeibiza.com\/en\/#website","url":"https:\/\/lavozdeibiza.com\/en\/","name":"La Voz de Ibiza","description":"Diario de informaci\u00f3n actualidad y noticias de Ibiza. Todas las noticias de los municipios de Ibiza","publisher":{"@id":"https:\/\/lavozdeibiza.com\/en\/#organization"},"potentialAction":[{"@type":"SearchAction","target":{"@type":"EntryPoint","urlTemplate":"https:\/\/lavozdeibiza.com\/en\/?s={search_term_string}"},"query-input":{"@type":"PropertyValueSpecification","valueRequired":true,"valueName":"search_term_string"}}],"inLanguage":"en-US"},{"@type":["Organization","NewsMediaOrganization"],"@id":"https:\/\/lavozdeibiza.com\/en\/#organization","name":"La Voz de Ibiza","url":"https:\/\/lavozdeibiza.com\/en\/","logo":{"@type":"ImageObject","inLanguage":"en-US","@id":"https:\/\/lavozdeibiza.com\/en\/#\/schema\/logo\/image\/","url":"https:\/\/lavozdeibiza.com\/wp-content\/uploads\/2023\/10\/logo-lvib-grande.jpg","contentUrl":"https:\/\/lavozdeibiza.com\/wp-content\/uploads\/2023\/10\/logo-lvib-grande.jpg","width":1500,"height":1000,"caption":"La Voz de Ibiza"},"image":{"@id":"https:\/\/lavozdeibiza.com\/en\/#\/schema\/logo\/image\/"},"sameAs":["https:\/\/x.com\/vozdeibiza","https:\/\/www.instagram.com\/lavozibiza\/"]},{"@type":"Person","@id":"https:\/\/lavozdeibiza.com\/en\/#\/schema\/person\/a3db4b4018c4d252faa654b1ae0f6ff6","name":"David Flier","image":{"@type":"ImageObject","inLanguage":"en-US","@id":"https:\/\/secure.gravatar.com\/avatar\/c63945118a23a519422b93a94be466f40284c9baf22554f733eae2d07fa3af0f?s=96&d=mm&r=g65d099881cf48f956cd824201fb35f72","url":"https:\/\/secure.gravatar.com\/avatar\/c63945118a23a519422b93a94be466f40284c9baf22554f733eae2d07fa3af0f?s=96&d=mm&r=g","contentUrl":"https:\/\/secure.gravatar.com\/avatar\/c63945118a23a519422b93a94be466f40284c9baf22554f733eae2d07fa3af0f?s=96&d=mm&r=g","caption":"David Flier"},"url":"https:\/\/lavozdeibiza.com\/en\/author\/dflier\/"},{"@type":"SiteNavigationElement","@id":"https:\/\/lavozdeibiza.com\/en\/#site-navigation","cssSelector":[".cib-main-menu"]},{"@type":"WPHeader","@id":"https:\/\/lavozdeibiza.com\/en\/#header","cssSelector":[".cib-header"]},{"@type":"WPFooter","@id":"https:\/\/lavozdeibiza.com\/en\/#footer","cssSelector":[".cib-footer"]}]}},"authors":[{"term_id":5373,"user_id":26,"is_guest":0,"slug":"dflier","display_name":"David Flier","avatar_url":"https:\/\/secure.gravatar.com\/avatar\/c63945118a23a519422b93a94be466f40284c9baf22554f733eae2d07fa3af0f?s=96&d=mm&r=g","0":null,"1":"","2":"","3":"","4":"","5":"","6":"","7":"","8":"","9":"","10":""}],"_links":{"self":[{"href":"https:\/\/lavozdeibiza.com\/en\/wp-json\/wp\/v2\/posts\/141214","targetHints":{"allow":["GET"]}}],"collection":[{"href":"https:\/\/lavozdeibiza.com\/en\/wp-json\/wp\/v2\/posts"}],"about":[{"href":"https:\/\/lavozdeibiza.com\/en\/wp-json\/wp\/v2\/types\/post"}],"author":[{"embeddable":true,"href":"https:\/\/lavozdeibiza.com\/en\/wp-json\/wp\/v2\/users\/26"}],"replies":[{"embeddable":true,"href":"https:\/\/lavozdeibiza.com\/en\/wp-json\/wp\/v2\/comments?post=141214"}],"version-history":[{"count":0,"href":"https:\/\/lavozdeibiza.com\/en\/wp-json\/wp\/v2\/posts\/141214\/revisions"}],"wp:featuredmedia":[{"embeddable":true,"href":"https:\/\/lavozdeibiza.com\/en\/wp-json\/wp\/v2\/media\/141212"}],"wp:attachment":[{"href":"https:\/\/lavozdeibiza.com\/en\/wp-json\/wp\/v2\/media?parent=141214"}],"wp:term":[{"taxonomy":"category","embeddable":true,"href":"https:\/\/lavozdeibiza.com\/en\/wp-json\/wp\/v2\/categories?post=141214"},{"taxonomy":"post_tag","embeddable":true,"href":"https:\/\/lavozdeibiza.com\/en\/wp-json\/wp\/v2\/tags?post=141214"},{"taxonomy":"author","embeddable":true,"href":"https:\/\/lavozdeibiza.com\/en\/wp-json\/wp\/v2\/ppma_author?post=141214"}],"curies":[{"name":"wp","href":"https:\/\/api.w.org\/{rel}","templated":true}]}}