{"id":141245,"date":"2025-12-01T05:38:39","date_gmt":"2025-12-01T04:38:39","guid":{"rendered":"https:\/\/lavozdeibiza.com\/sin-categorizar\/ibiza-far-from-the-bilingual-education-standard-set-by-tsjib-rulings\/"},"modified":"2025-12-01T05:38:39","modified_gmt":"2025-12-01T04:38:39","slug":"ibiza-far-from-the-bilingual-education-standard-set-by-tsjib-rulings","status":"publish","type":"post","link":"https:\/\/lavozdeibiza.com\/en\/current-news\/ibiza-far-from-the-bilingual-education-standard-set-by-tsjib-rulings\/","title":{"rendered":"Ibiza, far from the bilingual education standard set by TSJIB rulings"},"content":{"rendered":"<p><strong>The High Court of Justice of the Balearic Islands (TSJIB)<\/strong> has established that the Administration must guarantee <strong>that families can choose, in their municipality or school area, at least one center supported with public funds where the vehicular language is not only Catalan<\/strong>. In Ibiza, the reality is far from that standard: the bilingual offer is concentrated in <g id=\"gid_2\">four charter schools and no public center has adopted a linguistic project along these lines<\/g>. All this while the Govern defends that its &#8220;model of linguistic conjunction&#8221; already complies with the sentences.  <\/p>\n<ul>\n<li>\n<h4><a href=\"https:\/\/lavozdeibiza.com\/en\/current-news\/the-experience-of-a-school-in-ibiza-with-the-free-choice-of-language-plan-it-has-improved-performance\/\">The experience of a school in Ibiza with the free choice of language plan: &#8220;It has improved performance&#8221;.<\/a><\/h4>\n<\/li>\n<\/ul>\n<h2><strong>What the TSJIB says<\/strong><\/h2>\n<p>The three key rulings of the TSJIB -247\/2024, 404\/2025 and 426\/2025- go in the same direction: they reject importing to the Balearic Islands the model of 25% minimum hours in Spanish set by the Catalan courts and accept, in the abstract, the model of <strong data-start=\"453\" data-end=\"479\">linguistic conjunction of<\/strong> the LEIB, which allows Catalan to be the majority language in the classrooms.<\/p>\n<p>But at the same time they set a clear limit: <strong>the conjunction cannot remain an empty formula<\/strong>. The Court warns that there would be a problem if, in practice, all the options available to a family were centers where the only vehicular language is Catalan. <\/p>\n<p>In this case, he says, <strong>the Administration must guarantee that there is at least one center supported with public funds -preferably public- in the municipality or school zone where Castilian is also the language of instruction<\/strong>, and use its supervisory powers to make this possible even if it clashes with the autonomy of the centers.<\/p>\n<h2><strong>The reality in Ibiza: a pilot plan in the subsidized education system and a vacuum in the public network<\/strong><\/h2>\n<p>On paper, the Govern&#8217;s star instrument to visualize the conjunction is the <strong>Voluntary Pilot Plan for Free Choice of Language<\/strong>, approved in 2024 and developed from the 2024-25 school year. The program allows publicly funded schools to offer families the possibility of teaching certain core subjects (such as Mathematics or Knowledge of the Environment) in Catalan or Spanish, while maintaining a minimum of 50% of the timetable in Catalan. <\/p>\n<p>In practice, however, deployment has been very limited and has been concentrated in the public network:<\/p>\n<ul>\n<li><strong>Course 2024-25<\/strong>: eleven centers of the Balearic Islands adhere to the plan, <strong>all of them subsidized and none public<\/strong>, <a href=\"https:\/\/lavozdeibiza.com\/actualidad\/tres-colegios-de-ibiza-se-suman-al-plan-piloto-de-libre-eleccion-de-lengua\/\">including three schools in Ibiza<\/a>: Can Bonet (Sant Antoni), Mare de D\u00e9u de les Neus (Sant Jordi) and Nuestra Se\u00f1ora de la Consolaci\u00f3n (Ibiza). According to data published by the Conselleria itself and collected by <strong>La Voz de Ibiza<\/strong>, <strong>597 students from three public schools on the island<\/strong> participated that year in the free choice of language plan. <\/li>\n<li><strong>Year 2025-26<\/strong>: the Government reported that <strong>19 centers<\/strong> have applied to join the plan in the different stages; among the new applications is the Sa Real school, also subsidized, in Ibiza.<\/li>\n<\/ul>\n<p>However, <strong>there is no public school or high school in Ibiza among the centers adhered to the Pilot Plan<\/strong>.<\/p>\n<p>In addition, the Conselleria <strong>has not made public<\/strong> a list of public schools that, outside the pilot plan, significantly teach non-linguistic subjects in Castilian as a vehicular language. As far as families are concerned, the only visible and structured offer of education in Spanish as a vehicular language is concentrated in four schools in Vila, Sant Antoni and Sant Jordi. <\/p>\n<p>That is to say, in municipalities such as <strong>Santa Eul\u00e0ria des Riu<\/strong> or <strong>Sant Joan de Labritja<\/strong>, families cannot opt for any center supported with public funds within their territory where they can school their children in a model in which Spanish is a vehicular language.<\/p>\n<ul>\n<li>\n<h4><a href=\"https:\/\/lavozdeibiza.com\/en\/current-news\/nearly-one-thousand-students-in-ibiza-enjoy-free-choice-of-the-vehicular-language\/?swcfpc=1\">Nearly 600 students in Ibiza enjoy free choice of the vehicular language<\/a><\/h4>\n<\/li>\n<\/ul>\n<h2><strong>Offer real options<\/strong><\/h2>\n<p>For the teachers&#8217; association  <strong>PLIS. Education, please <\/strong>The key is not in the 25% -which the TSJIB expressly discards- but in the Government&#8217;s obligation to <strong>create a real network of bilingual centers<\/strong>.<\/p>\n<p>In an interview with this newspaper, its spokesman <strong>Juli\u00e1n Ruiz-Bravo<\/strong> summarizes the practical scope of rulings 247\/2024, 404\/2025 and 426\/2025:<\/p>\n<ul>\n<li>The TSJIB <strong>does not recognize an automatic right for the specific center where the student studies to change its linguistic project<\/strong>, nor does it impose a fixed percentage of Spanish.<\/li>\n<li>But <strong>it does say<\/strong> that the Administration must guarantee that, in each municipality or school zone, there are <strong>enough centers supported with public funds<\/strong> -and it especially emphasizes the public ones- where Catalan and Spanish are vehicular languages, without expelling Spanish from the classroom.<\/li>\n<li>And he recalls that the <strong>autonomy of the center &#8220;is not absolute&#8221;:<\/strong> if it conflicts with the right of parents to bilingual education, the latter must prevail.<\/li>\n<\/ul>\n<p>According to Ruiz Bravo, this has very concrete consequences: the Conselleria should indicate which centers in each municipality really offer a bilingual model, publish that list before the admission period and allow parents who choose those centers to have priority for linguistic reasons.<\/p>\n<p>PLIS is categorical about the Pilot Plan. It defines it as a &#8220;trompe l&#8217;oeil&#8221; because: <\/p>\n<ul>\n<li>is voluntary and depends on the will of each faculty,<\/li>\n<li>In its first editions, <strong>it was only applied in subsidized centers<\/strong>,<\/li>\n<li>and, in no case, has it been proposed as a direct response to the obligation to guarantee a minimum network of bilingual centers per municipality.<\/li>\n<\/ul>\n<p>Ruiz Bravo admits that the rulings are recent and that, in a reasonable interpretation, the measures to adapt could be deployed for the next academic year, when the student admission period opens. But, as of today, the Conselleria d&#8217;Educaci\u00f3 i Universitats has not announced any change in that sense nor has it advanced that it is going to indicate bilingual centers by municipalities or to give priority of access to the families that choose them for linguistic reasons. <\/p>\n<h2>The Government&#8217;s position<\/h2>\n<p>In fact, <strong>the Conselleria maintains that its policy is already in line with what the justice system demands<\/strong>. In a first response to this newspaper, the department stressed that &#8220;the TSJIB rejects that 25% of the teaching time is taught in Castilian and that some educational centers establish Catalan as the only vehicular language does not imply the constitutional bankruptcy of the Balearic educational model&#8221; and that the ruling &#8220;supports that the model of linguistic conjunction applied in the Balearic Islands is correct&#8221;. <\/p>\n<p>The Regional Ministry also insists that its obligation is that, at the end of compulsory education, all students should be proficient in both languages, and points to other compensation mechanisms: the right to receive their first education in the official family language, language welcome programs for late entrants, specific reinforcement, etc.<\/p>\n<p>However, the Government has not confirmed initiatives, beyond the pilot plan, to<strong> territorially guarantee<\/strong> the existence of centers -public or subsidized- where Spanish is also the vehicular language.<\/p>\n<p>The Govern defends the <strong>Voluntary Pilot Plan of Free Choice of Language<\/strong> as proof that new options are being offered and recalls that participation is growing. But it has not announced any specific plan to incorporate <strong>public centers<\/strong> into the program, nor to identify and publicize which centers meet the standard that the TSJIB itself links to the validity of the conjunction model. <\/p>\n<p>Ruiz-Bravo disagrees: <strong>&#8220;If the Administration says that it is not bound by this ruling, it is telling a lie. The ruling is very clear.<\/strong><\/p>\n","protected":false},"excerpt":{"rendered":"<p>Only four charter schools on the island offer groups with Spanish as the vehicular language, no public center has joined and the Govern maintains that its model already complies with the law and court rulings.  <\/p>\n","protected":false},"author":26,"featured_media":84132,"comment_status":"closed","ping_status":"closed","sticky":false,"template":"","format":"standard","meta":{"_acf_changed":false,"site-sidebar-layout":"default","site-content-layout":"","ast-site-content-layout":"default","site-content-style":"default","site-sidebar-style":"default","ast-global-header-display":"","ast-banner-title-visibility":"","ast-main-header-display":"","ast-hfb-above-header-display":"","ast-hfb-below-header-display":"","ast-hfb-mobile-header-display":"","site-post-title":"","ast-breadcrumbs-content":"","ast-featured-img":"","footer-sml-layout":"","ast-disable-related-posts":"","theme-transparent-header-meta":"default","adv-header-id-meta":"","stick-header-meta":"","header-above-stick-meta":"","header-main-stick-meta":"","header-below-stick-meta":"","astra-migrate-meta-layouts":"default","ast-page-background-enabled":"default","ast-page-background-meta":{"desktop":{"background-color":"var(--ast-global-color-4)","background-image":"","background-repeat":"repeat","background-position":"center center","background-size":"auto","background-attachment":"scroll","background-type":"","background-media":"","overlay-type":"","overlay-color":"","overlay-opacity":"","overlay-gradient":""},"tablet":{"background-color":"","background-image":"","background-repeat":"repeat","background-position":"center center","background-size":"auto","background-attachment":"scroll","background-type":"","background-media":"","overlay-type":"","overlay-color":"","overlay-opacity":"","overlay-gradient":""},"mobile":{"background-color":"","background-image":"","background-repeat":"repeat","background-position":"center center","background-size":"auto","background-attachment":"scroll","background-type":"","background-media":"","overlay-type":"","overlay-color":"","overlay-opacity":"","overlay-gradient":""}},"ast-content-background-meta":{"desktop":{"background-color":"var(--ast-global-color-5)","background-image":"","background-repeat":"repeat","background-position":"center center","background-size":"auto","background-attachment":"scroll","background-type":"","background-media":"","overlay-type":"","overlay-color":"","overlay-opacity":"","overlay-gradient":""},"tablet":{"background-color":"var(--ast-global-color-5)","background-image":"","background-repeat":"repeat","background-position":"center center","background-size":"auto","background-attachment":"scroll","background-type":"","background-media":"","overlay-type":"","overlay-color":"","overlay-opacity":"","overlay-gradient":""},"mobile":{"background-color":"var(--ast-global-color-5)","background-image":"","background-repeat":"repeat","background-position":"center center","background-size":"auto","background-attachment":"scroll","background-type":"","background-media":"","overlay-type":"","overlay-color":"","overlay-opacity":"","overlay-gradient":""}},"footnotes":""},"categories":[2910,2918],"tags":[9841,2920,5727,5566,5635],"ppma_author":[5373],"class_list":["post-141245","post","type-post","status-publish","format-standard","has-post-thumbnail","hentry","category-current-news","category-ibiza-en","tag-actualdiad-2","tag-actualidad-1-en-2","tag-department-of-education-and-universities","tag-education","tag-free-choice-of-language"],"acf":[],"yoast_head":"<!-- This site is optimized with the Yoast SEO plugin v27.4 - https:\/\/yoast.com\/product\/yoast-seo-wordpress\/ -->\n<title>Ibiza, far from the bilingual education standard set by TSJIB rulings - La Voz De Ibiza<\/title>\n<meta name=\"description\" content=\"Only four charter schools on the island offer groups with Spanish as the vehicular language, no public center has joined and the Govern maintains that its model already complies with the law and court rulings.\" \/>\n<meta name=\"robots\" content=\"index, follow, max-snippet:-1, max-image-preview:large, max-video-preview:-1\" \/>\n<link rel=\"canonical\" href=\"https:\/\/lavozdeibiza.com\/en\/current-news\/ibiza-far-from-the-bilingual-education-standard-set-by-tsjib-rulings\/\" \/>\n<meta property=\"og:locale\" content=\"en_US\" \/>\n<meta property=\"og:type\" content=\"article\" \/>\n<meta property=\"og:title\" content=\"Ibiza, far from the bilingual education standard set by TSJIB rulings - La Voz De Ibiza\" \/>\n<meta property=\"og:description\" content=\"Only four charter schools on the island offer groups with Spanish as the vehicular language, no public center has joined and the Govern maintains that its model already complies with the law and court rulings.\" \/>\n<meta property=\"og:url\" content=\"https:\/\/lavozdeibiza.com\/en\/current-news\/ibiza-far-from-the-bilingual-education-standard-set-by-tsjib-rulings\/\" \/>\n<meta property=\"og:site_name\" content=\"La Voz De Ibiza\" \/>\n<meta property=\"article:published_time\" content=\"2025-12-01T04:38:39+00:00\" \/>\n<meta property=\"og:image\" content=\"https:\/\/lavozdeibiza.com\/wp-content\/uploads\/2025\/01\/UztCN3oSEC0fQTDaiDNheqzKfkNM633x1PaIz82C.jpeg\" \/>\n\t<meta property=\"og:image:width\" content=\"1280\" \/>\n\t<meta property=\"og:image:height\" content=\"898\" \/>\n\t<meta property=\"og:image:type\" content=\"image\/jpeg\" \/>\n<meta name=\"author\" content=\"David Flier\" \/>\n<meta name=\"twitter:card\" content=\"summary_large_image\" \/>\n<meta name=\"twitter:creator\" content=\"@vozdeibiza\" \/>\n<meta name=\"twitter:site\" content=\"@vozdeibiza\" \/>\n<meta name=\"twitter:label1\" content=\"Written by\" \/>\n\t<meta name=\"twitter:data1\" content=\"David Flier\" \/>\n\t<meta name=\"twitter:label2\" content=\"Est. reading time\" \/>\n\t<meta name=\"twitter:data2\" content=\"6 minutes\" \/>\n<script type=\"application\/ld+json\" class=\"yoast-schema-graph\">{\"@context\":\"https:\\\/\\\/schema.org\",\"@graph\":[{\"@type\":\"NewsArticle\",\"@id\":\"https:\\\/\\\/lavozdeibiza.com\\\/en\\\/current-news\\\/ibiza-far-from-the-bilingual-education-standard-set-by-tsjib-rulings\\\/#article\",\"isPartOf\":{\"@id\":\"https:\\\/\\\/lavozdeibiza.com\\\/en\\\/current-news\\\/ibiza-far-from-the-bilingual-education-standard-set-by-tsjib-rulings\\\/\"},\"author\":{\"name\":\"David Flier\",\"@id\":\"https:\\\/\\\/lavozdeibiza.com\\\/en\\\/#\\\/schema\\\/person\\\/a3db4b4018c4d252faa654b1ae0f6ff6\"},\"headline\":\"Ibiza, far from the bilingual education standard set by TSJIB rulings\",\"datePublished\":\"2025-12-01T04:38:39+00:00\",\"mainEntityOfPage\":{\"@id\":\"https:\\\/\\\/lavozdeibiza.com\\\/en\\\/current-news\\\/ibiza-far-from-the-bilingual-education-standard-set-by-tsjib-rulings\\\/\"},\"wordCount\":1220,\"publisher\":{\"@id\":\"https:\\\/\\\/lavozdeibiza.com\\\/en\\\/#organization\"},\"image\":{\"@id\":\"https:\\\/\\\/lavozdeibiza.com\\\/en\\\/current-news\\\/ibiza-far-from-the-bilingual-education-standard-set-by-tsjib-rulings\\\/#primaryimage\"},\"thumbnailUrl\":\"https:\\\/\\\/lavozdeibiza.com\\\/wp-content\\\/uploads\\\/2025\\\/01\\\/UztCN3oSEC0fQTDaiDNheqzKfkNM633x1PaIz82C.jpeg\",\"keywords\":[\"Actualdiad 2\",\"Actualidad 1\",\"Department of Education and Universities\",\"education\",\"free choice of language\"],\"articleSection\":[\"CURRENT NEWS\",\"IBIZA\"],\"inLanguage\":\"en-US\"},{\"@type\":[\"WebPage\",\"ItemPage\"],\"@id\":\"https:\\\/\\\/lavozdeibiza.com\\\/en\\\/current-news\\\/ibiza-far-from-the-bilingual-education-standard-set-by-tsjib-rulings\\\/\",\"url\":\"https:\\\/\\\/lavozdeibiza.com\\\/en\\\/current-news\\\/ibiza-far-from-the-bilingual-education-standard-set-by-tsjib-rulings\\\/\",\"name\":\"Ibiza, far from the bilingual education standard set by TSJIB rulings - La Voz De Ibiza\",\"isPartOf\":{\"@id\":\"https:\\\/\\\/lavozdeibiza.com\\\/en\\\/#website\"},\"primaryImageOfPage\":{\"@id\":\"https:\\\/\\\/lavozdeibiza.com\\\/en\\\/current-news\\\/ibiza-far-from-the-bilingual-education-standard-set-by-tsjib-rulings\\\/#primaryimage\"},\"image\":{\"@id\":\"https:\\\/\\\/lavozdeibiza.com\\\/en\\\/current-news\\\/ibiza-far-from-the-bilingual-education-standard-set-by-tsjib-rulings\\\/#primaryimage\"},\"thumbnailUrl\":\"https:\\\/\\\/lavozdeibiza.com\\\/wp-content\\\/uploads\\\/2025\\\/01\\\/UztCN3oSEC0fQTDaiDNheqzKfkNM633x1PaIz82C.jpeg\",\"datePublished\":\"2025-12-01T04:38:39+00:00\",\"description\":\"Only four charter schools on the island offer groups with Spanish as the vehicular language, no public center has joined and the Govern maintains that its model already complies with the law and court rulings.\",\"breadcrumb\":{\"@id\":\"https:\\\/\\\/lavozdeibiza.com\\\/en\\\/current-news\\\/ibiza-far-from-the-bilingual-education-standard-set-by-tsjib-rulings\\\/#breadcrumb\"},\"inLanguage\":\"en-US\",\"potentialAction\":[{\"@type\":\"ReadAction\",\"target\":[\"https:\\\/\\\/lavozdeibiza.com\\\/en\\\/current-news\\\/ibiza-far-from-the-bilingual-education-standard-set-by-tsjib-rulings\\\/\"]}]},{\"@type\":\"ImageObject\",\"inLanguage\":\"en-US\",\"@id\":\"https:\\\/\\\/lavozdeibiza.com\\\/en\\\/current-news\\\/ibiza-far-from-the-bilingual-education-standard-set-by-tsjib-rulings\\\/#primaryimage\",\"url\":\"https:\\\/\\\/lavozdeibiza.com\\\/wp-content\\\/uploads\\\/2025\\\/01\\\/UztCN3oSEC0fQTDaiDNheqzKfkNM633x1PaIz82C.jpeg\",\"contentUrl\":\"https:\\\/\\\/lavozdeibiza.com\\\/wp-content\\\/uploads\\\/2025\\\/01\\\/UztCN3oSEC0fQTDaiDNheqzKfkNM633x1PaIz82C.jpeg\",\"width\":1280,\"height\":898,\"caption\":\"El Colegio Can Bonet, de Sant Antoni.\"},{\"@type\":\"BreadcrumbList\",\"@id\":\"https:\\\/\\\/lavozdeibiza.com\\\/en\\\/current-news\\\/ibiza-far-from-the-bilingual-education-standard-set-by-tsjib-rulings\\\/#breadcrumb\",\"itemListElement\":[{\"@type\":\"ListItem\",\"position\":1,\"name\":\"Portada\",\"item\":\"https:\\\/\\\/lavozdeibiza.com\\\/en\\\/\"},{\"@type\":\"ListItem\",\"position\":2,\"name\":\"Ibiza, far from the bilingual education standard set by TSJIB rulings\"}]},{\"@type\":\"WebSite\",\"@id\":\"https:\\\/\\\/lavozdeibiza.com\\\/en\\\/#website\",\"url\":\"https:\\\/\\\/lavozdeibiza.com\\\/en\\\/\",\"name\":\"La Voz de Ibiza\",\"description\":\"Diario de informaci\u00f3n actualidad y noticias de Ibiza. Todas las noticias de los municipios de Ibiza\",\"publisher\":{\"@id\":\"https:\\\/\\\/lavozdeibiza.com\\\/en\\\/#organization\"},\"potentialAction\":[{\"@type\":\"SearchAction\",\"target\":{\"@type\":\"EntryPoint\",\"urlTemplate\":\"https:\\\/\\\/lavozdeibiza.com\\\/en\\\/?s={search_term_string}\"},\"query-input\":{\"@type\":\"PropertyValueSpecification\",\"valueRequired\":true,\"valueName\":\"search_term_string\"}}],\"inLanguage\":\"en-US\"},{\"@type\":[\"Organization\",\"NewsMediaOrganization\"],\"@id\":\"https:\\\/\\\/lavozdeibiza.com\\\/en\\\/#organization\",\"name\":\"La Voz de Ibiza\",\"url\":\"https:\\\/\\\/lavozdeibiza.com\\\/en\\\/\",\"logo\":{\"@type\":\"ImageObject\",\"inLanguage\":\"en-US\",\"@id\":\"https:\\\/\\\/lavozdeibiza.com\\\/en\\\/#\\\/schema\\\/logo\\\/image\\\/\",\"url\":\"https:\\\/\\\/lavozdeibiza.com\\\/wp-content\\\/uploads\\\/2023\\\/10\\\/logo-lvib-grande.jpg\",\"contentUrl\":\"https:\\\/\\\/lavozdeibiza.com\\\/wp-content\\\/uploads\\\/2023\\\/10\\\/logo-lvib-grande.jpg\",\"width\":1500,\"height\":1000,\"caption\":\"La Voz de Ibiza\"},\"image\":{\"@id\":\"https:\\\/\\\/lavozdeibiza.com\\\/en\\\/#\\\/schema\\\/logo\\\/image\\\/\"},\"sameAs\":[\"https:\\\/\\\/x.com\\\/vozdeibiza\",\"https:\\\/\\\/www.instagram.com\\\/lavozibiza\\\/\"]},{\"@type\":\"Person\",\"@id\":\"https:\\\/\\\/lavozdeibiza.com\\\/en\\\/#\\\/schema\\\/person\\\/a3db4b4018c4d252faa654b1ae0f6ff6\",\"name\":\"David Flier\",\"image\":{\"@type\":\"ImageObject\",\"inLanguage\":\"en-US\",\"@id\":\"https:\\\/\\\/secure.gravatar.com\\\/avatar\\\/c63945118a23a519422b93a94be466f40284c9baf22554f733eae2d07fa3af0f?s=96&d=mm&r=g65d099881cf48f956cd824201fb35f72\",\"url\":\"https:\\\/\\\/secure.gravatar.com\\\/avatar\\\/c63945118a23a519422b93a94be466f40284c9baf22554f733eae2d07fa3af0f?s=96&d=mm&r=g\",\"contentUrl\":\"https:\\\/\\\/secure.gravatar.com\\\/avatar\\\/c63945118a23a519422b93a94be466f40284c9baf22554f733eae2d07fa3af0f?s=96&d=mm&r=g\",\"caption\":\"David Flier\"},\"url\":\"https:\\\/\\\/lavozdeibiza.com\\\/en\\\/author\\\/dflier\\\/\"},{\"@type\":\"SiteNavigationElement\",\"@id\":\"https:\\\/\\\/lavozdeibiza.com\\\/en\\\/#site-navigation\",\"cssSelector\":[\".cib-main-menu\"]},{\"@type\":\"WPHeader\",\"@id\":\"https:\\\/\\\/lavozdeibiza.com\\\/en\\\/#header\",\"cssSelector\":[\".cib-header\"]},{\"@type\":\"WPFooter\",\"@id\":\"https:\\\/\\\/lavozdeibiza.com\\\/en\\\/#footer\",\"cssSelector\":[\".cib-footer\"]}]}<\/script>\n<!-- \/ Yoast SEO plugin. -->","yoast_head_json":{"title":"Ibiza, far from the bilingual education standard set by TSJIB rulings - La Voz De Ibiza","description":"Only four charter schools on the island offer groups with Spanish as the vehicular language, no public center has joined and the Govern maintains that its model already complies with the law and court rulings.","robots":{"index":"index","follow":"follow","max-snippet":"max-snippet:-1","max-image-preview":"max-image-preview:large","max-video-preview":"max-video-preview:-1"},"canonical":"https:\/\/lavozdeibiza.com\/en\/current-news\/ibiza-far-from-the-bilingual-education-standard-set-by-tsjib-rulings\/","og_locale":"en_US","og_type":"article","og_title":"Ibiza, far from the bilingual education standard set by TSJIB rulings - La Voz De Ibiza","og_description":"Only four charter schools on the island offer groups with Spanish as the vehicular language, no public center has joined and the Govern maintains that its model already complies with the law and court rulings.","og_url":"https:\/\/lavozdeibiza.com\/en\/current-news\/ibiza-far-from-the-bilingual-education-standard-set-by-tsjib-rulings\/","og_site_name":"La Voz De Ibiza","article_published_time":"2025-12-01T04:38:39+00:00","og_image":[{"width":1280,"height":898,"url":"https:\/\/lavozdeibiza.com\/wp-content\/uploads\/2025\/01\/UztCN3oSEC0fQTDaiDNheqzKfkNM633x1PaIz82C.jpeg","type":"image\/jpeg"}],"author":"David Flier","twitter_card":"summary_large_image","twitter_creator":"@vozdeibiza","twitter_site":"@vozdeibiza","twitter_misc":{"Written by":"David Flier","Est. reading time":"6 minutes"},"schema":{"@context":"https:\/\/schema.org","@graph":[{"@type":"NewsArticle","@id":"https:\/\/lavozdeibiza.com\/en\/current-news\/ibiza-far-from-the-bilingual-education-standard-set-by-tsjib-rulings\/#article","isPartOf":{"@id":"https:\/\/lavozdeibiza.com\/en\/current-news\/ibiza-far-from-the-bilingual-education-standard-set-by-tsjib-rulings\/"},"author":{"name":"David Flier","@id":"https:\/\/lavozdeibiza.com\/en\/#\/schema\/person\/a3db4b4018c4d252faa654b1ae0f6ff6"},"headline":"Ibiza, far from the bilingual education standard set by TSJIB rulings","datePublished":"2025-12-01T04:38:39+00:00","mainEntityOfPage":{"@id":"https:\/\/lavozdeibiza.com\/en\/current-news\/ibiza-far-from-the-bilingual-education-standard-set-by-tsjib-rulings\/"},"wordCount":1220,"publisher":{"@id":"https:\/\/lavozdeibiza.com\/en\/#organization"},"image":{"@id":"https:\/\/lavozdeibiza.com\/en\/current-news\/ibiza-far-from-the-bilingual-education-standard-set-by-tsjib-rulings\/#primaryimage"},"thumbnailUrl":"https:\/\/lavozdeibiza.com\/wp-content\/uploads\/2025\/01\/UztCN3oSEC0fQTDaiDNheqzKfkNM633x1PaIz82C.jpeg","keywords":["Actualdiad 2","Actualidad 1","Department of Education and Universities","education","free choice of language"],"articleSection":["CURRENT NEWS","IBIZA"],"inLanguage":"en-US"},{"@type":["WebPage","ItemPage"],"@id":"https:\/\/lavozdeibiza.com\/en\/current-news\/ibiza-far-from-the-bilingual-education-standard-set-by-tsjib-rulings\/","url":"https:\/\/lavozdeibiza.com\/en\/current-news\/ibiza-far-from-the-bilingual-education-standard-set-by-tsjib-rulings\/","name":"Ibiza, far from the bilingual education standard set by TSJIB rulings - La Voz De Ibiza","isPartOf":{"@id":"https:\/\/lavozdeibiza.com\/en\/#website"},"primaryImageOfPage":{"@id":"https:\/\/lavozdeibiza.com\/en\/current-news\/ibiza-far-from-the-bilingual-education-standard-set-by-tsjib-rulings\/#primaryimage"},"image":{"@id":"https:\/\/lavozdeibiza.com\/en\/current-news\/ibiza-far-from-the-bilingual-education-standard-set-by-tsjib-rulings\/#primaryimage"},"thumbnailUrl":"https:\/\/lavozdeibiza.com\/wp-content\/uploads\/2025\/01\/UztCN3oSEC0fQTDaiDNheqzKfkNM633x1PaIz82C.jpeg","datePublished":"2025-12-01T04:38:39+00:00","description":"Only four charter schools on the island offer groups with Spanish as the vehicular language, no public center has joined and the Govern maintains that its model already complies with the law and court rulings.","breadcrumb":{"@id":"https:\/\/lavozdeibiza.com\/en\/current-news\/ibiza-far-from-the-bilingual-education-standard-set-by-tsjib-rulings\/#breadcrumb"},"inLanguage":"en-US","potentialAction":[{"@type":"ReadAction","target":["https:\/\/lavozdeibiza.com\/en\/current-news\/ibiza-far-from-the-bilingual-education-standard-set-by-tsjib-rulings\/"]}]},{"@type":"ImageObject","inLanguage":"en-US","@id":"https:\/\/lavozdeibiza.com\/en\/current-news\/ibiza-far-from-the-bilingual-education-standard-set-by-tsjib-rulings\/#primaryimage","url":"https:\/\/lavozdeibiza.com\/wp-content\/uploads\/2025\/01\/UztCN3oSEC0fQTDaiDNheqzKfkNM633x1PaIz82C.jpeg","contentUrl":"https:\/\/lavozdeibiza.com\/wp-content\/uploads\/2025\/01\/UztCN3oSEC0fQTDaiDNheqzKfkNM633x1PaIz82C.jpeg","width":1280,"height":898,"caption":"El Colegio Can Bonet, de Sant Antoni."},{"@type":"BreadcrumbList","@id":"https:\/\/lavozdeibiza.com\/en\/current-news\/ibiza-far-from-the-bilingual-education-standard-set-by-tsjib-rulings\/#breadcrumb","itemListElement":[{"@type":"ListItem","position":1,"name":"Portada","item":"https:\/\/lavozdeibiza.com\/en\/"},{"@type":"ListItem","position":2,"name":"Ibiza, far from the bilingual education standard set by TSJIB rulings"}]},{"@type":"WebSite","@id":"https:\/\/lavozdeibiza.com\/en\/#website","url":"https:\/\/lavozdeibiza.com\/en\/","name":"La Voz de Ibiza","description":"Diario de informaci\u00f3n actualidad y noticias de Ibiza. Todas las noticias de los municipios de Ibiza","publisher":{"@id":"https:\/\/lavozdeibiza.com\/en\/#organization"},"potentialAction":[{"@type":"SearchAction","target":{"@type":"EntryPoint","urlTemplate":"https:\/\/lavozdeibiza.com\/en\/?s={search_term_string}"},"query-input":{"@type":"PropertyValueSpecification","valueRequired":true,"valueName":"search_term_string"}}],"inLanguage":"en-US"},{"@type":["Organization","NewsMediaOrganization"],"@id":"https:\/\/lavozdeibiza.com\/en\/#organization","name":"La Voz de Ibiza","url":"https:\/\/lavozdeibiza.com\/en\/","logo":{"@type":"ImageObject","inLanguage":"en-US","@id":"https:\/\/lavozdeibiza.com\/en\/#\/schema\/logo\/image\/","url":"https:\/\/lavozdeibiza.com\/wp-content\/uploads\/2023\/10\/logo-lvib-grande.jpg","contentUrl":"https:\/\/lavozdeibiza.com\/wp-content\/uploads\/2023\/10\/logo-lvib-grande.jpg","width":1500,"height":1000,"caption":"La Voz de Ibiza"},"image":{"@id":"https:\/\/lavozdeibiza.com\/en\/#\/schema\/logo\/image\/"},"sameAs":["https:\/\/x.com\/vozdeibiza","https:\/\/www.instagram.com\/lavozibiza\/"]},{"@type":"Person","@id":"https:\/\/lavozdeibiza.com\/en\/#\/schema\/person\/a3db4b4018c4d252faa654b1ae0f6ff6","name":"David Flier","image":{"@type":"ImageObject","inLanguage":"en-US","@id":"https:\/\/secure.gravatar.com\/avatar\/c63945118a23a519422b93a94be466f40284c9baf22554f733eae2d07fa3af0f?s=96&d=mm&r=g65d099881cf48f956cd824201fb35f72","url":"https:\/\/secure.gravatar.com\/avatar\/c63945118a23a519422b93a94be466f40284c9baf22554f733eae2d07fa3af0f?s=96&d=mm&r=g","contentUrl":"https:\/\/secure.gravatar.com\/avatar\/c63945118a23a519422b93a94be466f40284c9baf22554f733eae2d07fa3af0f?s=96&d=mm&r=g","caption":"David Flier"},"url":"https:\/\/lavozdeibiza.com\/en\/author\/dflier\/"},{"@type":"SiteNavigationElement","@id":"https:\/\/lavozdeibiza.com\/en\/#site-navigation","cssSelector":[".cib-main-menu"]},{"@type":"WPHeader","@id":"https:\/\/lavozdeibiza.com\/en\/#header","cssSelector":[".cib-header"]},{"@type":"WPFooter","@id":"https:\/\/lavozdeibiza.com\/en\/#footer","cssSelector":[".cib-footer"]}]}},"authors":[{"term_id":5373,"user_id":26,"is_guest":0,"slug":"dflier","display_name":"David Flier","avatar_url":"https:\/\/secure.gravatar.com\/avatar\/c63945118a23a519422b93a94be466f40284c9baf22554f733eae2d07fa3af0f?s=96&d=mm&r=g","0":null,"1":"","2":"","3":"","4":"","5":"","6":"","7":"","8":"","9":"","10":""}],"_links":{"self":[{"href":"https:\/\/lavozdeibiza.com\/en\/wp-json\/wp\/v2\/posts\/141245","targetHints":{"allow":["GET"]}}],"collection":[{"href":"https:\/\/lavozdeibiza.com\/en\/wp-json\/wp\/v2\/posts"}],"about":[{"href":"https:\/\/lavozdeibiza.com\/en\/wp-json\/wp\/v2\/types\/post"}],"author":[{"embeddable":true,"href":"https:\/\/lavozdeibiza.com\/en\/wp-json\/wp\/v2\/users\/26"}],"replies":[{"embeddable":true,"href":"https:\/\/lavozdeibiza.com\/en\/wp-json\/wp\/v2\/comments?post=141245"}],"version-history":[{"count":0,"href":"https:\/\/lavozdeibiza.com\/en\/wp-json\/wp\/v2\/posts\/141245\/revisions"}],"wp:featuredmedia":[{"embeddable":true,"href":"https:\/\/lavozdeibiza.com\/en\/wp-json\/wp\/v2\/media\/84132"}],"wp:attachment":[{"href":"https:\/\/lavozdeibiza.com\/en\/wp-json\/wp\/v2\/media?parent=141245"}],"wp:term":[{"taxonomy":"category","embeddable":true,"href":"https:\/\/lavozdeibiza.com\/en\/wp-json\/wp\/v2\/categories?post=141245"},{"taxonomy":"post_tag","embeddable":true,"href":"https:\/\/lavozdeibiza.com\/en\/wp-json\/wp\/v2\/tags?post=141245"},{"taxonomy":"author","embeddable":true,"href":"https:\/\/lavozdeibiza.com\/en\/wp-json\/wp\/v2\/ppma_author?post=141245"}],"curies":[{"name":"wp","href":"https:\/\/api.w.org\/{rel}","templated":true}]}}