{"id":141478,"date":"2025-12-01T18:58:36","date_gmt":"2025-12-01T17:58:36","guid":{"rendered":"https:\/\/lavozdeibiza.com\/sin-categorizar\/abalos-son-harshly-accused-the-psoe-what-did-he-say\/"},"modified":"2025-12-01T18:58:36","modified_gmt":"2025-12-01T17:58:36","slug":"abalos-son-harshly-accused-the-psoe-what-did-he-say","status":"publish","type":"post","link":"https:\/\/lavozdeibiza.com\/en\/current-news\/abalos-son-harshly-accused-the-psoe-what-did-he-say\/","title":{"rendered":"\u00c1balos&#8217; son harshly accused the PSOE: what did he say?"},"content":{"rendered":"<p data-start=\"357\" data-end=\"784\">Jos\u00e9 Luis \u00c1balos, former Minister of Transport and currently deputy of the Mixed Group, has already spent several nights in the prison of Soto del Real, where he remains in <strong data-start=\"517\" data-end=\"551\">provisional detention without bail<\/strong> by order of the Supreme Court. The investigating magistrate considered that there was an <strong data-start=\"634\" data-end=\"662\">&#8220;extreme&#8221; risk of flight<\/strong> in the investigation into the alleged irregular commissions linked to contracts for masks during the pandemic. <\/p>\n<p data-start=\"786\" data-end=\"1121\">While his judicial situation progresses, the former minister&#8217;s entourage has begun to publicly express its discomfort. The most forceful statement has come from his eldest son, <strong data-start=\"961\" data-end=\"978\">V\u00edctor \u00c1balos<\/strong>, who in interviews to <em data-start=\"1003\" data-end=\"1013\">El Mundo<\/em> and <em data-start=\"1016\" data-end=\"1027\">Vozp\u00f3puli<\/em> has directly blamed the PSOE leadership for the &#8220;political collapse&#8221; of his father. <\/p>\n<h2 data-start=\"1128\" data-end=\"1221\"><strong data-start=\"1131\" data-end=\"1221\">The theory of &#8220;Operation Navalcarnero&#8221; and the accusations against the PSOE<\/strong><\/h2>\n<p data-start=\"1223\" data-end=\"1569\">The son of the former minister argues that the fall of \u00c1balos is not only explained by the case of the masks, but by internal tensions that (according to his testimony) date back to 2020. That episode, which he calls <strong data-start=\"1439\" data-end=\"1467\">&#8220;operation Navalcarnero&#8221;,<\/strong> would have been the trigger for a deterioration in the relationship between his father and several party leaders. <\/p>\n<p data-start=\"1571\" data-end=\"1919\">According to his version, the ex-wife of the former minister had allegedly delivered compromising information to two key figures of the PSOE at that time: <strong data-start=\"1716\" data-end=\"1734\">Adriana Lastra<\/strong> and <strong data-start=\"1737\" data-end=\"1761\">Maritcha Ruiz Mateos<\/strong>. For V\u00edctor \u00c1balos, this fact generated mistrust and &#8220;dehumanization&#8221; within the socialist core, and ended up leading to the departure of his father from the Government. <\/p>\n<p data-start=\"1921\" data-end=\"2271\">The son of the former minister also points directly to <strong data-start=\"1975\" data-end=\"2003\">President Pedro S\u00e1nchez<\/strong>, to whom he attributes the final decision to remove him. He assures that Jos\u00e9 Luis \u00c1balos was foreseen as Minister of Defense in the reshuffle of the Executive, and that the current head of the department, <strong data-start=\"2200\" data-end=\"2220\">Margarita Robles<\/strong>, would have known about this possibility before the dismissal. <\/p>\n<p data-start=\"2273\" data-end=\"2465\">In his statements, he also denies that he or his father had accounts abroad or had received commissions, and denies being a front man, although the UCO mentions it in the summary.<\/p>\n<h2 data-start=\"2472\" data-end=\"2555\"><strong data-start=\"2475\" data-end=\"2555\">Court case moves forward: Anticorruption requests 24 years in prison for \u00c1balos<br \/>\n<\/strong><\/h2>\n<figure id=\"attachment_130187\" aria-describedby=\"caption-attachment-130187\" style=\"width: 1027px\" class=\"wp-caption alignnone\"><img decoding=\"async\" class=\" wp-image-130186\" src=\"https:\/\/lavozdeibiza.com\/wp-content\/uploads\/2025\/10\/silencio-tension-acusaciones-abalos-declara-pp-prision-300x177.jpg\" alt=\"Former Minister of Transportation Jos\u00e9 Luis \u00c1balos\" width=\"1027\" height=\"606\" srcset=\"https:\/\/lavozdeibiza.com\/wp-content\/uploads\/2025\/10\/silencio-tension-acusaciones-abalos-declara-pp-prision-300x177.jpg 300w, https:\/\/lavozdeibiza.com\/wp-content\/uploads\/2025\/10\/silencio-tension-acusaciones-abalos-declara-pp-prision.jpg 690w\" sizes=\"(max-width: 1027px) 100vw, 1027px\" \/><figcaption id=\"caption-attachment-130187\" class=\"wp-caption-text\">Former Minister of Transportation Jos\u00e9 Luis \u00c1balos<\/figcaption><\/figure>\n<p data-start=\"2557\" data-end=\"2864\">The criminal proceedings continue as the political controversy grows: the <strong data-start=\"2629\" data-end=\"2656\">Anti-Corruption Prosecutor&#8217;s Office<\/strong> is requesting <strong data-start=\"2666\" data-end=\"2687\">24 years in prison<\/strong> for Jos\u00e9 Luis \u00c1balos for crimes of <strong data-start=\"2725\" data-end=\"2798\">criminal organization, influence peddling, bribery and embezzlement<\/strong>, in relation to the emergency contracts awarded in 2020.<\/p>\n<p data-start=\"2866\" data-end=\"3074\">The accusation also points to his former advisor, <strong data-start=\"2915\" data-end=\"2931\">Koldo Garc\u00eda<\/strong>, and the businessman <strong data-start=\"2949\" data-end=\"2969\">V\u00edctor de Aldama<\/strong>, whom it considers part of the network that would have obtained irregular benefits during the pandemic.<\/p>\n<p data-start=\"3076\" data-end=\"3466\">Within this context, V\u00edctor \u00c1balos launched a particularly striking accusation: he claims that the former Secretary of Organization of the PSOE, <strong data-start=\"3213\" data-end=\"3230\">Santos Cerd\u00e1n<\/strong>, offered his father a <strong data-start=\"3254\" data-end=\"3276\">&#8220;blank check&#8221;<\/strong> when the case broke out. This alleged offer would include assuming legal expenses, facilitating his entry into the consulting firm Acento and ensuring media presence in television talk shows. <\/p>\n<p data-start=\"3468\" data-end=\"3656\">It also links Cerd\u00e1n to the company <strong data-start=\"3508\" data-end=\"3522\">Servinabar<\/strong>, which was awarded public contracts, and claims that the leader fell internally due to recordings made by Koldo Garc\u00eda.<\/p>\n<h2 data-start=\"3663\" data-end=\"3729\"><strong data-start=\"3666\" data-end=\"3729\">PSOE response: &#8220;Falsehoods&#8221; and an attempt at &#8220;blackmail&#8221;.<\/strong><\/h2>\n<p data-start=\"3731\" data-end=\"4025\">The accusations of the former minister&#8217;s son have provoked an immediate response from the PSOE headquarters. The party spokeswoman, <strong data-start=\"3858\" data-end=\"3876\">Montse M\u00ednguez<\/strong>, categorically rejected his statements, describing them as <strong data-start=\"3938\" data-end=\"3954\">&#8220;falsehoods&#8221;<\/strong> and affirming that the party &#8220;will not allow any kind of blackmail&#8221;. <\/p>\n<p data-start=\"4027\" data-end=\"4332\">M\u00ednguez recalled that \u00c1balos has been out of the Socialist Group for almost two years and assured that the party acted &#8220;firmly&#8221; when indications against him arose. He stressed that <strong data-start=\"4208\" data-end=\"4241\">&#8220;it is the time of Justice&#8221;<\/strong> and claimed the alleged zero tolerance policy of the PSOE with corruption cases.<\/p>\n<p data-start=\"4334\" data-end=\"4587\">The spokeswoman also criticized that the Popular Party has returned to quote <strong data-start=\"4406\" data-end=\"4423\">Santos Cerd\u00e1n<\/strong> in the parliamentary committee on contracts for masks, comparing this maneuver with past citations that coincided with key institutional events.<\/p>\n","protected":false},"excerpt":{"rendered":"<p>The former minister&#8217;s son describes internal tensions, accuses his entourage of fabricating his downfall and rejects any link of his family with commissions or money abroad.<\/p>\n","protected":false},"author":33,"featured_media":141469,"comment_status":"closed","ping_status":"closed","sticky":false,"template":"","format":"standard","meta":{"_acf_changed":false,"site-sidebar-layout":"default","site-content-layout":"","ast-site-content-layout":"default","site-content-style":"default","site-sidebar-style":"default","ast-global-header-display":"","ast-banner-title-visibility":"","ast-main-header-display":"","ast-hfb-above-header-display":"","ast-hfb-below-header-display":"","ast-hfb-mobile-header-display":"","site-post-title":"","ast-breadcrumbs-content":"","ast-featured-img":"","footer-sml-layout":"","ast-disable-related-posts":"","theme-transparent-header-meta":"default","adv-header-id-meta":"","stick-header-meta":"","header-above-stick-meta":"","header-main-stick-meta":"","header-below-stick-meta":"","astra-migrate-meta-layouts":"default","ast-page-background-enabled":"default","ast-page-background-meta":{"desktop":{"background-color":"var(--ast-global-color-4)","background-image":"","background-repeat":"repeat","background-position":"center center","background-size":"auto","background-attachment":"scroll","background-type":"","background-media":"","overlay-type":"","overlay-color":"","overlay-opacity":"","overlay-gradient":""},"tablet":{"background-color":"","background-image":"","background-repeat":"repeat","background-position":"center center","background-size":"auto","background-attachment":"scroll","background-type":"","background-media":"","overlay-type":"","overlay-color":"","overlay-opacity":"","overlay-gradient":""},"mobile":{"background-color":"","background-image":"","background-repeat":"repeat","background-position":"center center","background-size":"auto","background-attachment":"scroll","background-type":"","background-media":"","overlay-type":"","overlay-color":"","overlay-opacity":"","overlay-gradient":""}},"ast-content-background-meta":{"desktop":{"background-color":"var(--ast-global-color-5)","background-image":"","background-repeat":"repeat","background-position":"center center","background-size":"auto","background-attachment":"scroll","background-type":"","background-media":"","overlay-type":"","overlay-color":"","overlay-opacity":"","overlay-gradient":""},"tablet":{"background-color":"var(--ast-global-color-5)","background-image":"","background-repeat":"repeat","background-position":"center center","background-size":"auto","background-attachment":"scroll","background-type":"","background-media":"","overlay-type":"","overlay-color":"","overlay-opacity":"","overlay-gradient":""},"mobile":{"background-color":"var(--ast-global-color-5)","background-image":"","background-repeat":"repeat","background-position":"center center","background-size":"auto","background-attachment":"scroll","background-type":"","background-media":"","overlay-type":"","overlay-color":"","overlay-opacity":"","overlay-gradient":""}},"footnotes":""},"categories":[2910,3287],"tags":[9734,3315,9883],"ppma_author":[6765],"class_list":["post-141478","post","type-post","status-publish","format-standard","has-post-thumbnail","hentry","category-current-news","category-society","tag-jose-luis-abalos","tag-psoe-en","tag-victor-abalos"],"acf":[],"yoast_head":"<!-- This site is optimized with the Yoast SEO plugin v27.4 - https:\/\/yoast.com\/product\/yoast-seo-wordpress\/ -->\n<title>\u00c1balos&#039; son harshly accused the PSOE: what did he say? - La Voz De Ibiza<\/title>\n<meta name=\"description\" content=\"The former minister&#039;s son describes internal tensions, accuses his entourage of fabricating his downfall and rejects any link of his family with commissions or money abroad. The former minister&#039;s son describes internal tensions, accuses his entourage of fabricating his downfall and rejects any link of his family with commissions or money abroad.\" \/>\n<meta name=\"robots\" content=\"index, follow, max-snippet:-1, max-image-preview:large, max-video-preview:-1\" \/>\n<link rel=\"canonical\" href=\"https:\/\/lavozdeibiza.com\/en\/current-news\/abalos-son-harshly-accused-the-psoe-what-did-he-say\/\" \/>\n<meta property=\"og:locale\" content=\"en_US\" \/>\n<meta property=\"og:type\" content=\"article\" \/>\n<meta property=\"og:title\" content=\"\u00c1balos&#039; son harshly accused the PSOE: what did he say? - La Voz De Ibiza\" \/>\n<meta property=\"og:description\" content=\"The former minister&#039;s son describes internal tensions, accuses his entourage of fabricating his downfall and rejects any link of his family with commissions or money abroad. The former minister&#039;s son describes internal tensions, accuses his entourage of fabricating his downfall and rejects any link of his family with commissions or money abroad.\" \/>\n<meta property=\"og:url\" content=\"https:\/\/lavozdeibiza.com\/en\/current-news\/abalos-son-harshly-accused-the-psoe-what-did-he-say\/\" \/>\n<meta property=\"og:site_name\" content=\"La Voz De Ibiza\" \/>\n<meta property=\"article:published_time\" content=\"2025-12-01T17:58:36+00:00\" \/>\n<meta property=\"og:image\" content=\"https:\/\/lavozdeibiza.com\/wp-content\/uploads\/2025\/12\/Victor-Abalos.jpg\" \/>\n\t<meta property=\"og:image:width\" content=\"1200\" \/>\n\t<meta property=\"og:image:height\" content=\"675\" \/>\n\t<meta property=\"og:image:type\" content=\"image\/jpeg\" \/>\n<meta name=\"author\" content=\"Catalina Cicchini\" \/>\n<meta name=\"twitter:card\" content=\"summary_large_image\" \/>\n<meta name=\"twitter:creator\" content=\"@vozdeibiza\" \/>\n<meta name=\"twitter:site\" content=\"@vozdeibiza\" \/>\n<meta name=\"twitter:label1\" content=\"Written by\" \/>\n\t<meta name=\"twitter:data1\" content=\"Catalina Cicchini\" \/>\n\t<meta name=\"twitter:label2\" content=\"Est. reading time\" \/>\n\t<meta name=\"twitter:data2\" content=\"3 minutes\" \/>\n<script type=\"application\/ld+json\" class=\"yoast-schema-graph\">{\"@context\":\"https:\\\/\\\/schema.org\",\"@graph\":[{\"@type\":\"NewsArticle\",\"@id\":\"https:\\\/\\\/lavozdeibiza.com\\\/en\\\/current-news\\\/abalos-son-harshly-accused-the-psoe-what-did-he-say\\\/#article\",\"isPartOf\":{\"@id\":\"https:\\\/\\\/lavozdeibiza.com\\\/en\\\/current-news\\\/abalos-son-harshly-accused-the-psoe-what-did-he-say\\\/\"},\"author\":{\"name\":\"Catalina Cicchini\",\"@id\":\"https:\\\/\\\/lavozdeibiza.com\\\/en\\\/#\\\/schema\\\/person\\\/52e75d4be6ef9e64c89c2222e79e3b01\"},\"headline\":\"\u00c1balos&#8217; son harshly accused the PSOE: what did he say?\",\"datePublished\":\"2025-12-01T17:58:36+00:00\",\"mainEntityOfPage\":{\"@id\":\"https:\\\/\\\/lavozdeibiza.com\\\/en\\\/current-news\\\/abalos-son-harshly-accused-the-psoe-what-did-he-say\\\/\"},\"wordCount\":676,\"publisher\":{\"@id\":\"https:\\\/\\\/lavozdeibiza.com\\\/en\\\/#organization\"},\"image\":{\"@id\":\"https:\\\/\\\/lavozdeibiza.com\\\/en\\\/current-news\\\/abalos-son-harshly-accused-the-psoe-what-did-he-say\\\/#primaryimage\"},\"thumbnailUrl\":\"https:\\\/\\\/lavozdeibiza.com\\\/wp-content\\\/uploads\\\/2025\\\/12\\\/Victor-Abalos.jpg\",\"keywords\":[\"Jos\u00e9 Luis \u00c1balos\",\"PSOE\",\"Victor \u00c1balos\"],\"articleSection\":[\"CURRENT NEWS\",\"SOCIETY\"],\"inLanguage\":\"en-US\"},{\"@type\":[\"WebPage\",\"ItemPage\"],\"@id\":\"https:\\\/\\\/lavozdeibiza.com\\\/en\\\/current-news\\\/abalos-son-harshly-accused-the-psoe-what-did-he-say\\\/\",\"url\":\"https:\\\/\\\/lavozdeibiza.com\\\/en\\\/current-news\\\/abalos-son-harshly-accused-the-psoe-what-did-he-say\\\/\",\"name\":\"\u00c1balos' son harshly accused the PSOE: what did he say? - La Voz De Ibiza\",\"isPartOf\":{\"@id\":\"https:\\\/\\\/lavozdeibiza.com\\\/en\\\/#website\"},\"primaryImageOfPage\":{\"@id\":\"https:\\\/\\\/lavozdeibiza.com\\\/en\\\/current-news\\\/abalos-son-harshly-accused-the-psoe-what-did-he-say\\\/#primaryimage\"},\"image\":{\"@id\":\"https:\\\/\\\/lavozdeibiza.com\\\/en\\\/current-news\\\/abalos-son-harshly-accused-the-psoe-what-did-he-say\\\/#primaryimage\"},\"thumbnailUrl\":\"https:\\\/\\\/lavozdeibiza.com\\\/wp-content\\\/uploads\\\/2025\\\/12\\\/Victor-Abalos.jpg\",\"datePublished\":\"2025-12-01T17:58:36+00:00\",\"description\":\"The former minister's son describes internal tensions, accuses his entourage of fabricating his downfall and rejects any link of his family with commissions or money abroad. The former minister's son describes internal tensions, accuses his entourage of fabricating his downfall and rejects any link of his family with commissions or money abroad.\",\"breadcrumb\":{\"@id\":\"https:\\\/\\\/lavozdeibiza.com\\\/en\\\/current-news\\\/abalos-son-harshly-accused-the-psoe-what-did-he-say\\\/#breadcrumb\"},\"inLanguage\":\"en-US\",\"potentialAction\":[{\"@type\":\"ReadAction\",\"target\":[\"https:\\\/\\\/lavozdeibiza.com\\\/en\\\/current-news\\\/abalos-son-harshly-accused-the-psoe-what-did-he-say\\\/\"]}]},{\"@type\":\"ImageObject\",\"inLanguage\":\"en-US\",\"@id\":\"https:\\\/\\\/lavozdeibiza.com\\\/en\\\/current-news\\\/abalos-son-harshly-accused-the-psoe-what-did-he-say\\\/#primaryimage\",\"url\":\"https:\\\/\\\/lavozdeibiza.com\\\/wp-content\\\/uploads\\\/2025\\\/12\\\/Victor-Abalos.jpg\",\"contentUrl\":\"https:\\\/\\\/lavozdeibiza.com\\\/wp-content\\\/uploads\\\/2025\\\/12\\\/Victor-Abalos.jpg\",\"width\":1200,\"height\":675},{\"@type\":\"BreadcrumbList\",\"@id\":\"https:\\\/\\\/lavozdeibiza.com\\\/en\\\/current-news\\\/abalos-son-harshly-accused-the-psoe-what-did-he-say\\\/#breadcrumb\",\"itemListElement\":[{\"@type\":\"ListItem\",\"position\":1,\"name\":\"Portada\",\"item\":\"https:\\\/\\\/lavozdeibiza.com\\\/en\\\/\"},{\"@type\":\"ListItem\",\"position\":2,\"name\":\"\u00c1balos&#8217; son harshly accused the PSOE: what did he say?\"}]},{\"@type\":\"WebSite\",\"@id\":\"https:\\\/\\\/lavozdeibiza.com\\\/en\\\/#website\",\"url\":\"https:\\\/\\\/lavozdeibiza.com\\\/en\\\/\",\"name\":\"La Voz de Ibiza\",\"description\":\"Diario de informaci\u00f3n actualidad y noticias de Ibiza. Todas las noticias de los municipios de Ibiza\",\"publisher\":{\"@id\":\"https:\\\/\\\/lavozdeibiza.com\\\/en\\\/#organization\"},\"potentialAction\":[{\"@type\":\"SearchAction\",\"target\":{\"@type\":\"EntryPoint\",\"urlTemplate\":\"https:\\\/\\\/lavozdeibiza.com\\\/en\\\/?s={search_term_string}\"},\"query-input\":{\"@type\":\"PropertyValueSpecification\",\"valueRequired\":true,\"valueName\":\"search_term_string\"}}],\"inLanguage\":\"en-US\"},{\"@type\":[\"Organization\",\"NewsMediaOrganization\"],\"@id\":\"https:\\\/\\\/lavozdeibiza.com\\\/en\\\/#organization\",\"name\":\"La Voz de Ibiza\",\"url\":\"https:\\\/\\\/lavozdeibiza.com\\\/en\\\/\",\"logo\":{\"@type\":\"ImageObject\",\"inLanguage\":\"en-US\",\"@id\":\"https:\\\/\\\/lavozdeibiza.com\\\/en\\\/#\\\/schema\\\/logo\\\/image\\\/\",\"url\":\"https:\\\/\\\/lavozdeibiza.com\\\/wp-content\\\/uploads\\\/2023\\\/10\\\/logo-lvib-grande.jpg\",\"contentUrl\":\"https:\\\/\\\/lavozdeibiza.com\\\/wp-content\\\/uploads\\\/2023\\\/10\\\/logo-lvib-grande.jpg\",\"width\":1500,\"height\":1000,\"caption\":\"La Voz de Ibiza\"},\"image\":{\"@id\":\"https:\\\/\\\/lavozdeibiza.com\\\/en\\\/#\\\/schema\\\/logo\\\/image\\\/\"},\"sameAs\":[\"https:\\\/\\\/x.com\\\/vozdeibiza\",\"https:\\\/\\\/www.instagram.com\\\/lavozibiza\\\/\"]},{\"@type\":\"Person\",\"@id\":\"https:\\\/\\\/lavozdeibiza.com\\\/en\\\/#\\\/schema\\\/person\\\/52e75d4be6ef9e64c89c2222e79e3b01\",\"name\":\"Catalina Cicchini\",\"image\":{\"@type\":\"ImageObject\",\"inLanguage\":\"en-US\",\"@id\":\"https:\\\/\\\/secure.gravatar.com\\\/avatar\\\/22828bed8de24a0396296516c34101e3fdb8ed1bf0742735e1d7e6c2d201e748?s=96&d=mm&r=g0ca7e55baed21daba655f87f5ec45bd0\",\"url\":\"https:\\\/\\\/secure.gravatar.com\\\/avatar\\\/22828bed8de24a0396296516c34101e3fdb8ed1bf0742735e1d7e6c2d201e748?s=96&d=mm&r=g\",\"contentUrl\":\"https:\\\/\\\/secure.gravatar.com\\\/avatar\\\/22828bed8de24a0396296516c34101e3fdb8ed1bf0742735e1d7e6c2d201e748?s=96&d=mm&r=g\",\"caption\":\"Catalina Cicchini\"},\"url\":\"https:\\\/\\\/lavozdeibiza.com\\\/en\\\/author\\\/ccicchini\\\/\"},{\"@type\":\"SiteNavigationElement\",\"@id\":\"https:\\\/\\\/lavozdeibiza.com\\\/en\\\/#site-navigation\",\"cssSelector\":[\".cib-main-menu\"]},{\"@type\":\"WPHeader\",\"@id\":\"https:\\\/\\\/lavozdeibiza.com\\\/en\\\/#header\",\"cssSelector\":[\".cib-header\"]},{\"@type\":\"WPFooter\",\"@id\":\"https:\\\/\\\/lavozdeibiza.com\\\/en\\\/#footer\",\"cssSelector\":[\".cib-footer\"]}]}<\/script>\n<!-- \/ Yoast SEO plugin. -->","yoast_head_json":{"title":"\u00c1balos' son harshly accused the PSOE: what did he say? - La Voz De Ibiza","description":"The former minister's son describes internal tensions, accuses his entourage of fabricating his downfall and rejects any link of his family with commissions or money abroad. The former minister's son describes internal tensions, accuses his entourage of fabricating his downfall and rejects any link of his family with commissions or money abroad.","robots":{"index":"index","follow":"follow","max-snippet":"max-snippet:-1","max-image-preview":"max-image-preview:large","max-video-preview":"max-video-preview:-1"},"canonical":"https:\/\/lavozdeibiza.com\/en\/current-news\/abalos-son-harshly-accused-the-psoe-what-did-he-say\/","og_locale":"en_US","og_type":"article","og_title":"\u00c1balos' son harshly accused the PSOE: what did he say? - La Voz De Ibiza","og_description":"The former minister's son describes internal tensions, accuses his entourage of fabricating his downfall and rejects any link of his family with commissions or money abroad. The former minister's son describes internal tensions, accuses his entourage of fabricating his downfall and rejects any link of his family with commissions or money abroad.","og_url":"https:\/\/lavozdeibiza.com\/en\/current-news\/abalos-son-harshly-accused-the-psoe-what-did-he-say\/","og_site_name":"La Voz De Ibiza","article_published_time":"2025-12-01T17:58:36+00:00","og_image":[{"width":1200,"height":675,"url":"https:\/\/lavozdeibiza.com\/wp-content\/uploads\/2025\/12\/Victor-Abalos.jpg","type":"image\/jpeg"}],"author":"Catalina Cicchini","twitter_card":"summary_large_image","twitter_creator":"@vozdeibiza","twitter_site":"@vozdeibiza","twitter_misc":{"Written by":"Catalina Cicchini","Est. reading time":"3 minutes"},"schema":{"@context":"https:\/\/schema.org","@graph":[{"@type":"NewsArticle","@id":"https:\/\/lavozdeibiza.com\/en\/current-news\/abalos-son-harshly-accused-the-psoe-what-did-he-say\/#article","isPartOf":{"@id":"https:\/\/lavozdeibiza.com\/en\/current-news\/abalos-son-harshly-accused-the-psoe-what-did-he-say\/"},"author":{"name":"Catalina Cicchini","@id":"https:\/\/lavozdeibiza.com\/en\/#\/schema\/person\/52e75d4be6ef9e64c89c2222e79e3b01"},"headline":"\u00c1balos&#8217; son harshly accused the PSOE: what did he say?","datePublished":"2025-12-01T17:58:36+00:00","mainEntityOfPage":{"@id":"https:\/\/lavozdeibiza.com\/en\/current-news\/abalos-son-harshly-accused-the-psoe-what-did-he-say\/"},"wordCount":676,"publisher":{"@id":"https:\/\/lavozdeibiza.com\/en\/#organization"},"image":{"@id":"https:\/\/lavozdeibiza.com\/en\/current-news\/abalos-son-harshly-accused-the-psoe-what-did-he-say\/#primaryimage"},"thumbnailUrl":"https:\/\/lavozdeibiza.com\/wp-content\/uploads\/2025\/12\/Victor-Abalos.jpg","keywords":["Jos\u00e9 Luis \u00c1balos","PSOE","Victor \u00c1balos"],"articleSection":["CURRENT NEWS","SOCIETY"],"inLanguage":"en-US"},{"@type":["WebPage","ItemPage"],"@id":"https:\/\/lavozdeibiza.com\/en\/current-news\/abalos-son-harshly-accused-the-psoe-what-did-he-say\/","url":"https:\/\/lavozdeibiza.com\/en\/current-news\/abalos-son-harshly-accused-the-psoe-what-did-he-say\/","name":"\u00c1balos' son harshly accused the PSOE: what did he say? - La Voz De Ibiza","isPartOf":{"@id":"https:\/\/lavozdeibiza.com\/en\/#website"},"primaryImageOfPage":{"@id":"https:\/\/lavozdeibiza.com\/en\/current-news\/abalos-son-harshly-accused-the-psoe-what-did-he-say\/#primaryimage"},"image":{"@id":"https:\/\/lavozdeibiza.com\/en\/current-news\/abalos-son-harshly-accused-the-psoe-what-did-he-say\/#primaryimage"},"thumbnailUrl":"https:\/\/lavozdeibiza.com\/wp-content\/uploads\/2025\/12\/Victor-Abalos.jpg","datePublished":"2025-12-01T17:58:36+00:00","description":"The former minister's son describes internal tensions, accuses his entourage of fabricating his downfall and rejects any link of his family with commissions or money abroad. The former minister's son describes internal tensions, accuses his entourage of fabricating his downfall and rejects any link of his family with commissions or money abroad.","breadcrumb":{"@id":"https:\/\/lavozdeibiza.com\/en\/current-news\/abalos-son-harshly-accused-the-psoe-what-did-he-say\/#breadcrumb"},"inLanguage":"en-US","potentialAction":[{"@type":"ReadAction","target":["https:\/\/lavozdeibiza.com\/en\/current-news\/abalos-son-harshly-accused-the-psoe-what-did-he-say\/"]}]},{"@type":"ImageObject","inLanguage":"en-US","@id":"https:\/\/lavozdeibiza.com\/en\/current-news\/abalos-son-harshly-accused-the-psoe-what-did-he-say\/#primaryimage","url":"https:\/\/lavozdeibiza.com\/wp-content\/uploads\/2025\/12\/Victor-Abalos.jpg","contentUrl":"https:\/\/lavozdeibiza.com\/wp-content\/uploads\/2025\/12\/Victor-Abalos.jpg","width":1200,"height":675},{"@type":"BreadcrumbList","@id":"https:\/\/lavozdeibiza.com\/en\/current-news\/abalos-son-harshly-accused-the-psoe-what-did-he-say\/#breadcrumb","itemListElement":[{"@type":"ListItem","position":1,"name":"Portada","item":"https:\/\/lavozdeibiza.com\/en\/"},{"@type":"ListItem","position":2,"name":"\u00c1balos&#8217; son harshly accused the PSOE: what did he say?"}]},{"@type":"WebSite","@id":"https:\/\/lavozdeibiza.com\/en\/#website","url":"https:\/\/lavozdeibiza.com\/en\/","name":"La Voz de Ibiza","description":"Diario de informaci\u00f3n actualidad y noticias de Ibiza. Todas las noticias de los municipios de Ibiza","publisher":{"@id":"https:\/\/lavozdeibiza.com\/en\/#organization"},"potentialAction":[{"@type":"SearchAction","target":{"@type":"EntryPoint","urlTemplate":"https:\/\/lavozdeibiza.com\/en\/?s={search_term_string}"},"query-input":{"@type":"PropertyValueSpecification","valueRequired":true,"valueName":"search_term_string"}}],"inLanguage":"en-US"},{"@type":["Organization","NewsMediaOrganization"],"@id":"https:\/\/lavozdeibiza.com\/en\/#organization","name":"La Voz de Ibiza","url":"https:\/\/lavozdeibiza.com\/en\/","logo":{"@type":"ImageObject","inLanguage":"en-US","@id":"https:\/\/lavozdeibiza.com\/en\/#\/schema\/logo\/image\/","url":"https:\/\/lavozdeibiza.com\/wp-content\/uploads\/2023\/10\/logo-lvib-grande.jpg","contentUrl":"https:\/\/lavozdeibiza.com\/wp-content\/uploads\/2023\/10\/logo-lvib-grande.jpg","width":1500,"height":1000,"caption":"La Voz de Ibiza"},"image":{"@id":"https:\/\/lavozdeibiza.com\/en\/#\/schema\/logo\/image\/"},"sameAs":["https:\/\/x.com\/vozdeibiza","https:\/\/www.instagram.com\/lavozibiza\/"]},{"@type":"Person","@id":"https:\/\/lavozdeibiza.com\/en\/#\/schema\/person\/52e75d4be6ef9e64c89c2222e79e3b01","name":"Catalina Cicchini","image":{"@type":"ImageObject","inLanguage":"en-US","@id":"https:\/\/secure.gravatar.com\/avatar\/22828bed8de24a0396296516c34101e3fdb8ed1bf0742735e1d7e6c2d201e748?s=96&d=mm&r=g0ca7e55baed21daba655f87f5ec45bd0","url":"https:\/\/secure.gravatar.com\/avatar\/22828bed8de24a0396296516c34101e3fdb8ed1bf0742735e1d7e6c2d201e748?s=96&d=mm&r=g","contentUrl":"https:\/\/secure.gravatar.com\/avatar\/22828bed8de24a0396296516c34101e3fdb8ed1bf0742735e1d7e6c2d201e748?s=96&d=mm&r=g","caption":"Catalina Cicchini"},"url":"https:\/\/lavozdeibiza.com\/en\/author\/ccicchini\/"},{"@type":"SiteNavigationElement","@id":"https:\/\/lavozdeibiza.com\/en\/#site-navigation","cssSelector":[".cib-main-menu"]},{"@type":"WPHeader","@id":"https:\/\/lavozdeibiza.com\/en\/#header","cssSelector":[".cib-header"]},{"@type":"WPFooter","@id":"https:\/\/lavozdeibiza.com\/en\/#footer","cssSelector":[".cib-footer"]}]}},"authors":[{"term_id":6765,"user_id":33,"is_guest":0,"slug":"ccicchini","display_name":"Catalina Cicchini","avatar_url":"https:\/\/secure.gravatar.com\/avatar\/22828bed8de24a0396296516c34101e3fdb8ed1bf0742735e1d7e6c2d201e748?s=96&d=mm&r=g","0":null,"1":"","2":"","3":"","4":"","5":"","6":"","7":"","8":"","9":"","10":""}],"_links":{"self":[{"href":"https:\/\/lavozdeibiza.com\/en\/wp-json\/wp\/v2\/posts\/141478","targetHints":{"allow":["GET"]}}],"collection":[{"href":"https:\/\/lavozdeibiza.com\/en\/wp-json\/wp\/v2\/posts"}],"about":[{"href":"https:\/\/lavozdeibiza.com\/en\/wp-json\/wp\/v2\/types\/post"}],"author":[{"embeddable":true,"href":"https:\/\/lavozdeibiza.com\/en\/wp-json\/wp\/v2\/users\/33"}],"replies":[{"embeddable":true,"href":"https:\/\/lavozdeibiza.com\/en\/wp-json\/wp\/v2\/comments?post=141478"}],"version-history":[{"count":0,"href":"https:\/\/lavozdeibiza.com\/en\/wp-json\/wp\/v2\/posts\/141478\/revisions"}],"wp:featuredmedia":[{"embeddable":true,"href":"https:\/\/lavozdeibiza.com\/en\/wp-json\/wp\/v2\/media\/141469"}],"wp:attachment":[{"href":"https:\/\/lavozdeibiza.com\/en\/wp-json\/wp\/v2\/media?parent=141478"}],"wp:term":[{"taxonomy":"category","embeddable":true,"href":"https:\/\/lavozdeibiza.com\/en\/wp-json\/wp\/v2\/categories?post=141478"},{"taxonomy":"post_tag","embeddable":true,"href":"https:\/\/lavozdeibiza.com\/en\/wp-json\/wp\/v2\/tags?post=141478"},{"taxonomy":"author","embeddable":true,"href":"https:\/\/lavozdeibiza.com\/en\/wp-json\/wp\/v2\/ppma_author?post=141478"}],"curies":[{"name":"wp","href":"https:\/\/api.w.org\/{rel}","templated":true}]}}