{"id":142965,"date":"2025-12-06T10:55:41","date_gmt":"2025-12-06T09:55:41","guid":{"rendered":"https:\/\/lavozdeibiza.com\/sin-categorizar\/ibiza-airport-to-operate-70-flights-this-constitution-saturday-13-6-less-than-in-2024\/"},"modified":"2025-12-06T10:55:41","modified_gmt":"2025-12-06T09:55:41","slug":"ibiza-airport-to-operate-70-flights-this-constitution-saturday-13-6-less-than-in-2024","status":"publish","type":"post","link":"https:\/\/lavozdeibiza.com\/en\/current-news\/ibiza-airport-to-operate-70-flights-this-constitution-saturday-13-6-less-than-in-2024\/","title":{"rendered":"Ibiza airport to operate 70 flights this Constitution Saturday, 13.6% less than in 2024"},"content":{"rendered":"<p data-start=\"362\" data-end=\"696\">Ibiza airport will have this Saturday, Constitution Day, a lower activity than last year. According to data provided by Aena, <strong data-start=\"531\" data-end=\"569\">70 flights<\/strong> are scheduled <strong data-start=\"531\" data-end=\"569\">throughout the day<\/strong>, which represents a <strong data-start=\"589\" data-end=\"610\">drop of 13.58%<\/strong> compared to December 6, 2024, when more operations were recorded on the island. <\/p>\n<p data-start=\"698\" data-end=\"1116\">Of the total number of flights scheduled at the Ibizan airport, <strong data-start=\"755\" data-end=\"798\">64 correspond to domestic connections<\/strong> and only <strong data-start=\"806\" data-end=\"836\">six will be international<\/strong>, a distribution that reflects the weight of domestic traffic on these dates outside the high tourist season. Despite being a national holiday, the figure is below that of last year and confirms a decrease in air traffic on the island during this long weekend. <\/p>\n<p data-start=\"1118\" data-end=\"1560\">In the archipelago as a whole, the Balearic airports <strong data-start=\"1179\" data-end=\"1207\">plan to operate 395 flights<\/strong> this Saturday, just 0.75% less than on the same date in 2024, when they reached 398 operations. The bulk of traffic will be concentrated in Palma, where Son Sant Joan airport has <strong data-start=\"1419\" data-end=\"1433\">281 flights<\/strong> scheduled, of which <strong data-start=\"1446\" data-end=\"1489\">184 are domestic and 97 international<\/strong>, representing a slight decrease of 0.71% over the previous year. <\/p>\n<p data-start=\"1562\" data-end=\"1974\">The positive note of the day is provided by Menorca. The Menorcan airport <g id=\"gid_0\">will operate 44 flights<\/g>, 42 domestic and two international, which represents an <g id=\"gid_1\">increase of 29.41%<\/g> compared to Constitution Day 2024. Thus, while Ibiza loses operations and Palma remains practically stable, Menorca experiences a notable increase in its air activity in the middle of the holiday weekend.  <\/p>\n","protected":false},"excerpt":{"rendered":"<p>  The island will manage 64 domestic and six international flights on a holiday in which traffic falls in Ibiza, remains stable in Palma and grows in Menorca, with 395 operations planned in the Balearic Islands as a whole, according to Aena.<\/p>\n","protected":false},"author":11,"featured_media":114985,"comment_status":"closed","ping_status":"closed","sticky":false,"template":"","format":"standard","meta":{"_acf_changed":false,"site-sidebar-layout":"default","site-content-layout":"","ast-site-content-layout":"default","site-content-style":"default","site-sidebar-style":"default","ast-global-header-display":"","ast-banner-title-visibility":"","ast-main-header-display":"","ast-hfb-above-header-display":"","ast-hfb-below-header-display":"","ast-hfb-mobile-header-display":"","site-post-title":"","ast-breadcrumbs-content":"","ast-featured-img":"","footer-sml-layout":"","ast-disable-related-posts":"","theme-transparent-header-meta":"default","adv-header-id-meta":"","stick-header-meta":"","header-above-stick-meta":"","header-main-stick-meta":"","header-below-stick-meta":"","astra-migrate-meta-layouts":"default","ast-page-background-enabled":"default","ast-page-background-meta":{"desktop":{"background-color":"var(--ast-global-color-4)","background-image":"","background-repeat":"repeat","background-position":"center center","background-size":"auto","background-attachment":"scroll","background-type":"","background-media":"","overlay-type":"","overlay-color":"","overlay-opacity":"","overlay-gradient":""},"tablet":{"background-color":"","background-image":"","background-repeat":"repeat","background-position":"center center","background-size":"auto","background-attachment":"scroll","background-type":"","background-media":"","overlay-type":"","overlay-color":"","overlay-opacity":"","overlay-gradient":""},"mobile":{"background-color":"","background-image":"","background-repeat":"repeat","background-position":"center center","background-size":"auto","background-attachment":"scroll","background-type":"","background-media":"","overlay-type":"","overlay-color":"","overlay-opacity":"","overlay-gradient":""}},"ast-content-background-meta":{"desktop":{"background-color":"var(--ast-global-color-5)","background-image":"","background-repeat":"repeat","background-position":"center center","background-size":"auto","background-attachment":"scroll","background-type":"","background-media":"","overlay-type":"","overlay-color":"","overlay-opacity":"","overlay-gradient":""},"tablet":{"background-color":"var(--ast-global-color-5)","background-image":"","background-repeat":"repeat","background-position":"center center","background-size":"auto","background-attachment":"scroll","background-type":"","background-media":"","overlay-type":"","overlay-color":"","overlay-opacity":"","overlay-gradient":""},"mobile":{"background-color":"var(--ast-global-color-5)","background-image":"","background-repeat":"repeat","background-position":"center center","background-size":"auto","background-attachment":"scroll","background-type":"","background-media":"","overlay-type":"","overlay-color":"","overlay-opacity":"","overlay-gradient":""}},"footnotes":""},"categories":[2910,2918],"tags":[2921,5643],"ppma_author":[2647],"class_list":["post-142965","post","type-post","status-publish","format-standard","has-post-thumbnail","hentry","category-current-news","category-ibiza-en","tag-actualidad-2-en","tag-aena-en"],"acf":[],"yoast_head":"<!-- This site is optimized with the Yoast SEO plugin v27.4 - https:\/\/yoast.com\/product\/yoast-seo-wordpress\/ -->\n<title>Ibiza airport to operate 70 flights this Constitution Saturday, 13.6% less than in 2024 - La Voz De Ibiza<\/title>\n<meta name=\"description\" content=\"The island will manage 64 domestic and six international flights on a holiday in which traffic falls in Ibiza, remains stable in Palma and grows in Menorca, with 395 operations planned in the Balearic Islands as a whole, according to Aena.\" \/>\n<meta name=\"robots\" content=\"index, follow, max-snippet:-1, max-image-preview:large, max-video-preview:-1\" \/>\n<link rel=\"canonical\" href=\"https:\/\/lavozdeibiza.com\/en\/current-news\/ibiza-airport-to-operate-70-flights-this-constitution-saturday-13-6-less-than-in-2024\/\" \/>\n<meta property=\"og:locale\" content=\"en_US\" \/>\n<meta property=\"og:type\" content=\"article\" \/>\n<meta property=\"og:title\" content=\"Ibiza airport to operate 70 flights this Constitution Saturday, 13.6% less than in 2024 - La Voz De Ibiza\" \/>\n<meta property=\"og:description\" content=\"The island will manage 64 domestic and six international flights on a holiday in which traffic falls in Ibiza, remains stable in Palma and grows in Menorca, with 395 operations planned in the Balearic Islands as a whole, according to Aena.\" \/>\n<meta property=\"og:url\" content=\"https:\/\/lavozdeibiza.com\/en\/current-news\/ibiza-airport-to-operate-70-flights-this-constitution-saturday-13-6-less-than-in-2024\/\" \/>\n<meta property=\"og:site_name\" content=\"La Voz De Ibiza\" \/>\n<meta property=\"article:published_time\" content=\"2025-12-06T09:55:41+00:00\" \/>\n<meta property=\"og:image\" content=\"https:\/\/lavozdeibiza.com\/wp-content\/uploads\/2025\/08\/aeropuerto_de_ibiza_001-min.jpg.webp\" \/>\n\t<meta property=\"og:image:width\" content=\"1200\" \/>\n\t<meta property=\"og:image:height\" content=\"800\" \/>\n\t<meta property=\"og:image:type\" content=\"image\/webp\" \/>\n<meta name=\"author\" content=\"Javier Campos\" \/>\n<meta name=\"twitter:card\" content=\"summary_large_image\" \/>\n<meta name=\"twitter:creator\" content=\"@vozdeibiza\" \/>\n<meta name=\"twitter:site\" content=\"@vozdeibiza\" \/>\n<meta name=\"twitter:label1\" content=\"Written by\" \/>\n\t<meta name=\"twitter:data1\" content=\"Javier Campos\" \/>\n\t<meta name=\"twitter:label2\" content=\"Est. reading time\" \/>\n\t<meta name=\"twitter:data2\" content=\"1 minute\" \/>\n<script type=\"application\/ld+json\" class=\"yoast-schema-graph\">{\"@context\":\"https:\\\/\\\/schema.org\",\"@graph\":[{\"@type\":\"NewsArticle\",\"@id\":\"https:\\\/\\\/lavozdeibiza.com\\\/en\\\/current-news\\\/ibiza-airport-to-operate-70-flights-this-constitution-saturday-13-6-less-than-in-2024\\\/#article\",\"isPartOf\":{\"@id\":\"https:\\\/\\\/lavozdeibiza.com\\\/en\\\/current-news\\\/ibiza-airport-to-operate-70-flights-this-constitution-saturday-13-6-less-than-in-2024\\\/\"},\"author\":{\"name\":\"Javier Campos\",\"@id\":\"https:\\\/\\\/lavozdeibiza.com\\\/en\\\/#\\\/schema\\\/person\\\/38a5acb93283ac3dd1f83e381e4cdc09\"},\"headline\":\"Ibiza airport to operate 70 flights this Constitution Saturday, 13.6% less than in 2024\",\"datePublished\":\"2025-12-06T09:55:41+00:00\",\"mainEntityOfPage\":{\"@id\":\"https:\\\/\\\/lavozdeibiza.com\\\/en\\\/current-news\\\/ibiza-airport-to-operate-70-flights-this-constitution-saturday-13-6-less-than-in-2024\\\/\"},\"wordCount\":232,\"publisher\":{\"@id\":\"https:\\\/\\\/lavozdeibiza.com\\\/en\\\/#organization\"},\"image\":{\"@id\":\"https:\\\/\\\/lavozdeibiza.com\\\/en\\\/current-news\\\/ibiza-airport-to-operate-70-flights-this-constitution-saturday-13-6-less-than-in-2024\\\/#primaryimage\"},\"thumbnailUrl\":\"https:\\\/\\\/lavozdeibiza.com\\\/wp-content\\\/uploads\\\/2025\\\/08\\\/aeropuerto_de_ibiza_001-min.jpg.webp\",\"keywords\":[\"Actualidad 2\",\"aena\"],\"articleSection\":[\"CURRENT NEWS\",\"IBIZA\"],\"inLanguage\":\"en-US\"},{\"@type\":[\"WebPage\",\"ItemPage\"],\"@id\":\"https:\\\/\\\/lavozdeibiza.com\\\/en\\\/current-news\\\/ibiza-airport-to-operate-70-flights-this-constitution-saturday-13-6-less-than-in-2024\\\/\",\"url\":\"https:\\\/\\\/lavozdeibiza.com\\\/en\\\/current-news\\\/ibiza-airport-to-operate-70-flights-this-constitution-saturday-13-6-less-than-in-2024\\\/\",\"name\":\"Ibiza airport to operate 70 flights this Constitution Saturday, 13.6% less than in 2024 - La Voz De Ibiza\",\"isPartOf\":{\"@id\":\"https:\\\/\\\/lavozdeibiza.com\\\/en\\\/#website\"},\"primaryImageOfPage\":{\"@id\":\"https:\\\/\\\/lavozdeibiza.com\\\/en\\\/current-news\\\/ibiza-airport-to-operate-70-flights-this-constitution-saturday-13-6-less-than-in-2024\\\/#primaryimage\"},\"image\":{\"@id\":\"https:\\\/\\\/lavozdeibiza.com\\\/en\\\/current-news\\\/ibiza-airport-to-operate-70-flights-this-constitution-saturday-13-6-less-than-in-2024\\\/#primaryimage\"},\"thumbnailUrl\":\"https:\\\/\\\/lavozdeibiza.com\\\/wp-content\\\/uploads\\\/2025\\\/08\\\/aeropuerto_de_ibiza_001-min.jpg.webp\",\"datePublished\":\"2025-12-06T09:55:41+00:00\",\"description\":\"The island will manage 64 domestic and six international flights on a holiday in which traffic falls in Ibiza, remains stable in Palma and grows in Menorca, with 395 operations planned in the Balearic Islands as a whole, according to Aena.\",\"breadcrumb\":{\"@id\":\"https:\\\/\\\/lavozdeibiza.com\\\/en\\\/current-news\\\/ibiza-airport-to-operate-70-flights-this-constitution-saturday-13-6-less-than-in-2024\\\/#breadcrumb\"},\"inLanguage\":\"en-US\",\"potentialAction\":[{\"@type\":\"ReadAction\",\"target\":[\"https:\\\/\\\/lavozdeibiza.com\\\/en\\\/current-news\\\/ibiza-airport-to-operate-70-flights-this-constitution-saturday-13-6-less-than-in-2024\\\/\"]}]},{\"@type\":\"ImageObject\",\"inLanguage\":\"en-US\",\"@id\":\"https:\\\/\\\/lavozdeibiza.com\\\/en\\\/current-news\\\/ibiza-airport-to-operate-70-flights-this-constitution-saturday-13-6-less-than-in-2024\\\/#primaryimage\",\"url\":\"https:\\\/\\\/lavozdeibiza.com\\\/wp-content\\\/uploads\\\/2025\\\/08\\\/aeropuerto_de_ibiza_001-min.jpg.webp\",\"contentUrl\":\"https:\\\/\\\/lavozdeibiza.com\\\/wp-content\\\/uploads\\\/2025\\\/08\\\/aeropuerto_de_ibiza_001-min.jpg.webp\",\"width\":1200,\"height\":800,\"caption\":\"Aeropuerto de ibiza 001 min.jpg\"},{\"@type\":\"BreadcrumbList\",\"@id\":\"https:\\\/\\\/lavozdeibiza.com\\\/en\\\/current-news\\\/ibiza-airport-to-operate-70-flights-this-constitution-saturday-13-6-less-than-in-2024\\\/#breadcrumb\",\"itemListElement\":[{\"@type\":\"ListItem\",\"position\":1,\"name\":\"Portada\",\"item\":\"https:\\\/\\\/lavozdeibiza.com\\\/en\\\/\"},{\"@type\":\"ListItem\",\"position\":2,\"name\":\"Ibiza airport to operate 70 flights this Constitution Saturday, 13.6% less than in 2024\"}]},{\"@type\":\"WebSite\",\"@id\":\"https:\\\/\\\/lavozdeibiza.com\\\/en\\\/#website\",\"url\":\"https:\\\/\\\/lavozdeibiza.com\\\/en\\\/\",\"name\":\"La Voz de Ibiza\",\"description\":\"Diario de informaci\u00f3n actualidad y noticias de Ibiza. Todas las noticias de los municipios de Ibiza\",\"publisher\":{\"@id\":\"https:\\\/\\\/lavozdeibiza.com\\\/en\\\/#organization\"},\"potentialAction\":[{\"@type\":\"SearchAction\",\"target\":{\"@type\":\"EntryPoint\",\"urlTemplate\":\"https:\\\/\\\/lavozdeibiza.com\\\/en\\\/?s={search_term_string}\"},\"query-input\":{\"@type\":\"PropertyValueSpecification\",\"valueRequired\":true,\"valueName\":\"search_term_string\"}}],\"inLanguage\":\"en-US\"},{\"@type\":[\"Organization\",\"NewsMediaOrganization\"],\"@id\":\"https:\\\/\\\/lavozdeibiza.com\\\/en\\\/#organization\",\"name\":\"La Voz de Ibiza\",\"url\":\"https:\\\/\\\/lavozdeibiza.com\\\/en\\\/\",\"logo\":{\"@type\":\"ImageObject\",\"inLanguage\":\"en-US\",\"@id\":\"https:\\\/\\\/lavozdeibiza.com\\\/en\\\/#\\\/schema\\\/logo\\\/image\\\/\",\"url\":\"https:\\\/\\\/lavozdeibiza.com\\\/wp-content\\\/uploads\\\/2023\\\/10\\\/logo-lvib-grande.jpg\",\"contentUrl\":\"https:\\\/\\\/lavozdeibiza.com\\\/wp-content\\\/uploads\\\/2023\\\/10\\\/logo-lvib-grande.jpg\",\"width\":1500,\"height\":1000,\"caption\":\"La Voz de Ibiza\"},\"image\":{\"@id\":\"https:\\\/\\\/lavozdeibiza.com\\\/en\\\/#\\\/schema\\\/logo\\\/image\\\/\"},\"sameAs\":[\"https:\\\/\\\/x.com\\\/vozdeibiza\",\"https:\\\/\\\/www.instagram.com\\\/lavozibiza\\\/\"]},{\"@type\":\"Person\",\"@id\":\"https:\\\/\\\/lavozdeibiza.com\\\/en\\\/#\\\/schema\\\/person\\\/38a5acb93283ac3dd1f83e381e4cdc09\",\"name\":\"Javier Campos\",\"image\":{\"@type\":\"ImageObject\",\"inLanguage\":\"en-US\",\"@id\":\"https:\\\/\\\/secure.gravatar.com\\\/avatar\\\/13ebcaddad7bc7a5230e2e0dddade43cd002dcc2e0bf9cab0471b837a86974ef?s=96&d=mm&r=ga230e1775d7d3c52c7a82d2ad63813ff\",\"url\":\"https:\\\/\\\/secure.gravatar.com\\\/avatar\\\/13ebcaddad7bc7a5230e2e0dddade43cd002dcc2e0bf9cab0471b837a86974ef?s=96&d=mm&r=g\",\"contentUrl\":\"https:\\\/\\\/secure.gravatar.com\\\/avatar\\\/13ebcaddad7bc7a5230e2e0dddade43cd002dcc2e0bf9cab0471b837a86974ef?s=96&d=mm&r=g\",\"caption\":\"Javier Campos\"},\"description\":\"Periodista con dos d\u00e9cadas de experiencia en la profesi\u00f3n. Actualmente, trabaja en La Voz de Ibiza, cubriendo temas de actualidad, pol\u00edtica, econom\u00eda, turismo y sectores estrat\u00e9gicos en Ibiza y Formentera. Est\u00e1 especializado en investigaciones y coberturas informativas sobre transparencia institucional, acceso a la informaci\u00f3n y el desempe\u00f1o de pol\u00edticos y funcionarios.\",\"url\":\"https:\\\/\\\/lavozdeibiza.com\\\/en\\\/author\\\/jcampos\\\/\"},{\"@type\":\"SiteNavigationElement\",\"@id\":\"https:\\\/\\\/lavozdeibiza.com\\\/en\\\/#site-navigation\",\"cssSelector\":[\".cib-main-menu\"]},{\"@type\":\"WPHeader\",\"@id\":\"https:\\\/\\\/lavozdeibiza.com\\\/en\\\/#header\",\"cssSelector\":[\".cib-header\"]},{\"@type\":\"WPFooter\",\"@id\":\"https:\\\/\\\/lavozdeibiza.com\\\/en\\\/#footer\",\"cssSelector\":[\".cib-footer\"]}]}<\/script>\n<!-- \/ Yoast SEO plugin. -->","yoast_head_json":{"title":"Ibiza airport to operate 70 flights this Constitution Saturday, 13.6% less than in 2024 - La Voz De Ibiza","description":"The island will manage 64 domestic and six international flights on a holiday in which traffic falls in Ibiza, remains stable in Palma and grows in Menorca, with 395 operations planned in the Balearic Islands as a whole, according to Aena.","robots":{"index":"index","follow":"follow","max-snippet":"max-snippet:-1","max-image-preview":"max-image-preview:large","max-video-preview":"max-video-preview:-1"},"canonical":"https:\/\/lavozdeibiza.com\/en\/current-news\/ibiza-airport-to-operate-70-flights-this-constitution-saturday-13-6-less-than-in-2024\/","og_locale":"en_US","og_type":"article","og_title":"Ibiza airport to operate 70 flights this Constitution Saturday, 13.6% less than in 2024 - La Voz De Ibiza","og_description":"The island will manage 64 domestic and six international flights on a holiday in which traffic falls in Ibiza, remains stable in Palma and grows in Menorca, with 395 operations planned in the Balearic Islands as a whole, according to Aena.","og_url":"https:\/\/lavozdeibiza.com\/en\/current-news\/ibiza-airport-to-operate-70-flights-this-constitution-saturday-13-6-less-than-in-2024\/","og_site_name":"La Voz De Ibiza","article_published_time":"2025-12-06T09:55:41+00:00","og_image":[{"width":1200,"height":800,"url":"https:\/\/lavozdeibiza.com\/wp-content\/uploads\/2025\/08\/aeropuerto_de_ibiza_001-min.jpg.webp","type":"image\/webp"}],"author":"Javier Campos","twitter_card":"summary_large_image","twitter_creator":"@vozdeibiza","twitter_site":"@vozdeibiza","twitter_misc":{"Written by":"Javier Campos","Est. reading time":"1 minute"},"schema":{"@context":"https:\/\/schema.org","@graph":[{"@type":"NewsArticle","@id":"https:\/\/lavozdeibiza.com\/en\/current-news\/ibiza-airport-to-operate-70-flights-this-constitution-saturday-13-6-less-than-in-2024\/#article","isPartOf":{"@id":"https:\/\/lavozdeibiza.com\/en\/current-news\/ibiza-airport-to-operate-70-flights-this-constitution-saturday-13-6-less-than-in-2024\/"},"author":{"name":"Javier Campos","@id":"https:\/\/lavozdeibiza.com\/en\/#\/schema\/person\/38a5acb93283ac3dd1f83e381e4cdc09"},"headline":"Ibiza airport to operate 70 flights this Constitution Saturday, 13.6% less than in 2024","datePublished":"2025-12-06T09:55:41+00:00","mainEntityOfPage":{"@id":"https:\/\/lavozdeibiza.com\/en\/current-news\/ibiza-airport-to-operate-70-flights-this-constitution-saturday-13-6-less-than-in-2024\/"},"wordCount":232,"publisher":{"@id":"https:\/\/lavozdeibiza.com\/en\/#organization"},"image":{"@id":"https:\/\/lavozdeibiza.com\/en\/current-news\/ibiza-airport-to-operate-70-flights-this-constitution-saturday-13-6-less-than-in-2024\/#primaryimage"},"thumbnailUrl":"https:\/\/lavozdeibiza.com\/wp-content\/uploads\/2025\/08\/aeropuerto_de_ibiza_001-min.jpg.webp","keywords":["Actualidad 2","aena"],"articleSection":["CURRENT NEWS","IBIZA"],"inLanguage":"en-US"},{"@type":["WebPage","ItemPage"],"@id":"https:\/\/lavozdeibiza.com\/en\/current-news\/ibiza-airport-to-operate-70-flights-this-constitution-saturday-13-6-less-than-in-2024\/","url":"https:\/\/lavozdeibiza.com\/en\/current-news\/ibiza-airport-to-operate-70-flights-this-constitution-saturday-13-6-less-than-in-2024\/","name":"Ibiza airport to operate 70 flights this Constitution Saturday, 13.6% less than in 2024 - La Voz De Ibiza","isPartOf":{"@id":"https:\/\/lavozdeibiza.com\/en\/#website"},"primaryImageOfPage":{"@id":"https:\/\/lavozdeibiza.com\/en\/current-news\/ibiza-airport-to-operate-70-flights-this-constitution-saturday-13-6-less-than-in-2024\/#primaryimage"},"image":{"@id":"https:\/\/lavozdeibiza.com\/en\/current-news\/ibiza-airport-to-operate-70-flights-this-constitution-saturday-13-6-less-than-in-2024\/#primaryimage"},"thumbnailUrl":"https:\/\/lavozdeibiza.com\/wp-content\/uploads\/2025\/08\/aeropuerto_de_ibiza_001-min.jpg.webp","datePublished":"2025-12-06T09:55:41+00:00","description":"The island will manage 64 domestic and six international flights on a holiday in which traffic falls in Ibiza, remains stable in Palma and grows in Menorca, with 395 operations planned in the Balearic Islands as a whole, according to Aena.","breadcrumb":{"@id":"https:\/\/lavozdeibiza.com\/en\/current-news\/ibiza-airport-to-operate-70-flights-this-constitution-saturday-13-6-less-than-in-2024\/#breadcrumb"},"inLanguage":"en-US","potentialAction":[{"@type":"ReadAction","target":["https:\/\/lavozdeibiza.com\/en\/current-news\/ibiza-airport-to-operate-70-flights-this-constitution-saturday-13-6-less-than-in-2024\/"]}]},{"@type":"ImageObject","inLanguage":"en-US","@id":"https:\/\/lavozdeibiza.com\/en\/current-news\/ibiza-airport-to-operate-70-flights-this-constitution-saturday-13-6-less-than-in-2024\/#primaryimage","url":"https:\/\/lavozdeibiza.com\/wp-content\/uploads\/2025\/08\/aeropuerto_de_ibiza_001-min.jpg.webp","contentUrl":"https:\/\/lavozdeibiza.com\/wp-content\/uploads\/2025\/08\/aeropuerto_de_ibiza_001-min.jpg.webp","width":1200,"height":800,"caption":"Aeropuerto de ibiza 001 min.jpg"},{"@type":"BreadcrumbList","@id":"https:\/\/lavozdeibiza.com\/en\/current-news\/ibiza-airport-to-operate-70-flights-this-constitution-saturday-13-6-less-than-in-2024\/#breadcrumb","itemListElement":[{"@type":"ListItem","position":1,"name":"Portada","item":"https:\/\/lavozdeibiza.com\/en\/"},{"@type":"ListItem","position":2,"name":"Ibiza airport to operate 70 flights this Constitution Saturday, 13.6% less than in 2024"}]},{"@type":"WebSite","@id":"https:\/\/lavozdeibiza.com\/en\/#website","url":"https:\/\/lavozdeibiza.com\/en\/","name":"La Voz de Ibiza","description":"Diario de informaci\u00f3n actualidad y noticias de Ibiza. Todas las noticias de los municipios de Ibiza","publisher":{"@id":"https:\/\/lavozdeibiza.com\/en\/#organization"},"potentialAction":[{"@type":"SearchAction","target":{"@type":"EntryPoint","urlTemplate":"https:\/\/lavozdeibiza.com\/en\/?s={search_term_string}"},"query-input":{"@type":"PropertyValueSpecification","valueRequired":true,"valueName":"search_term_string"}}],"inLanguage":"en-US"},{"@type":["Organization","NewsMediaOrganization"],"@id":"https:\/\/lavozdeibiza.com\/en\/#organization","name":"La Voz de Ibiza","url":"https:\/\/lavozdeibiza.com\/en\/","logo":{"@type":"ImageObject","inLanguage":"en-US","@id":"https:\/\/lavozdeibiza.com\/en\/#\/schema\/logo\/image\/","url":"https:\/\/lavozdeibiza.com\/wp-content\/uploads\/2023\/10\/logo-lvib-grande.jpg","contentUrl":"https:\/\/lavozdeibiza.com\/wp-content\/uploads\/2023\/10\/logo-lvib-grande.jpg","width":1500,"height":1000,"caption":"La Voz de Ibiza"},"image":{"@id":"https:\/\/lavozdeibiza.com\/en\/#\/schema\/logo\/image\/"},"sameAs":["https:\/\/x.com\/vozdeibiza","https:\/\/www.instagram.com\/lavozibiza\/"]},{"@type":"Person","@id":"https:\/\/lavozdeibiza.com\/en\/#\/schema\/person\/38a5acb93283ac3dd1f83e381e4cdc09","name":"Javier Campos","image":{"@type":"ImageObject","inLanguage":"en-US","@id":"https:\/\/secure.gravatar.com\/avatar\/13ebcaddad7bc7a5230e2e0dddade43cd002dcc2e0bf9cab0471b837a86974ef?s=96&d=mm&r=ga230e1775d7d3c52c7a82d2ad63813ff","url":"https:\/\/secure.gravatar.com\/avatar\/13ebcaddad7bc7a5230e2e0dddade43cd002dcc2e0bf9cab0471b837a86974ef?s=96&d=mm&r=g","contentUrl":"https:\/\/secure.gravatar.com\/avatar\/13ebcaddad7bc7a5230e2e0dddade43cd002dcc2e0bf9cab0471b837a86974ef?s=96&d=mm&r=g","caption":"Javier Campos"},"description":"Periodista con dos d\u00e9cadas de experiencia en la profesi\u00f3n. Actualmente, trabaja en La Voz de Ibiza, cubriendo temas de actualidad, pol\u00edtica, econom\u00eda, turismo y sectores estrat\u00e9gicos en Ibiza y Formentera. Est\u00e1 especializado en investigaciones y coberturas informativas sobre transparencia institucional, acceso a la informaci\u00f3n y el desempe\u00f1o de pol\u00edticos y funcionarios.","url":"https:\/\/lavozdeibiza.com\/en\/author\/jcampos\/"},{"@type":"SiteNavigationElement","@id":"https:\/\/lavozdeibiza.com\/en\/#site-navigation","cssSelector":[".cib-main-menu"]},{"@type":"WPHeader","@id":"https:\/\/lavozdeibiza.com\/en\/#header","cssSelector":[".cib-header"]},{"@type":"WPFooter","@id":"https:\/\/lavozdeibiza.com\/en\/#footer","cssSelector":[".cib-footer"]}]}},"authors":[{"term_id":2647,"user_id":11,"is_guest":0,"slug":"jcampos","display_name":"Javier Campos","avatar_url":"https:\/\/secure.gravatar.com\/avatar\/13ebcaddad7bc7a5230e2e0dddade43cd002dcc2e0bf9cab0471b837a86974ef?s=96&d=mm&r=g","0":null,"1":"","2":"","3":"","4":"","5":"","6":"","7":"","8":"","9":"","10":""}],"_links":{"self":[{"href":"https:\/\/lavozdeibiza.com\/en\/wp-json\/wp\/v2\/posts\/142965","targetHints":{"allow":["GET"]}}],"collection":[{"href":"https:\/\/lavozdeibiza.com\/en\/wp-json\/wp\/v2\/posts"}],"about":[{"href":"https:\/\/lavozdeibiza.com\/en\/wp-json\/wp\/v2\/types\/post"}],"author":[{"embeddable":true,"href":"https:\/\/lavozdeibiza.com\/en\/wp-json\/wp\/v2\/users\/11"}],"replies":[{"embeddable":true,"href":"https:\/\/lavozdeibiza.com\/en\/wp-json\/wp\/v2\/comments?post=142965"}],"version-history":[{"count":0,"href":"https:\/\/lavozdeibiza.com\/en\/wp-json\/wp\/v2\/posts\/142965\/revisions"}],"wp:featuredmedia":[{"embeddable":true,"href":"https:\/\/lavozdeibiza.com\/en\/wp-json\/wp\/v2\/media\/114985"}],"wp:attachment":[{"href":"https:\/\/lavozdeibiza.com\/en\/wp-json\/wp\/v2\/media?parent=142965"}],"wp:term":[{"taxonomy":"category","embeddable":true,"href":"https:\/\/lavozdeibiza.com\/en\/wp-json\/wp\/v2\/categories?post=142965"},{"taxonomy":"post_tag","embeddable":true,"href":"https:\/\/lavozdeibiza.com\/en\/wp-json\/wp\/v2\/tags?post=142965"},{"taxonomy":"author","embeddable":true,"href":"https:\/\/lavozdeibiza.com\/en\/wp-json\/wp\/v2\/ppma_author?post=142965"}],"curies":[{"name":"wp","href":"https:\/\/api.w.org\/{rel}","templated":true}]}}