{"id":142990,"date":"2025-12-06T13:32:22","date_gmt":"2025-12-06T12:32:22","guid":{"rendered":"https:\/\/lavozdeibiza.com\/sin-categorizar\/triguero-vindicates-the-constitution-as-a-guarantee-of-freedom-equality-and-coexistence-in-ibiza\/"},"modified":"2025-12-06T13:32:22","modified_gmt":"2025-12-06T12:32:22","slug":"triguero-vindicates-the-constitution-as-a-guarantee-of-freedom-equality-and-coexistence-in-ibiza","status":"publish","type":"post","link":"https:\/\/lavozdeibiza.com\/en\/current-news\/triguero-vindicates-the-constitution-as-a-guarantee-of-freedom-equality-and-coexistence-in-ibiza\/","title":{"rendered":"Triguero vindicates the Constitution as a guarantee of freedom, equality and coexistence in Ibiza"},"content":{"rendered":"<p data-start=\"735\" data-end=\"999\">The <strong data-start=\"738\" data-end=\"777\">mayor of Ibiza, Rafael Triguero<\/strong>, has highlighted this December 6 the <strong data-start=\"815\" data-end=\"875\">importance and full validity of the Spanish Constitution<\/strong> during the institutional act of the <strong data-start=\"910\" data-end=\"936\">Constitution Day<\/strong>, held in the chapter house of the Town Hall of Eivissa.<\/p>\n<p data-start=\"1001\" data-end=\"1254\">Before the island director, the president of the Consell, the vice-president of the Govern, other mayors, authorities, entities and associations, Triguero has claimed the values that frame the Magna Carta and its essential role in democratic coexistence.<\/p>\n<p data-start=\"1256\" data-end=\"1569\">The mayor defended that this is a day to <strong data-start=\"1309\" data-end=\"1469\">&#8220;value freedom, equality and dignity, but also participation, protection against discrimination and opportunities for everyone&#8221;,<\/strong> and stressed that these principles <strong data-start=\"1507\" data-end=\"1568\">&#8220;should not remain in words, but should be lived every day&#8221;.<\/strong><\/p>\n<p data-start=\"1571\" data-end=\"1886\">Triguero recalled that <strong data-start=\"1600\" data-end=\"1618\">December 6<\/strong> is a date that <strong data-start=\"1636\" data-end=\"1773\">&#8220;serves to remind us of where we come from and to value the importance of continuing to move forward together with respect and willingness to dialogue,&#8221;<\/strong> noting that the Constitution opened a stage of <strong data-start=\"1825\" data-end=\"1852\">democracy and freedoms<\/strong> that remains fundamental today <strong data-start=\"1636\" data-end=\"1773\">.<\/strong><\/p>\n<h3 data-start=\"1888\" data-end=\"1969\">&#8220;It&#8217;s not just a set of standards; it&#8217;s a commitment to human rights.&#8221;<\/h3>\n<p data-start=\"1971\" data-end=\"2327\">In his speech, the Mayor focused on the <strong data-start=\"2026\" data-end=\"2076\">social and protective nature of the Constitution<\/strong>. He pointed out that <strong data-start=\"2094\" data-end=\"2214\">&#8220;the Constitution is not just a set of rules; it is a commitment to human rights, the rights of all&#8221;<\/strong> and recalled that it guarantees <strong data-start=\"2244\" data-end=\"2326\">&#8220;freedom of expression, the right to education, to health, to work&#8230;&#8221;.<\/strong> <\/p>\n<p data-start=\"2329\" data-end=\"2530\">According to him, the constitutional text <strong data-start=\"2373\" data-end=\"2422\">&#8220;teaches us that we all have the same value&#8221;<\/strong> and provides a common framework to protect people against discrimination and guarantee opportunities.<\/p>\n<h3 data-start=\"2532\" data-end=\"2604\">Ibiza as a World Heritage Site, a duty to future generations<\/h3>\n<p data-start=\"2606\" data-end=\"2761\">Triguero also made special mention of the <strong data-start=\"2656\" data-end=\"2700\">island&#8217;<\/strong>s <strong data-start=\"2656\" data-end=\"2700\">natural and cultural heritage<\/strong>, linking its protection with constitutional values.<\/p>\n<p data-start=\"2763\" data-end=\"3036\">&#8220;Ibiza, a UNESCO World Heritage Site, is an example of history and culture that we must preserve. <strong data-start=\"2869\" data-end=\"2928\">Protecting it is a duty to the generations to come<\/strong>,&#8221; he said, claiming the collective responsibility to care for the environment and the identity of the city.<\/p>\n<h3 data-start=\"3038\" data-end=\"3099\">The role of the City Council as the closest administration<\/h3>\n<p data-start=\"3101\" data-end=\"3249\">The mayor of Eivissa used his speech to defend the role of the <strong data-start=\"3177\" data-end=\"3201\">local administration<\/strong> as the institution closest to the citizens.<\/p>\n<p data-start=\"3251\" data-end=\"3507\">He pointed out that <strong data-start=\"3267\" data-end=\"3406\">&#8220;with proximity and humility, every step we take reflects that commitment to coexistence that inspired the drafters of the Magna Carta&#8221;,<\/strong> linking the daily work of the City Council to the principles of dialogue, respect and public service <strong data-start=\"3267\" data-end=\"3406\">.<\/strong><\/p>\n<p data-start=\"3509\" data-end=\"3918\">Triguero closed his speech by thanking the work of all the people and groups that contribute to the functioning and progress of society. <strong data-start=\"3668\" data-end=\"3783\">&#8220;I want to thank all the people (&#8230;) to make this country a more just, dignified and supportive place&#8221;, he<\/strong> concluded, in a call to defend the Constitution from the daily practice and not only from the symbolism of the ephemeris.<\/p>\n","protected":false},"excerpt":{"rendered":"<p>The mayor of Ibiza emphasizes the social and protective nature of the Magna Carta, recalls the rights to education, health and work, and links its defense with the preservation of the island as a UNESCO World Heritage Site.<\/p>\n","protected":false},"author":11,"featured_media":142987,"comment_status":"closed","ping_status":"closed","sticky":false,"template":"","format":"standard","meta":{"_acf_changed":false,"site-sidebar-layout":"default","site-content-layout":"","ast-site-content-layout":"default","site-content-style":"default","site-sidebar-style":"default","ast-global-header-display":"","ast-banner-title-visibility":"","ast-main-header-display":"","ast-hfb-above-header-display":"","ast-hfb-below-header-display":"","ast-hfb-mobile-header-display":"","site-post-title":"","ast-breadcrumbs-content":"","ast-featured-img":"","footer-sml-layout":"","ast-disable-related-posts":"","theme-transparent-header-meta":"default","adv-header-id-meta":"","stick-header-meta":"","header-above-stick-meta":"","header-main-stick-meta":"","header-below-stick-meta":"","astra-migrate-meta-layouts":"default","ast-page-background-enabled":"default","ast-page-background-meta":{"desktop":{"background-color":"var(--ast-global-color-4)","background-image":"","background-repeat":"repeat","background-position":"center center","background-size":"auto","background-attachment":"scroll","background-type":"","background-media":"","overlay-type":"","overlay-color":"","overlay-opacity":"","overlay-gradient":""},"tablet":{"background-color":"","background-image":"","background-repeat":"repeat","background-position":"center center","background-size":"auto","background-attachment":"scroll","background-type":"","background-media":"","overlay-type":"","overlay-color":"","overlay-opacity":"","overlay-gradient":""},"mobile":{"background-color":"","background-image":"","background-repeat":"repeat","background-position":"center center","background-size":"auto","background-attachment":"scroll","background-type":"","background-media":"","overlay-type":"","overlay-color":"","overlay-opacity":"","overlay-gradient":""}},"ast-content-background-meta":{"desktop":{"background-color":"var(--ast-global-color-5)","background-image":"","background-repeat":"repeat","background-position":"center center","background-size":"auto","background-attachment":"scroll","background-type":"","background-media":"","overlay-type":"","overlay-color":"","overlay-opacity":"","overlay-gradient":""},"tablet":{"background-color":"var(--ast-global-color-5)","background-image":"","background-repeat":"repeat","background-position":"center center","background-size":"auto","background-attachment":"scroll","background-type":"","background-media":"","overlay-type":"","overlay-color":"","overlay-opacity":"","overlay-gradient":""},"mobile":{"background-color":"var(--ast-global-color-5)","background-image":"","background-repeat":"repeat","background-position":"center center","background-size":"auto","background-attachment":"scroll","background-type":"","background-media":"","overlay-type":"","overlay-color":"","overlay-opacity":"","overlay-gradient":""}},"footnotes":""},"categories":[2910,2918],"tags":[2921,10113],"ppma_author":[2647],"class_list":["post-142990","post","type-post","status-publish","format-standard","has-post-thumbnail","hentry","category-current-news","category-ibiza-en","tag-actualidad-2-en","tag-constitution-day"],"acf":[],"yoast_head":"<!-- This site is optimized with the Yoast SEO plugin v27.4 - https:\/\/yoast.com\/product\/yoast-seo-wordpress\/ -->\n<title>Triguero vindicates the Constitution as a guarantee of freedom, equality and coexistence in Ibiza - La Voz De Ibiza<\/title>\n<meta name=\"description\" content=\"The mayor of Ibiza emphasizes the social and protective nature of the Magna Carta, recalls the rights to education, health and work, and links its defense with the preservation of the island as a UNESCO World Heritage Site.\" \/>\n<meta name=\"robots\" content=\"index, follow, max-snippet:-1, max-image-preview:large, max-video-preview:-1\" \/>\n<link rel=\"canonical\" href=\"https:\/\/lavozdeibiza.com\/en\/current-news\/triguero-vindicates-the-constitution-as-a-guarantee-of-freedom-equality-and-coexistence-in-ibiza\/\" \/>\n<meta property=\"og:locale\" content=\"en_US\" \/>\n<meta property=\"og:type\" content=\"article\" \/>\n<meta property=\"og:title\" content=\"Triguero vindicates the Constitution as a guarantee of freedom, equality and coexistence in Ibiza - La Voz De Ibiza\" \/>\n<meta property=\"og:description\" content=\"The mayor of Ibiza emphasizes the social and protective nature of the Magna Carta, recalls the rights to education, health and work, and links its defense with the preservation of the island as a UNESCO World Heritage Site.\" \/>\n<meta property=\"og:url\" content=\"https:\/\/lavozdeibiza.com\/en\/current-news\/triguero-vindicates-the-constitution-as-a-guarantee-of-freedom-equality-and-coexistence-in-ibiza\/\" \/>\n<meta property=\"og:site_name\" content=\"La Voz De Ibiza\" \/>\n<meta property=\"article:published_time\" content=\"2025-12-06T12:32:22+00:00\" \/>\n<meta property=\"og:image\" content=\"https:\/\/lavozdeibiza.com\/wp-content\/uploads\/2025\/12\/Rafa-Triguero-durante-su-discurso.jpeg\" \/>\n\t<meta property=\"og:image:width\" content=\"1280\" \/>\n\t<meta property=\"og:image:height\" content=\"853\" \/>\n\t<meta property=\"og:image:type\" content=\"image\/jpeg\" \/>\n<meta name=\"author\" content=\"Javier Campos\" \/>\n<meta name=\"twitter:card\" content=\"summary_large_image\" \/>\n<meta name=\"twitter:creator\" content=\"@vozdeibiza\" \/>\n<meta name=\"twitter:site\" content=\"@vozdeibiza\" \/>\n<meta name=\"twitter:label1\" content=\"Written by\" \/>\n\t<meta name=\"twitter:data1\" content=\"Javier Campos\" \/>\n\t<meta name=\"twitter:label2\" content=\"Est. reading time\" \/>\n\t<meta name=\"twitter:data2\" content=\"2 minutes\" \/>\n<script type=\"application\/ld+json\" class=\"yoast-schema-graph\">{\"@context\":\"https:\\\/\\\/schema.org\",\"@graph\":[{\"@type\":\"NewsArticle\",\"@id\":\"https:\\\/\\\/lavozdeibiza.com\\\/en\\\/current-news\\\/triguero-vindicates-the-constitution-as-a-guarantee-of-freedom-equality-and-coexistence-in-ibiza\\\/#article\",\"isPartOf\":{\"@id\":\"https:\\\/\\\/lavozdeibiza.com\\\/en\\\/current-news\\\/triguero-vindicates-the-constitution-as-a-guarantee-of-freedom-equality-and-coexistence-in-ibiza\\\/\"},\"author\":{\"name\":\"Javier Campos\",\"@id\":\"https:\\\/\\\/lavozdeibiza.com\\\/en\\\/#\\\/schema\\\/person\\\/38a5acb93283ac3dd1f83e381e4cdc09\"},\"headline\":\"Triguero vindicates the Constitution as a guarantee of freedom, equality and coexistence in Ibiza\",\"datePublished\":\"2025-12-06T12:32:22+00:00\",\"mainEntityOfPage\":{\"@id\":\"https:\\\/\\\/lavozdeibiza.com\\\/en\\\/current-news\\\/triguero-vindicates-the-constitution-as-a-guarantee-of-freedom-equality-and-coexistence-in-ibiza\\\/\"},\"wordCount\":487,\"publisher\":{\"@id\":\"https:\\\/\\\/lavozdeibiza.com\\\/en\\\/#organization\"},\"image\":{\"@id\":\"https:\\\/\\\/lavozdeibiza.com\\\/en\\\/current-news\\\/triguero-vindicates-the-constitution-as-a-guarantee-of-freedom-equality-and-coexistence-in-ibiza\\\/#primaryimage\"},\"thumbnailUrl\":\"https:\\\/\\\/lavozdeibiza.com\\\/wp-content\\\/uploads\\\/2025\\\/12\\\/Rafa-Triguero-durante-su-discurso.jpeg\",\"keywords\":[\"Actualidad 2\",\"Constitution Day\"],\"articleSection\":[\"CURRENT NEWS\",\"IBIZA\"],\"inLanguage\":\"en-US\"},{\"@type\":[\"WebPage\",\"ItemPage\"],\"@id\":\"https:\\\/\\\/lavozdeibiza.com\\\/en\\\/current-news\\\/triguero-vindicates-the-constitution-as-a-guarantee-of-freedom-equality-and-coexistence-in-ibiza\\\/\",\"url\":\"https:\\\/\\\/lavozdeibiza.com\\\/en\\\/current-news\\\/triguero-vindicates-the-constitution-as-a-guarantee-of-freedom-equality-and-coexistence-in-ibiza\\\/\",\"name\":\"Triguero vindicates the Constitution as a guarantee of freedom, equality and coexistence in Ibiza - La Voz De Ibiza\",\"isPartOf\":{\"@id\":\"https:\\\/\\\/lavozdeibiza.com\\\/en\\\/#website\"},\"primaryImageOfPage\":{\"@id\":\"https:\\\/\\\/lavozdeibiza.com\\\/en\\\/current-news\\\/triguero-vindicates-the-constitution-as-a-guarantee-of-freedom-equality-and-coexistence-in-ibiza\\\/#primaryimage\"},\"image\":{\"@id\":\"https:\\\/\\\/lavozdeibiza.com\\\/en\\\/current-news\\\/triguero-vindicates-the-constitution-as-a-guarantee-of-freedom-equality-and-coexistence-in-ibiza\\\/#primaryimage\"},\"thumbnailUrl\":\"https:\\\/\\\/lavozdeibiza.com\\\/wp-content\\\/uploads\\\/2025\\\/12\\\/Rafa-Triguero-durante-su-discurso.jpeg\",\"datePublished\":\"2025-12-06T12:32:22+00:00\",\"description\":\"The mayor of Ibiza emphasizes the social and protective nature of the Magna Carta, recalls the rights to education, health and work, and links its defense with the preservation of the island as a UNESCO World Heritage Site.\",\"breadcrumb\":{\"@id\":\"https:\\\/\\\/lavozdeibiza.com\\\/en\\\/current-news\\\/triguero-vindicates-the-constitution-as-a-guarantee-of-freedom-equality-and-coexistence-in-ibiza\\\/#breadcrumb\"},\"inLanguage\":\"en-US\",\"potentialAction\":[{\"@type\":\"ReadAction\",\"target\":[\"https:\\\/\\\/lavozdeibiza.com\\\/en\\\/current-news\\\/triguero-vindicates-the-constitution-as-a-guarantee-of-freedom-equality-and-coexistence-in-ibiza\\\/\"]}]},{\"@type\":\"ImageObject\",\"inLanguage\":\"en-US\",\"@id\":\"https:\\\/\\\/lavozdeibiza.com\\\/en\\\/current-news\\\/triguero-vindicates-the-constitution-as-a-guarantee-of-freedom-equality-and-coexistence-in-ibiza\\\/#primaryimage\",\"url\":\"https:\\\/\\\/lavozdeibiza.com\\\/wp-content\\\/uploads\\\/2025\\\/12\\\/Rafa-Triguero-durante-su-discurso.jpeg\",\"contentUrl\":\"https:\\\/\\\/lavozdeibiza.com\\\/wp-content\\\/uploads\\\/2025\\\/12\\\/Rafa-Triguero-durante-su-discurso.jpeg\",\"width\":1280,\"height\":853,\"caption\":\"Rafa Triguero durante su discurso\"},{\"@type\":\"BreadcrumbList\",\"@id\":\"https:\\\/\\\/lavozdeibiza.com\\\/en\\\/current-news\\\/triguero-vindicates-the-constitution-as-a-guarantee-of-freedom-equality-and-coexistence-in-ibiza\\\/#breadcrumb\",\"itemListElement\":[{\"@type\":\"ListItem\",\"position\":1,\"name\":\"Portada\",\"item\":\"https:\\\/\\\/lavozdeibiza.com\\\/en\\\/\"},{\"@type\":\"ListItem\",\"position\":2,\"name\":\"Triguero vindicates the Constitution as a guarantee of freedom, equality and coexistence in Ibiza\"}]},{\"@type\":\"WebSite\",\"@id\":\"https:\\\/\\\/lavozdeibiza.com\\\/en\\\/#website\",\"url\":\"https:\\\/\\\/lavozdeibiza.com\\\/en\\\/\",\"name\":\"La Voz de Ibiza\",\"description\":\"Diario de informaci\u00f3n actualidad y noticias de Ibiza. Todas las noticias de los municipios de Ibiza\",\"publisher\":{\"@id\":\"https:\\\/\\\/lavozdeibiza.com\\\/en\\\/#organization\"},\"potentialAction\":[{\"@type\":\"SearchAction\",\"target\":{\"@type\":\"EntryPoint\",\"urlTemplate\":\"https:\\\/\\\/lavozdeibiza.com\\\/en\\\/?s={search_term_string}\"},\"query-input\":{\"@type\":\"PropertyValueSpecification\",\"valueRequired\":true,\"valueName\":\"search_term_string\"}}],\"inLanguage\":\"en-US\"},{\"@type\":[\"Organization\",\"NewsMediaOrganization\"],\"@id\":\"https:\\\/\\\/lavozdeibiza.com\\\/en\\\/#organization\",\"name\":\"La Voz de Ibiza\",\"url\":\"https:\\\/\\\/lavozdeibiza.com\\\/en\\\/\",\"logo\":{\"@type\":\"ImageObject\",\"inLanguage\":\"en-US\",\"@id\":\"https:\\\/\\\/lavozdeibiza.com\\\/en\\\/#\\\/schema\\\/logo\\\/image\\\/\",\"url\":\"https:\\\/\\\/lavozdeibiza.com\\\/wp-content\\\/uploads\\\/2023\\\/10\\\/logo-lvib-grande.jpg\",\"contentUrl\":\"https:\\\/\\\/lavozdeibiza.com\\\/wp-content\\\/uploads\\\/2023\\\/10\\\/logo-lvib-grande.jpg\",\"width\":1500,\"height\":1000,\"caption\":\"La Voz de Ibiza\"},\"image\":{\"@id\":\"https:\\\/\\\/lavozdeibiza.com\\\/en\\\/#\\\/schema\\\/logo\\\/image\\\/\"},\"sameAs\":[\"https:\\\/\\\/x.com\\\/vozdeibiza\",\"https:\\\/\\\/www.instagram.com\\\/lavozibiza\\\/\"]},{\"@type\":\"Person\",\"@id\":\"https:\\\/\\\/lavozdeibiza.com\\\/en\\\/#\\\/schema\\\/person\\\/38a5acb93283ac3dd1f83e381e4cdc09\",\"name\":\"Javier Campos\",\"image\":{\"@type\":\"ImageObject\",\"inLanguage\":\"en-US\",\"@id\":\"https:\\\/\\\/secure.gravatar.com\\\/avatar\\\/13ebcaddad7bc7a5230e2e0dddade43cd002dcc2e0bf9cab0471b837a86974ef?s=96&d=mm&r=ga230e1775d7d3c52c7a82d2ad63813ff\",\"url\":\"https:\\\/\\\/secure.gravatar.com\\\/avatar\\\/13ebcaddad7bc7a5230e2e0dddade43cd002dcc2e0bf9cab0471b837a86974ef?s=96&d=mm&r=g\",\"contentUrl\":\"https:\\\/\\\/secure.gravatar.com\\\/avatar\\\/13ebcaddad7bc7a5230e2e0dddade43cd002dcc2e0bf9cab0471b837a86974ef?s=96&d=mm&r=g\",\"caption\":\"Javier Campos\"},\"description\":\"Periodista con dos d\u00e9cadas de experiencia en la profesi\u00f3n. Actualmente, trabaja en La Voz de Ibiza, cubriendo temas de actualidad, pol\u00edtica, econom\u00eda, turismo y sectores estrat\u00e9gicos en Ibiza y Formentera. Est\u00e1 especializado en investigaciones y coberturas informativas sobre transparencia institucional, acceso a la informaci\u00f3n y el desempe\u00f1o de pol\u00edticos y funcionarios.\",\"url\":\"https:\\\/\\\/lavozdeibiza.com\\\/en\\\/author\\\/jcampos\\\/\"},{\"@type\":\"SiteNavigationElement\",\"@id\":\"https:\\\/\\\/lavozdeibiza.com\\\/en\\\/#site-navigation\",\"cssSelector\":[\".cib-main-menu\"]},{\"@type\":\"WPHeader\",\"@id\":\"https:\\\/\\\/lavozdeibiza.com\\\/en\\\/#header\",\"cssSelector\":[\".cib-header\"]},{\"@type\":\"WPFooter\",\"@id\":\"https:\\\/\\\/lavozdeibiza.com\\\/en\\\/#footer\",\"cssSelector\":[\".cib-footer\"]}]}<\/script>\n<!-- \/ Yoast SEO plugin. -->","yoast_head_json":{"title":"Triguero vindicates the Constitution as a guarantee of freedom, equality and coexistence in Ibiza - La Voz De Ibiza","description":"The mayor of Ibiza emphasizes the social and protective nature of the Magna Carta, recalls the rights to education, health and work, and links its defense with the preservation of the island as a UNESCO World Heritage Site.","robots":{"index":"index","follow":"follow","max-snippet":"max-snippet:-1","max-image-preview":"max-image-preview:large","max-video-preview":"max-video-preview:-1"},"canonical":"https:\/\/lavozdeibiza.com\/en\/current-news\/triguero-vindicates-the-constitution-as-a-guarantee-of-freedom-equality-and-coexistence-in-ibiza\/","og_locale":"en_US","og_type":"article","og_title":"Triguero vindicates the Constitution as a guarantee of freedom, equality and coexistence in Ibiza - La Voz De Ibiza","og_description":"The mayor of Ibiza emphasizes the social and protective nature of the Magna Carta, recalls the rights to education, health and work, and links its defense with the preservation of the island as a UNESCO World Heritage Site.","og_url":"https:\/\/lavozdeibiza.com\/en\/current-news\/triguero-vindicates-the-constitution-as-a-guarantee-of-freedom-equality-and-coexistence-in-ibiza\/","og_site_name":"La Voz De Ibiza","article_published_time":"2025-12-06T12:32:22+00:00","og_image":[{"width":1280,"height":853,"url":"https:\/\/lavozdeibiza.com\/wp-content\/uploads\/2025\/12\/Rafa-Triguero-durante-su-discurso.jpeg","type":"image\/jpeg"}],"author":"Javier Campos","twitter_card":"summary_large_image","twitter_creator":"@vozdeibiza","twitter_site":"@vozdeibiza","twitter_misc":{"Written by":"Javier Campos","Est. reading time":"2 minutes"},"schema":{"@context":"https:\/\/schema.org","@graph":[{"@type":"NewsArticle","@id":"https:\/\/lavozdeibiza.com\/en\/current-news\/triguero-vindicates-the-constitution-as-a-guarantee-of-freedom-equality-and-coexistence-in-ibiza\/#article","isPartOf":{"@id":"https:\/\/lavozdeibiza.com\/en\/current-news\/triguero-vindicates-the-constitution-as-a-guarantee-of-freedom-equality-and-coexistence-in-ibiza\/"},"author":{"name":"Javier Campos","@id":"https:\/\/lavozdeibiza.com\/en\/#\/schema\/person\/38a5acb93283ac3dd1f83e381e4cdc09"},"headline":"Triguero vindicates the Constitution as a guarantee of freedom, equality and coexistence in Ibiza","datePublished":"2025-12-06T12:32:22+00:00","mainEntityOfPage":{"@id":"https:\/\/lavozdeibiza.com\/en\/current-news\/triguero-vindicates-the-constitution-as-a-guarantee-of-freedom-equality-and-coexistence-in-ibiza\/"},"wordCount":487,"publisher":{"@id":"https:\/\/lavozdeibiza.com\/en\/#organization"},"image":{"@id":"https:\/\/lavozdeibiza.com\/en\/current-news\/triguero-vindicates-the-constitution-as-a-guarantee-of-freedom-equality-and-coexistence-in-ibiza\/#primaryimage"},"thumbnailUrl":"https:\/\/lavozdeibiza.com\/wp-content\/uploads\/2025\/12\/Rafa-Triguero-durante-su-discurso.jpeg","keywords":["Actualidad 2","Constitution Day"],"articleSection":["CURRENT NEWS","IBIZA"],"inLanguage":"en-US"},{"@type":["WebPage","ItemPage"],"@id":"https:\/\/lavozdeibiza.com\/en\/current-news\/triguero-vindicates-the-constitution-as-a-guarantee-of-freedom-equality-and-coexistence-in-ibiza\/","url":"https:\/\/lavozdeibiza.com\/en\/current-news\/triguero-vindicates-the-constitution-as-a-guarantee-of-freedom-equality-and-coexistence-in-ibiza\/","name":"Triguero vindicates the Constitution as a guarantee of freedom, equality and coexistence in Ibiza - La Voz De Ibiza","isPartOf":{"@id":"https:\/\/lavozdeibiza.com\/en\/#website"},"primaryImageOfPage":{"@id":"https:\/\/lavozdeibiza.com\/en\/current-news\/triguero-vindicates-the-constitution-as-a-guarantee-of-freedom-equality-and-coexistence-in-ibiza\/#primaryimage"},"image":{"@id":"https:\/\/lavozdeibiza.com\/en\/current-news\/triguero-vindicates-the-constitution-as-a-guarantee-of-freedom-equality-and-coexistence-in-ibiza\/#primaryimage"},"thumbnailUrl":"https:\/\/lavozdeibiza.com\/wp-content\/uploads\/2025\/12\/Rafa-Triguero-durante-su-discurso.jpeg","datePublished":"2025-12-06T12:32:22+00:00","description":"The mayor of Ibiza emphasizes the social and protective nature of the Magna Carta, recalls the rights to education, health and work, and links its defense with the preservation of the island as a UNESCO World Heritage Site.","breadcrumb":{"@id":"https:\/\/lavozdeibiza.com\/en\/current-news\/triguero-vindicates-the-constitution-as-a-guarantee-of-freedom-equality-and-coexistence-in-ibiza\/#breadcrumb"},"inLanguage":"en-US","potentialAction":[{"@type":"ReadAction","target":["https:\/\/lavozdeibiza.com\/en\/current-news\/triguero-vindicates-the-constitution-as-a-guarantee-of-freedom-equality-and-coexistence-in-ibiza\/"]}]},{"@type":"ImageObject","inLanguage":"en-US","@id":"https:\/\/lavozdeibiza.com\/en\/current-news\/triguero-vindicates-the-constitution-as-a-guarantee-of-freedom-equality-and-coexistence-in-ibiza\/#primaryimage","url":"https:\/\/lavozdeibiza.com\/wp-content\/uploads\/2025\/12\/Rafa-Triguero-durante-su-discurso.jpeg","contentUrl":"https:\/\/lavozdeibiza.com\/wp-content\/uploads\/2025\/12\/Rafa-Triguero-durante-su-discurso.jpeg","width":1280,"height":853,"caption":"Rafa Triguero durante su discurso"},{"@type":"BreadcrumbList","@id":"https:\/\/lavozdeibiza.com\/en\/current-news\/triguero-vindicates-the-constitution-as-a-guarantee-of-freedom-equality-and-coexistence-in-ibiza\/#breadcrumb","itemListElement":[{"@type":"ListItem","position":1,"name":"Portada","item":"https:\/\/lavozdeibiza.com\/en\/"},{"@type":"ListItem","position":2,"name":"Triguero vindicates the Constitution as a guarantee of freedom, equality and coexistence in Ibiza"}]},{"@type":"WebSite","@id":"https:\/\/lavozdeibiza.com\/en\/#website","url":"https:\/\/lavozdeibiza.com\/en\/","name":"La Voz de Ibiza","description":"Diario de informaci\u00f3n actualidad y noticias de Ibiza. Todas las noticias de los municipios de Ibiza","publisher":{"@id":"https:\/\/lavozdeibiza.com\/en\/#organization"},"potentialAction":[{"@type":"SearchAction","target":{"@type":"EntryPoint","urlTemplate":"https:\/\/lavozdeibiza.com\/en\/?s={search_term_string}"},"query-input":{"@type":"PropertyValueSpecification","valueRequired":true,"valueName":"search_term_string"}}],"inLanguage":"en-US"},{"@type":["Organization","NewsMediaOrganization"],"@id":"https:\/\/lavozdeibiza.com\/en\/#organization","name":"La Voz de Ibiza","url":"https:\/\/lavozdeibiza.com\/en\/","logo":{"@type":"ImageObject","inLanguage":"en-US","@id":"https:\/\/lavozdeibiza.com\/en\/#\/schema\/logo\/image\/","url":"https:\/\/lavozdeibiza.com\/wp-content\/uploads\/2023\/10\/logo-lvib-grande.jpg","contentUrl":"https:\/\/lavozdeibiza.com\/wp-content\/uploads\/2023\/10\/logo-lvib-grande.jpg","width":1500,"height":1000,"caption":"La Voz de Ibiza"},"image":{"@id":"https:\/\/lavozdeibiza.com\/en\/#\/schema\/logo\/image\/"},"sameAs":["https:\/\/x.com\/vozdeibiza","https:\/\/www.instagram.com\/lavozibiza\/"]},{"@type":"Person","@id":"https:\/\/lavozdeibiza.com\/en\/#\/schema\/person\/38a5acb93283ac3dd1f83e381e4cdc09","name":"Javier Campos","image":{"@type":"ImageObject","inLanguage":"en-US","@id":"https:\/\/secure.gravatar.com\/avatar\/13ebcaddad7bc7a5230e2e0dddade43cd002dcc2e0bf9cab0471b837a86974ef?s=96&d=mm&r=ga230e1775d7d3c52c7a82d2ad63813ff","url":"https:\/\/secure.gravatar.com\/avatar\/13ebcaddad7bc7a5230e2e0dddade43cd002dcc2e0bf9cab0471b837a86974ef?s=96&d=mm&r=g","contentUrl":"https:\/\/secure.gravatar.com\/avatar\/13ebcaddad7bc7a5230e2e0dddade43cd002dcc2e0bf9cab0471b837a86974ef?s=96&d=mm&r=g","caption":"Javier Campos"},"description":"Periodista con dos d\u00e9cadas de experiencia en la profesi\u00f3n. Actualmente, trabaja en La Voz de Ibiza, cubriendo temas de actualidad, pol\u00edtica, econom\u00eda, turismo y sectores estrat\u00e9gicos en Ibiza y Formentera. Est\u00e1 especializado en investigaciones y coberturas informativas sobre transparencia institucional, acceso a la informaci\u00f3n y el desempe\u00f1o de pol\u00edticos y funcionarios.","url":"https:\/\/lavozdeibiza.com\/en\/author\/jcampos\/"},{"@type":"SiteNavigationElement","@id":"https:\/\/lavozdeibiza.com\/en\/#site-navigation","cssSelector":[".cib-main-menu"]},{"@type":"WPHeader","@id":"https:\/\/lavozdeibiza.com\/en\/#header","cssSelector":[".cib-header"]},{"@type":"WPFooter","@id":"https:\/\/lavozdeibiza.com\/en\/#footer","cssSelector":[".cib-footer"]}]}},"authors":[{"term_id":2647,"user_id":11,"is_guest":0,"slug":"jcampos","display_name":"Javier Campos","avatar_url":"https:\/\/secure.gravatar.com\/avatar\/13ebcaddad7bc7a5230e2e0dddade43cd002dcc2e0bf9cab0471b837a86974ef?s=96&d=mm&r=g","0":null,"1":"","2":"","3":"","4":"","5":"","6":"","7":"","8":"","9":"","10":""}],"_links":{"self":[{"href":"https:\/\/lavozdeibiza.com\/en\/wp-json\/wp\/v2\/posts\/142990","targetHints":{"allow":["GET"]}}],"collection":[{"href":"https:\/\/lavozdeibiza.com\/en\/wp-json\/wp\/v2\/posts"}],"about":[{"href":"https:\/\/lavozdeibiza.com\/en\/wp-json\/wp\/v2\/types\/post"}],"author":[{"embeddable":true,"href":"https:\/\/lavozdeibiza.com\/en\/wp-json\/wp\/v2\/users\/11"}],"replies":[{"embeddable":true,"href":"https:\/\/lavozdeibiza.com\/en\/wp-json\/wp\/v2\/comments?post=142990"}],"version-history":[{"count":0,"href":"https:\/\/lavozdeibiza.com\/en\/wp-json\/wp\/v2\/posts\/142990\/revisions"}],"wp:featuredmedia":[{"embeddable":true,"href":"https:\/\/lavozdeibiza.com\/en\/wp-json\/wp\/v2\/media\/142987"}],"wp:attachment":[{"href":"https:\/\/lavozdeibiza.com\/en\/wp-json\/wp\/v2\/media?parent=142990"}],"wp:term":[{"taxonomy":"category","embeddable":true,"href":"https:\/\/lavozdeibiza.com\/en\/wp-json\/wp\/v2\/categories?post=142990"},{"taxonomy":"post_tag","embeddable":true,"href":"https:\/\/lavozdeibiza.com\/en\/wp-json\/wp\/v2\/tags?post=142990"},{"taxonomy":"author","embeddable":true,"href":"https:\/\/lavozdeibiza.com\/en\/wp-json\/wp\/v2\/ppma_author?post=142990"}],"curies":[{"name":"wp","href":"https:\/\/api.w.org\/{rel}","templated":true}]}}