{"id":149317,"date":"2026-01-12T13:23:02","date_gmt":"2026-01-12T12:23:02","guid":{"rendered":"https:\/\/lavozdeibiza.com\/sin-categorizar\/shock-in-los-angeles-rally-against-iranian-regime-ends-in-chaos-after-a-truck-breaks-into-crowd\/"},"modified":"2026-01-12T13:23:02","modified_gmt":"2026-01-12T12:23:02","slug":"shock-in-los-angeles-rally-against-iranian-regime-ends-in-chaos-after-a-truck-breaks-into-crowd","status":"publish","type":"post","link":"https:\/\/lavozdeibiza.com\/en\/society\/shock-in-los-angeles-rally-against-iranian-regime-ends-in-chaos-after-a-truck-breaks-into-crowd\/","title":{"rendered":"Shock in Los Angeles: rally against Iranian regime ends in chaos after a truck breaks into crowd"},"content":{"rendered":"<p data-start=\"305\" data-end=\"822\">A protest called in solidarity with the mobilizations against the Iranian regime ended this Sunday in scenes of chaos and tension in the Westwood neighborhood, in Los Angeles, after a U-Haul rental truck advanced towards a crowd of demonstrators concentrated in front of a federal building. What had begun as a peaceful rally escalated into clashes between attendees, the driver of the vehicle and police, forcing authorities to intervene and order dispersal. <\/p>\n<p data-start=\"824\" data-end=\"1221\">The events took place at around 3:30 p.m. on Veteran Avenue, where hundreds of people had gathered to show their support for the protests that have been rocking Iran since late December. Several videos captured the moment the truck drove into the rally, triggering shouts, running and panic scenes as protesters tried to move away from the vehicle. <\/p>\n<h2 data-start=\"1223\" data-end=\"1276\">The moment when the truck bursts into the protest<\/h2>\n<p data-start=\"1278\" data-end=\"1731\">The images show how the U-Haul advanced towards the group of people, generating an immediate reaction of fear and confusion. After the vehicle was stopped, police officers extracted the driver while several protesters surrounded him and tried to hit him with various objects, such as flagpoles, garbage and their own hands. In one of the videos, a protester can be seen climbing onto the truck and smashing the windshield.  <\/p>\n<blockquote class=\"twitter-tweet\" data-media-max-width=\"560\">\n<p dir=\"ltr\" lang=\"en\">This footage of Iranian demonstrators taking down the U-Haul driver who tried to mow down a rally in Los Angeles is the most insane one yet.<\/p>\n<p>Hundreds of people immediately chased this guy down, destroyed his truck, and neutralized him before the LAPD even got involved.  <a href=\"https:\/\/t.co\/6qeO9hn4zw\">pic.twitter.com\/6qeO9hn4zw<\/a><\/p>\n<p>&#8211; The Persian Jewess (@persianjewess) <a href=\"https:\/\/twitter.com\/persianjewess\/status\/2010598400136552920?ref_src=twsrc%5Etfw\">January 12, 2026<\/a><\/p><\/blockquote>\n<p><script async=\"\" src=\"https:\/\/platform.twitter.com\/widgets.js\" charset=\"utf-8\"><\/script><\/p>\n<p data-start=\"1733\" data-end=\"2008\">Once out of the vehicle, the driver was chased by the crowd as police escorted and eventually detained him. In the midst of the chaos, some protesters tore off political messages placed on the truck, which increased the tension at the scene. <\/p>\n<h2 data-start=\"2010\" data-end=\"2061\">An act of solidarity with the protests in Iran<\/h2>\n<p data-start=\"2063\" data-end=\"2503\">The rally had been organized in support of the protests taking place in Iran, where thousands of people are demanding a change of regime in a context of severe economic crisis. These demonstrations have been met with harsh repression by the Iranian authorities. Human rights activists in the country claim that at least 538 people have died and more than 10,000 have been arrested after 15 days of protests.  <\/p>\n<p data-start=\"2505\" data-end=\"2794\">The emotional climate of the event was reflected in the testimonies of several attendees. Sean Zarrabi, who videotaped the moment the police took the handcuffed driver away, stated, <strong data-start=\"2694\" data-end=\"2793\">&#8220;People are raising their voices, and this person goes through the crowd and tries to kill people.&#8221;<\/strong> <\/p>\n<h2 data-start=\"2796\" data-end=\"2854\">The emotional impact on the Iranian community in exile<\/h2>\n<p data-start=\"2856\" data-end=\"3134\">The protest also highlighted the distress of the Iranian diaspora at the situation in their home country. The interruption of Internet access in Iran, one of the government&#8217;s strategies to stifle the mobilizations, makes it difficult to communicate with family and friends. <\/p>\n<p data-start=\"3136\" data-end=\"3640\">Shilla Aran, visibly moved, recounted the difficulties in contacting her grandmother in Iran and described the context in which many citizens live. <strong data-start=\"3288\" data-end=\"3630\">&#8220;It is very sad because young people die every day there. Especially now, they have no freedom. We are very lucky to live here. Our people there&#8230;live on maybe $50 a month. That&#8217;s one person&#8217;s salary. It&#8217;s very distressing that women don&#8217;t have freedom. They have to wear hijab. They have no rights. It&#8217;s very sad,&#8221;<\/strong> she explained.<\/p>\n<h2 data-start=\"3642\" data-end=\"3683\">The reaction of the local authorities<\/h2>\n<p data-start=\"3685\" data-end=\"4080\">Following the incidents, Los Angeles Mayor Karen Bass called for calm and respect for the right to peaceful protest, even in contexts of high political tension. <strong data-start=\"3874\" data-end=\"4071\">&#8220;Although we are in a highly charged environment, it is always important for Angelenos to remember that our protests must be peaceful, regardless of how charged the issue is,&#8221;<\/strong> she said.<\/p>\n<p data-start=\"4082\" data-end=\"4406\">Police reported that one protester suffered minor injuries and was treated at the scene. As for the driver of the truck, authorities confirmed that he was taken to a hospital for treatment of various injuries and will likely face charges of <strong data-start=\"4363\" data-end=\"4405\">attempted assault with a deadly weapon<\/strong>. <\/p>\n<blockquote class=\"twitter-tweet\" data-media-max-width=\"560\">\n<p dir=\"ltr\" lang=\"en\">Disgusting. A U-haul plows through protesters in Los Angeles. More sick people.    <a href=\"https:\/\/t.co\/vsajdjNWKE\">pic.twitter.com\/vsajdjNWKE<\/a><\/p>\n<p>&#8211; Ed Krassenstein (@EdKrassen) <a href=\"https:\/\/twitter.com\/EdKrassen\/status\/2010515423628845375?ref_src=twsrc%5Etfw\">January 12, 2026<\/a><\/p><\/blockquote>\n<p><script async=\"\" src=\"https:\/\/platform.twitter.com\/widgets.js\" charset=\"utf-8\"><\/script><\/p>\n<p data-start=\"4408\" data-end=\"4732\">As tensions rose, the LAPD eventually issued a dispersal order, after which the crowd began to quickly break up. Once the situation calmed down, the U-Haul truck was left parked in the area, surrounded by broken glass, debris and police tape, while the scene was secured. <\/p>\n<h2 data-start=\"4734\" data-end=\"4784\">Ongoing research and international context<\/h2>\n<p data-start=\"4786\" data-end=\"4978\">The investigation into what happened remains open as authorities try to clarify the exact circumstances that led the driver to drive the vehicle into the protest.<\/p>\n<p data-start=\"4980\" data-end=\"5490\">The incidents in Westwood came at a time of growing international tension over the Iranian government&#8217;s response to domestic protests. U.S. President Donald Trump told reporters aboard Air Force One that the crackdown in Iran may have crossed a red line and that the U.S. military has <strong data-start=\"5336\" data-end=\"5358\">&#8220;strong options.&#8221;<\/strong> A U.S. official said the president would receive a briefing on possible U.S. responses on Tuesday.  <\/p>\n<p data-start=\"5492\" data-end=\"5680\">Trump further warned, <strong data-start=\"5515\" data-end=\"5679\">&#8220;We&#8217;re watching it very closely. If they start killing people like they have in the past, I think they&#8217;re going to get hit very hard by the United States.&#8221;<\/strong><\/p>\n<h2 data-start=\"5682\" data-end=\"5735\">Economic crisis and widespread protests in Iran<\/h2>\n<p data-start=\"5737\" data-end=\"6047\">The protests in Iran have their origin in the country&#8217;s serious economic situation, marked by inflation of close to 40% per year and a sharp depreciation of the currency. The Iranian rial has plummeted to more than 1.4 million to the dollar, making basic products such as meat and rice more expensive. <\/p>\n<p data-start=\"6049\" data-end=\"6471\">In December, the government introduced a new price bracket for subsidized gasoline, increasing the cost of one of the world&#8217;s cheapest fuels and adding further pressure on the population. In addition, the Iranian Central Bank recently ended a preferential exchange rate for most commodities except medicines and wheat, which is expected to further boost food prices. <\/p>\n<ul>\n<li>\n<h5><a href=\"https:\/\/lavozdeibiza.com\/en\/current-news\/the-barracks-for-menas-demanded-by-vox-in-palma-53-cheaper-than-the-bill-in-ibiza\/?swcfpc=1\">The barracks for &#8216;menas&#8217; demanded by Vox in Palma, 53% cheaper than the bill in Ibiza<\/a><\/h5>\n<\/li>\n<\/ul>\n<p data-start=\"6473\" data-end=\"6918\">The demonstrations began in late December with traders in Tehran and quickly spread throughout the country. Although initially focused on economic issues, they soon turned into openly anti-government slogans. Social unrest has been dragging on for years, especially after the death in 2022 of Mahsa Amini, a 22-year-old woman who died in police custody, which triggered mass protests.  <\/p>\n<p data-start=\"6920\" data-end=\"7232\">According to the U.S.-based Human Rights Activists News Agency, <strong data-start=\"7001\" data-end=\"7025\">more than 570 protests<\/strong> have taken place in Iran&#8217;s 31 provinces. In some of them, slogans in support of the exiled Crown Prince Reza Pahlavi have been heard, who has called for the mobilizations to continue. <\/p>\n","protected":false},"excerpt":{"rendered":"<p>U-Haul driver rammed demonstrators in Westwood during a protest over the situation in Iran, sparking clashes and minor injuries<\/p>\n","protected":false},"author":32,"featured_media":149301,"comment_status":"closed","ping_status":"closed","sticky":false,"template":"","format":"standard","meta":{"_acf_changed":false,"site-sidebar-layout":"default","site-content-layout":"","ast-site-content-layout":"default","site-content-style":"default","site-sidebar-style":"default","ast-global-header-display":"","ast-banner-title-visibility":"","ast-main-header-display":"","ast-hfb-above-header-display":"","ast-hfb-below-header-display":"","ast-hfb-mobile-header-display":"","site-post-title":"","ast-breadcrumbs-content":"","ast-featured-img":"","footer-sml-layout":"","ast-disable-related-posts":"","theme-transparent-header-meta":"default","adv-header-id-meta":"","stick-header-meta":"","header-above-stick-meta":"","header-main-stick-meta":"","header-below-stick-meta":"","astra-migrate-meta-layouts":"default","ast-page-background-enabled":"default","ast-page-background-meta":{"desktop":{"background-color":"var(--ast-global-color-4)","background-image":"","background-repeat":"repeat","background-position":"center center","background-size":"auto","background-attachment":"scroll","background-type":"","background-media":"","overlay-type":"","overlay-color":"","overlay-opacity":"","overlay-gradient":""},"tablet":{"background-color":"","background-image":"","background-repeat":"repeat","background-position":"center center","background-size":"auto","background-attachment":"scroll","background-type":"","background-media":"","overlay-type":"","overlay-color":"","overlay-opacity":"","overlay-gradient":""},"mobile":{"background-color":"","background-image":"","background-repeat":"repeat","background-position":"center center","background-size":"auto","background-attachment":"scroll","background-type":"","background-media":"","overlay-type":"","overlay-color":"","overlay-opacity":"","overlay-gradient":""}},"ast-content-background-meta":{"desktop":{"background-color":"var(--ast-global-color-5)","background-image":"","background-repeat":"repeat","background-position":"center center","background-size":"auto","background-attachment":"scroll","background-type":"","background-media":"","overlay-type":"","overlay-color":"","overlay-opacity":"","overlay-gradient":""},"tablet":{"background-color":"var(--ast-global-color-5)","background-image":"","background-repeat":"repeat","background-position":"center center","background-size":"auto","background-attachment":"scroll","background-type":"","background-media":"","overlay-type":"","overlay-color":"","overlay-opacity":"","overlay-gradient":""},"mobile":{"background-color":"var(--ast-global-color-5)","background-image":"","background-repeat":"repeat","background-position":"center center","background-size":"auto","background-attachment":"scroll","background-type":"","background-media":"","overlay-type":"","overlay-color":"","overlay-opacity":"","overlay-gradient":""}},"footnotes":""},"categories":[2910,3287],"tags":[9679,5942],"ppma_author":[6611],"class_list":["post-149317","post","type-post","status-publish","format-standard","has-post-thumbnail","hentry","category-current-news","category-society","tag-los-angeles","tag-united-states"],"acf":[],"yoast_head":"<!-- This site is optimized with the Yoast SEO plugin v27.4 - https:\/\/yoast.com\/product\/yoast-seo-wordpress\/ -->\n<title>Shock in Los Angeles: rally against Iranian regime ends in chaos after a truck breaks into crowd - La Voz De Ibiza<\/title>\n<meta name=\"description\" content=\"U-Haul driver rammed demonstrators in Westwood during a protest over the situation in Iran, sparking clashes and minor injuries\" \/>\n<meta name=\"robots\" content=\"index, follow, max-snippet:-1, max-image-preview:large, max-video-preview:-1\" \/>\n<link rel=\"canonical\" href=\"https:\/\/lavozdeibiza.com\/en\/society\/shock-in-los-angeles-rally-against-iranian-regime-ends-in-chaos-after-a-truck-breaks-into-crowd\/\" \/>\n<meta property=\"og:locale\" content=\"en_US\" \/>\n<meta property=\"og:type\" content=\"article\" \/>\n<meta property=\"og:title\" content=\"Shock in Los Angeles: rally against Iranian regime ends in chaos after a truck breaks into crowd - La Voz De Ibiza\" \/>\n<meta property=\"og:description\" content=\"U-Haul driver rammed demonstrators in Westwood during a protest over the situation in Iran, sparking clashes and minor injuries\" \/>\n<meta property=\"og:url\" content=\"https:\/\/lavozdeibiza.com\/en\/society\/shock-in-los-angeles-rally-against-iranian-regime-ends-in-chaos-after-a-truck-breaks-into-crowd\/\" \/>\n<meta property=\"og:site_name\" content=\"La Voz De Ibiza\" \/>\n<meta property=\"article:published_time\" content=\"2026-01-12T12:23:02+00:00\" \/>\n<meta property=\"og:image\" content=\"https:\/\/lavozdeibiza.com\/wp-content\/uploads\/2026\/01\/descarga-1.webp\" \/>\n\t<meta property=\"og:image:width\" content=\"1200\" \/>\n\t<meta property=\"og:image:height\" content=\"565\" \/>\n\t<meta property=\"og:image:type\" content=\"image\/webp\" \/>\n<meta name=\"author\" content=\"Marianel Battaglia\" \/>\n<meta name=\"twitter:card\" content=\"summary_large_image\" \/>\n<meta name=\"twitter:creator\" content=\"@vozdeibiza\" \/>\n<meta name=\"twitter:site\" content=\"@vozdeibiza\" \/>\n<meta name=\"twitter:label1\" content=\"Written by\" \/>\n\t<meta name=\"twitter:data1\" content=\"Marianel Battaglia\" \/>\n\t<meta name=\"twitter:label2\" content=\"Est. reading time\" \/>\n\t<meta name=\"twitter:data2\" content=\"5 minutes\" \/>\n<script type=\"application\/ld+json\" class=\"yoast-schema-graph\">{\"@context\":\"https:\\\/\\\/schema.org\",\"@graph\":[{\"@type\":\"NewsArticle\",\"@id\":\"https:\\\/\\\/lavozdeibiza.com\\\/en\\\/society\\\/shock-in-los-angeles-rally-against-iranian-regime-ends-in-chaos-after-a-truck-breaks-into-crowd\\\/#article\",\"isPartOf\":{\"@id\":\"https:\\\/\\\/lavozdeibiza.com\\\/en\\\/society\\\/shock-in-los-angeles-rally-against-iranian-regime-ends-in-chaos-after-a-truck-breaks-into-crowd\\\/\"},\"author\":{\"name\":\"Marianel Battaglia\",\"@id\":\"https:\\\/\\\/lavozdeibiza.com\\\/en\\\/#\\\/schema\\\/person\\\/929bae173f9ebdac3b761950ecd4e6f0\"},\"headline\":\"Shock in Los Angeles: rally against Iranian regime ends in chaos after a truck breaks into crowd\",\"datePublished\":\"2026-01-12T12:23:02+00:00\",\"mainEntityOfPage\":{\"@id\":\"https:\\\/\\\/lavozdeibiza.com\\\/en\\\/society\\\/shock-in-los-angeles-rally-against-iranian-regime-ends-in-chaos-after-a-truck-breaks-into-crowd\\\/\"},\"wordCount\":1127,\"publisher\":{\"@id\":\"https:\\\/\\\/lavozdeibiza.com\\\/en\\\/#organization\"},\"image\":{\"@id\":\"https:\\\/\\\/lavozdeibiza.com\\\/en\\\/society\\\/shock-in-los-angeles-rally-against-iranian-regime-ends-in-chaos-after-a-truck-breaks-into-crowd\\\/#primaryimage\"},\"thumbnailUrl\":\"https:\\\/\\\/lavozdeibiza.com\\\/wp-content\\\/uploads\\\/2026\\\/01\\\/descarga-1.webp\",\"keywords\":[\"Los Angeles\",\"united states\"],\"articleSection\":[\"CURRENT NEWS\",\"SOCIETY\"],\"inLanguage\":\"en-US\"},{\"@type\":[\"WebPage\",\"ItemPage\"],\"@id\":\"https:\\\/\\\/lavozdeibiza.com\\\/en\\\/society\\\/shock-in-los-angeles-rally-against-iranian-regime-ends-in-chaos-after-a-truck-breaks-into-crowd\\\/\",\"url\":\"https:\\\/\\\/lavozdeibiza.com\\\/en\\\/society\\\/shock-in-los-angeles-rally-against-iranian-regime-ends-in-chaos-after-a-truck-breaks-into-crowd\\\/\",\"name\":\"Shock in Los Angeles: rally against Iranian regime ends in chaos after a truck breaks into crowd - La Voz De Ibiza\",\"isPartOf\":{\"@id\":\"https:\\\/\\\/lavozdeibiza.com\\\/en\\\/#website\"},\"primaryImageOfPage\":{\"@id\":\"https:\\\/\\\/lavozdeibiza.com\\\/en\\\/society\\\/shock-in-los-angeles-rally-against-iranian-regime-ends-in-chaos-after-a-truck-breaks-into-crowd\\\/#primaryimage\"},\"image\":{\"@id\":\"https:\\\/\\\/lavozdeibiza.com\\\/en\\\/society\\\/shock-in-los-angeles-rally-against-iranian-regime-ends-in-chaos-after-a-truck-breaks-into-crowd\\\/#primaryimage\"},\"thumbnailUrl\":\"https:\\\/\\\/lavozdeibiza.com\\\/wp-content\\\/uploads\\\/2026\\\/01\\\/descarga-1.webp\",\"datePublished\":\"2026-01-12T12:23:02+00:00\",\"description\":\"U-Haul driver rammed demonstrators in Westwood during a protest over the situation in Iran, sparking clashes and minor injuries\",\"breadcrumb\":{\"@id\":\"https:\\\/\\\/lavozdeibiza.com\\\/en\\\/society\\\/shock-in-los-angeles-rally-against-iranian-regime-ends-in-chaos-after-a-truck-breaks-into-crowd\\\/#breadcrumb\"},\"inLanguage\":\"en-US\",\"potentialAction\":[{\"@type\":\"ReadAction\",\"target\":[\"https:\\\/\\\/lavozdeibiza.com\\\/en\\\/society\\\/shock-in-los-angeles-rally-against-iranian-regime-ends-in-chaos-after-a-truck-breaks-into-crowd\\\/\"]}]},{\"@type\":\"ImageObject\",\"inLanguage\":\"en-US\",\"@id\":\"https:\\\/\\\/lavozdeibiza.com\\\/en\\\/society\\\/shock-in-los-angeles-rally-against-iranian-regime-ends-in-chaos-after-a-truck-breaks-into-crowd\\\/#primaryimage\",\"url\":\"https:\\\/\\\/lavozdeibiza.com\\\/wp-content\\\/uploads\\\/2026\\\/01\\\/descarga-1.webp\",\"contentUrl\":\"https:\\\/\\\/lavozdeibiza.com\\\/wp-content\\\/uploads\\\/2026\\\/01\\\/descarga-1.webp\",\"width\":1200,\"height\":565,\"caption\":\"Una concentraci\u00f3n contra el r\u00e9gimen iran\u00ed deriva en momentos de p\u00e1nico en Los \u00c1ngeles despu\u00e9s de que un cami\u00f3n irrumpiera entre los asistentes\"},{\"@type\":\"BreadcrumbList\",\"@id\":\"https:\\\/\\\/lavozdeibiza.com\\\/en\\\/society\\\/shock-in-los-angeles-rally-against-iranian-regime-ends-in-chaos-after-a-truck-breaks-into-crowd\\\/#breadcrumb\",\"itemListElement\":[{\"@type\":\"ListItem\",\"position\":1,\"name\":\"Portada\",\"item\":\"https:\\\/\\\/lavozdeibiza.com\\\/en\\\/\"},{\"@type\":\"ListItem\",\"position\":2,\"name\":\"Shock in Los Angeles: rally against Iranian regime ends in chaos after a truck breaks into crowd\"}]},{\"@type\":\"WebSite\",\"@id\":\"https:\\\/\\\/lavozdeibiza.com\\\/en\\\/#website\",\"url\":\"https:\\\/\\\/lavozdeibiza.com\\\/en\\\/\",\"name\":\"La Voz de Ibiza\",\"description\":\"Diario de informaci\u00f3n actualidad y noticias de Ibiza. Todas las noticias de los municipios de Ibiza\",\"publisher\":{\"@id\":\"https:\\\/\\\/lavozdeibiza.com\\\/en\\\/#organization\"},\"potentialAction\":[{\"@type\":\"SearchAction\",\"target\":{\"@type\":\"EntryPoint\",\"urlTemplate\":\"https:\\\/\\\/lavozdeibiza.com\\\/en\\\/?s={search_term_string}\"},\"query-input\":{\"@type\":\"PropertyValueSpecification\",\"valueRequired\":true,\"valueName\":\"search_term_string\"}}],\"inLanguage\":\"en-US\"},{\"@type\":[\"Organization\",\"NewsMediaOrganization\"],\"@id\":\"https:\\\/\\\/lavozdeibiza.com\\\/en\\\/#organization\",\"name\":\"La Voz de Ibiza\",\"url\":\"https:\\\/\\\/lavozdeibiza.com\\\/en\\\/\",\"logo\":{\"@type\":\"ImageObject\",\"inLanguage\":\"en-US\",\"@id\":\"https:\\\/\\\/lavozdeibiza.com\\\/en\\\/#\\\/schema\\\/logo\\\/image\\\/\",\"url\":\"https:\\\/\\\/lavozdeibiza.com\\\/wp-content\\\/uploads\\\/2023\\\/10\\\/logo-lvib-grande.jpg\",\"contentUrl\":\"https:\\\/\\\/lavozdeibiza.com\\\/wp-content\\\/uploads\\\/2023\\\/10\\\/logo-lvib-grande.jpg\",\"width\":1500,\"height\":1000,\"caption\":\"La Voz de Ibiza\"},\"image\":{\"@id\":\"https:\\\/\\\/lavozdeibiza.com\\\/en\\\/#\\\/schema\\\/logo\\\/image\\\/\"},\"sameAs\":[\"https:\\\/\\\/x.com\\\/vozdeibiza\",\"https:\\\/\\\/www.instagram.com\\\/lavozibiza\\\/\"]},{\"@type\":\"Person\",\"@id\":\"https:\\\/\\\/lavozdeibiza.com\\\/en\\\/#\\\/schema\\\/person\\\/929bae173f9ebdac3b761950ecd4e6f0\",\"name\":\"Marianel Battaglia\",\"image\":{\"@type\":\"ImageObject\",\"inLanguage\":\"en-US\",\"@id\":\"https:\\\/\\\/secure.gravatar.com\\\/avatar\\\/34a286aabf1ec20ddd3421883a350bf413ea1c629a017fb843ff424238d96433?s=96&d=mm&r=g3ec01433967ecfa17bedc95e381a134e\",\"url\":\"https:\\\/\\\/secure.gravatar.com\\\/avatar\\\/34a286aabf1ec20ddd3421883a350bf413ea1c629a017fb843ff424238d96433?s=96&d=mm&r=g\",\"contentUrl\":\"https:\\\/\\\/secure.gravatar.com\\\/avatar\\\/34a286aabf1ec20ddd3421883a350bf413ea1c629a017fb843ff424238d96433?s=96&d=mm&r=g\",\"caption\":\"Marianel Battaglia\"},\"url\":\"https:\\\/\\\/lavozdeibiza.com\\\/en\\\/author\\\/mbattaglia\\\/\"},{\"@type\":\"SiteNavigationElement\",\"@id\":\"https:\\\/\\\/lavozdeibiza.com\\\/en\\\/#site-navigation\",\"cssSelector\":[\".cib-main-menu\"]},{\"@type\":\"WPHeader\",\"@id\":\"https:\\\/\\\/lavozdeibiza.com\\\/en\\\/#header\",\"cssSelector\":[\".cib-header\"]},{\"@type\":\"WPFooter\",\"@id\":\"https:\\\/\\\/lavozdeibiza.com\\\/en\\\/#footer\",\"cssSelector\":[\".cib-footer\"]}]}<\/script>\n<!-- \/ Yoast SEO plugin. -->","yoast_head_json":{"title":"Shock in Los Angeles: rally against Iranian regime ends in chaos after a truck breaks into crowd - La Voz De Ibiza","description":"U-Haul driver rammed demonstrators in Westwood during a protest over the situation in Iran, sparking clashes and minor injuries","robots":{"index":"index","follow":"follow","max-snippet":"max-snippet:-1","max-image-preview":"max-image-preview:large","max-video-preview":"max-video-preview:-1"},"canonical":"https:\/\/lavozdeibiza.com\/en\/society\/shock-in-los-angeles-rally-against-iranian-regime-ends-in-chaos-after-a-truck-breaks-into-crowd\/","og_locale":"en_US","og_type":"article","og_title":"Shock in Los Angeles: rally against Iranian regime ends in chaos after a truck breaks into crowd - La Voz De Ibiza","og_description":"U-Haul driver rammed demonstrators in Westwood during a protest over the situation in Iran, sparking clashes and minor injuries","og_url":"https:\/\/lavozdeibiza.com\/en\/society\/shock-in-los-angeles-rally-against-iranian-regime-ends-in-chaos-after-a-truck-breaks-into-crowd\/","og_site_name":"La Voz De Ibiza","article_published_time":"2026-01-12T12:23:02+00:00","og_image":[{"width":1200,"height":565,"url":"https:\/\/lavozdeibiza.com\/wp-content\/uploads\/2026\/01\/descarga-1.webp","type":"image\/webp"}],"author":"Marianel Battaglia","twitter_card":"summary_large_image","twitter_creator":"@vozdeibiza","twitter_site":"@vozdeibiza","twitter_misc":{"Written by":"Marianel Battaglia","Est. reading time":"5 minutes"},"schema":{"@context":"https:\/\/schema.org","@graph":[{"@type":"NewsArticle","@id":"https:\/\/lavozdeibiza.com\/en\/society\/shock-in-los-angeles-rally-against-iranian-regime-ends-in-chaos-after-a-truck-breaks-into-crowd\/#article","isPartOf":{"@id":"https:\/\/lavozdeibiza.com\/en\/society\/shock-in-los-angeles-rally-against-iranian-regime-ends-in-chaos-after-a-truck-breaks-into-crowd\/"},"author":{"name":"Marianel Battaglia","@id":"https:\/\/lavozdeibiza.com\/en\/#\/schema\/person\/929bae173f9ebdac3b761950ecd4e6f0"},"headline":"Shock in Los Angeles: rally against Iranian regime ends in chaos after a truck breaks into crowd","datePublished":"2026-01-12T12:23:02+00:00","mainEntityOfPage":{"@id":"https:\/\/lavozdeibiza.com\/en\/society\/shock-in-los-angeles-rally-against-iranian-regime-ends-in-chaos-after-a-truck-breaks-into-crowd\/"},"wordCount":1127,"publisher":{"@id":"https:\/\/lavozdeibiza.com\/en\/#organization"},"image":{"@id":"https:\/\/lavozdeibiza.com\/en\/society\/shock-in-los-angeles-rally-against-iranian-regime-ends-in-chaos-after-a-truck-breaks-into-crowd\/#primaryimage"},"thumbnailUrl":"https:\/\/lavozdeibiza.com\/wp-content\/uploads\/2026\/01\/descarga-1.webp","keywords":["Los Angeles","united states"],"articleSection":["CURRENT NEWS","SOCIETY"],"inLanguage":"en-US"},{"@type":["WebPage","ItemPage"],"@id":"https:\/\/lavozdeibiza.com\/en\/society\/shock-in-los-angeles-rally-against-iranian-regime-ends-in-chaos-after-a-truck-breaks-into-crowd\/","url":"https:\/\/lavozdeibiza.com\/en\/society\/shock-in-los-angeles-rally-against-iranian-regime-ends-in-chaos-after-a-truck-breaks-into-crowd\/","name":"Shock in Los Angeles: rally against Iranian regime ends in chaos after a truck breaks into crowd - La Voz De Ibiza","isPartOf":{"@id":"https:\/\/lavozdeibiza.com\/en\/#website"},"primaryImageOfPage":{"@id":"https:\/\/lavozdeibiza.com\/en\/society\/shock-in-los-angeles-rally-against-iranian-regime-ends-in-chaos-after-a-truck-breaks-into-crowd\/#primaryimage"},"image":{"@id":"https:\/\/lavozdeibiza.com\/en\/society\/shock-in-los-angeles-rally-against-iranian-regime-ends-in-chaos-after-a-truck-breaks-into-crowd\/#primaryimage"},"thumbnailUrl":"https:\/\/lavozdeibiza.com\/wp-content\/uploads\/2026\/01\/descarga-1.webp","datePublished":"2026-01-12T12:23:02+00:00","description":"U-Haul driver rammed demonstrators in Westwood during a protest over the situation in Iran, sparking clashes and minor injuries","breadcrumb":{"@id":"https:\/\/lavozdeibiza.com\/en\/society\/shock-in-los-angeles-rally-against-iranian-regime-ends-in-chaos-after-a-truck-breaks-into-crowd\/#breadcrumb"},"inLanguage":"en-US","potentialAction":[{"@type":"ReadAction","target":["https:\/\/lavozdeibiza.com\/en\/society\/shock-in-los-angeles-rally-against-iranian-regime-ends-in-chaos-after-a-truck-breaks-into-crowd\/"]}]},{"@type":"ImageObject","inLanguage":"en-US","@id":"https:\/\/lavozdeibiza.com\/en\/society\/shock-in-los-angeles-rally-against-iranian-regime-ends-in-chaos-after-a-truck-breaks-into-crowd\/#primaryimage","url":"https:\/\/lavozdeibiza.com\/wp-content\/uploads\/2026\/01\/descarga-1.webp","contentUrl":"https:\/\/lavozdeibiza.com\/wp-content\/uploads\/2026\/01\/descarga-1.webp","width":1200,"height":565,"caption":"Una concentraci\u00f3n contra el r\u00e9gimen iran\u00ed deriva en momentos de p\u00e1nico en Los \u00c1ngeles despu\u00e9s de que un cami\u00f3n irrumpiera entre los asistentes"},{"@type":"BreadcrumbList","@id":"https:\/\/lavozdeibiza.com\/en\/society\/shock-in-los-angeles-rally-against-iranian-regime-ends-in-chaos-after-a-truck-breaks-into-crowd\/#breadcrumb","itemListElement":[{"@type":"ListItem","position":1,"name":"Portada","item":"https:\/\/lavozdeibiza.com\/en\/"},{"@type":"ListItem","position":2,"name":"Shock in Los Angeles: rally against Iranian regime ends in chaos after a truck breaks into crowd"}]},{"@type":"WebSite","@id":"https:\/\/lavozdeibiza.com\/en\/#website","url":"https:\/\/lavozdeibiza.com\/en\/","name":"La Voz de Ibiza","description":"Diario de informaci\u00f3n actualidad y noticias de Ibiza. Todas las noticias de los municipios de Ibiza","publisher":{"@id":"https:\/\/lavozdeibiza.com\/en\/#organization"},"potentialAction":[{"@type":"SearchAction","target":{"@type":"EntryPoint","urlTemplate":"https:\/\/lavozdeibiza.com\/en\/?s={search_term_string}"},"query-input":{"@type":"PropertyValueSpecification","valueRequired":true,"valueName":"search_term_string"}}],"inLanguage":"en-US"},{"@type":["Organization","NewsMediaOrganization"],"@id":"https:\/\/lavozdeibiza.com\/en\/#organization","name":"La Voz de Ibiza","url":"https:\/\/lavozdeibiza.com\/en\/","logo":{"@type":"ImageObject","inLanguage":"en-US","@id":"https:\/\/lavozdeibiza.com\/en\/#\/schema\/logo\/image\/","url":"https:\/\/lavozdeibiza.com\/wp-content\/uploads\/2023\/10\/logo-lvib-grande.jpg","contentUrl":"https:\/\/lavozdeibiza.com\/wp-content\/uploads\/2023\/10\/logo-lvib-grande.jpg","width":1500,"height":1000,"caption":"La Voz de Ibiza"},"image":{"@id":"https:\/\/lavozdeibiza.com\/en\/#\/schema\/logo\/image\/"},"sameAs":["https:\/\/x.com\/vozdeibiza","https:\/\/www.instagram.com\/lavozibiza\/"]},{"@type":"Person","@id":"https:\/\/lavozdeibiza.com\/en\/#\/schema\/person\/929bae173f9ebdac3b761950ecd4e6f0","name":"Marianel Battaglia","image":{"@type":"ImageObject","inLanguage":"en-US","@id":"https:\/\/secure.gravatar.com\/avatar\/34a286aabf1ec20ddd3421883a350bf413ea1c629a017fb843ff424238d96433?s=96&d=mm&r=g3ec01433967ecfa17bedc95e381a134e","url":"https:\/\/secure.gravatar.com\/avatar\/34a286aabf1ec20ddd3421883a350bf413ea1c629a017fb843ff424238d96433?s=96&d=mm&r=g","contentUrl":"https:\/\/secure.gravatar.com\/avatar\/34a286aabf1ec20ddd3421883a350bf413ea1c629a017fb843ff424238d96433?s=96&d=mm&r=g","caption":"Marianel Battaglia"},"url":"https:\/\/lavozdeibiza.com\/en\/author\/mbattaglia\/"},{"@type":"SiteNavigationElement","@id":"https:\/\/lavozdeibiza.com\/en\/#site-navigation","cssSelector":[".cib-main-menu"]},{"@type":"WPHeader","@id":"https:\/\/lavozdeibiza.com\/en\/#header","cssSelector":[".cib-header"]},{"@type":"WPFooter","@id":"https:\/\/lavozdeibiza.com\/en\/#footer","cssSelector":[".cib-footer"]}]}},"authors":[{"term_id":6611,"user_id":32,"is_guest":0,"slug":"mbattaglia","display_name":"Marianel Battaglia","avatar_url":"https:\/\/secure.gravatar.com\/avatar\/34a286aabf1ec20ddd3421883a350bf413ea1c629a017fb843ff424238d96433?s=96&d=mm&r=g","0":null,"1":"","2":"","3":"","4":"","5":"","6":"","7":"","8":"","9":"","10":""}],"_links":{"self":[{"href":"https:\/\/lavozdeibiza.com\/en\/wp-json\/wp\/v2\/posts\/149317","targetHints":{"allow":["GET"]}}],"collection":[{"href":"https:\/\/lavozdeibiza.com\/en\/wp-json\/wp\/v2\/posts"}],"about":[{"href":"https:\/\/lavozdeibiza.com\/en\/wp-json\/wp\/v2\/types\/post"}],"author":[{"embeddable":true,"href":"https:\/\/lavozdeibiza.com\/en\/wp-json\/wp\/v2\/users\/32"}],"replies":[{"embeddable":true,"href":"https:\/\/lavozdeibiza.com\/en\/wp-json\/wp\/v2\/comments?post=149317"}],"version-history":[{"count":0,"href":"https:\/\/lavozdeibiza.com\/en\/wp-json\/wp\/v2\/posts\/149317\/revisions"}],"wp:featuredmedia":[{"embeddable":true,"href":"https:\/\/lavozdeibiza.com\/en\/wp-json\/wp\/v2\/media\/149301"}],"wp:attachment":[{"href":"https:\/\/lavozdeibiza.com\/en\/wp-json\/wp\/v2\/media?parent=149317"}],"wp:term":[{"taxonomy":"category","embeddable":true,"href":"https:\/\/lavozdeibiza.com\/en\/wp-json\/wp\/v2\/categories?post=149317"},{"taxonomy":"post_tag","embeddable":true,"href":"https:\/\/lavozdeibiza.com\/en\/wp-json\/wp\/v2\/tags?post=149317"},{"taxonomy":"author","embeddable":true,"href":"https:\/\/lavozdeibiza.com\/en\/wp-json\/wp\/v2\/ppma_author?post=149317"}],"curies":[{"name":"wp","href":"https:\/\/api.w.org\/{rel}","templated":true}]}}