{"id":70643,"date":"2024-10-29T16:00:41","date_gmt":"2024-10-29T15:00:41","guid":{"rendered":"https:\/\/lavozdeibiza.com\/sin-categorizar\/2024\/10\/26\/ibiza-inclusion-fashion-day-documentary-arrives-at-the-international-film-festival-evolution-in-mallorca\/"},"modified":"2024-10-26T10:00:41","modified_gmt":"2024-10-26T08:00:41","slug":"ibiza-inclusion-fashion-day-documentary-arrives-at-the-international-film-festival-evolution-in-mallorca","status":"publish","type":"post","link":"https:\/\/lavozdeibiza.com\/en\/current-news\/ibiza-inclusion-fashion-day-documentary-arrives-at-the-international-film-festival-evolution-in-mallorca\/","title":{"rendered":"Ibiza Inclusion Fashion Day documentary arrives at the International Film Festival &#8216;Evolution&#8217; in Mallorca"},"content":{"rendered":"<p><span style=\"font-weight: 400;\">The <\/span><b>documentary &#8216;Protagonistes&#8217;, about the <a href=\"https:\/\/lavozdeibiza.com\/ibiza\/2024\/05\/09\/ibiza-inclusion-fashion-day-2024-somos-mas-que-una-isla-de-fiesta-hemos-iniciado-un-movimiento-revolucionario\/\">Ibiza Inclusion Fashion Day<\/a><\/b><span style=\"font-weight: 400;\">  comes to the big screen. The   <\/span><b>International Film Festival<\/b><b> Evolution<\/b><b> International Film Festival<\/b><span style=\"font-weight: 400;\"> (EMIFF) will premiere the film <strong>within the program of its new edition, which takes place between October 30 and November 5, 2024 in Palma de Mallorca<\/strong>.<\/span> <strong>Protagonistes&#8217; is a full-length film about the <\/strong><b>inclusive and revolutionary fashion catwalk<\/b><span style=\"font-weight: 400;\"><strong> and revolutionary fashion show held in Ibiza since 2020.<\/strong><\/span><\/p>\n<p><span style=\"font-weight: 400;\">. El largometraje recoge <strong>el camino de un grupo de j\u00f3venes con diversidad funcional desde que acepta el reto de aprender a desfilar ante miles de personas<\/strong>, hasta el d\u00eda del gran evento en una historia inspiradora, divertida e irreverente. <\/span><\/p>\n<p><span style=\"font-weight: 400;\">The protagonists of the fashion show are boys and girls with Down Syndrome, cerebral palsy and other types of functional diversity, who take to the catwalk overcoming fears and insecurities to break down barriers and prejudices. N <\/span><span style=\"font-weight: 400;\">They are not alone in their journey of learning and improvement: they have the help and advice of the event&#8217;s organizers, as well as a transgender girl who is designing her first clothing collection and who is also an example of personal growth and inclusion.  <\/span><\/p>\n<p><span style=\"font-weight: 400;\">&#8220;<\/span><span style=\"font-weight: 400;\">This documentary film presents a cast of real people with their particular circumstances, rich and heterogeneous that overturns the canons and shows a plural and diverse society; in an example of sorority and rebellion in the exclusive world of fashion.<\/span><span style=\"font-weight: 400;\">&#8220;explains its director, <strong>Luis Calero<\/strong>.<\/span><\/p>\n<p><span style=\"font-weight: 400;\"><strong>The premiere of the documentary will take place on Sunday, November 3 at 16:00 at the CineCiutat in Palma<\/strong> and will be attended by the director, the technical team and the protagonists of this story, who will participate, later, in a colloquium.  <\/span><\/p>\n<h2>The Ibiza Inclusion Fashion Day documentary<\/h2>\n<p><span style=\"font-weight: 400;\">This film, <strong>produced by Jarana Docs and directed by Luis Calero, with cinematography by Jes\u00fas Solla and screenwriter and editor Magdalena Schinca<\/strong>, reaches the big screen after four years of work. A film in which the organizers of the fashion show, <strong>Emma Torres and Enrique Villena, together with the designer Delphina Bianco<\/strong>, who presents her striking first collection in this fashion show, are also key figures. <strong>Natalia Goyena and Gladis Deris Pastorino<\/strong>, starred in the   <\/span><span style=\"font-weight: 400;\">film<\/span><span style=\"font-weight: 400;\">in which they show on camera their inspiring story of overcoming their challenges.<\/span> <span style=\"font-weight: 400;\">This documentary has the collaboration of<strong> IB3<\/strong>, the public television of the Balearic Islands, as well as the support of the <\/span><strong>Ibiza Film Commission<\/strong><span style=\"font-weight: 400;\"> and other sponsors who have made it possible: <\/span><strong>Rotary Club<\/strong><span style=\"font-weight: 400;\"><strong> of Ibiza, Fundaci\u00f3 Bale\u00e0ria, Fundaci\u00f3n Abel Matutes, Fundaci\u00f3n Juli\u00e1n Vil\u00e1s Ferrer, Grupo Mambo, Hostal La Torre, Cl\u00ednica Inluxs and the Town Councils of Sant Antoni de Portmany and Sant Josep de Sa Talaia<\/strong>. <\/span> <span style=\"font-weight: 400;\">The <\/span><strong>Evolution Festival of Mallorca<\/strong><span style=\"font-weight: 400;\"> Festival Evolution de Mallorca bets once again for inclusion and diversity with the screening of this film in an edition that will count with the stellar presence of <\/span><a href=\"https:\/\/es.wikipedia.org\/wiki\/Annette_Bening\"><strong>Annette Bening<\/strong><\/a><\/p>\n<p><span style=\"font-weight: 400;\">. <strong>The American actress will receive the ICON Award<\/strong>, which will be presented to her personally at the opening ceremony of the festival on October 30. Bening has starred in such hits as <strong>American Beauty<\/strong> (1999), <strong>The Kids Are All Right <\/strong>(2010) and <strong>Nyad<\/strong> (2023) and has won two Golden Globes and five Oscar nominations. <\/span><\/p>\n","protected":false},"excerpt":{"rendered":"<p>The feature film tells the story of a group of young people with functional diversity who learn to parade on a catwalk in the inclusive and revolutionary fashion show &#8216;Ibiza Inclusion Fashion Day&#8217;.<\/p>\n","protected":false},"author":3,"featured_media":70640,"comment_status":"closed","ping_status":"closed","sticky":false,"template":"","format":"standard","meta":{"_acf_changed":false,"site-sidebar-layout":"default","site-content-layout":"","ast-site-content-layout":"default","site-content-style":"default","site-sidebar-style":"default","ast-global-header-display":"","ast-banner-title-visibility":"","ast-main-header-display":"","ast-hfb-above-header-display":"","ast-hfb-below-header-display":"","ast-hfb-mobile-header-display":"","site-post-title":"","ast-breadcrumbs-content":"","ast-featured-img":"","footer-sml-layout":"","ast-disable-related-posts":"","theme-transparent-header-meta":"default","adv-header-id-meta":"","stick-header-meta":"","header-above-stick-meta":"","header-main-stick-meta":"","header-below-stick-meta":"","astra-migrate-meta-layouts":"default","ast-page-background-enabled":"default","ast-page-background-meta":{"desktop":{"background-color":"var(--ast-global-color-4)","background-image":"","background-repeat":"repeat","background-position":"center center","background-size":"auto","background-attachment":"scroll","background-type":"","background-media":"","overlay-type":"","overlay-color":"","overlay-opacity":"","overlay-gradient":""},"tablet":{"background-color":"","background-image":"","background-repeat":"repeat","background-position":"center center","background-size":"auto","background-attachment":"scroll","background-type":"","background-media":"","overlay-type":"","overlay-color":"","overlay-opacity":"","overlay-gradient":""},"mobile":{"background-color":"","background-image":"","background-repeat":"repeat","background-position":"center center","background-size":"auto","background-attachment":"scroll","background-type":"","background-media":"","overlay-type":"","overlay-color":"","overlay-opacity":"","overlay-gradient":""}},"ast-content-background-meta":{"desktop":{"background-color":"var(--ast-global-color-5)","background-image":"","background-repeat":"repeat","background-position":"center center","background-size":"auto","background-attachment":"scroll","background-type":"","background-media":"","overlay-type":"","overlay-color":"","overlay-opacity":"","overlay-gradient":""},"tablet":{"background-color":"var(--ast-global-color-5)","background-image":"","background-repeat":"repeat","background-position":"center center","background-size":"auto","background-attachment":"scroll","background-type":"","background-media":"","overlay-type":"","overlay-color":"","overlay-opacity":"","overlay-gradient":""},"mobile":{"background-color":"var(--ast-global-color-5)","background-image":"","background-repeat":"repeat","background-position":"center center","background-size":"auto","background-attachment":"scroll","background-type":"","background-media":"","overlay-type":"","overlay-color":"","overlay-opacity":"","overlay-gradient":""}},"footnotes":""},"categories":[2910,3271],"tags":[5169],"ppma_author":[2644],"class_list":["post-70643","post","type-post","status-publish","format-standard","has-post-thumbnail","hentry","category-current-news","category-what-to-do","tag-ibiza-inclusion-fashion-day-en"],"acf":[],"yoast_head":"<!-- This site is optimized with the Yoast SEO plugin v27.4 - https:\/\/yoast.com\/product\/yoast-seo-wordpress\/ -->\n<title>Ibiza Inclusion Fashion Day documentary arrives at the International Film Festival &#039;Evolution&#039; in Mallorca - La Voz De Ibiza<\/title>\n<meta name=\"description\" content=\"The feature film tells the story of a group of young people with functional diversity who learn to parade on a catwalk in the inclusive and revolutionary fashion show &#039;Ibiza Inclusion Fashion Day&#039;.\" \/>\n<meta name=\"robots\" content=\"index, follow, max-snippet:-1, max-image-preview:large, max-video-preview:-1\" \/>\n<link rel=\"canonical\" href=\"https:\/\/lavozdeibiza.com\/en\/current-news\/ibiza-inclusion-fashion-day-documentary-arrives-at-the-international-film-festival-evolution-in-mallorca\/\" \/>\n<meta property=\"og:locale\" content=\"en_US\" \/>\n<meta property=\"og:type\" content=\"article\" \/>\n<meta property=\"og:title\" content=\"Ibiza Inclusion Fashion Day documentary arrives at the International Film Festival &#039;Evolution&#039; in Mallorca - La Voz De Ibiza\" \/>\n<meta property=\"og:description\" content=\"The feature film tells the story of a group of young people with functional diversity who learn to parade on a catwalk in the inclusive and revolutionary fashion show &#039;Ibiza Inclusion Fashion Day&#039;.\" \/>\n<meta property=\"og:url\" content=\"https:\/\/lavozdeibiza.com\/en\/current-news\/ibiza-inclusion-fashion-day-documentary-arrives-at-the-international-film-festival-evolution-in-mallorca\/\" \/>\n<meta property=\"og:site_name\" content=\"La Voz De Ibiza\" \/>\n<meta property=\"article:published_time\" content=\"2024-10-29T15:00:41+00:00\" \/>\n<meta property=\"og:image\" content=\"https:\/\/lavozdeibiza.com\/wp-content\/uploads\/2024\/10\/PROTAGONISTES-Fotograma.png\" \/>\n\t<meta property=\"og:image:width\" content=\"1280\" \/>\n\t<meta property=\"og:image:height\" content=\"800\" \/>\n\t<meta property=\"og:image:type\" content=\"image\/png\" \/>\n<meta name=\"author\" content=\"La Voz de Ibiza\" \/>\n<meta name=\"twitter:card\" content=\"summary_large_image\" \/>\n<meta name=\"twitter:creator\" content=\"@vozdeibiza\" \/>\n<meta name=\"twitter:site\" content=\"@vozdeibiza\" \/>\n<meta name=\"twitter:label1\" content=\"Written by\" \/>\n\t<meta name=\"twitter:data1\" content=\"La Voz de Ibiza\" \/>\n\t<meta name=\"twitter:label2\" content=\"Est. reading time\" \/>\n\t<meta name=\"twitter:data2\" content=\"3 minutes\" \/>\n<script type=\"application\/ld+json\" class=\"yoast-schema-graph\">{\"@context\":\"https:\\\/\\\/schema.org\",\"@graph\":[{\"@type\":\"NewsArticle\",\"@id\":\"https:\\\/\\\/lavozdeibiza.com\\\/en\\\/current-news\\\/ibiza-inclusion-fashion-day-documentary-arrives-at-the-international-film-festival-evolution-in-mallorca\\\/#article\",\"isPartOf\":{\"@id\":\"https:\\\/\\\/lavozdeibiza.com\\\/en\\\/current-news\\\/ibiza-inclusion-fashion-day-documentary-arrives-at-the-international-film-festival-evolution-in-mallorca\\\/\"},\"author\":{\"name\":\"La Voz de Ibiza\",\"@id\":\"https:\\\/\\\/lavozdeibiza.com\\\/en\\\/#\\\/schema\\\/person\\\/4134262403fe1838d0a79018fd5aa7d4\"},\"headline\":\"Ibiza Inclusion Fashion Day documentary arrives at the International Film Festival &#8216;Evolution&#8217; in Mallorca\",\"datePublished\":\"2024-10-29T15:00:41+00:00\",\"mainEntityOfPage\":{\"@id\":\"https:\\\/\\\/lavozdeibiza.com\\\/en\\\/current-news\\\/ibiza-inclusion-fashion-day-documentary-arrives-at-the-international-film-festival-evolution-in-mallorca\\\/\"},\"wordCount\":542,\"publisher\":{\"@id\":\"https:\\\/\\\/lavozdeibiza.com\\\/en\\\/#organization\"},\"image\":{\"@id\":\"https:\\\/\\\/lavozdeibiza.com\\\/en\\\/current-news\\\/ibiza-inclusion-fashion-day-documentary-arrives-at-the-international-film-festival-evolution-in-mallorca\\\/#primaryimage\"},\"thumbnailUrl\":\"https:\\\/\\\/lavozdeibiza.com\\\/wp-content\\\/uploads\\\/2024\\\/10\\\/PROTAGONISTES-Fotograma.png\",\"keywords\":[\"Ibiza Inclusion Fashion Day\"],\"articleSection\":[\"CURRENT NEWS\",\"WHAT TO DO?\"],\"inLanguage\":\"en-US\"},{\"@type\":[\"WebPage\",\"ItemPage\"],\"@id\":\"https:\\\/\\\/lavozdeibiza.com\\\/en\\\/current-news\\\/ibiza-inclusion-fashion-day-documentary-arrives-at-the-international-film-festival-evolution-in-mallorca\\\/\",\"url\":\"https:\\\/\\\/lavozdeibiza.com\\\/en\\\/current-news\\\/ibiza-inclusion-fashion-day-documentary-arrives-at-the-international-film-festival-evolution-in-mallorca\\\/\",\"name\":\"Ibiza Inclusion Fashion Day documentary arrives at the International Film Festival 'Evolution' in Mallorca - La Voz De Ibiza\",\"isPartOf\":{\"@id\":\"https:\\\/\\\/lavozdeibiza.com\\\/en\\\/#website\"},\"primaryImageOfPage\":{\"@id\":\"https:\\\/\\\/lavozdeibiza.com\\\/en\\\/current-news\\\/ibiza-inclusion-fashion-day-documentary-arrives-at-the-international-film-festival-evolution-in-mallorca\\\/#primaryimage\"},\"image\":{\"@id\":\"https:\\\/\\\/lavozdeibiza.com\\\/en\\\/current-news\\\/ibiza-inclusion-fashion-day-documentary-arrives-at-the-international-film-festival-evolution-in-mallorca\\\/#primaryimage\"},\"thumbnailUrl\":\"https:\\\/\\\/lavozdeibiza.com\\\/wp-content\\\/uploads\\\/2024\\\/10\\\/PROTAGONISTES-Fotograma.png\",\"datePublished\":\"2024-10-29T15:00:41+00:00\",\"description\":\"The feature film tells the story of a group of young people with functional diversity who learn to parade on a catwalk in the inclusive and revolutionary fashion show 'Ibiza Inclusion Fashion Day'.\",\"breadcrumb\":{\"@id\":\"https:\\\/\\\/lavozdeibiza.com\\\/en\\\/current-news\\\/ibiza-inclusion-fashion-day-documentary-arrives-at-the-international-film-festival-evolution-in-mallorca\\\/#breadcrumb\"},\"inLanguage\":\"en-US\",\"potentialAction\":[{\"@type\":\"ReadAction\",\"target\":[\"https:\\\/\\\/lavozdeibiza.com\\\/en\\\/current-news\\\/ibiza-inclusion-fashion-day-documentary-arrives-at-the-international-film-festival-evolution-in-mallorca\\\/\"]}]},{\"@type\":\"ImageObject\",\"inLanguage\":\"en-US\",\"@id\":\"https:\\\/\\\/lavozdeibiza.com\\\/en\\\/current-news\\\/ibiza-inclusion-fashion-day-documentary-arrives-at-the-international-film-festival-evolution-in-mallorca\\\/#primaryimage\",\"url\":\"https:\\\/\\\/lavozdeibiza.com\\\/wp-content\\\/uploads\\\/2024\\\/10\\\/PROTAGONISTES-Fotograma.png\",\"contentUrl\":\"https:\\\/\\\/lavozdeibiza.com\\\/wp-content\\\/uploads\\\/2024\\\/10\\\/PROTAGONISTES-Fotograma.png\",\"width\":1280,\"height\":800,\"caption\":\"El documental 'Protagonistes' sobre el Ibiza Inclusion Fashion Day llega al Festival de Cine 'Evolution' de Mallorca. (Fotograma del largometraje)\"},{\"@type\":\"BreadcrumbList\",\"@id\":\"https:\\\/\\\/lavozdeibiza.com\\\/en\\\/current-news\\\/ibiza-inclusion-fashion-day-documentary-arrives-at-the-international-film-festival-evolution-in-mallorca\\\/#breadcrumb\",\"itemListElement\":[{\"@type\":\"ListItem\",\"position\":1,\"name\":\"Portada\",\"item\":\"https:\\\/\\\/lavozdeibiza.com\\\/en\\\/\"},{\"@type\":\"ListItem\",\"position\":2,\"name\":\"Ibiza Inclusion Fashion Day documentary arrives at the International Film Festival &#8216;Evolution&#8217; in Mallorca\"}]},{\"@type\":\"WebSite\",\"@id\":\"https:\\\/\\\/lavozdeibiza.com\\\/en\\\/#website\",\"url\":\"https:\\\/\\\/lavozdeibiza.com\\\/en\\\/\",\"name\":\"La Voz de Ibiza\",\"description\":\"Diario de informaci\u00f3n actualidad y noticias de Ibiza. Todas las noticias de los municipios de Ibiza\",\"publisher\":{\"@id\":\"https:\\\/\\\/lavozdeibiza.com\\\/en\\\/#organization\"},\"potentialAction\":[{\"@type\":\"SearchAction\",\"target\":{\"@type\":\"EntryPoint\",\"urlTemplate\":\"https:\\\/\\\/lavozdeibiza.com\\\/en\\\/?s={search_term_string}\"},\"query-input\":{\"@type\":\"PropertyValueSpecification\",\"valueRequired\":true,\"valueName\":\"search_term_string\"}}],\"inLanguage\":\"en-US\"},{\"@type\":[\"Organization\",\"NewsMediaOrganization\"],\"@id\":\"https:\\\/\\\/lavozdeibiza.com\\\/en\\\/#organization\",\"name\":\"La Voz de Ibiza\",\"url\":\"https:\\\/\\\/lavozdeibiza.com\\\/en\\\/\",\"logo\":{\"@type\":\"ImageObject\",\"inLanguage\":\"en-US\",\"@id\":\"https:\\\/\\\/lavozdeibiza.com\\\/en\\\/#\\\/schema\\\/logo\\\/image\\\/\",\"url\":\"https:\\\/\\\/lavozdeibiza.com\\\/wp-content\\\/uploads\\\/2023\\\/10\\\/logo-lvib-grande.jpg\",\"contentUrl\":\"https:\\\/\\\/lavozdeibiza.com\\\/wp-content\\\/uploads\\\/2023\\\/10\\\/logo-lvib-grande.jpg\",\"width\":1500,\"height\":1000,\"caption\":\"La Voz de Ibiza\"},\"image\":{\"@id\":\"https:\\\/\\\/lavozdeibiza.com\\\/en\\\/#\\\/schema\\\/logo\\\/image\\\/\"},\"sameAs\":[\"https:\\\/\\\/x.com\\\/vozdeibiza\",\"https:\\\/\\\/www.instagram.com\\\/lavozibiza\\\/\"]},{\"@type\":\"Person\",\"@id\":\"https:\\\/\\\/lavozdeibiza.com\\\/en\\\/#\\\/schema\\\/person\\\/4134262403fe1838d0a79018fd5aa7d4\",\"name\":\"La Voz de Ibiza\",\"image\":{\"@type\":\"ImageObject\",\"inLanguage\":\"en-US\",\"@id\":\"https:\\\/\\\/secure.gravatar.com\\\/avatar\\\/63cbef5d61a1efbd11b8e6d68f619b5206c448e1cb8189a04b26329b2539a1e2?s=96&d=mm&r=g86a2aa9c0273e55fe6b6a68d5a9e39f0\",\"url\":\"https:\\\/\\\/secure.gravatar.com\\\/avatar\\\/63cbef5d61a1efbd11b8e6d68f619b5206c448e1cb8189a04b26329b2539a1e2?s=96&d=mm&r=g\",\"contentUrl\":\"https:\\\/\\\/secure.gravatar.com\\\/avatar\\\/63cbef5d61a1efbd11b8e6d68f619b5206c448e1cb8189a04b26329b2539a1e2?s=96&d=mm&r=g\",\"caption\":\"La Voz de Ibiza\"},\"url\":\"https:\\\/\\\/lavozdeibiza.com\\\/en\\\/author\\\/la-voz-de-ibiza\\\/\"},{\"@type\":\"SiteNavigationElement\",\"@id\":\"https:\\\/\\\/lavozdeibiza.com\\\/en\\\/#site-navigation\",\"cssSelector\":[\".cib-main-menu\"]},{\"@type\":\"WPHeader\",\"@id\":\"https:\\\/\\\/lavozdeibiza.com\\\/en\\\/#header\",\"cssSelector\":[\".cib-header\"]},{\"@type\":\"WPFooter\",\"@id\":\"https:\\\/\\\/lavozdeibiza.com\\\/en\\\/#footer\",\"cssSelector\":[\".cib-footer\"]}]}<\/script>\n<!-- \/ Yoast SEO plugin. -->","yoast_head_json":{"title":"Ibiza Inclusion Fashion Day documentary arrives at the International Film Festival 'Evolution' in Mallorca - La Voz De Ibiza","description":"The feature film tells the story of a group of young people with functional diversity who learn to parade on a catwalk in the inclusive and revolutionary fashion show 'Ibiza Inclusion Fashion Day'.","robots":{"index":"index","follow":"follow","max-snippet":"max-snippet:-1","max-image-preview":"max-image-preview:large","max-video-preview":"max-video-preview:-1"},"canonical":"https:\/\/lavozdeibiza.com\/en\/current-news\/ibiza-inclusion-fashion-day-documentary-arrives-at-the-international-film-festival-evolution-in-mallorca\/","og_locale":"en_US","og_type":"article","og_title":"Ibiza Inclusion Fashion Day documentary arrives at the International Film Festival 'Evolution' in Mallorca - La Voz De Ibiza","og_description":"The feature film tells the story of a group of young people with functional diversity who learn to parade on a catwalk in the inclusive and revolutionary fashion show 'Ibiza Inclusion Fashion Day'.","og_url":"https:\/\/lavozdeibiza.com\/en\/current-news\/ibiza-inclusion-fashion-day-documentary-arrives-at-the-international-film-festival-evolution-in-mallorca\/","og_site_name":"La Voz De Ibiza","article_published_time":"2024-10-29T15:00:41+00:00","og_image":[{"width":1280,"height":800,"url":"https:\/\/lavozdeibiza.com\/wp-content\/uploads\/2024\/10\/PROTAGONISTES-Fotograma.png","type":"image\/png"}],"author":"La Voz de Ibiza","twitter_card":"summary_large_image","twitter_creator":"@vozdeibiza","twitter_site":"@vozdeibiza","twitter_misc":{"Written by":"La Voz de Ibiza","Est. reading time":"3 minutes"},"schema":{"@context":"https:\/\/schema.org","@graph":[{"@type":"NewsArticle","@id":"https:\/\/lavozdeibiza.com\/en\/current-news\/ibiza-inclusion-fashion-day-documentary-arrives-at-the-international-film-festival-evolution-in-mallorca\/#article","isPartOf":{"@id":"https:\/\/lavozdeibiza.com\/en\/current-news\/ibiza-inclusion-fashion-day-documentary-arrives-at-the-international-film-festival-evolution-in-mallorca\/"},"author":{"name":"La Voz de Ibiza","@id":"https:\/\/lavozdeibiza.com\/en\/#\/schema\/person\/4134262403fe1838d0a79018fd5aa7d4"},"headline":"Ibiza Inclusion Fashion Day documentary arrives at the International Film Festival &#8216;Evolution&#8217; in Mallorca","datePublished":"2024-10-29T15:00:41+00:00","mainEntityOfPage":{"@id":"https:\/\/lavozdeibiza.com\/en\/current-news\/ibiza-inclusion-fashion-day-documentary-arrives-at-the-international-film-festival-evolution-in-mallorca\/"},"wordCount":542,"publisher":{"@id":"https:\/\/lavozdeibiza.com\/en\/#organization"},"image":{"@id":"https:\/\/lavozdeibiza.com\/en\/current-news\/ibiza-inclusion-fashion-day-documentary-arrives-at-the-international-film-festival-evolution-in-mallorca\/#primaryimage"},"thumbnailUrl":"https:\/\/lavozdeibiza.com\/wp-content\/uploads\/2024\/10\/PROTAGONISTES-Fotograma.png","keywords":["Ibiza Inclusion Fashion Day"],"articleSection":["CURRENT NEWS","WHAT TO DO?"],"inLanguage":"en-US"},{"@type":["WebPage","ItemPage"],"@id":"https:\/\/lavozdeibiza.com\/en\/current-news\/ibiza-inclusion-fashion-day-documentary-arrives-at-the-international-film-festival-evolution-in-mallorca\/","url":"https:\/\/lavozdeibiza.com\/en\/current-news\/ibiza-inclusion-fashion-day-documentary-arrives-at-the-international-film-festival-evolution-in-mallorca\/","name":"Ibiza Inclusion Fashion Day documentary arrives at the International Film Festival 'Evolution' in Mallorca - La Voz De Ibiza","isPartOf":{"@id":"https:\/\/lavozdeibiza.com\/en\/#website"},"primaryImageOfPage":{"@id":"https:\/\/lavozdeibiza.com\/en\/current-news\/ibiza-inclusion-fashion-day-documentary-arrives-at-the-international-film-festival-evolution-in-mallorca\/#primaryimage"},"image":{"@id":"https:\/\/lavozdeibiza.com\/en\/current-news\/ibiza-inclusion-fashion-day-documentary-arrives-at-the-international-film-festival-evolution-in-mallorca\/#primaryimage"},"thumbnailUrl":"https:\/\/lavozdeibiza.com\/wp-content\/uploads\/2024\/10\/PROTAGONISTES-Fotograma.png","datePublished":"2024-10-29T15:00:41+00:00","description":"The feature film tells the story of a group of young people with functional diversity who learn to parade on a catwalk in the inclusive and revolutionary fashion show 'Ibiza Inclusion Fashion Day'.","breadcrumb":{"@id":"https:\/\/lavozdeibiza.com\/en\/current-news\/ibiza-inclusion-fashion-day-documentary-arrives-at-the-international-film-festival-evolution-in-mallorca\/#breadcrumb"},"inLanguage":"en-US","potentialAction":[{"@type":"ReadAction","target":["https:\/\/lavozdeibiza.com\/en\/current-news\/ibiza-inclusion-fashion-day-documentary-arrives-at-the-international-film-festival-evolution-in-mallorca\/"]}]},{"@type":"ImageObject","inLanguage":"en-US","@id":"https:\/\/lavozdeibiza.com\/en\/current-news\/ibiza-inclusion-fashion-day-documentary-arrives-at-the-international-film-festival-evolution-in-mallorca\/#primaryimage","url":"https:\/\/lavozdeibiza.com\/wp-content\/uploads\/2024\/10\/PROTAGONISTES-Fotograma.png","contentUrl":"https:\/\/lavozdeibiza.com\/wp-content\/uploads\/2024\/10\/PROTAGONISTES-Fotograma.png","width":1280,"height":800,"caption":"El documental 'Protagonistes' sobre el Ibiza Inclusion Fashion Day llega al Festival de Cine 'Evolution' de Mallorca. (Fotograma del largometraje)"},{"@type":"BreadcrumbList","@id":"https:\/\/lavozdeibiza.com\/en\/current-news\/ibiza-inclusion-fashion-day-documentary-arrives-at-the-international-film-festival-evolution-in-mallorca\/#breadcrumb","itemListElement":[{"@type":"ListItem","position":1,"name":"Portada","item":"https:\/\/lavozdeibiza.com\/en\/"},{"@type":"ListItem","position":2,"name":"Ibiza Inclusion Fashion Day documentary arrives at the International Film Festival &#8216;Evolution&#8217; in Mallorca"}]},{"@type":"WebSite","@id":"https:\/\/lavozdeibiza.com\/en\/#website","url":"https:\/\/lavozdeibiza.com\/en\/","name":"La Voz de Ibiza","description":"Diario de informaci\u00f3n actualidad y noticias de Ibiza. Todas las noticias de los municipios de Ibiza","publisher":{"@id":"https:\/\/lavozdeibiza.com\/en\/#organization"},"potentialAction":[{"@type":"SearchAction","target":{"@type":"EntryPoint","urlTemplate":"https:\/\/lavozdeibiza.com\/en\/?s={search_term_string}"},"query-input":{"@type":"PropertyValueSpecification","valueRequired":true,"valueName":"search_term_string"}}],"inLanguage":"en-US"},{"@type":["Organization","NewsMediaOrganization"],"@id":"https:\/\/lavozdeibiza.com\/en\/#organization","name":"La Voz de Ibiza","url":"https:\/\/lavozdeibiza.com\/en\/","logo":{"@type":"ImageObject","inLanguage":"en-US","@id":"https:\/\/lavozdeibiza.com\/en\/#\/schema\/logo\/image\/","url":"https:\/\/lavozdeibiza.com\/wp-content\/uploads\/2023\/10\/logo-lvib-grande.jpg","contentUrl":"https:\/\/lavozdeibiza.com\/wp-content\/uploads\/2023\/10\/logo-lvib-grande.jpg","width":1500,"height":1000,"caption":"La Voz de Ibiza"},"image":{"@id":"https:\/\/lavozdeibiza.com\/en\/#\/schema\/logo\/image\/"},"sameAs":["https:\/\/x.com\/vozdeibiza","https:\/\/www.instagram.com\/lavozibiza\/"]},{"@type":"Person","@id":"https:\/\/lavozdeibiza.com\/en\/#\/schema\/person\/4134262403fe1838d0a79018fd5aa7d4","name":"La Voz de Ibiza","image":{"@type":"ImageObject","inLanguage":"en-US","@id":"https:\/\/secure.gravatar.com\/avatar\/63cbef5d61a1efbd11b8e6d68f619b5206c448e1cb8189a04b26329b2539a1e2?s=96&d=mm&r=g86a2aa9c0273e55fe6b6a68d5a9e39f0","url":"https:\/\/secure.gravatar.com\/avatar\/63cbef5d61a1efbd11b8e6d68f619b5206c448e1cb8189a04b26329b2539a1e2?s=96&d=mm&r=g","contentUrl":"https:\/\/secure.gravatar.com\/avatar\/63cbef5d61a1efbd11b8e6d68f619b5206c448e1cb8189a04b26329b2539a1e2?s=96&d=mm&r=g","caption":"La Voz de Ibiza"},"url":"https:\/\/lavozdeibiza.com\/en\/author\/la-voz-de-ibiza\/"},{"@type":"SiteNavigationElement","@id":"https:\/\/lavozdeibiza.com\/en\/#site-navigation","cssSelector":[".cib-main-menu"]},{"@type":"WPHeader","@id":"https:\/\/lavozdeibiza.com\/en\/#header","cssSelector":[".cib-header"]},{"@type":"WPFooter","@id":"https:\/\/lavozdeibiza.com\/en\/#footer","cssSelector":[".cib-footer"]}]}},"authors":[{"term_id":2644,"user_id":3,"is_guest":0,"slug":"la-voz-de-ibiza","display_name":"La Voz de Ibiza","avatar_url":"https:\/\/secure.gravatar.com\/avatar\/63cbef5d61a1efbd11b8e6d68f619b5206c448e1cb8189a04b26329b2539a1e2?s=96&d=mm&r=g","0":null,"1":"","2":"","3":"","4":"","5":"","6":"","7":"","8":"","9":"","10":""}],"_links":{"self":[{"href":"https:\/\/lavozdeibiza.com\/en\/wp-json\/wp\/v2\/posts\/70643","targetHints":{"allow":["GET"]}}],"collection":[{"href":"https:\/\/lavozdeibiza.com\/en\/wp-json\/wp\/v2\/posts"}],"about":[{"href":"https:\/\/lavozdeibiza.com\/en\/wp-json\/wp\/v2\/types\/post"}],"author":[{"embeddable":true,"href":"https:\/\/lavozdeibiza.com\/en\/wp-json\/wp\/v2\/users\/3"}],"replies":[{"embeddable":true,"href":"https:\/\/lavozdeibiza.com\/en\/wp-json\/wp\/v2\/comments?post=70643"}],"version-history":[{"count":0,"href":"https:\/\/lavozdeibiza.com\/en\/wp-json\/wp\/v2\/posts\/70643\/revisions"}],"wp:featuredmedia":[{"embeddable":true,"href":"https:\/\/lavozdeibiza.com\/en\/wp-json\/wp\/v2\/media\/70640"}],"wp:attachment":[{"href":"https:\/\/lavozdeibiza.com\/en\/wp-json\/wp\/v2\/media?parent=70643"}],"wp:term":[{"taxonomy":"category","embeddable":true,"href":"https:\/\/lavozdeibiza.com\/en\/wp-json\/wp\/v2\/categories?post=70643"},{"taxonomy":"post_tag","embeddable":true,"href":"https:\/\/lavozdeibiza.com\/en\/wp-json\/wp\/v2\/tags?post=70643"},{"taxonomy":"author","embeddable":true,"href":"https:\/\/lavozdeibiza.com\/en\/wp-json\/wp\/v2\/ppma_author?post=70643"}],"curies":[{"name":"wp","href":"https:\/\/api.w.org\/{rel}","templated":true}]}}