{"id":72366,"date":"2024-11-08T18:28:12","date_gmt":"2024-11-08T17:28:12","guid":{"rendered":"https:\/\/lavozdeibiza.com\/sin-categorizar\/2024\/11\/08\/the-xxii-second-hand-vehicle-show-opens-its-doors-at-the-ibiza-fairgrounds-after-its-official-presentation\/"},"modified":"2024-11-08T18:28:12","modified_gmt":"2024-11-08T17:28:12","slug":"the-xxii-second-hand-vehicle-show-opens-its-doors-at-the-ibiza-fairgrounds-after-its-official-presentation","status":"publish","type":"post","link":"https:\/\/lavozdeibiza.com\/en\/current-news\/the-xxii-second-hand-vehicle-show-opens-its-doors-at-the-ibiza-fairgrounds-after-its-official-presentation\/","title":{"rendered":"The XXII Second-Hand Vehicle Show opens its doors at the Ibiza Fairgrounds after its official presentation"},"content":{"rendered":"<p>The <a href=\"https:\/\/lavozdeibiza.com\/tag\/salon-del-vehiculo-de-ocasion\/?swcfpc=1\"><strong>XXII Second-Hand Vehicle Show<\/strong> <\/a>began today at the <strong>Ibiza Fairgrounds<\/strong>, after its official presentation this morning in a ceremony led by the <strong>Councilor for Economic Promotion and Municipal Cooperation, Maria Fajarn\u00e9s<\/strong>, along with the <strong>president of the Association of Workshops of PIMEEF, Miguel Angel Escandell<\/strong>, the secretary of the association, <strong>Pablo Pav\u00f3n<\/strong>, as well as representatives of the companies participating in this edition. This annual event, organized by the <strong>Consell de Eivissa<\/strong> in collaboration with PIMEEF, seeks to consolidate itself as a reference space for the purchase of high quality second-hand vehicles on the island.<\/p>\n<h2><strong>A necessary boost for the island&#8217;s automotive sector<\/strong><\/h2>\n<p>During the presentation, <a href=\"https:\/\/lavozdeibiza.com\/actualidad\/2024\/11\/08\/llega-la-xxii-edicion-del-salon-del-vehiculo-de-ocasion-de-ibiza-mas-de-150-coches-a-la-venta\/?swcfpc=1\">Consellera Fajarn\u00e9s<\/a> stressed the importance of the event in the current economic context, in which the sector is still facing the effects of the pandemic and inflation. &#8220;This fair is a commitment by the Consell to support the island&#8217;s automotive sector, offering citizens an opportunity to acquire vehicles in good condition at affordable prices,&#8221; Fajarn\u00e9s stressed. According to the organizers, last year&#8217;s event was a great success, with an estimated sale of between <strong>50% and 60% of the vehicles on display<\/strong>. This year, the numbers are even more promising, as the offer has increased to <strong>160 vehicles<\/strong>, providing potential buyers with a varied selection ranging from utility vehicles to high-end options.<\/p>\n<h2><strong>Variety of overhauled and guaranteed vehicles<\/strong><\/h2>\n<p>In this edition, the <a href=\"https:\/\/lavozdeibiza.com\/actualidad\/2024\/10\/30\/el-xxii-salon-del-vehiculo-de-ocasion-llega-al-recinto-ferial-del-8-al-10-de-noviembre-con-mas-de-150-coches-disponibles\/?swcfpc=1\">show has the participation of six leading companies on the island<\/a>: <strong>Avantcar, Grupauto, Plataforma Rent a Car, Proa Premium, Tanit Automoci\u00f3n and Can Repro<\/strong>, which have presented a wide range of vehicles, including passenger cars, commercial vehicles, sports cars and other high-end vehicles. As explained by <strong>Miguel \u00c1ngel Escandell<\/strong>, President of the Association of Workshops, &#8220;those interested will be able to find vehicles with prices ranging from <strong>6,000 euros<\/strong> to luxury models, which represents a great opportunity for the public&#8221;. In addition, all the vehicles on display have been checked and have warranty certificates from the organizing companies, which ensures the quality and reliability of the cars on sale. This initiative is also a way to strengthen the second-hand market in Ibiza, providing residents and visitors with an opportunity to acquire vehicles in top condition without having to resort to the mainland market.<\/p>\n<h2><strong>Free access and extended hours for visitors<\/strong><\/h2>\n<p>Access to the show is free, and opening hours will be from <strong>10:30 a.m. to 9:00 p.m.<\/strong> during the three days of the fair, allowing attendees to explore the different vehicle options available at their leisure.<\/p>\n","protected":false},"excerpt":{"rendered":"<p>From 10:30 this morning, those interested have been able to visit the most important motoring event of the year in Ibiza, which will run until Sunday.<\/p>\n","protected":false},"author":1,"featured_media":72364,"comment_status":"closed","ping_status":"closed","sticky":false,"template":"","format":"standard","meta":{"_acf_changed":false,"site-sidebar-layout":"default","site-content-layout":"","ast-site-content-layout":"default","site-content-style":"default","site-sidebar-style":"default","ast-global-header-display":"","ast-banner-title-visibility":"","ast-main-header-display":"","ast-hfb-above-header-display":"","ast-hfb-below-header-display":"","ast-hfb-mobile-header-display":"","site-post-title":"","ast-breadcrumbs-content":"","ast-featured-img":"","footer-sml-layout":"","ast-disable-related-posts":"","theme-transparent-header-meta":"default","adv-header-id-meta":"","stick-header-meta":"","header-above-stick-meta":"","header-main-stick-meta":"","header-below-stick-meta":"","astra-migrate-meta-layouts":"default","ast-page-background-enabled":"default","ast-page-background-meta":{"desktop":{"background-color":"var(--ast-global-color-4)","background-image":"","background-repeat":"repeat","background-position":"center center","background-size":"auto","background-attachment":"scroll","background-type":"","background-media":"","overlay-type":"","overlay-color":"","overlay-opacity":"","overlay-gradient":""},"tablet":{"background-color":"","background-image":"","background-repeat":"repeat","background-position":"center center","background-size":"auto","background-attachment":"scroll","background-type":"","background-media":"","overlay-type":"","overlay-color":"","overlay-opacity":"","overlay-gradient":""},"mobile":{"background-color":"","background-image":"","background-repeat":"repeat","background-position":"center center","background-size":"auto","background-attachment":"scroll","background-type":"","background-media":"","overlay-type":"","overlay-color":"","overlay-opacity":"","overlay-gradient":""}},"ast-content-background-meta":{"desktop":{"background-color":"var(--ast-global-color-5)","background-image":"","background-repeat":"repeat","background-position":"center center","background-size":"auto","background-attachment":"scroll","background-type":"","background-media":"","overlay-type":"","overlay-color":"","overlay-opacity":"","overlay-gradient":""},"tablet":{"background-color":"var(--ast-global-color-5)","background-image":"","background-repeat":"repeat","background-position":"center center","background-size":"auto","background-attachment":"scroll","background-type":"","background-media":"","overlay-type":"","overlay-color":"","overlay-opacity":"","overlay-gradient":""},"mobile":{"background-color":"var(--ast-global-color-5)","background-image":"","background-repeat":"repeat","background-position":"center center","background-size":"auto","background-attachment":"scroll","background-type":"","background-media":"","overlay-type":"","overlay-color":"","overlay-opacity":"","overlay-gradient":""}},"footnotes":""},"categories":[3213,2910,2918],"tags":[2921,2919,5308],"ppma_author":[2663],"class_list":["post-72366","post","type-post","status-publish","format-standard","has-post-thumbnail","hentry","category-business","category-current-news","category-ibiza-en","tag-actualidad-2-en","tag-ibiza-en","tag-second-hand-vehicle-show"],"acf":[],"yoast_head":"<!-- This site is optimized with the Yoast SEO plugin v27.4 - https:\/\/yoast.com\/product\/yoast-seo-wordpress\/ -->\n<title>The XXII Second-Hand Vehicle Show opens its doors at the Ibiza Fairgrounds after its official presentation - La Voz De Ibiza<\/title>\n<meta name=\"description\" content=\"From 10:30 this morning, those interested have been able to visit the most important motoring event of the year in Ibiza, which will run until Sunday.\" \/>\n<meta name=\"robots\" content=\"index, follow, max-snippet:-1, max-image-preview:large, max-video-preview:-1\" \/>\n<link rel=\"canonical\" href=\"https:\/\/lavozdeibiza.com\/en\/current-news\/the-xxii-second-hand-vehicle-show-opens-its-doors-at-the-ibiza-fairgrounds-after-its-official-presentation\/\" \/>\n<meta property=\"og:locale\" content=\"en_US\" \/>\n<meta property=\"og:type\" content=\"article\" \/>\n<meta property=\"og:title\" content=\"The XXII Second-Hand Vehicle Show opens its doors at the Ibiza Fairgrounds after its official presentation - La Voz De Ibiza\" \/>\n<meta property=\"og:description\" content=\"From 10:30 this morning, those interested have been able to visit the most important motoring event of the year in Ibiza, which will run until Sunday.\" \/>\n<meta property=\"og:url\" content=\"https:\/\/lavozdeibiza.com\/en\/current-news\/the-xxii-second-hand-vehicle-show-opens-its-doors-at-the-ibiza-fairgrounds-after-its-official-presentation\/\" \/>\n<meta property=\"og:site_name\" content=\"La Voz De Ibiza\" \/>\n<meta property=\"article:published_time\" content=\"2024-11-08T17:28:12+00:00\" \/>\n<meta property=\"og:image\" content=\"https:\/\/lavozdeibiza.com\/wp-content\/uploads\/2024\/11\/valencia_bomberos-25-1.jpg\" \/>\n\t<meta property=\"og:image:width\" content=\"1280\" \/>\n\t<meta property=\"og:image:height\" content=\"853\" \/>\n\t<meta property=\"og:image:type\" content=\"image\/jpeg\" \/>\n<meta name=\"author\" content=\"Marcos Camiolo\" \/>\n<meta name=\"twitter:card\" content=\"summary_large_image\" \/>\n<meta name=\"twitter:creator\" content=\"@vozdeibiza\" \/>\n<meta name=\"twitter:site\" content=\"@vozdeibiza\" \/>\n<meta name=\"twitter:label1\" content=\"Written by\" \/>\n\t<meta name=\"twitter:data1\" content=\"Administrador\" \/>\n\t<meta name=\"twitter:label2\" content=\"Est. reading time\" \/>\n\t<meta name=\"twitter:data2\" content=\"2 minutes\" \/>\n<script type=\"application\/ld+json\" class=\"yoast-schema-graph\">{\"@context\":\"https:\\\/\\\/schema.org\",\"@graph\":[{\"@type\":\"NewsArticle\",\"@id\":\"https:\\\/\\\/lavozdeibiza.com\\\/en\\\/current-news\\\/the-xxii-second-hand-vehicle-show-opens-its-doors-at-the-ibiza-fairgrounds-after-its-official-presentation\\\/#article\",\"isPartOf\":{\"@id\":\"https:\\\/\\\/lavozdeibiza.com\\\/en\\\/current-news\\\/the-xxii-second-hand-vehicle-show-opens-its-doors-at-the-ibiza-fairgrounds-after-its-official-presentation\\\/\"},\"author\":{\"name\":\"Administrador\",\"@id\":\"https:\\\/\\\/lavozdeibiza.com\\\/en\\\/#\\\/schema\\\/person\\\/a117247bb9cbe19d974f3e7836c216af\"},\"headline\":\"The XXII Second-Hand Vehicle Show opens its doors at the Ibiza Fairgrounds after its official presentation\",\"datePublished\":\"2024-11-08T17:28:12+00:00\",\"mainEntityOfPage\":{\"@id\":\"https:\\\/\\\/lavozdeibiza.com\\\/en\\\/current-news\\\/the-xxii-second-hand-vehicle-show-opens-its-doors-at-the-ibiza-fairgrounds-after-its-official-presentation\\\/\"},\"wordCount\":434,\"publisher\":{\"@id\":\"https:\\\/\\\/lavozdeibiza.com\\\/en\\\/#organization\"},\"image\":{\"@id\":\"https:\\\/\\\/lavozdeibiza.com\\\/en\\\/current-news\\\/the-xxii-second-hand-vehicle-show-opens-its-doors-at-the-ibiza-fairgrounds-after-its-official-presentation\\\/#primaryimage\"},\"thumbnailUrl\":\"https:\\\/\\\/lavozdeibiza.com\\\/wp-content\\\/uploads\\\/2024\\\/11\\\/valencia_bomberos-25-1.jpg\",\"keywords\":[\"Actualidad 2\",\"Ibiza\",\"Second-hand Vehicle Show\"],\"articleSection\":[\"BUSINESS\",\"CURRENT NEWS\",\"IBIZA\"],\"inLanguage\":\"en-US\"},{\"@type\":[\"WebPage\",\"ItemPage\"],\"@id\":\"https:\\\/\\\/lavozdeibiza.com\\\/en\\\/current-news\\\/the-xxii-second-hand-vehicle-show-opens-its-doors-at-the-ibiza-fairgrounds-after-its-official-presentation\\\/\",\"url\":\"https:\\\/\\\/lavozdeibiza.com\\\/en\\\/current-news\\\/the-xxii-second-hand-vehicle-show-opens-its-doors-at-the-ibiza-fairgrounds-after-its-official-presentation\\\/\",\"name\":\"The XXII Second-Hand Vehicle Show opens its doors at the Ibiza Fairgrounds after its official presentation - La Voz De Ibiza\",\"isPartOf\":{\"@id\":\"https:\\\/\\\/lavozdeibiza.com\\\/en\\\/#website\"},\"primaryImageOfPage\":{\"@id\":\"https:\\\/\\\/lavozdeibiza.com\\\/en\\\/current-news\\\/the-xxii-second-hand-vehicle-show-opens-its-doors-at-the-ibiza-fairgrounds-after-its-official-presentation\\\/#primaryimage\"},\"image\":{\"@id\":\"https:\\\/\\\/lavozdeibiza.com\\\/en\\\/current-news\\\/the-xxii-second-hand-vehicle-show-opens-its-doors-at-the-ibiza-fairgrounds-after-its-official-presentation\\\/#primaryimage\"},\"thumbnailUrl\":\"https:\\\/\\\/lavozdeibiza.com\\\/wp-content\\\/uploads\\\/2024\\\/11\\\/valencia_bomberos-25-1.jpg\",\"datePublished\":\"2024-11-08T17:28:12+00:00\",\"description\":\"From 10:30 this morning, those interested have been able to visit the most important motoring event of the year in Ibiza, which will run until Sunday.\",\"breadcrumb\":{\"@id\":\"https:\\\/\\\/lavozdeibiza.com\\\/en\\\/current-news\\\/the-xxii-second-hand-vehicle-show-opens-its-doors-at-the-ibiza-fairgrounds-after-its-official-presentation\\\/#breadcrumb\"},\"inLanguage\":\"en-US\",\"potentialAction\":[{\"@type\":\"ReadAction\",\"target\":[\"https:\\\/\\\/lavozdeibiza.com\\\/en\\\/current-news\\\/the-xxii-second-hand-vehicle-show-opens-its-doors-at-the-ibiza-fairgrounds-after-its-official-presentation\\\/\"]}]},{\"@type\":\"ImageObject\",\"inLanguage\":\"en-US\",\"@id\":\"https:\\\/\\\/lavozdeibiza.com\\\/en\\\/current-news\\\/the-xxii-second-hand-vehicle-show-opens-its-doors-at-the-ibiza-fairgrounds-after-its-official-presentation\\\/#primaryimage\",\"url\":\"https:\\\/\\\/lavozdeibiza.com\\\/wp-content\\\/uploads\\\/2024\\\/11\\\/valencia_bomberos-25-1.jpg\",\"contentUrl\":\"https:\\\/\\\/lavozdeibiza.com\\\/wp-content\\\/uploads\\\/2024\\\/11\\\/valencia_bomberos-25-1.jpg\",\"width\":1280,\"height\":853,\"caption\":\"Presentaci\u00f3n del XXII Sal\u00f3n de Veh\u00edculos de Ocasi\u00f3n.\"},{\"@type\":\"BreadcrumbList\",\"@id\":\"https:\\\/\\\/lavozdeibiza.com\\\/en\\\/current-news\\\/the-xxii-second-hand-vehicle-show-opens-its-doors-at-the-ibiza-fairgrounds-after-its-official-presentation\\\/#breadcrumb\",\"itemListElement\":[{\"@type\":\"ListItem\",\"position\":1,\"name\":\"Portada\",\"item\":\"https:\\\/\\\/lavozdeibiza.com\\\/en\\\/\"},{\"@type\":\"ListItem\",\"position\":2,\"name\":\"The XXII Second-Hand Vehicle Show opens its doors at the Ibiza Fairgrounds after its official presentation\"}]},{\"@type\":\"WebSite\",\"@id\":\"https:\\\/\\\/lavozdeibiza.com\\\/en\\\/#website\",\"url\":\"https:\\\/\\\/lavozdeibiza.com\\\/en\\\/\",\"name\":\"La Voz de Ibiza\",\"description\":\"Diario de informaci\u00f3n actualidad y noticias de Ibiza. Todas las noticias de los municipios de Ibiza\",\"publisher\":{\"@id\":\"https:\\\/\\\/lavozdeibiza.com\\\/en\\\/#organization\"},\"potentialAction\":[{\"@type\":\"SearchAction\",\"target\":{\"@type\":\"EntryPoint\",\"urlTemplate\":\"https:\\\/\\\/lavozdeibiza.com\\\/en\\\/?s={search_term_string}\"},\"query-input\":{\"@type\":\"PropertyValueSpecification\",\"valueRequired\":true,\"valueName\":\"search_term_string\"}}],\"inLanguage\":\"en-US\"},{\"@type\":[\"Organization\",\"NewsMediaOrganization\"],\"@id\":\"https:\\\/\\\/lavozdeibiza.com\\\/en\\\/#organization\",\"name\":\"La Voz de Ibiza\",\"url\":\"https:\\\/\\\/lavozdeibiza.com\\\/en\\\/\",\"logo\":{\"@type\":\"ImageObject\",\"inLanguage\":\"en-US\",\"@id\":\"https:\\\/\\\/lavozdeibiza.com\\\/en\\\/#\\\/schema\\\/logo\\\/image\\\/\",\"url\":\"https:\\\/\\\/lavozdeibiza.com\\\/wp-content\\\/uploads\\\/2023\\\/10\\\/logo-lvib-grande.jpg\",\"contentUrl\":\"https:\\\/\\\/lavozdeibiza.com\\\/wp-content\\\/uploads\\\/2023\\\/10\\\/logo-lvib-grande.jpg\",\"width\":1500,\"height\":1000,\"caption\":\"La Voz de Ibiza\"},\"image\":{\"@id\":\"https:\\\/\\\/lavozdeibiza.com\\\/en\\\/#\\\/schema\\\/logo\\\/image\\\/\"},\"sameAs\":[\"https:\\\/\\\/x.com\\\/vozdeibiza\",\"https:\\\/\\\/www.instagram.com\\\/lavozibiza\\\/\"]},{\"@type\":\"Person\",\"@id\":\"https:\\\/\\\/lavozdeibiza.com\\\/en\\\/#\\\/schema\\\/person\\\/a117247bb9cbe19d974f3e7836c216af\",\"name\":\"Administrador\",\"image\":{\"@type\":\"ImageObject\",\"inLanguage\":\"en-US\",\"@id\":\"https:\\\/\\\/secure.gravatar.com\\\/avatar\\\/986e5d1feb165770155d072107f42e3b57732948d149f326b8e7f0d7c430afee?s=96&d=mm&r=g5cb9a474e9f1438539234491a8b23201\",\"url\":\"https:\\\/\\\/secure.gravatar.com\\\/avatar\\\/986e5d1feb165770155d072107f42e3b57732948d149f326b8e7f0d7c430afee?s=96&d=mm&r=g\",\"contentUrl\":\"https:\\\/\\\/secure.gravatar.com\\\/avatar\\\/986e5d1feb165770155d072107f42e3b57732948d149f326b8e7f0d7c430afee?s=96&d=mm&r=g\",\"caption\":\"Administrador\"},\"sameAs\":[\"http:\\\/\\\/lavozdeibiza.cibeles.net\"],\"url\":\"https:\\\/\\\/lavozdeibiza.com\\\/en\\\/author\\\/administrador\\\/\"},{\"@type\":\"SiteNavigationElement\",\"@id\":\"https:\\\/\\\/lavozdeibiza.com\\\/en\\\/#site-navigation\",\"cssSelector\":[\".cib-main-menu\"]},{\"@type\":\"WPHeader\",\"@id\":\"https:\\\/\\\/lavozdeibiza.com\\\/en\\\/#header\",\"cssSelector\":[\".cib-header\"]},{\"@type\":\"WPFooter\",\"@id\":\"https:\\\/\\\/lavozdeibiza.com\\\/en\\\/#footer\",\"cssSelector\":[\".cib-footer\"]}]}<\/script>\n<!-- \/ Yoast SEO plugin. -->","yoast_head_json":{"title":"The XXII Second-Hand Vehicle Show opens its doors at the Ibiza Fairgrounds after its official presentation - La Voz De Ibiza","description":"From 10:30 this morning, those interested have been able to visit the most important motoring event of the year in Ibiza, which will run until Sunday.","robots":{"index":"index","follow":"follow","max-snippet":"max-snippet:-1","max-image-preview":"max-image-preview:large","max-video-preview":"max-video-preview:-1"},"canonical":"https:\/\/lavozdeibiza.com\/en\/current-news\/the-xxii-second-hand-vehicle-show-opens-its-doors-at-the-ibiza-fairgrounds-after-its-official-presentation\/","og_locale":"en_US","og_type":"article","og_title":"The XXII Second-Hand Vehicle Show opens its doors at the Ibiza Fairgrounds after its official presentation - La Voz De Ibiza","og_description":"From 10:30 this morning, those interested have been able to visit the most important motoring event of the year in Ibiza, which will run until Sunday.","og_url":"https:\/\/lavozdeibiza.com\/en\/current-news\/the-xxii-second-hand-vehicle-show-opens-its-doors-at-the-ibiza-fairgrounds-after-its-official-presentation\/","og_site_name":"La Voz De Ibiza","article_published_time":"2024-11-08T17:28:12+00:00","og_image":[{"width":1280,"height":853,"url":"https:\/\/lavozdeibiza.com\/wp-content\/uploads\/2024\/11\/valencia_bomberos-25-1.jpg","type":"image\/jpeg"}],"author":"Marcos Camiolo","twitter_card":"summary_large_image","twitter_creator":"@vozdeibiza","twitter_site":"@vozdeibiza","twitter_misc":{"Written by":"Administrador","Est. reading time":"2 minutes"},"schema":{"@context":"https:\/\/schema.org","@graph":[{"@type":"NewsArticle","@id":"https:\/\/lavozdeibiza.com\/en\/current-news\/the-xxii-second-hand-vehicle-show-opens-its-doors-at-the-ibiza-fairgrounds-after-its-official-presentation\/#article","isPartOf":{"@id":"https:\/\/lavozdeibiza.com\/en\/current-news\/the-xxii-second-hand-vehicle-show-opens-its-doors-at-the-ibiza-fairgrounds-after-its-official-presentation\/"},"author":{"name":"Administrador","@id":"https:\/\/lavozdeibiza.com\/en\/#\/schema\/person\/a117247bb9cbe19d974f3e7836c216af"},"headline":"The XXII Second-Hand Vehicle Show opens its doors at the Ibiza Fairgrounds after its official presentation","datePublished":"2024-11-08T17:28:12+00:00","mainEntityOfPage":{"@id":"https:\/\/lavozdeibiza.com\/en\/current-news\/the-xxii-second-hand-vehicle-show-opens-its-doors-at-the-ibiza-fairgrounds-after-its-official-presentation\/"},"wordCount":434,"publisher":{"@id":"https:\/\/lavozdeibiza.com\/en\/#organization"},"image":{"@id":"https:\/\/lavozdeibiza.com\/en\/current-news\/the-xxii-second-hand-vehicle-show-opens-its-doors-at-the-ibiza-fairgrounds-after-its-official-presentation\/#primaryimage"},"thumbnailUrl":"https:\/\/lavozdeibiza.com\/wp-content\/uploads\/2024\/11\/valencia_bomberos-25-1.jpg","keywords":["Actualidad 2","Ibiza","Second-hand Vehicle Show"],"articleSection":["BUSINESS","CURRENT NEWS","IBIZA"],"inLanguage":"en-US"},{"@type":["WebPage","ItemPage"],"@id":"https:\/\/lavozdeibiza.com\/en\/current-news\/the-xxii-second-hand-vehicle-show-opens-its-doors-at-the-ibiza-fairgrounds-after-its-official-presentation\/","url":"https:\/\/lavozdeibiza.com\/en\/current-news\/the-xxii-second-hand-vehicle-show-opens-its-doors-at-the-ibiza-fairgrounds-after-its-official-presentation\/","name":"The XXII Second-Hand Vehicle Show opens its doors at the Ibiza Fairgrounds after its official presentation - La Voz De Ibiza","isPartOf":{"@id":"https:\/\/lavozdeibiza.com\/en\/#website"},"primaryImageOfPage":{"@id":"https:\/\/lavozdeibiza.com\/en\/current-news\/the-xxii-second-hand-vehicle-show-opens-its-doors-at-the-ibiza-fairgrounds-after-its-official-presentation\/#primaryimage"},"image":{"@id":"https:\/\/lavozdeibiza.com\/en\/current-news\/the-xxii-second-hand-vehicle-show-opens-its-doors-at-the-ibiza-fairgrounds-after-its-official-presentation\/#primaryimage"},"thumbnailUrl":"https:\/\/lavozdeibiza.com\/wp-content\/uploads\/2024\/11\/valencia_bomberos-25-1.jpg","datePublished":"2024-11-08T17:28:12+00:00","description":"From 10:30 this morning, those interested have been able to visit the most important motoring event of the year in Ibiza, which will run until Sunday.","breadcrumb":{"@id":"https:\/\/lavozdeibiza.com\/en\/current-news\/the-xxii-second-hand-vehicle-show-opens-its-doors-at-the-ibiza-fairgrounds-after-its-official-presentation\/#breadcrumb"},"inLanguage":"en-US","potentialAction":[{"@type":"ReadAction","target":["https:\/\/lavozdeibiza.com\/en\/current-news\/the-xxii-second-hand-vehicle-show-opens-its-doors-at-the-ibiza-fairgrounds-after-its-official-presentation\/"]}]},{"@type":"ImageObject","inLanguage":"en-US","@id":"https:\/\/lavozdeibiza.com\/en\/current-news\/the-xxii-second-hand-vehicle-show-opens-its-doors-at-the-ibiza-fairgrounds-after-its-official-presentation\/#primaryimage","url":"https:\/\/lavozdeibiza.com\/wp-content\/uploads\/2024\/11\/valencia_bomberos-25-1.jpg","contentUrl":"https:\/\/lavozdeibiza.com\/wp-content\/uploads\/2024\/11\/valencia_bomberos-25-1.jpg","width":1280,"height":853,"caption":"Presentaci\u00f3n del XXII Sal\u00f3n de Veh\u00edculos de Ocasi\u00f3n."},{"@type":"BreadcrumbList","@id":"https:\/\/lavozdeibiza.com\/en\/current-news\/the-xxii-second-hand-vehicle-show-opens-its-doors-at-the-ibiza-fairgrounds-after-its-official-presentation\/#breadcrumb","itemListElement":[{"@type":"ListItem","position":1,"name":"Portada","item":"https:\/\/lavozdeibiza.com\/en\/"},{"@type":"ListItem","position":2,"name":"The XXII Second-Hand Vehicle Show opens its doors at the Ibiza Fairgrounds after its official presentation"}]},{"@type":"WebSite","@id":"https:\/\/lavozdeibiza.com\/en\/#website","url":"https:\/\/lavozdeibiza.com\/en\/","name":"La Voz de Ibiza","description":"Diario de informaci\u00f3n actualidad y noticias de Ibiza. Todas las noticias de los municipios de Ibiza","publisher":{"@id":"https:\/\/lavozdeibiza.com\/en\/#organization"},"potentialAction":[{"@type":"SearchAction","target":{"@type":"EntryPoint","urlTemplate":"https:\/\/lavozdeibiza.com\/en\/?s={search_term_string}"},"query-input":{"@type":"PropertyValueSpecification","valueRequired":true,"valueName":"search_term_string"}}],"inLanguage":"en-US"},{"@type":["Organization","NewsMediaOrganization"],"@id":"https:\/\/lavozdeibiza.com\/en\/#organization","name":"La Voz de Ibiza","url":"https:\/\/lavozdeibiza.com\/en\/","logo":{"@type":"ImageObject","inLanguage":"en-US","@id":"https:\/\/lavozdeibiza.com\/en\/#\/schema\/logo\/image\/","url":"https:\/\/lavozdeibiza.com\/wp-content\/uploads\/2023\/10\/logo-lvib-grande.jpg","contentUrl":"https:\/\/lavozdeibiza.com\/wp-content\/uploads\/2023\/10\/logo-lvib-grande.jpg","width":1500,"height":1000,"caption":"La Voz de Ibiza"},"image":{"@id":"https:\/\/lavozdeibiza.com\/en\/#\/schema\/logo\/image\/"},"sameAs":["https:\/\/x.com\/vozdeibiza","https:\/\/www.instagram.com\/lavozibiza\/"]},{"@type":"Person","@id":"https:\/\/lavozdeibiza.com\/en\/#\/schema\/person\/a117247bb9cbe19d974f3e7836c216af","name":"Administrador","image":{"@type":"ImageObject","inLanguage":"en-US","@id":"https:\/\/secure.gravatar.com\/avatar\/986e5d1feb165770155d072107f42e3b57732948d149f326b8e7f0d7c430afee?s=96&d=mm&r=g5cb9a474e9f1438539234491a8b23201","url":"https:\/\/secure.gravatar.com\/avatar\/986e5d1feb165770155d072107f42e3b57732948d149f326b8e7f0d7c430afee?s=96&d=mm&r=g","contentUrl":"https:\/\/secure.gravatar.com\/avatar\/986e5d1feb165770155d072107f42e3b57732948d149f326b8e7f0d7c430afee?s=96&d=mm&r=g","caption":"Administrador"},"sameAs":["http:\/\/lavozdeibiza.cibeles.net"],"url":"https:\/\/lavozdeibiza.com\/en\/author\/administrador\/"},{"@type":"SiteNavigationElement","@id":"https:\/\/lavozdeibiza.com\/en\/#site-navigation","cssSelector":[".cib-main-menu"]},{"@type":"WPHeader","@id":"https:\/\/lavozdeibiza.com\/en\/#header","cssSelector":[".cib-header"]},{"@type":"WPFooter","@id":"https:\/\/lavozdeibiza.com\/en\/#footer","cssSelector":[".cib-footer"]}]}},"authors":[{"term_id":2663,"user_id":13,"is_guest":0,"slug":null,"display_name":"Marcos Camiolo","avatar_url":"https:\/\/secure.gravatar.com\/avatar\/d719857709514c15fae505d026264415c16b7f4ecc142e2402c360de6499f6bb?s=96&d=mm&r=g","0":null,"1":"","2":"","3":"","4":"","5":"","6":"","7":"","8":"","9":"","10":""}],"_links":{"self":[{"href":"https:\/\/lavozdeibiza.com\/en\/wp-json\/wp\/v2\/posts\/72366","targetHints":{"allow":["GET"]}}],"collection":[{"href":"https:\/\/lavozdeibiza.com\/en\/wp-json\/wp\/v2\/posts"}],"about":[{"href":"https:\/\/lavozdeibiza.com\/en\/wp-json\/wp\/v2\/types\/post"}],"author":[{"embeddable":true,"href":"https:\/\/lavozdeibiza.com\/en\/wp-json\/wp\/v2\/users\/1"}],"replies":[{"embeddable":true,"href":"https:\/\/lavozdeibiza.com\/en\/wp-json\/wp\/v2\/comments?post=72366"}],"version-history":[{"count":0,"href":"https:\/\/lavozdeibiza.com\/en\/wp-json\/wp\/v2\/posts\/72366\/revisions"}],"wp:featuredmedia":[{"embeddable":true,"href":"https:\/\/lavozdeibiza.com\/en\/wp-json\/wp\/v2\/media\/72364"}],"wp:attachment":[{"href":"https:\/\/lavozdeibiza.com\/en\/wp-json\/wp\/v2\/media?parent=72366"}],"wp:term":[{"taxonomy":"category","embeddable":true,"href":"https:\/\/lavozdeibiza.com\/en\/wp-json\/wp\/v2\/categories?post=72366"},{"taxonomy":"post_tag","embeddable":true,"href":"https:\/\/lavozdeibiza.com\/en\/wp-json\/wp\/v2\/tags?post=72366"},{"taxonomy":"author","embeddable":true,"href":"https:\/\/lavozdeibiza.com\/en\/wp-json\/wp\/v2\/ppma_author?post=72366"}],"curies":[{"name":"wp","href":"https:\/\/api.w.org\/{rel}","templated":true}]}}