{"id":78412,"date":"2024-11-15T04:16:46","date_gmt":"2024-11-15T03:16:46","guid":{"rendered":"https:\/\/lavozdeibiza.com\/sin-categorizar\/2024\/11\/15\/the-caminito-restaurant-today-works-paralyzed-a-year-after-the-controversial-express-license\/"},"modified":"2024-11-15T04:16:46","modified_gmt":"2024-11-15T03:16:46","slug":"the-caminito-restaurant-today-works-paralyzed-a-year-after-the-controversial-express-license","status":"publish","type":"post","link":"https:\/\/lavozdeibiza.com\/en\/current-news\/the-caminito-restaurant-today-works-paralyzed-a-year-after-the-controversial-express-license\/","title":{"rendered":"The Caminito restaurant today: works paralyzed a year after the controversial express license"},"content":{"rendered":"<p>The haste shown by the <a href=\"https:\/\/lavozdeibiza.com\/actualidad\/2024\/11\/14\/la-licencia-de-la-que-sospecha-cordoba-un-permiso-expres-al-lio-de-formentera-del-ex-presidente-del-pp-otorgado-a-sus-espaldas\/\">speed with which the last steps of the legalization and refurbishment license for the Caminito restaurant<\/a> in Formentera <a href=\"https:\/\/lavozdeibiza.com\/actualidad\/2024\/11\/14\/la-licencia-de-la-que-sospecha-cordoba-un-permiso-expres-al-lio-de-formentera-del-ex-presidente-del-pp-otorgado-a-sus-espaldas\/\">were processed<\/a> was not justified. And the fact is that the forecasts of the promoters, who shortly before the granting of the license in December last year, had expressed their intention to open at the beginning of last season, have not been fulfilled: <strong>the works, almost a year later, have not started and there is no sign that they will do so soon.<\/strong> Thus, the <strong>Caminito<\/strong> restaurant has not yet begun the process of comprehensive reform to become the future <strong>L\u00edo de Formentera<\/strong>. <\/p>\n<blockquote class=\"instagram-media\" style=\"background: #FFF; border: 0; border-radius: 3px; box-shadow: 0 0 1px 0 rgba(0,0,0,0.5),0 1px 10px 0 rgba(0,0,0,0.15); margin: 1px; max-width: 540px; min-width: 326px; padding: 0; width: calc(100% - 2px);\" data-instgrm-captioned=\"\" data-instgrm-permalink=\"https:\/\/www.instagram.com\/p\/DCY5VyBxpLA\/?utm_source=ig_embed&amp;utm_campaign=loading\" data-instgrm-version=\"14\">\n<div style=\"padding: 16px;\">\n<p>&nbsp;<\/p>\n<div style=\"display: flex; flex-direction: row; align-items: center;\">\n<div style=\"background-color: #f4f4f4; border-radius: 50%; flex-grow: 0; height: 40px; margin-right: 14px; width: 40px;\"><\/div>\n<div style=\"display: flex; flex-direction: column; flex-grow: 1; justify-content: center;\">\n<div style=\"background-color: #f4f4f4; border-radius: 4px; flex-grow: 0; height: 14px; margin-bottom: 6px; width: 100px;\"><\/div>\n<div style=\"background-color: #f4f4f4; border-radius: 4px; flex-grow: 0; height: 14px; width: 60px;\"><\/div>\n<\/div>\n<\/div>\n<div style=\"padding: 19% 0;\"><\/div>\n<div style=\"display: block; height: 50px; margin: 0 auto 12px; width: 50px;\"><\/div>\n<div style=\"padding-top: 8px;\">\n<div style=\"color: #3897f0; font-family: Arial,sans-serif; font-size: 14px; font-style: normal; font-weight: 550; line-height: 18px;\">View this post on Instagram<\/div>\n<\/div>\n<div style=\"padding: 12.5% 0;\"><\/div>\n<div style=\"display: flex; flex-direction: row; margin-bottom: 14px; align-items: center;\">\n<div>\n<div style=\"background-color: #f4f4f4; border-radius: 50%; height: 12.5px; width: 12.5px; transform: translateX(0px) translateY(7px);\"><\/div>\n<div style=\"background-color: #f4f4f4; height: 12.5px; transform: rotate(-45deg) translateX(3px) translateY(1px); width: 12.5px; flex-grow: 0; margin-right: 14px; margin-left: 2px;\"><\/div>\n<div style=\"background-color: #f4f4f4; border-radius: 50%; height: 12.5px; width: 12.5px; transform: translateX(9px) translateY(-18px);\"><\/div>\n<\/div>\n<div style=\"margin-left: 8px;\">\n<div style=\"background-color: #f4f4f4; border-radius: 50%; flex-grow: 0; height: 20px; width: 20px;\"><\/div>\n<div style=\"width: 0; height: 0; border-top: 2px solid transparent; border-left: 6px solid #f4f4f4; border-bottom: 2px solid transparent; transform: translateX(16px) translateY(-4px) rotate(30deg);\"><\/div>\n<\/div>\n<div style=\"margin-left: auto;\">\n<div style=\"width: 0px; border-top: 8px solid #F4F4F4; border-right: 8px solid transparent; transform: translateY(16px);\"><\/div>\n<div style=\"background-color: #f4f4f4; flex-grow: 0; height: 12px; width: 16px; transform: translateY(-4px);\"><\/div>\n<div style=\"width: 0; height: 0; border-top: 8px solid #F4F4F4; border-left: 8px solid transparent; transform: translateY(-4px) translateX(8px);\"><\/div>\n<\/div>\n<\/div>\n<div style=\"display: flex; flex-direction: column; flex-grow: 1; justify-content: center; margin-bottom: 24px;\">\n<div style=\"background-color: #f4f4f4; border-radius: 4px; flex-grow: 0; height: 14px; margin-bottom: 6px; width: 224px;\"><\/div>\n<div style=\"background-color: #f4f4f4; border-radius: 4px; flex-grow: 0; height: 14px; width: 144px;\"><\/div>\n<\/div>\n<p>&nbsp;<\/p>\n<p style=\"color: #c9c8cd; font-family: Arial,sans-serif; font-size: 14px; line-height: 17px; margin-bottom: 0; margin-top: 8px; overflow: hidden; padding: 8px 0 7px; text-align: center; text-overflow: ellipsis; white-space: nowrap;\"><a style=\"color: #c9c8cd; font-family: Arial,sans-serif; font-size: 14px; font-style: normal; font-weight: normal; line-height: 17px; text-decoration: none;\" href=\"https:\/\/www.instagram.com\/p\/DCY5VyBxpLA\/?utm_source=ig_embed&amp;utm_campaign=loading\" target=\"_blank\" rel=\"noopener\">A post shared by La Voz de Ibiza (@lavozibiza).<\/a><\/p>\n<\/div>\n<\/blockquote>\n<p><script async=\"\" src=\"\/\/www.instagram.com\/embed.js\"><\/script><\/p>\n<p>Sa Uni\u00f3 took advantage of a government meeting that Lloren\u00e7 C\u00f3rdoba could not attend to grant a permit that in the previous hours had been processed at full speed, precisely to be ready for that session. This license would be part of the investigation of the UCO of the Guardia Civil after the presentation of the documentation by the president <strong><a href=\"https:\/\/lavozdeibiza.com\/actualidad\/2024\/11\/11\/las-tres-irregularidades-que-anticipan-mas-caos-en-el-consell-de-formentera\/?swcfpc=1\">presentation of the documentation by the president of the Consell Insular, Lloren\u00e7 C\u00f3rdoba. <\/a><\/strong> This license was granted thanks to its incorporation as an urgent point in the Governing Board held on Thursday, December 21, 2023.<\/p>\n<p><strong>. A pesar de la velocidad para su aprobaci\u00f3n, convirti\u00e9ndose en una licencia expr\u00e9s, de momento no han comenzados los trabajos y la edificaci\u00f3n se encuentra en estado de abandono. <\/strong><\/p>\n<p>The company that carries out the commercial project is<strong> Nimbus Formentera, SL. <\/strong>Behind the company is the former president of the PP of Formentera, former mayor and current president of the Hotel Association of Formentera, businessman <strong>Juan Manuel Costa Escanellas <em>Paya<\/em><\/strong><em>. <\/em> <\/p>\n<figure id=\"attachment_73038\" aria-describedby=\"caption-attachment-73038\" style=\"width: 1280px\" class=\"wp-caption alignnone\"><a href=\"https:\/\/lavozdeibiza.com\/actualidad\/2024\/11\/15\/asi-esta-el-restaurante-caminito-hoy-obras-paralizadas-un-ano-despues-de-la-polemica-licencia-expres\/attachment\/caminito13\/\" rel=\"attachment wp-att-73037\"><img decoding=\"async\" class=\"size-full wp-image-73037\" title=\"Caminito13\" src=\"https:\/\/lavozdeibiza.com\/wp-content\/uploads\/2024\/11\/Caminito13.jpg\" alt=\"Caminito13\" width=\"1280\" height=\"960\" srcset=\"https:\/\/lavozdeibiza.com\/wp-content\/uploads\/2024\/11\/Caminito13.jpg 1280w, https:\/\/lavozdeibiza.com\/wp-content\/uploads\/2024\/11\/Caminito13-300x225.jpg 300w, https:\/\/lavozdeibiza.com\/wp-content\/uploads\/2024\/11\/Caminito13-768x576.jpg 768w\" sizes=\"(max-width: 1280px) 100vw, 1280px\" \/><\/a><figcaption id=\"caption-attachment-73038\" class=\"wp-caption-text\">This is the Caminito restaurant.<\/figcaption><\/figure>\n<p>Costa Escanellas is one of the three partners of the company that received the license. He is a joint administrator of the same, as is Mar\u00eda Iria Urgell Calderon, who replaced her father, <strong>Ricardo Urgell<\/strong>, the founder of <a href=\"\"><strong>Pacha<\/strong><\/a>. Also participating in the project is the son of the owner of the former Caminito, chef <strong>Stefano Trigo <\/strong>.  The restaurant has been closed for years and is in a state of neglect.   <\/p>\n<figure id=\"attachment_73016\" aria-describedby=\"caption-attachment-73016\" style=\"width: 1280px\" class=\"wp-caption alignnone\"><a href=\"https:\/\/lavozdeibiza.com\/actualidad\/2024\/11\/15\/asi-esta-el-restaurante-caminito-hoy-obras-paralizadas-un-ano-despues-de-la-polemica-licencia-expres\/attachment\/caminito2\/\" rel=\"attachment wp-att-73015\"><img decoding=\"async\" class=\"size-full wp-image-73015\" title=\"Caminito2\" src=\"https:\/\/lavozdeibiza.com\/wp-content\/uploads\/2024\/11\/Caminito2.jpg\" alt=\"Caminito2\" width=\"1280\" height=\"960\" srcset=\"https:\/\/lavozdeibiza.com\/wp-content\/uploads\/2024\/11\/Caminito2.jpg 1280w, https:\/\/lavozdeibiza.com\/wp-content\/uploads\/2024\/11\/Caminito2-300x225.jpg 300w, https:\/\/lavozdeibiza.com\/wp-content\/uploads\/2024\/11\/Caminito2-768x576.jpg 768w\" sizes=\"(max-width: 1280px) 100vw, 1280px\" \/><\/a><figcaption id=\"caption-attachment-73016\" class=\"wp-caption-text\">Caminito has benefited from an express license<\/figcaption><\/figure>\n<p>As this media has advanced, <strong>the license granted has all the favorable reports<\/strong> of all the departments involved and other administrations. However, the <strong>speed with which it has been granted has raised suspicions<\/strong>: once the processing was completed, in 48 hours Urbanism of the Consell de Formentera drafted a mandatory 10-page legal report and was approved &#8220;urgently&#8221; by the Governing Board. <\/p>\n<h2>Works<\/h2>\n<p>As a result of the reports from the affected administrations, the promoters were forced to modify the original project. Therefore, among the approved works, the following are contemplated <strong><a href=\"https:\/\/lavozdeibiza.com\/actualidad\/2024\/11\/14\/la-licencia-expres-al-futuro-lio-de-formentera-todos-los-informes-favorables-demoliciones-y-una-advertencia\/?swcfpc=1\">demolish the illegal parts of the building and lower the heights until the building returns to the situation in which it was in December 2010<\/a> <\/strong>and &#8220;adopt the measures of aesthetic adaptation of the activities contemplated in the PTI of Formentera&#8221;.<\/p>\n<figure id=\"attachment_73036\" aria-describedby=\"caption-attachment-73036\" style=\"width: 1280px\" class=\"wp-caption alignnone\"><a href=\"https:\/\/lavozdeibiza.com\/actualidad\/2024\/11\/15\/asi-esta-el-restaurante-caminito-hoy-obras-paralizadas-un-ano-despues-de-la-polemica-licencia-expres\/attachment\/caminito12\/\" rel=\"attachment wp-att-73035\"><img decoding=\"async\" class=\"size-full wp-image-73035\" title=\"Caminito12\" src=\"https:\/\/lavozdeibiza.com\/wp-content\/uploads\/2024\/11\/Caminito12.jpg\" alt=\"Caminito12\" width=\"1280\" height=\"960\" srcset=\"https:\/\/lavozdeibiza.com\/wp-content\/uploads\/2024\/11\/Caminito12.jpg 1280w, https:\/\/lavozdeibiza.com\/wp-content\/uploads\/2024\/11\/Caminito12-300x225.jpg 300w, https:\/\/lavozdeibiza.com\/wp-content\/uploads\/2024\/11\/Caminito12-768x576.jpg 768w\" sizes=\"(max-width: 1280px) 100vw, 1280px\" \/><\/a><figcaption id=\"caption-attachment-73036\" class=\"wp-caption-text\">Caminito restaurant in a state of abandonment<\/figcaption><\/figure>\n<figure id=\"attachment_73034\" aria-describedby=\"caption-attachment-73034\" style=\"width: 1280px\" class=\"wp-caption alignnone\"><a href=\"https:\/\/lavozdeibiza.com\/actualidad\/2024\/11\/15\/asi-esta-el-restaurante-caminito-hoy-obras-paralizadas-un-ano-despues-de-la-polemica-licencia-expres\/attachment\/caminito11\/\" rel=\"attachment wp-att-73033\"><img decoding=\"async\" class=\"size-full wp-image-73033\" title=\"Caminito11\" src=\"https:\/\/lavozdeibiza.com\/wp-content\/uploads\/2024\/11\/Caminito11.jpg\" alt=\"Caminito11\" width=\"1280\" height=\"960\" srcset=\"https:\/\/lavozdeibiza.com\/wp-content\/uploads\/2024\/11\/Caminito11.jpg 1280w, https:\/\/lavozdeibiza.com\/wp-content\/uploads\/2024\/11\/Caminito11-300x225.jpg 300w, https:\/\/lavozdeibiza.com\/wp-content\/uploads\/2024\/11\/Caminito11-768x576.jpg 768w\" sizes=\"(max-width: 1280px) 100vw, 1280px\" \/><\/a><figcaption id=\"caption-attachment-73034\" class=\"wp-caption-text\">This is the location of the Caminito restaurant<\/figcaption><\/figure>\n<figure id=\"attachment_73032\" aria-describedby=\"caption-attachment-73032\" style=\"width: 1280px\" class=\"wp-caption alignnone\"><a href=\"https:\/\/lavozdeibiza.com\/actualidad\/2024\/11\/15\/asi-esta-el-restaurante-caminito-hoy-obras-paralizadas-un-ano-despues-de-la-polemica-licencia-expres\/attachment\/caminito10\/\" rel=\"attachment wp-att-73031\"><img decoding=\"async\" class=\"size-full wp-image-73031\" title=\"Caminito10\" src=\"https:\/\/lavozdeibiza.com\/wp-content\/uploads\/2024\/11\/Caminito10.jpg\" alt=\"Caminito10\" width=\"1280\" height=\"960\" srcset=\"https:\/\/lavozdeibiza.com\/wp-content\/uploads\/2024\/11\/Caminito10.jpg 1280w, https:\/\/lavozdeibiza.com\/wp-content\/uploads\/2024\/11\/Caminito10-300x225.jpg 300w, https:\/\/lavozdeibiza.com\/wp-content\/uploads\/2024\/11\/Caminito10-768x576.jpg 768w\" sizes=\"(max-width: 1280px) 100vw, 1280px\" \/><\/a><figcaption id=\"caption-attachment-73032\" class=\"wp-caption-text\">The works have been paralyzed for years.<\/figcaption><\/figure>\n<figure id=\"attachment_73030\" aria-describedby=\"caption-attachment-73030\" style=\"width: 1280px\" class=\"wp-caption alignnone\"><a href=\"https:\/\/lavozdeibiza.com\/actualidad\/2024\/11\/15\/asi-esta-el-restaurante-caminito-hoy-obras-paralizadas-un-ano-despues-de-la-polemica-licencia-expres\/attachment\/caminito9\/\" rel=\"attachment wp-att-73029\"><img decoding=\"async\" class=\"size-full wp-image-73029\" title=\"Caminito9\" src=\"https:\/\/lavozdeibiza.com\/wp-content\/uploads\/2024\/11\/Caminito9.jpg\" alt=\"Caminito9\" width=\"1280\" height=\"960\" srcset=\"https:\/\/lavozdeibiza.com\/wp-content\/uploads\/2024\/11\/Caminito9.jpg 1280w, https:\/\/lavozdeibiza.com\/wp-content\/uploads\/2024\/11\/Caminito9-300x225.jpg 300w, https:\/\/lavozdeibiza.com\/wp-content\/uploads\/2024\/11\/Caminito9-768x576.jpg 768w\" sizes=\"(max-width: 1280px) 100vw, 1280px\" \/><\/a><figcaption id=\"caption-attachment-73030\" class=\"wp-caption-text\">Despite the &#8220;emergency&#8221; license, the renovation of the Caminito restaurant has not yet begun.<\/figcaption><\/figure>\n<figure id=\"attachment_73028\" aria-describedby=\"caption-attachment-73028\" style=\"width: 1280px\" class=\"wp-caption alignnone\"><a href=\"https:\/\/lavozdeibiza.com\/actualidad\/2024\/11\/15\/asi-esta-el-restaurante-caminito-hoy-obras-paralizadas-un-ano-despues-de-la-polemica-licencia-expres\/attachment\/caminito8\/\" rel=\"attachment wp-att-73027\"><img decoding=\"async\" class=\"size-full wp-image-73027\" title=\"Caminito8\" src=\"https:\/\/lavozdeibiza.com\/wp-content\/uploads\/2024\/11\/Caminito8.jpg\" alt=\"Caminito8\" width=\"1280\" height=\"960\" srcset=\"https:\/\/lavozdeibiza.com\/wp-content\/uploads\/2024\/11\/Caminito8.jpg 1280w, https:\/\/lavozdeibiza.com\/wp-content\/uploads\/2024\/11\/Caminito8-300x225.jpg 300w, https:\/\/lavozdeibiza.com\/wp-content\/uploads\/2024\/11\/Caminito8-768x576.jpg 768w\" sizes=\"(max-width: 1280px) 100vw, 1280px\" \/><\/a><figcaption id=\"caption-attachment-73028\" class=\"wp-caption-text\">Caminito restaurant in a state of abandonment<\/figcaption><\/figure>\n<figure id=\"attachment_73026\" aria-describedby=\"caption-attachment-73026\" style=\"width: 1280px\" class=\"wp-caption alignnone\"><a href=\"https:\/\/lavozdeibiza.com\/actualidad\/2024\/11\/15\/asi-esta-el-restaurante-caminito-hoy-obras-paralizadas-un-ano-despues-de-la-polemica-licencia-expres\/attachment\/caminito7\/\" rel=\"attachment wp-att-73025\"><img decoding=\"async\" class=\"size-full wp-image-73025\" title=\"Caminito7\" src=\"https:\/\/lavozdeibiza.com\/wp-content\/uploads\/2024\/11\/Caminito7.jpg\" alt=\"Caminito7\" width=\"1280\" height=\"960\" srcset=\"https:\/\/lavozdeibiza.com\/wp-content\/uploads\/2024\/11\/Caminito7.jpg 1280w, https:\/\/lavozdeibiza.com\/wp-content\/uploads\/2024\/11\/Caminito7-300x225.jpg 300w, https:\/\/lavozdeibiza.com\/wp-content\/uploads\/2024\/11\/Caminito7-768x576.jpg 768w\" sizes=\"(max-width: 1280px) 100vw, 1280px\" \/><\/a><figcaption id=\"caption-attachment-73026\" class=\"wp-caption-text\">This is the Caminito restaurant.<\/figcaption><\/figure>\n<figure id=\"attachment_73024\" aria-describedby=\"caption-attachment-73024\" style=\"width: 1280px\" class=\"wp-caption alignnone\"><a href=\"https:\/\/lavozdeibiza.com\/actualidad\/2024\/11\/15\/asi-esta-el-restaurante-caminito-hoy-obras-paralizadas-un-ano-despues-de-la-polemica-licencia-expres\/attachment\/caminito6\/\" rel=\"attachment wp-att-73023\"><img decoding=\"async\" class=\"size-full wp-image-73023\" title=\"Caminito6\" src=\"https:\/\/lavozdeibiza.com\/wp-content\/uploads\/2024\/11\/Caminito6.jpg\" alt=\"Caminito6\" width=\"1280\" height=\"960\" srcset=\"https:\/\/lavozdeibiza.com\/wp-content\/uploads\/2024\/11\/Caminito6.jpg 1280w, https:\/\/lavozdeibiza.com\/wp-content\/uploads\/2024\/11\/Caminito6-300x225.jpg 300w, https:\/\/lavozdeibiza.com\/wp-content\/uploads\/2024\/11\/Caminito6-768x576.jpg 768w\" sizes=\"(max-width: 1280px) 100vw, 1280px\" \/><\/a><figcaption id=\"caption-attachment-73024\" class=\"wp-caption-text\">Caminito restaurant in a state of abandonment<\/figcaption><\/figure>\n<figure id=\"attachment_73022\" aria-describedby=\"caption-attachment-73022\" style=\"width: 1280px\" class=\"wp-caption alignnone\"><a href=\"https:\/\/lavozdeibiza.com\/actualidad\/2024\/11\/15\/asi-esta-el-restaurante-caminito-hoy-obras-paralizadas-un-ano-despues-de-la-polemica-licencia-expres\/attachment\/caminito5\/\" rel=\"attachment wp-att-73021\"><img decoding=\"async\" class=\"size-full wp-image-73021\" title=\"Caminito5\" src=\"https:\/\/lavozdeibiza.com\/wp-content\/uploads\/2024\/11\/Caminito5.jpg\" alt=\"Caminito5\" width=\"1280\" height=\"960\" srcset=\"https:\/\/lavozdeibiza.com\/wp-content\/uploads\/2024\/11\/Caminito5.jpg 1280w, https:\/\/lavozdeibiza.com\/wp-content\/uploads\/2024\/11\/Caminito5-300x225.jpg 300w, https:\/\/lavozdeibiza.com\/wp-content\/uploads\/2024\/11\/Caminito5-768x576.jpg 768w\" sizes=\"(max-width: 1280px) 100vw, 1280px\" \/><\/a><figcaption id=\"caption-attachment-73022\" class=\"wp-caption-text\">Caminito has benefited from an express license<\/figcaption><\/figure>\n<figure id=\"attachment_73020\" aria-describedby=\"caption-attachment-73020\" style=\"width: 1280px\" class=\"wp-caption alignnone\"><a href=\"https:\/\/lavozdeibiza.com\/actualidad\/2024\/11\/15\/asi-esta-el-restaurante-caminito-hoy-obras-paralizadas-un-ano-despues-de-la-polemica-licencia-expres\/attachment\/caminito4\/\" rel=\"attachment wp-att-73019\"><img decoding=\"async\" class=\"size-full wp-image-73019\" title=\"Caminito4\" src=\"https:\/\/lavozdeibiza.com\/wp-content\/uploads\/2024\/11\/Caminito4.jpg\" alt=\"Caminito4\" width=\"1280\" height=\"960\" srcset=\"https:\/\/lavozdeibiza.com\/wp-content\/uploads\/2024\/11\/Caminito4.jpg 1280w, https:\/\/lavozdeibiza.com\/wp-content\/uploads\/2024\/11\/Caminito4-300x225.jpg 300w, https:\/\/lavozdeibiza.com\/wp-content\/uploads\/2024\/11\/Caminito4-768x576.jpg 768w\" sizes=\"(max-width: 1280px) 100vw, 1280px\" \/><\/a><figcaption id=\"caption-attachment-73020\" class=\"wp-caption-text\">Formentera&#8217;s path<\/figcaption><\/figure>\n<figure id=\"attachment_73018\" aria-describedby=\"caption-attachment-73018\" style=\"width: 1280px\" class=\"wp-caption alignnone\"><a href=\"https:\/\/lavozdeibiza.com\/actualidad\/2024\/11\/15\/asi-esta-el-restaurante-caminito-hoy-obras-paralizadas-un-ano-despues-de-la-polemica-licencia-expres\/attachment\/caminito3\/\" rel=\"attachment wp-att-73017\"><img decoding=\"async\" class=\"size-full wp-image-73017\" title=\"Caminito3\" src=\"https:\/\/lavozdeibiza.com\/wp-content\/uploads\/2024\/11\/Caminito3.jpg\" alt=\"Caminito3\" width=\"1280\" height=\"960\" srcset=\"https:\/\/lavozdeibiza.com\/wp-content\/uploads\/2024\/11\/Caminito3.jpg 1280w, https:\/\/lavozdeibiza.com\/wp-content\/uploads\/2024\/11\/Caminito3-300x225.jpg 300w, https:\/\/lavozdeibiza.com\/wp-content\/uploads\/2024\/11\/Caminito3-768x576.jpg 768w\" sizes=\"(max-width: 1280px) 100vw, 1280px\" \/><\/a><figcaption id=\"caption-attachment-73018\" class=\"wp-caption-text\">Caminito has benefited from an express license<\/figcaption><\/figure>\n<figure id=\"attachment_73014\" aria-describedby=\"caption-attachment-73014\" style=\"width: 1280px\" class=\"wp-caption alignnone\"><a href=\"https:\/\/lavozdeibiza.com\/actualidad\/2024\/11\/15\/asi-esta-el-restaurante-caminito-hoy-obras-paralizadas-un-ano-despues-de-la-polemica-licencia-expres\/attachment\/caminito1\/\" rel=\"attachment wp-att-73013\"><img decoding=\"async\" class=\"size-full wp-image-73013\" title=\"Caminito1\" src=\"https:\/\/lavozdeibiza.com\/wp-content\/uploads\/2024\/11\/Caminito1.jpg\" alt=\"Caminito1\" width=\"1280\" height=\"960\" srcset=\"https:\/\/lavozdeibiza.com\/wp-content\/uploads\/2024\/11\/Caminito1.jpg 1280w, https:\/\/lavozdeibiza.com\/wp-content\/uploads\/2024\/11\/Caminito1-300x225.jpg 300w, https:\/\/lavozdeibiza.com\/wp-content\/uploads\/2024\/11\/Caminito1-768x576.jpg 768w\" sizes=\"(max-width: 1280px) 100vw, 1280px\" \/><\/a><figcaption id=\"caption-attachment-73014\" class=\"wp-caption-text\">Caminito restaurant in a state of abandonment<\/figcaption><\/figure>\n<figure id=\"attachment_73005\" aria-describedby=\"caption-attachment-73005\" style=\"width: 1280px\" class=\"wp-caption alignnone\"><a href=\"https:\/\/lavozdeibiza.com\/actualidad\/2024\/11\/14\/la-licencia-de-la-que-sospecha-cordoba-un-permiso-expres-al-lio-de-formentera-del-ex-presidente-del-pp-otorgado-a-sus-espaldas\/attachment\/caminito-3\/\" rel=\"attachment wp-att-73004\"><img decoding=\"async\" class=\"size-full wp-image-73004\" title=\"Caminito\" src=\"https:\/\/lavozdeibiza.com\/wp-content\/uploads\/2024\/11\/Caminito.jpg\" alt=\"Caminito\" width=\"1280\" height=\"960\" srcset=\"https:\/\/lavozdeibiza.com\/wp-content\/uploads\/2024\/11\/Caminito.jpg 1280w, https:\/\/lavozdeibiza.com\/wp-content\/uploads\/2024\/11\/Caminito-300x225.jpg 300w, https:\/\/lavozdeibiza.com\/wp-content\/uploads\/2024\/11\/Caminito-768x576.jpg 768w\" sizes=\"(max-width: 1280px) 100vw, 1280px\" \/><\/a><figcaption id=\"caption-attachment-73005\" class=\"wp-caption-text\">The Caminito restaurant that will be reconverted into the L\u00edo de Formentera<\/figcaption><\/figure>\n","protected":false},"excerpt":{"rendered":"<p>La Voz de Ibiza has accessed the images that show the current state of the building that has benefited from an urgent license from the Governing Board, denounced by the island president himself Lloren\u00e7 Cordoba.<\/p>\n","protected":false},"author":17,"featured_media":73032,"comment_status":"closed","ping_status":"closed","sticky":false,"template":"","format":"standard","meta":{"_acf_changed":false,"site-sidebar-layout":"default","site-content-layout":"","ast-site-content-layout":"default","site-content-style":"default","site-sidebar-style":"default","ast-global-header-display":"","ast-banner-title-visibility":"","ast-main-header-display":"","ast-hfb-above-header-display":"","ast-hfb-below-header-display":"","ast-hfb-mobile-header-display":"","site-post-title":"","ast-breadcrumbs-content":"","ast-featured-img":"","footer-sml-layout":"","ast-disable-related-posts":"","theme-transparent-header-meta":"default","adv-header-id-meta":"","stick-header-meta":"","header-above-stick-meta":"","header-main-stick-meta":"","header-below-stick-meta":"","astra-migrate-meta-layouts":"default","ast-page-background-enabled":"default","ast-page-background-meta":{"desktop":{"background-color":"var(--ast-global-color-4)","background-image":"","background-repeat":"repeat","background-position":"center center","background-size":"auto","background-attachment":"scroll","background-type":"","background-media":"","overlay-type":"","overlay-color":"","overlay-opacity":"","overlay-gradient":""},"tablet":{"background-color":"","background-image":"","background-repeat":"repeat","background-position":"center center","background-size":"auto","background-attachment":"scroll","background-type":"","background-media":"","overlay-type":"","overlay-color":"","overlay-opacity":"","overlay-gradient":""},"mobile":{"background-color":"","background-image":"","background-repeat":"repeat","background-position":"center center","background-size":"auto","background-attachment":"scroll","background-type":"","background-media":"","overlay-type":"","overlay-color":"","overlay-opacity":"","overlay-gradient":""}},"ast-content-background-meta":{"desktop":{"background-color":"var(--ast-global-color-5)","background-image":"","background-repeat":"repeat","background-position":"center center","background-size":"auto","background-attachment":"scroll","background-type":"","background-media":"","overlay-type":"","overlay-color":"","overlay-opacity":"","overlay-gradient":""},"tablet":{"background-color":"var(--ast-global-color-5)","background-image":"","background-repeat":"repeat","background-position":"center center","background-size":"auto","background-attachment":"scroll","background-type":"","background-media":"","overlay-type":"","overlay-color":"","overlay-opacity":"","overlay-gradient":""},"mobile":{"background-color":"var(--ast-global-color-5)","background-image":"","background-repeat":"repeat","background-position":"center center","background-size":"auto","background-attachment":"scroll","background-type":"","background-media":"","overlay-type":"","overlay-color":"","overlay-opacity":"","overlay-gradient":""}},"footnotes":""},"categories":[2910,3210],"tags":[2921,5271],"ppma_author":[2646],"class_list":["post-78412","post","type-post","status-publish","format-standard","has-post-thumbnail","hentry","category-current-news","category-formentera-en","tag-actualidad-2-en","tag-crisis-in-formentera"],"acf":[],"yoast_head":"<!-- This site is optimized with the Yoast SEO plugin v27.4 - https:\/\/yoast.com\/product\/yoast-seo-wordpress\/ -->\n<title>The Caminito restaurant today: works paralyzed a year after the controversial express license - La Voz De Ibiza<\/title>\n<meta name=\"description\" content=\"La Voz de Ibiza has accessed the images that show the current state of the building that has benefited from an urgent license from the Governing Board, denounced by the island president himself Lloren\u00e7 Cordoba.\" \/>\n<meta name=\"robots\" content=\"index, follow, max-snippet:-1, max-image-preview:large, max-video-preview:-1\" \/>\n<link rel=\"canonical\" href=\"https:\/\/lavozdeibiza.com\/en\/current-news\/the-caminito-restaurant-today-works-paralyzed-a-year-after-the-controversial-express-license\/\" \/>\n<meta property=\"og:locale\" content=\"en_US\" \/>\n<meta property=\"og:type\" content=\"article\" \/>\n<meta property=\"og:title\" content=\"The Caminito restaurant today: works paralyzed a year after the controversial express license - La Voz De Ibiza\" \/>\n<meta property=\"og:description\" content=\"La Voz de Ibiza has accessed the images that show the current state of the building that has benefited from an urgent license from the Governing Board, denounced by the island president himself Lloren\u00e7 Cordoba.\" \/>\n<meta property=\"og:url\" content=\"https:\/\/lavozdeibiza.com\/en\/current-news\/the-caminito-restaurant-today-works-paralyzed-a-year-after-the-controversial-express-license\/\" \/>\n<meta property=\"og:site_name\" content=\"La Voz De Ibiza\" \/>\n<meta property=\"article:published_time\" content=\"2024-11-15T03:16:46+00:00\" \/>\n<meta property=\"og:image\" content=\"https:\/\/lavozdeibiza.com\/wp-content\/uploads\/2024\/11\/Caminito10.jpg\" \/>\n\t<meta property=\"og:image:width\" content=\"1280\" \/>\n\t<meta property=\"og:image:height\" content=\"960\" \/>\n\t<meta property=\"og:image:type\" content=\"image\/jpeg\" \/>\n<meta name=\"author\" content=\"Agust\u00edn Gigante\" \/>\n<meta name=\"twitter:card\" content=\"summary_large_image\" \/>\n<meta name=\"twitter:creator\" content=\"@vozdeibiza\" \/>\n<meta name=\"twitter:site\" content=\"@vozdeibiza\" \/>\n<meta name=\"twitter:label1\" content=\"Written by\" \/>\n\t<meta name=\"twitter:data1\" content=\"Agust\u00edn Gigante\" \/>\n\t<meta name=\"twitter:label2\" content=\"Est. reading time\" \/>\n\t<meta name=\"twitter:data2\" content=\"3 minutes\" \/>\n<script type=\"application\/ld+json\" class=\"yoast-schema-graph\">{\"@context\":\"https:\\\/\\\/schema.org\",\"@graph\":[{\"@type\":\"NewsArticle\",\"@id\":\"https:\\\/\\\/lavozdeibiza.com\\\/en\\\/current-news\\\/the-caminito-restaurant-today-works-paralyzed-a-year-after-the-controversial-express-license\\\/#article\",\"isPartOf\":{\"@id\":\"https:\\\/\\\/lavozdeibiza.com\\\/en\\\/current-news\\\/the-caminito-restaurant-today-works-paralyzed-a-year-after-the-controversial-express-license\\\/\"},\"author\":{\"name\":\"Agust\u00edn Gigante\",\"@id\":\"https:\\\/\\\/lavozdeibiza.com\\\/en\\\/#\\\/schema\\\/person\\\/daeae671b6d57a7fdaff476f7da26cfb\"},\"headline\":\"The Caminito restaurant today: works paralyzed a year after the controversial express license\",\"datePublished\":\"2024-11-15T03:16:46+00:00\",\"mainEntityOfPage\":{\"@id\":\"https:\\\/\\\/lavozdeibiza.com\\\/en\\\/current-news\\\/the-caminito-restaurant-today-works-paralyzed-a-year-after-the-controversial-express-license\\\/\"},\"wordCount\":708,\"publisher\":{\"@id\":\"https:\\\/\\\/lavozdeibiza.com\\\/en\\\/#organization\"},\"image\":{\"@id\":\"https:\\\/\\\/lavozdeibiza.com\\\/en\\\/current-news\\\/the-caminito-restaurant-today-works-paralyzed-a-year-after-the-controversial-express-license\\\/#primaryimage\"},\"thumbnailUrl\":\"https:\\\/\\\/lavozdeibiza.com\\\/wp-content\\\/uploads\\\/2024\\\/11\\\/Caminito10.jpg\",\"keywords\":[\"Actualidad 2\",\"crisis in formentera\"],\"articleSection\":[\"CURRENT NEWS\",\"FORMENTERA\"],\"inLanguage\":\"en-US\"},{\"@type\":[\"WebPage\",\"ItemPage\"],\"@id\":\"https:\\\/\\\/lavozdeibiza.com\\\/en\\\/current-news\\\/the-caminito-restaurant-today-works-paralyzed-a-year-after-the-controversial-express-license\\\/\",\"url\":\"https:\\\/\\\/lavozdeibiza.com\\\/en\\\/current-news\\\/the-caminito-restaurant-today-works-paralyzed-a-year-after-the-controversial-express-license\\\/\",\"name\":\"The Caminito restaurant today: works paralyzed a year after the controversial express license - La Voz De Ibiza\",\"isPartOf\":{\"@id\":\"https:\\\/\\\/lavozdeibiza.com\\\/en\\\/#website\"},\"primaryImageOfPage\":{\"@id\":\"https:\\\/\\\/lavozdeibiza.com\\\/en\\\/current-news\\\/the-caminito-restaurant-today-works-paralyzed-a-year-after-the-controversial-express-license\\\/#primaryimage\"},\"image\":{\"@id\":\"https:\\\/\\\/lavozdeibiza.com\\\/en\\\/current-news\\\/the-caminito-restaurant-today-works-paralyzed-a-year-after-the-controversial-express-license\\\/#primaryimage\"},\"thumbnailUrl\":\"https:\\\/\\\/lavozdeibiza.com\\\/wp-content\\\/uploads\\\/2024\\\/11\\\/Caminito10.jpg\",\"datePublished\":\"2024-11-15T03:16:46+00:00\",\"description\":\"La Voz de Ibiza has accessed the images that show the current state of the building that has benefited from an urgent license from the Governing Board, denounced by the island president himself Lloren\u00e7 Cordoba.\",\"breadcrumb\":{\"@id\":\"https:\\\/\\\/lavozdeibiza.com\\\/en\\\/current-news\\\/the-caminito-restaurant-today-works-paralyzed-a-year-after-the-controversial-express-license\\\/#breadcrumb\"},\"inLanguage\":\"en-US\",\"potentialAction\":[{\"@type\":\"ReadAction\",\"target\":[\"https:\\\/\\\/lavozdeibiza.com\\\/en\\\/current-news\\\/the-caminito-restaurant-today-works-paralyzed-a-year-after-the-controversial-express-license\\\/\"]}]},{\"@type\":\"ImageObject\",\"inLanguage\":\"en-US\",\"@id\":\"https:\\\/\\\/lavozdeibiza.com\\\/en\\\/current-news\\\/the-caminito-restaurant-today-works-paralyzed-a-year-after-the-controversial-express-license\\\/#primaryimage\",\"url\":\"https:\\\/\\\/lavozdeibiza.com\\\/wp-content\\\/uploads\\\/2024\\\/11\\\/Caminito10.jpg\",\"contentUrl\":\"https:\\\/\\\/lavozdeibiza.com\\\/wp-content\\\/uploads\\\/2024\\\/11\\\/Caminito10.jpg\",\"width\":1280,\"height\":960,\"caption\":\"Ya se iniciaron los trabajos de reforma en el restaurante Caminito\"},{\"@type\":\"BreadcrumbList\",\"@id\":\"https:\\\/\\\/lavozdeibiza.com\\\/en\\\/current-news\\\/the-caminito-restaurant-today-works-paralyzed-a-year-after-the-controversial-express-license\\\/#breadcrumb\",\"itemListElement\":[{\"@type\":\"ListItem\",\"position\":1,\"name\":\"Portada\",\"item\":\"https:\\\/\\\/lavozdeibiza.com\\\/en\\\/\"},{\"@type\":\"ListItem\",\"position\":2,\"name\":\"The Caminito restaurant today: works paralyzed a year after the controversial express license\"}]},{\"@type\":\"WebSite\",\"@id\":\"https:\\\/\\\/lavozdeibiza.com\\\/en\\\/#website\",\"url\":\"https:\\\/\\\/lavozdeibiza.com\\\/en\\\/\",\"name\":\"La Voz de Ibiza\",\"description\":\"Diario de informaci\u00f3n actualidad y noticias de Ibiza. Todas las noticias de los municipios de Ibiza\",\"publisher\":{\"@id\":\"https:\\\/\\\/lavozdeibiza.com\\\/en\\\/#organization\"},\"potentialAction\":[{\"@type\":\"SearchAction\",\"target\":{\"@type\":\"EntryPoint\",\"urlTemplate\":\"https:\\\/\\\/lavozdeibiza.com\\\/en\\\/?s={search_term_string}\"},\"query-input\":{\"@type\":\"PropertyValueSpecification\",\"valueRequired\":true,\"valueName\":\"search_term_string\"}}],\"inLanguage\":\"en-US\"},{\"@type\":[\"Organization\",\"NewsMediaOrganization\"],\"@id\":\"https:\\\/\\\/lavozdeibiza.com\\\/en\\\/#organization\",\"name\":\"La Voz de Ibiza\",\"url\":\"https:\\\/\\\/lavozdeibiza.com\\\/en\\\/\",\"logo\":{\"@type\":\"ImageObject\",\"inLanguage\":\"en-US\",\"@id\":\"https:\\\/\\\/lavozdeibiza.com\\\/en\\\/#\\\/schema\\\/logo\\\/image\\\/\",\"url\":\"https:\\\/\\\/lavozdeibiza.com\\\/wp-content\\\/uploads\\\/2023\\\/10\\\/logo-lvib-grande.jpg\",\"contentUrl\":\"https:\\\/\\\/lavozdeibiza.com\\\/wp-content\\\/uploads\\\/2023\\\/10\\\/logo-lvib-grande.jpg\",\"width\":1500,\"height\":1000,\"caption\":\"La Voz de Ibiza\"},\"image\":{\"@id\":\"https:\\\/\\\/lavozdeibiza.com\\\/en\\\/#\\\/schema\\\/logo\\\/image\\\/\"},\"sameAs\":[\"https:\\\/\\\/x.com\\\/vozdeibiza\",\"https:\\\/\\\/www.instagram.com\\\/lavozibiza\\\/\"]},{\"@type\":\"Person\",\"@id\":\"https:\\\/\\\/lavozdeibiza.com\\\/en\\\/#\\\/schema\\\/person\\\/daeae671b6d57a7fdaff476f7da26cfb\",\"name\":\"Agust\u00edn Gigante\",\"image\":{\"@type\":\"ImageObject\",\"inLanguage\":\"en-US\",\"@id\":\"https:\\\/\\\/secure.gravatar.com\\\/avatar\\\/9c661cfc4e92b909127e423fea256839e90e70ffb25a76e44ffa8c17ef0eb72e?s=96&d=mm&r=geb0bda8b30c65ea19b0cc972ad1923ed\",\"url\":\"https:\\\/\\\/secure.gravatar.com\\\/avatar\\\/9c661cfc4e92b909127e423fea256839e90e70ffb25a76e44ffa8c17ef0eb72e?s=96&d=mm&r=g\",\"contentUrl\":\"https:\\\/\\\/secure.gravatar.com\\\/avatar\\\/9c661cfc4e92b909127e423fea256839e90e70ffb25a76e44ffa8c17ef0eb72e?s=96&d=mm&r=g\",\"caption\":\"Agust\u00edn Gigante\"},\"url\":\"https:\\\/\\\/lavozdeibiza.com\\\/en\\\/author\\\/agigante\\\/\"},{\"@type\":\"SiteNavigationElement\",\"@id\":\"https:\\\/\\\/lavozdeibiza.com\\\/en\\\/#site-navigation\",\"cssSelector\":[\".cib-main-menu\"]},{\"@type\":\"WPHeader\",\"@id\":\"https:\\\/\\\/lavozdeibiza.com\\\/en\\\/#header\",\"cssSelector\":[\".cib-header\"]},{\"@type\":\"WPFooter\",\"@id\":\"https:\\\/\\\/lavozdeibiza.com\\\/en\\\/#footer\",\"cssSelector\":[\".cib-footer\"]}]}<\/script>\n<!-- \/ Yoast SEO plugin. -->","yoast_head_json":{"title":"The Caminito restaurant today: works paralyzed a year after the controversial express license - La Voz De Ibiza","description":"La Voz de Ibiza has accessed the images that show the current state of the building that has benefited from an urgent license from the Governing Board, denounced by the island president himself Lloren\u00e7 Cordoba.","robots":{"index":"index","follow":"follow","max-snippet":"max-snippet:-1","max-image-preview":"max-image-preview:large","max-video-preview":"max-video-preview:-1"},"canonical":"https:\/\/lavozdeibiza.com\/en\/current-news\/the-caminito-restaurant-today-works-paralyzed-a-year-after-the-controversial-express-license\/","og_locale":"en_US","og_type":"article","og_title":"The Caminito restaurant today: works paralyzed a year after the controversial express license - La Voz De Ibiza","og_description":"La Voz de Ibiza has accessed the images that show the current state of the building that has benefited from an urgent license from the Governing Board, denounced by the island president himself Lloren\u00e7 Cordoba.","og_url":"https:\/\/lavozdeibiza.com\/en\/current-news\/the-caminito-restaurant-today-works-paralyzed-a-year-after-the-controversial-express-license\/","og_site_name":"La Voz De Ibiza","article_published_time":"2024-11-15T03:16:46+00:00","og_image":[{"width":1280,"height":960,"url":"https:\/\/lavozdeibiza.com\/wp-content\/uploads\/2024\/11\/Caminito10.jpg","type":"image\/jpeg"}],"author":"Agust\u00edn Gigante","twitter_card":"summary_large_image","twitter_creator":"@vozdeibiza","twitter_site":"@vozdeibiza","twitter_misc":{"Written by":"Agust\u00edn Gigante","Est. reading time":"3 minutes"},"schema":{"@context":"https:\/\/schema.org","@graph":[{"@type":"NewsArticle","@id":"https:\/\/lavozdeibiza.com\/en\/current-news\/the-caminito-restaurant-today-works-paralyzed-a-year-after-the-controversial-express-license\/#article","isPartOf":{"@id":"https:\/\/lavozdeibiza.com\/en\/current-news\/the-caminito-restaurant-today-works-paralyzed-a-year-after-the-controversial-express-license\/"},"author":{"name":"Agust\u00edn Gigante","@id":"https:\/\/lavozdeibiza.com\/en\/#\/schema\/person\/daeae671b6d57a7fdaff476f7da26cfb"},"headline":"The Caminito restaurant today: works paralyzed a year after the controversial express license","datePublished":"2024-11-15T03:16:46+00:00","mainEntityOfPage":{"@id":"https:\/\/lavozdeibiza.com\/en\/current-news\/the-caminito-restaurant-today-works-paralyzed-a-year-after-the-controversial-express-license\/"},"wordCount":708,"publisher":{"@id":"https:\/\/lavozdeibiza.com\/en\/#organization"},"image":{"@id":"https:\/\/lavozdeibiza.com\/en\/current-news\/the-caminito-restaurant-today-works-paralyzed-a-year-after-the-controversial-express-license\/#primaryimage"},"thumbnailUrl":"https:\/\/lavozdeibiza.com\/wp-content\/uploads\/2024\/11\/Caminito10.jpg","keywords":["Actualidad 2","crisis in formentera"],"articleSection":["CURRENT NEWS","FORMENTERA"],"inLanguage":"en-US"},{"@type":["WebPage","ItemPage"],"@id":"https:\/\/lavozdeibiza.com\/en\/current-news\/the-caminito-restaurant-today-works-paralyzed-a-year-after-the-controversial-express-license\/","url":"https:\/\/lavozdeibiza.com\/en\/current-news\/the-caminito-restaurant-today-works-paralyzed-a-year-after-the-controversial-express-license\/","name":"The Caminito restaurant today: works paralyzed a year after the controversial express license - La Voz De Ibiza","isPartOf":{"@id":"https:\/\/lavozdeibiza.com\/en\/#website"},"primaryImageOfPage":{"@id":"https:\/\/lavozdeibiza.com\/en\/current-news\/the-caminito-restaurant-today-works-paralyzed-a-year-after-the-controversial-express-license\/#primaryimage"},"image":{"@id":"https:\/\/lavozdeibiza.com\/en\/current-news\/the-caminito-restaurant-today-works-paralyzed-a-year-after-the-controversial-express-license\/#primaryimage"},"thumbnailUrl":"https:\/\/lavozdeibiza.com\/wp-content\/uploads\/2024\/11\/Caminito10.jpg","datePublished":"2024-11-15T03:16:46+00:00","description":"La Voz de Ibiza has accessed the images that show the current state of the building that has benefited from an urgent license from the Governing Board, denounced by the island president himself Lloren\u00e7 Cordoba.","breadcrumb":{"@id":"https:\/\/lavozdeibiza.com\/en\/current-news\/the-caminito-restaurant-today-works-paralyzed-a-year-after-the-controversial-express-license\/#breadcrumb"},"inLanguage":"en-US","potentialAction":[{"@type":"ReadAction","target":["https:\/\/lavozdeibiza.com\/en\/current-news\/the-caminito-restaurant-today-works-paralyzed-a-year-after-the-controversial-express-license\/"]}]},{"@type":"ImageObject","inLanguage":"en-US","@id":"https:\/\/lavozdeibiza.com\/en\/current-news\/the-caminito-restaurant-today-works-paralyzed-a-year-after-the-controversial-express-license\/#primaryimage","url":"https:\/\/lavozdeibiza.com\/wp-content\/uploads\/2024\/11\/Caminito10.jpg","contentUrl":"https:\/\/lavozdeibiza.com\/wp-content\/uploads\/2024\/11\/Caminito10.jpg","width":1280,"height":960,"caption":"Ya se iniciaron los trabajos de reforma en el restaurante Caminito"},{"@type":"BreadcrumbList","@id":"https:\/\/lavozdeibiza.com\/en\/current-news\/the-caminito-restaurant-today-works-paralyzed-a-year-after-the-controversial-express-license\/#breadcrumb","itemListElement":[{"@type":"ListItem","position":1,"name":"Portada","item":"https:\/\/lavozdeibiza.com\/en\/"},{"@type":"ListItem","position":2,"name":"The Caminito restaurant today: works paralyzed a year after the controversial express license"}]},{"@type":"WebSite","@id":"https:\/\/lavozdeibiza.com\/en\/#website","url":"https:\/\/lavozdeibiza.com\/en\/","name":"La Voz de Ibiza","description":"Diario de informaci\u00f3n actualidad y noticias de Ibiza. Todas las noticias de los municipios de Ibiza","publisher":{"@id":"https:\/\/lavozdeibiza.com\/en\/#organization"},"potentialAction":[{"@type":"SearchAction","target":{"@type":"EntryPoint","urlTemplate":"https:\/\/lavozdeibiza.com\/en\/?s={search_term_string}"},"query-input":{"@type":"PropertyValueSpecification","valueRequired":true,"valueName":"search_term_string"}}],"inLanguage":"en-US"},{"@type":["Organization","NewsMediaOrganization"],"@id":"https:\/\/lavozdeibiza.com\/en\/#organization","name":"La Voz de Ibiza","url":"https:\/\/lavozdeibiza.com\/en\/","logo":{"@type":"ImageObject","inLanguage":"en-US","@id":"https:\/\/lavozdeibiza.com\/en\/#\/schema\/logo\/image\/","url":"https:\/\/lavozdeibiza.com\/wp-content\/uploads\/2023\/10\/logo-lvib-grande.jpg","contentUrl":"https:\/\/lavozdeibiza.com\/wp-content\/uploads\/2023\/10\/logo-lvib-grande.jpg","width":1500,"height":1000,"caption":"La Voz de Ibiza"},"image":{"@id":"https:\/\/lavozdeibiza.com\/en\/#\/schema\/logo\/image\/"},"sameAs":["https:\/\/x.com\/vozdeibiza","https:\/\/www.instagram.com\/lavozibiza\/"]},{"@type":"Person","@id":"https:\/\/lavozdeibiza.com\/en\/#\/schema\/person\/daeae671b6d57a7fdaff476f7da26cfb","name":"Agust\u00edn Gigante","image":{"@type":"ImageObject","inLanguage":"en-US","@id":"https:\/\/secure.gravatar.com\/avatar\/9c661cfc4e92b909127e423fea256839e90e70ffb25a76e44ffa8c17ef0eb72e?s=96&d=mm&r=geb0bda8b30c65ea19b0cc972ad1923ed","url":"https:\/\/secure.gravatar.com\/avatar\/9c661cfc4e92b909127e423fea256839e90e70ffb25a76e44ffa8c17ef0eb72e?s=96&d=mm&r=g","contentUrl":"https:\/\/secure.gravatar.com\/avatar\/9c661cfc4e92b909127e423fea256839e90e70ffb25a76e44ffa8c17ef0eb72e?s=96&d=mm&r=g","caption":"Agust\u00edn Gigante"},"url":"https:\/\/lavozdeibiza.com\/en\/author\/agigante\/"},{"@type":"SiteNavigationElement","@id":"https:\/\/lavozdeibiza.com\/en\/#site-navigation","cssSelector":[".cib-main-menu"]},{"@type":"WPHeader","@id":"https:\/\/lavozdeibiza.com\/en\/#header","cssSelector":[".cib-header"]},{"@type":"WPFooter","@id":"https:\/\/lavozdeibiza.com\/en\/#footer","cssSelector":[".cib-footer"]}]}},"authors":[{"term_id":2646,"user_id":17,"is_guest":0,"slug":"agigante","display_name":"Agust\u00edn Gigante","avatar_url":"https:\/\/secure.gravatar.com\/avatar\/9c661cfc4e92b909127e423fea256839e90e70ffb25a76e44ffa8c17ef0eb72e?s=96&d=mm&r=g","0":null,"1":"","2":"","3":"","4":"","5":"","6":"","7":"","8":"","9":"","10":""}],"_links":{"self":[{"href":"https:\/\/lavozdeibiza.com\/en\/wp-json\/wp\/v2\/posts\/78412","targetHints":{"allow":["GET"]}}],"collection":[{"href":"https:\/\/lavozdeibiza.com\/en\/wp-json\/wp\/v2\/posts"}],"about":[{"href":"https:\/\/lavozdeibiza.com\/en\/wp-json\/wp\/v2\/types\/post"}],"author":[{"embeddable":true,"href":"https:\/\/lavozdeibiza.com\/en\/wp-json\/wp\/v2\/users\/17"}],"replies":[{"embeddable":true,"href":"https:\/\/lavozdeibiza.com\/en\/wp-json\/wp\/v2\/comments?post=78412"}],"version-history":[{"count":0,"href":"https:\/\/lavozdeibiza.com\/en\/wp-json\/wp\/v2\/posts\/78412\/revisions"}],"wp:featuredmedia":[{"embeddable":true,"href":"https:\/\/lavozdeibiza.com\/en\/wp-json\/wp\/v2\/media\/73032"}],"wp:attachment":[{"href":"https:\/\/lavozdeibiza.com\/en\/wp-json\/wp\/v2\/media?parent=78412"}],"wp:term":[{"taxonomy":"category","embeddable":true,"href":"https:\/\/lavozdeibiza.com\/en\/wp-json\/wp\/v2\/categories?post=78412"},{"taxonomy":"post_tag","embeddable":true,"href":"https:\/\/lavozdeibiza.com\/en\/wp-json\/wp\/v2\/tags?post=78412"},{"taxonomy":"author","embeddable":true,"href":"https:\/\/lavozdeibiza.com\/en\/wp-json\/wp\/v2\/ppma_author?post=78412"}],"curies":[{"name":"wp","href":"https:\/\/api.w.org\/{rel}","templated":true}]}}