{"id":78832,"date":"2024-12-13T14:17:33","date_gmt":"2024-12-13T13:17:33","guid":{"rendered":"https:\/\/lavozdeibiza.com\/sin-categorizar\/2024\/12\/13\/the-government-disregards-the-crisis-in-formentera\/"},"modified":"2024-12-13T14:17:33","modified_gmt":"2024-12-13T13:17:33","slug":"the-government-disregards-the-crisis-in-formentera","status":"publish","type":"post","link":"https:\/\/lavozdeibiza.com\/en\/formentera-en\/the-government-disregards-the-crisis-in-formentera\/","title":{"rendered":"The Government disregards the crisis in Formentera"},"content":{"rendered":"<p>The Balearic Government has decided to stay out of the progress of the <a href=\"https:\/\/lavozdeibiza.com\/actualidad\/2024\/12\/12\/crisis-en-formentera-cuenta-atras-para-la-mocion-de-censura-contra-llorenc-cordoba\/?swcfpc=1\">political crisis in Formentera<\/a>. In fact, its spokesman, <strong>Antoni Costa<\/strong>, has limited himself to say that they have &#8220;absolute respect&#8221; for the agreement of the opposition to move forward in a motion of censure and the consequent displacement of <strong>Lloren\u00e7 Cordoba<\/strong> from the presidency of the Consell. <\/p>\n<ul>\n<li>\n<h4><a href=\"https:\/\/lavozdeibiza.com\/actualidad\/2024\/12\/13\/para-cordoba-la-mocion-de-censura-busca-encubrir-la-presunta-corrupcion-de-estos-anos-en-el-consell\/?swcfpc=1\">For Cordoba, the motion of censure seeks to &#8220;cover up the alleged corruption of these years in the Consell&#8221;.<\/a><\/h4>\n<\/li>\n<\/ul>\n<p>Costa has pointed out that the insular institution &#8220;has the power to make the decisions it deems appropriate&#8221; and has reiterated the respect of the Govern towards this institution. This occurs after the councilors of Sa Uni\u00f3, GxF and PSIB have presented a motion of censure against the president. Despite this, Costa referred to the &#8220;agreement signed with the Sa Uni\u00f3 deputy in the Parliament, Lloren\u00e7 C\u00f3rdoba&#8221; and said that the Government &#8220;maintains its commitment to the citizens of Formentera&#8221;, so that these 20 points are still in force and the will of the Executive is to fulfill them. The political groups of Sa Uni\u00f3, PSOE and GxF have agreed and presented a motion of censure to oust C\u00f3rdoba from the presidency of the institution and to replace him with the councilor of Sa Uni\u00f3 (PP-Comprom\u00eds coalition) <strong>\u00d3scar Portas<\/strong>. <\/p>\n<h4>Continue reading:<\/h4>\n<ul>\n<li>\n<h4><a href=\"https:\/\/lavozdeibiza.com\/actualidad\/2024\/12\/13\/sa-unio-gxf-psoe-descabezan-cordoba-oscar-portas-sera-nuevo-presidente-formentera-27-diciembre\/?swcfpc=1\">Sa Uni\u00f3, GxF and PSOE head off C\u00f3rdoba: \u00d3scar Portas will be the new president of Formentera on December 27th<\/a><\/h4>\n<\/li>\n<\/ul>\n","protected":false},"excerpt":{"rendered":"<p>During his press conference this Friday, the Balearic spokesman Antoni Costa has shown &#8220;absolute respect&#8221; to the motion of censure that advances to remove the president Lloren\u00e7 Cordoba.<\/p>\n","protected":false},"author":3,"featured_media":73246,"comment_status":"closed","ping_status":"closed","sticky":false,"template":"","format":"standard","meta":{"_acf_changed":false,"site-sidebar-layout":"default","site-content-layout":"","ast-site-content-layout":"default","site-content-style":"default","site-sidebar-style":"default","ast-global-header-display":"","ast-banner-title-visibility":"","ast-main-header-display":"","ast-hfb-above-header-display":"","ast-hfb-below-header-display":"","ast-hfb-mobile-header-display":"","site-post-title":"","ast-breadcrumbs-content":"","ast-featured-img":"","footer-sml-layout":"","ast-disable-related-posts":"","theme-transparent-header-meta":"default","adv-header-id-meta":"","stick-header-meta":"","header-above-stick-meta":"","header-main-stick-meta":"","header-below-stick-meta":"","astra-migrate-meta-layouts":"default","ast-page-background-enabled":"default","ast-page-background-meta":{"desktop":{"background-color":"var(--ast-global-color-4)","background-image":"","background-repeat":"repeat","background-position":"center center","background-size":"auto","background-attachment":"scroll","background-type":"","background-media":"","overlay-type":"","overlay-color":"","overlay-opacity":"","overlay-gradient":""},"tablet":{"background-color":"","background-image":"","background-repeat":"repeat","background-position":"center center","background-size":"auto","background-attachment":"scroll","background-type":"","background-media":"","overlay-type":"","overlay-color":"","overlay-opacity":"","overlay-gradient":""},"mobile":{"background-color":"","background-image":"","background-repeat":"repeat","background-position":"center center","background-size":"auto","background-attachment":"scroll","background-type":"","background-media":"","overlay-type":"","overlay-color":"","overlay-opacity":"","overlay-gradient":""}},"ast-content-background-meta":{"desktop":{"background-color":"var(--ast-global-color-5)","background-image":"","background-repeat":"repeat","background-position":"center center","background-size":"auto","background-attachment":"scroll","background-type":"","background-media":"","overlay-type":"","overlay-color":"","overlay-opacity":"","overlay-gradient":""},"tablet":{"background-color":"var(--ast-global-color-5)","background-image":"","background-repeat":"repeat","background-position":"center center","background-size":"auto","background-attachment":"scroll","background-type":"","background-media":"","overlay-type":"","overlay-color":"","overlay-opacity":"","overlay-gradient":""},"mobile":{"background-color":"var(--ast-global-color-5)","background-image":"","background-repeat":"repeat","background-position":"center center","background-size":"auto","background-attachment":"scroll","background-type":"","background-media":"","overlay-type":"","overlay-color":"","overlay-opacity":"","overlay-gradient":""}},"footnotes":""},"categories":[4612,2910,3210],"tags":[2921,5070,3316],"ppma_author":[2644],"class_list":["post-78832","post","type-post","status-publish","format-standard","has-post-thumbnail","hentry","category-baleares-en","category-current-news","category-formentera-en","tag-actualidad-2-en","tag-balearic-government","tag-formentera-crisis"],"acf":[],"yoast_head":"<!-- This site is optimized with the Yoast SEO plugin v27.4 - https:\/\/yoast.com\/product\/yoast-seo-wordpress\/ -->\n<title>The Government disregards the crisis in Formentera - La Voz De Ibiza<\/title>\n<meta name=\"description\" content=\"During his press conference this Friday, the Balearic spokesman Antoni Costa has shown &quot;absolute respect&quot; to the motion of censure that advances to remove the president Lloren\u00e7 Cordoba.\" \/>\n<meta name=\"robots\" content=\"index, follow, max-snippet:-1, max-image-preview:large, max-video-preview:-1\" \/>\n<link rel=\"canonical\" href=\"https:\/\/lavozdeibiza.com\/en\/formentera-en\/the-government-disregards-the-crisis-in-formentera\/\" \/>\n<meta property=\"og:locale\" content=\"en_US\" \/>\n<meta property=\"og:type\" content=\"article\" \/>\n<meta property=\"og:title\" content=\"The Government disregards the crisis in Formentera - La Voz De Ibiza\" \/>\n<meta property=\"og:description\" content=\"During his press conference this Friday, the Balearic spokesman Antoni Costa has shown &quot;absolute respect&quot; to the motion of censure that advances to remove the president Lloren\u00e7 Cordoba.\" \/>\n<meta property=\"og:url\" content=\"https:\/\/lavozdeibiza.com\/en\/formentera-en\/the-government-disregards-the-crisis-in-formentera\/\" \/>\n<meta property=\"og:site_name\" content=\"La Voz De Ibiza\" \/>\n<meta property=\"article:published_time\" content=\"2024-12-13T13:17:33+00:00\" \/>\n<meta property=\"og:image\" content=\"https:\/\/lavozdeibiza.com\/wp-content\/uploads\/2024\/11\/antoni-costas.jpg\" \/>\n\t<meta property=\"og:image:width\" content=\"1280\" \/>\n\t<meta property=\"og:image:height\" content=\"814\" \/>\n\t<meta property=\"og:image:type\" content=\"image\/jpeg\" \/>\n<meta name=\"author\" content=\"La Voz de Ibiza\" \/>\n<meta name=\"twitter:card\" content=\"summary_large_image\" \/>\n<meta name=\"twitter:creator\" content=\"@vozdeibiza\" \/>\n<meta name=\"twitter:site\" content=\"@vozdeibiza\" \/>\n<meta name=\"twitter:label1\" content=\"Written by\" \/>\n\t<meta name=\"twitter:data1\" content=\"La Voz de Ibiza\" \/>\n\t<meta name=\"twitter:label2\" content=\"Est. reading time\" \/>\n\t<meta name=\"twitter:data2\" content=\"1 minute\" \/>\n<script type=\"application\/ld+json\" class=\"yoast-schema-graph\">{\"@context\":\"https:\\\/\\\/schema.org\",\"@graph\":[{\"@type\":\"NewsArticle\",\"@id\":\"https:\\\/\\\/lavozdeibiza.com\\\/en\\\/formentera-en\\\/the-government-disregards-the-crisis-in-formentera\\\/#article\",\"isPartOf\":{\"@id\":\"https:\\\/\\\/lavozdeibiza.com\\\/en\\\/formentera-en\\\/the-government-disregards-the-crisis-in-formentera\\\/\"},\"author\":{\"name\":\"La Voz de Ibiza\",\"@id\":\"https:\\\/\\\/lavozdeibiza.com\\\/en\\\/#\\\/schema\\\/person\\\/4134262403fe1838d0a79018fd5aa7d4\"},\"headline\":\"The Government disregards the crisis in Formentera\",\"datePublished\":\"2024-12-13T13:17:33+00:00\",\"mainEntityOfPage\":{\"@id\":\"https:\\\/\\\/lavozdeibiza.com\\\/en\\\/formentera-en\\\/the-government-disregards-the-crisis-in-formentera\\\/\"},\"wordCount\":250,\"publisher\":{\"@id\":\"https:\\\/\\\/lavozdeibiza.com\\\/en\\\/#organization\"},\"image\":{\"@id\":\"https:\\\/\\\/lavozdeibiza.com\\\/en\\\/formentera-en\\\/the-government-disregards-the-crisis-in-formentera\\\/#primaryimage\"},\"thumbnailUrl\":\"https:\\\/\\\/lavozdeibiza.com\\\/wp-content\\\/uploads\\\/2024\\\/11\\\/antoni-costas.jpg\",\"keywords\":[\"Actualidad 2\",\"Balearic Government\",\"formentera crisis\"],\"articleSection\":[\"BALEARES\",\"CURRENT NEWS\",\"FORMENTERA\"],\"inLanguage\":\"en-US\"},{\"@type\":[\"WebPage\",\"ItemPage\"],\"@id\":\"https:\\\/\\\/lavozdeibiza.com\\\/en\\\/formentera-en\\\/the-government-disregards-the-crisis-in-formentera\\\/\",\"url\":\"https:\\\/\\\/lavozdeibiza.com\\\/en\\\/formentera-en\\\/the-government-disregards-the-crisis-in-formentera\\\/\",\"name\":\"The Government disregards the crisis in Formentera - La Voz De Ibiza\",\"isPartOf\":{\"@id\":\"https:\\\/\\\/lavozdeibiza.com\\\/en\\\/#website\"},\"primaryImageOfPage\":{\"@id\":\"https:\\\/\\\/lavozdeibiza.com\\\/en\\\/formentera-en\\\/the-government-disregards-the-crisis-in-formentera\\\/#primaryimage\"},\"image\":{\"@id\":\"https:\\\/\\\/lavozdeibiza.com\\\/en\\\/formentera-en\\\/the-government-disregards-the-crisis-in-formentera\\\/#primaryimage\"},\"thumbnailUrl\":\"https:\\\/\\\/lavozdeibiza.com\\\/wp-content\\\/uploads\\\/2024\\\/11\\\/antoni-costas.jpg\",\"datePublished\":\"2024-12-13T13:17:33+00:00\",\"description\":\"During his press conference this Friday, the Balearic spokesman Antoni Costa has shown \\\"absolute respect\\\" to the motion of censure that advances to remove the president Lloren\u00e7 Cordoba.\",\"breadcrumb\":{\"@id\":\"https:\\\/\\\/lavozdeibiza.com\\\/en\\\/formentera-en\\\/the-government-disregards-the-crisis-in-formentera\\\/#breadcrumb\"},\"inLanguage\":\"en-US\",\"potentialAction\":[{\"@type\":\"ReadAction\",\"target\":[\"https:\\\/\\\/lavozdeibiza.com\\\/en\\\/formentera-en\\\/the-government-disregards-the-crisis-in-formentera\\\/\"]}]},{\"@type\":\"ImageObject\",\"inLanguage\":\"en-US\",\"@id\":\"https:\\\/\\\/lavozdeibiza.com\\\/en\\\/formentera-en\\\/the-government-disregards-the-crisis-in-formentera\\\/#primaryimage\",\"url\":\"https:\\\/\\\/lavozdeibiza.com\\\/wp-content\\\/uploads\\\/2024\\\/11\\\/antoni-costas.jpg\",\"contentUrl\":\"https:\\\/\\\/lavozdeibiza.com\\\/wp-content\\\/uploads\\\/2024\\\/11\\\/antoni-costas.jpg\",\"width\":1280,\"height\":814,\"caption\":\"Antoni Costa, durante su presentaci\u00f3n ante la la Comisi\u00f3n de Hacienda del Parlament de les Illes Balears. (Captura de pantalla)\"},{\"@type\":\"BreadcrumbList\",\"@id\":\"https:\\\/\\\/lavozdeibiza.com\\\/en\\\/formentera-en\\\/the-government-disregards-the-crisis-in-formentera\\\/#breadcrumb\",\"itemListElement\":[{\"@type\":\"ListItem\",\"position\":1,\"name\":\"Portada\",\"item\":\"https:\\\/\\\/lavozdeibiza.com\\\/en\\\/\"},{\"@type\":\"ListItem\",\"position\":2,\"name\":\"The Government disregards the crisis in Formentera\"}]},{\"@type\":\"WebSite\",\"@id\":\"https:\\\/\\\/lavozdeibiza.com\\\/en\\\/#website\",\"url\":\"https:\\\/\\\/lavozdeibiza.com\\\/en\\\/\",\"name\":\"La Voz de Ibiza\",\"description\":\"Diario de informaci\u00f3n actualidad y noticias de Ibiza. Todas las noticias de los municipios de Ibiza\",\"publisher\":{\"@id\":\"https:\\\/\\\/lavozdeibiza.com\\\/en\\\/#organization\"},\"potentialAction\":[{\"@type\":\"SearchAction\",\"target\":{\"@type\":\"EntryPoint\",\"urlTemplate\":\"https:\\\/\\\/lavozdeibiza.com\\\/en\\\/?s={search_term_string}\"},\"query-input\":{\"@type\":\"PropertyValueSpecification\",\"valueRequired\":true,\"valueName\":\"search_term_string\"}}],\"inLanguage\":\"en-US\"},{\"@type\":[\"Organization\",\"NewsMediaOrganization\"],\"@id\":\"https:\\\/\\\/lavozdeibiza.com\\\/en\\\/#organization\",\"name\":\"La Voz de Ibiza\",\"url\":\"https:\\\/\\\/lavozdeibiza.com\\\/en\\\/\",\"logo\":{\"@type\":\"ImageObject\",\"inLanguage\":\"en-US\",\"@id\":\"https:\\\/\\\/lavozdeibiza.com\\\/en\\\/#\\\/schema\\\/logo\\\/image\\\/\",\"url\":\"https:\\\/\\\/lavozdeibiza.com\\\/wp-content\\\/uploads\\\/2023\\\/10\\\/logo-lvib-grande.jpg\",\"contentUrl\":\"https:\\\/\\\/lavozdeibiza.com\\\/wp-content\\\/uploads\\\/2023\\\/10\\\/logo-lvib-grande.jpg\",\"width\":1500,\"height\":1000,\"caption\":\"La Voz de Ibiza\"},\"image\":{\"@id\":\"https:\\\/\\\/lavozdeibiza.com\\\/en\\\/#\\\/schema\\\/logo\\\/image\\\/\"},\"sameAs\":[\"https:\\\/\\\/x.com\\\/vozdeibiza\",\"https:\\\/\\\/www.instagram.com\\\/lavozibiza\\\/\"]},{\"@type\":\"Person\",\"@id\":\"https:\\\/\\\/lavozdeibiza.com\\\/en\\\/#\\\/schema\\\/person\\\/4134262403fe1838d0a79018fd5aa7d4\",\"name\":\"La Voz de Ibiza\",\"image\":{\"@type\":\"ImageObject\",\"inLanguage\":\"en-US\",\"@id\":\"https:\\\/\\\/secure.gravatar.com\\\/avatar\\\/63cbef5d61a1efbd11b8e6d68f619b5206c448e1cb8189a04b26329b2539a1e2?s=96&d=mm&r=g86a2aa9c0273e55fe6b6a68d5a9e39f0\",\"url\":\"https:\\\/\\\/secure.gravatar.com\\\/avatar\\\/63cbef5d61a1efbd11b8e6d68f619b5206c448e1cb8189a04b26329b2539a1e2?s=96&d=mm&r=g\",\"contentUrl\":\"https:\\\/\\\/secure.gravatar.com\\\/avatar\\\/63cbef5d61a1efbd11b8e6d68f619b5206c448e1cb8189a04b26329b2539a1e2?s=96&d=mm&r=g\",\"caption\":\"La Voz de Ibiza\"},\"url\":\"https:\\\/\\\/lavozdeibiza.com\\\/en\\\/author\\\/la-voz-de-ibiza\\\/\"},{\"@type\":\"SiteNavigationElement\",\"@id\":\"https:\\\/\\\/lavozdeibiza.com\\\/en\\\/#site-navigation\",\"cssSelector\":[\".cib-main-menu\"]},{\"@type\":\"WPHeader\",\"@id\":\"https:\\\/\\\/lavozdeibiza.com\\\/en\\\/#header\",\"cssSelector\":[\".cib-header\"]},{\"@type\":\"WPFooter\",\"@id\":\"https:\\\/\\\/lavozdeibiza.com\\\/en\\\/#footer\",\"cssSelector\":[\".cib-footer\"]}]}<\/script>\n<!-- \/ Yoast SEO plugin. -->","yoast_head_json":{"title":"The Government disregards the crisis in Formentera - La Voz De Ibiza","description":"During his press conference this Friday, the Balearic spokesman Antoni Costa has shown \"absolute respect\" to the motion of censure that advances to remove the president Lloren\u00e7 Cordoba.","robots":{"index":"index","follow":"follow","max-snippet":"max-snippet:-1","max-image-preview":"max-image-preview:large","max-video-preview":"max-video-preview:-1"},"canonical":"https:\/\/lavozdeibiza.com\/en\/formentera-en\/the-government-disregards-the-crisis-in-formentera\/","og_locale":"en_US","og_type":"article","og_title":"The Government disregards the crisis in Formentera - La Voz De Ibiza","og_description":"During his press conference this Friday, the Balearic spokesman Antoni Costa has shown \"absolute respect\" to the motion of censure that advances to remove the president Lloren\u00e7 Cordoba.","og_url":"https:\/\/lavozdeibiza.com\/en\/formentera-en\/the-government-disregards-the-crisis-in-formentera\/","og_site_name":"La Voz De Ibiza","article_published_time":"2024-12-13T13:17:33+00:00","og_image":[{"width":1280,"height":814,"url":"https:\/\/lavozdeibiza.com\/wp-content\/uploads\/2024\/11\/antoni-costas.jpg","type":"image\/jpeg"}],"author":"La Voz de Ibiza","twitter_card":"summary_large_image","twitter_creator":"@vozdeibiza","twitter_site":"@vozdeibiza","twitter_misc":{"Written by":"La Voz de Ibiza","Est. reading time":"1 minute"},"schema":{"@context":"https:\/\/schema.org","@graph":[{"@type":"NewsArticle","@id":"https:\/\/lavozdeibiza.com\/en\/formentera-en\/the-government-disregards-the-crisis-in-formentera\/#article","isPartOf":{"@id":"https:\/\/lavozdeibiza.com\/en\/formentera-en\/the-government-disregards-the-crisis-in-formentera\/"},"author":{"name":"La Voz de Ibiza","@id":"https:\/\/lavozdeibiza.com\/en\/#\/schema\/person\/4134262403fe1838d0a79018fd5aa7d4"},"headline":"The Government disregards the crisis in Formentera","datePublished":"2024-12-13T13:17:33+00:00","mainEntityOfPage":{"@id":"https:\/\/lavozdeibiza.com\/en\/formentera-en\/the-government-disregards-the-crisis-in-formentera\/"},"wordCount":250,"publisher":{"@id":"https:\/\/lavozdeibiza.com\/en\/#organization"},"image":{"@id":"https:\/\/lavozdeibiza.com\/en\/formentera-en\/the-government-disregards-the-crisis-in-formentera\/#primaryimage"},"thumbnailUrl":"https:\/\/lavozdeibiza.com\/wp-content\/uploads\/2024\/11\/antoni-costas.jpg","keywords":["Actualidad 2","Balearic Government","formentera crisis"],"articleSection":["BALEARES","CURRENT NEWS","FORMENTERA"],"inLanguage":"en-US"},{"@type":["WebPage","ItemPage"],"@id":"https:\/\/lavozdeibiza.com\/en\/formentera-en\/the-government-disregards-the-crisis-in-formentera\/","url":"https:\/\/lavozdeibiza.com\/en\/formentera-en\/the-government-disregards-the-crisis-in-formentera\/","name":"The Government disregards the crisis in Formentera - La Voz De Ibiza","isPartOf":{"@id":"https:\/\/lavozdeibiza.com\/en\/#website"},"primaryImageOfPage":{"@id":"https:\/\/lavozdeibiza.com\/en\/formentera-en\/the-government-disregards-the-crisis-in-formentera\/#primaryimage"},"image":{"@id":"https:\/\/lavozdeibiza.com\/en\/formentera-en\/the-government-disregards-the-crisis-in-formentera\/#primaryimage"},"thumbnailUrl":"https:\/\/lavozdeibiza.com\/wp-content\/uploads\/2024\/11\/antoni-costas.jpg","datePublished":"2024-12-13T13:17:33+00:00","description":"During his press conference this Friday, the Balearic spokesman Antoni Costa has shown \"absolute respect\" to the motion of censure that advances to remove the president Lloren\u00e7 Cordoba.","breadcrumb":{"@id":"https:\/\/lavozdeibiza.com\/en\/formentera-en\/the-government-disregards-the-crisis-in-formentera\/#breadcrumb"},"inLanguage":"en-US","potentialAction":[{"@type":"ReadAction","target":["https:\/\/lavozdeibiza.com\/en\/formentera-en\/the-government-disregards-the-crisis-in-formentera\/"]}]},{"@type":"ImageObject","inLanguage":"en-US","@id":"https:\/\/lavozdeibiza.com\/en\/formentera-en\/the-government-disregards-the-crisis-in-formentera\/#primaryimage","url":"https:\/\/lavozdeibiza.com\/wp-content\/uploads\/2024\/11\/antoni-costas.jpg","contentUrl":"https:\/\/lavozdeibiza.com\/wp-content\/uploads\/2024\/11\/antoni-costas.jpg","width":1280,"height":814,"caption":"Antoni Costa, durante su presentaci\u00f3n ante la la Comisi\u00f3n de Hacienda del Parlament de les Illes Balears. (Captura de pantalla)"},{"@type":"BreadcrumbList","@id":"https:\/\/lavozdeibiza.com\/en\/formentera-en\/the-government-disregards-the-crisis-in-formentera\/#breadcrumb","itemListElement":[{"@type":"ListItem","position":1,"name":"Portada","item":"https:\/\/lavozdeibiza.com\/en\/"},{"@type":"ListItem","position":2,"name":"The Government disregards the crisis in Formentera"}]},{"@type":"WebSite","@id":"https:\/\/lavozdeibiza.com\/en\/#website","url":"https:\/\/lavozdeibiza.com\/en\/","name":"La Voz de Ibiza","description":"Diario de informaci\u00f3n actualidad y noticias de Ibiza. Todas las noticias de los municipios de Ibiza","publisher":{"@id":"https:\/\/lavozdeibiza.com\/en\/#organization"},"potentialAction":[{"@type":"SearchAction","target":{"@type":"EntryPoint","urlTemplate":"https:\/\/lavozdeibiza.com\/en\/?s={search_term_string}"},"query-input":{"@type":"PropertyValueSpecification","valueRequired":true,"valueName":"search_term_string"}}],"inLanguage":"en-US"},{"@type":["Organization","NewsMediaOrganization"],"@id":"https:\/\/lavozdeibiza.com\/en\/#organization","name":"La Voz de Ibiza","url":"https:\/\/lavozdeibiza.com\/en\/","logo":{"@type":"ImageObject","inLanguage":"en-US","@id":"https:\/\/lavozdeibiza.com\/en\/#\/schema\/logo\/image\/","url":"https:\/\/lavozdeibiza.com\/wp-content\/uploads\/2023\/10\/logo-lvib-grande.jpg","contentUrl":"https:\/\/lavozdeibiza.com\/wp-content\/uploads\/2023\/10\/logo-lvib-grande.jpg","width":1500,"height":1000,"caption":"La Voz de Ibiza"},"image":{"@id":"https:\/\/lavozdeibiza.com\/en\/#\/schema\/logo\/image\/"},"sameAs":["https:\/\/x.com\/vozdeibiza","https:\/\/www.instagram.com\/lavozibiza\/"]},{"@type":"Person","@id":"https:\/\/lavozdeibiza.com\/en\/#\/schema\/person\/4134262403fe1838d0a79018fd5aa7d4","name":"La Voz de Ibiza","image":{"@type":"ImageObject","inLanguage":"en-US","@id":"https:\/\/secure.gravatar.com\/avatar\/63cbef5d61a1efbd11b8e6d68f619b5206c448e1cb8189a04b26329b2539a1e2?s=96&d=mm&r=g86a2aa9c0273e55fe6b6a68d5a9e39f0","url":"https:\/\/secure.gravatar.com\/avatar\/63cbef5d61a1efbd11b8e6d68f619b5206c448e1cb8189a04b26329b2539a1e2?s=96&d=mm&r=g","contentUrl":"https:\/\/secure.gravatar.com\/avatar\/63cbef5d61a1efbd11b8e6d68f619b5206c448e1cb8189a04b26329b2539a1e2?s=96&d=mm&r=g","caption":"La Voz de Ibiza"},"url":"https:\/\/lavozdeibiza.com\/en\/author\/la-voz-de-ibiza\/"},{"@type":"SiteNavigationElement","@id":"https:\/\/lavozdeibiza.com\/en\/#site-navigation","cssSelector":[".cib-main-menu"]},{"@type":"WPHeader","@id":"https:\/\/lavozdeibiza.com\/en\/#header","cssSelector":[".cib-header"]},{"@type":"WPFooter","@id":"https:\/\/lavozdeibiza.com\/en\/#footer","cssSelector":[".cib-footer"]}]}},"authors":[{"term_id":2644,"user_id":3,"is_guest":0,"slug":"la-voz-de-ibiza","display_name":"La Voz de Ibiza","avatar_url":"https:\/\/secure.gravatar.com\/avatar\/63cbef5d61a1efbd11b8e6d68f619b5206c448e1cb8189a04b26329b2539a1e2?s=96&d=mm&r=g","0":null,"1":"","2":"","3":"","4":"","5":"","6":"","7":"","8":"","9":"","10":""}],"_links":{"self":[{"href":"https:\/\/lavozdeibiza.com\/en\/wp-json\/wp\/v2\/posts\/78832","targetHints":{"allow":["GET"]}}],"collection":[{"href":"https:\/\/lavozdeibiza.com\/en\/wp-json\/wp\/v2\/posts"}],"about":[{"href":"https:\/\/lavozdeibiza.com\/en\/wp-json\/wp\/v2\/types\/post"}],"author":[{"embeddable":true,"href":"https:\/\/lavozdeibiza.com\/en\/wp-json\/wp\/v2\/users\/3"}],"replies":[{"embeddable":true,"href":"https:\/\/lavozdeibiza.com\/en\/wp-json\/wp\/v2\/comments?post=78832"}],"version-history":[{"count":0,"href":"https:\/\/lavozdeibiza.com\/en\/wp-json\/wp\/v2\/posts\/78832\/revisions"}],"wp:featuredmedia":[{"embeddable":true,"href":"https:\/\/lavozdeibiza.com\/en\/wp-json\/wp\/v2\/media\/73246"}],"wp:attachment":[{"href":"https:\/\/lavozdeibiza.com\/en\/wp-json\/wp\/v2\/media?parent=78832"}],"wp:term":[{"taxonomy":"category","embeddable":true,"href":"https:\/\/lavozdeibiza.com\/en\/wp-json\/wp\/v2\/categories?post=78832"},{"taxonomy":"post_tag","embeddable":true,"href":"https:\/\/lavozdeibiza.com\/en\/wp-json\/wp\/v2\/tags?post=78832"},{"taxonomy":"author","embeddable":true,"href":"https:\/\/lavozdeibiza.com\/en\/wp-json\/wp\/v2\/ppma_author?post=78832"}],"curies":[{"name":"wp","href":"https:\/\/api.w.org\/{rel}","templated":true}]}}