{"id":79134,"date":"2024-12-24T09:22:55","date_gmt":"2024-12-24T08:22:55","guid":{"rendered":"https:\/\/lavozdeibiza.com\/sin-categorizar\/2024\/12\/24\/alleged-assault-on-baby-in-palma-investigated\/"},"modified":"2024-12-24T09:22:55","modified_gmt":"2024-12-24T08:22:55","slug":"alleged-assault-on-baby-in-palma-investigated","status":"publish","type":"post","link":"https:\/\/lavozdeibiza.com\/en\/current-news\/alleged-assault-on-baby-in-palma-investigated\/","title":{"rendered":"Alleged assault on baby in Palma investigated"},"content":{"rendered":"<p>The <strong>National Police<\/strong> is investigating an <strong>alleged aggression suffered by a baby<\/strong>, whose age and sex are unknown at the moment, which occurred in <strong>Palma<\/strong>.<\/p>\n<ul>\n<li>\n<h5><a href=\"https:\/\/lavozdeibiza.com\/actualidad\/2024\/12\/23\/al-descubierto-como-blanquea-dinero-un-puticlub-que-explotaba-brasilenas-16-detenidos-y-fraude-millonario\/?swcfpc=1\">Money laundering by a brothel that exploited Brazilian women uncovered: 16 arrested and millions of dollars in fraud<\/a><\/h5>\n<\/li>\n<\/ul>\n<p>As reported by the Superior Police Headquarters of the Balearic Islands, the agents of the Unit of Attention to the Family and Women (UFAM) have taken charge of the investigations after learning of the facts. The investigators are now trying to determine the circumstances in which the alleged assault took place and to identify and locate the possible perpetrator or perpetrators.<\/p>\n<h5>Continue reading:<\/h5>\n<ul>\n<li>\n<h5><a href=\"https:\/\/lavozdeibiza.com\/actualidad\/2024\/12\/21\/atrapan-al-ladron-que-robo-a-mano-armada-una-tienda-de-divisas-en-el-centro-de-ibiza\/?swcfpc=1\">Thief who robbed a currency store in the center of Ibiza with armed robbery caught<\/a><\/h5>\n<\/li>\n<\/ul>\n","protected":false},"excerpt":{"rendered":"<p>Investigators are now trying to determine the circumstances surrounding the alleged assault and to identify and locate the possible perpetrator(s).<\/p>\n","protected":false},"author":17,"featured_media":77979,"comment_status":"closed","ping_status":"closed","sticky":false,"template":"","format":"standard","meta":{"_acf_changed":false,"site-sidebar-layout":"default","site-content-layout":"","ast-site-content-layout":"default","site-content-style":"default","site-sidebar-style":"default","ast-global-header-display":"","ast-banner-title-visibility":"","ast-main-header-display":"","ast-hfb-above-header-display":"","ast-hfb-below-header-display":"","ast-hfb-mobile-header-display":"","site-post-title":"","ast-breadcrumbs-content":"","ast-featured-img":"","footer-sml-layout":"","ast-disable-related-posts":"","theme-transparent-header-meta":"default","adv-header-id-meta":"","stick-header-meta":"","header-above-stick-meta":"","header-main-stick-meta":"","header-below-stick-meta":"","astra-migrate-meta-layouts":"default","ast-page-background-enabled":"default","ast-page-background-meta":{"desktop":{"background-color":"var(--ast-global-color-4)","background-image":"","background-repeat":"repeat","background-position":"center center","background-size":"auto","background-attachment":"scroll","background-type":"","background-media":"","overlay-type":"","overlay-color":"","overlay-opacity":"","overlay-gradient":""},"tablet":{"background-color":"","background-image":"","background-repeat":"repeat","background-position":"center center","background-size":"auto","background-attachment":"scroll","background-type":"","background-media":"","overlay-type":"","overlay-color":"","overlay-opacity":"","overlay-gradient":""},"mobile":{"background-color":"","background-image":"","background-repeat":"repeat","background-position":"center center","background-size":"auto","background-attachment":"scroll","background-type":"","background-media":"","overlay-type":"","overlay-color":"","overlay-opacity":"","overlay-gradient":""}},"ast-content-background-meta":{"desktop":{"background-color":"var(--ast-global-color-5)","background-image":"","background-repeat":"repeat","background-position":"center center","background-size":"auto","background-attachment":"scroll","background-type":"","background-media":"","overlay-type":"","overlay-color":"","overlay-opacity":"","overlay-gradient":""},"tablet":{"background-color":"var(--ast-global-color-5)","background-image":"","background-repeat":"repeat","background-position":"center center","background-size":"auto","background-attachment":"scroll","background-type":"","background-media":"","overlay-type":"","overlay-color":"","overlay-opacity":"","overlay-gradient":""},"mobile":{"background-color":"var(--ast-global-color-5)","background-image":"","background-repeat":"repeat","background-position":"center center","background-size":"auto","background-attachment":"scroll","background-type":"","background-media":"","overlay-type":"","overlay-color":"","overlay-opacity":"","overlay-gradient":""}},"footnotes":""},"categories":[4612,2910,3287],"tags":[5089,5412],"ppma_author":[2646],"class_list":["post-79134","post","type-post","status-publish","format-standard","has-post-thumbnail","hentry","category-baleares-en","category-current-news","category-society","tag-aggression","tag-palm"],"acf":[],"yoast_head":"<!-- This site is optimized with the Yoast SEO plugin v27.4 - https:\/\/yoast.com\/product\/yoast-seo-wordpress\/ -->\n<title>Alleged assault on baby in Palma investigated - La Voz De Ibiza<\/title>\n<meta name=\"description\" content=\"Investigators are now trying to determine the circumstances surrounding the alleged assault and to identify and locate the possible perpetrator(s).\" \/>\n<meta name=\"robots\" content=\"index, follow, max-snippet:-1, max-image-preview:large, max-video-preview:-1\" \/>\n<link rel=\"canonical\" href=\"https:\/\/lavozdeibiza.com\/en\/current-news\/alleged-assault-on-baby-in-palma-investigated\/\" \/>\n<meta property=\"og:locale\" content=\"en_US\" \/>\n<meta property=\"og:type\" content=\"article\" \/>\n<meta property=\"og:title\" content=\"Alleged assault on baby in Palma investigated - La Voz De Ibiza\" \/>\n<meta property=\"og:description\" content=\"Investigators are now trying to determine the circumstances surrounding the alleged assault and to identify and locate the possible perpetrator(s).\" \/>\n<meta property=\"og:url\" content=\"https:\/\/lavozdeibiza.com\/en\/current-news\/alleged-assault-on-baby-in-palma-investigated\/\" \/>\n<meta property=\"og:site_name\" content=\"La Voz De Ibiza\" \/>\n<meta property=\"article:published_time\" content=\"2024-12-24T08:22:55+00:00\" \/>\n<meta property=\"og:image\" content=\"https:\/\/lavozdeibiza.com\/wp-content\/uploads\/2024\/12\/fotonoticia_20241224085942_1920.jpg\" \/>\n\t<meta property=\"og:image:width\" content=\"960\" \/>\n\t<meta property=\"og:image:height\" content=\"1280\" \/>\n\t<meta property=\"og:image:type\" content=\"image\/jpeg\" \/>\n<meta name=\"author\" content=\"Agust\u00edn Gigante\" \/>\n<meta name=\"twitter:card\" content=\"summary_large_image\" \/>\n<meta name=\"twitter:creator\" content=\"@vozdeibiza\" \/>\n<meta name=\"twitter:site\" content=\"@vozdeibiza\" \/>\n<meta name=\"twitter:label1\" content=\"Written by\" \/>\n\t<meta name=\"twitter:data1\" content=\"Agust\u00edn Gigante\" \/>\n\t<meta name=\"twitter:label2\" content=\"Est. reading time\" \/>\n\t<meta name=\"twitter:data2\" content=\"1 minute\" \/>\n<script type=\"application\/ld+json\" class=\"yoast-schema-graph\">{\"@context\":\"https:\\\/\\\/schema.org\",\"@graph\":[{\"@type\":\"NewsArticle\",\"@id\":\"https:\\\/\\\/lavozdeibiza.com\\\/en\\\/current-news\\\/alleged-assault-on-baby-in-palma-investigated\\\/#article\",\"isPartOf\":{\"@id\":\"https:\\\/\\\/lavozdeibiza.com\\\/en\\\/current-news\\\/alleged-assault-on-baby-in-palma-investigated\\\/\"},\"author\":{\"name\":\"Agust\u00edn Gigante\",\"@id\":\"https:\\\/\\\/lavozdeibiza.com\\\/en\\\/#\\\/schema\\\/person\\\/daeae671b6d57a7fdaff476f7da26cfb\"},\"headline\":\"Alleged assault on baby in Palma investigated\",\"datePublished\":\"2024-12-24T08:22:55+00:00\",\"mainEntityOfPage\":{\"@id\":\"https:\\\/\\\/lavozdeibiza.com\\\/en\\\/current-news\\\/alleged-assault-on-baby-in-palma-investigated\\\/\"},\"wordCount\":127,\"publisher\":{\"@id\":\"https:\\\/\\\/lavozdeibiza.com\\\/en\\\/#organization\"},\"image\":{\"@id\":\"https:\\\/\\\/lavozdeibiza.com\\\/en\\\/current-news\\\/alleged-assault-on-baby-in-palma-investigated\\\/#primaryimage\"},\"thumbnailUrl\":\"https:\\\/\\\/lavozdeibiza.com\\\/wp-content\\\/uploads\\\/2024\\\/12\\\/fotonoticia_20241224085942_1920.jpg\",\"keywords\":[\"Aggression\",\"Palm\"],\"articleSection\":[\"BALEARES\",\"CURRENT NEWS\",\"SOCIETY\"],\"inLanguage\":\"en-US\"},{\"@type\":[\"WebPage\",\"ItemPage\"],\"@id\":\"https:\\\/\\\/lavozdeibiza.com\\\/en\\\/current-news\\\/alleged-assault-on-baby-in-palma-investigated\\\/\",\"url\":\"https:\\\/\\\/lavozdeibiza.com\\\/en\\\/current-news\\\/alleged-assault-on-baby-in-palma-investigated\\\/\",\"name\":\"Alleged assault on baby in Palma investigated - La Voz De Ibiza\",\"isPartOf\":{\"@id\":\"https:\\\/\\\/lavozdeibiza.com\\\/en\\\/#website\"},\"primaryImageOfPage\":{\"@id\":\"https:\\\/\\\/lavozdeibiza.com\\\/en\\\/current-news\\\/alleged-assault-on-baby-in-palma-investigated\\\/#primaryimage\"},\"image\":{\"@id\":\"https:\\\/\\\/lavozdeibiza.com\\\/en\\\/current-news\\\/alleged-assault-on-baby-in-palma-investigated\\\/#primaryimage\"},\"thumbnailUrl\":\"https:\\\/\\\/lavozdeibiza.com\\\/wp-content\\\/uploads\\\/2024\\\/12\\\/fotonoticia_20241224085942_1920.jpg\",\"datePublished\":\"2024-12-24T08:22:55+00:00\",\"description\":\"Investigators are now trying to determine the circumstances surrounding the alleged assault and to identify and locate the possible perpetrator(s).\",\"breadcrumb\":{\"@id\":\"https:\\\/\\\/lavozdeibiza.com\\\/en\\\/current-news\\\/alleged-assault-on-baby-in-palma-investigated\\\/#breadcrumb\"},\"inLanguage\":\"en-US\",\"potentialAction\":[{\"@type\":\"ReadAction\",\"target\":[\"https:\\\/\\\/lavozdeibiza.com\\\/en\\\/current-news\\\/alleged-assault-on-baby-in-palma-investigated\\\/\"]}]},{\"@type\":\"ImageObject\",\"inLanguage\":\"en-US\",\"@id\":\"https:\\\/\\\/lavozdeibiza.com\\\/en\\\/current-news\\\/alleged-assault-on-baby-in-palma-investigated\\\/#primaryimage\",\"url\":\"https:\\\/\\\/lavozdeibiza.com\\\/wp-content\\\/uploads\\\/2024\\\/12\\\/fotonoticia_20241224085942_1920.jpg\",\"contentUrl\":\"https:\\\/\\\/lavozdeibiza.com\\\/wp-content\\\/uploads\\\/2024\\\/12\\\/fotonoticia_20241224085942_1920.jpg\",\"width\":960,\"height\":1280,\"caption\":\"24\\\/12\\\/2024 Un agente de la UFAM de la Polic\u00eda Nacional, de espaldas.. La Polic\u00eda Nacional investiga una supuesta agresi\u00f3n sufrida por un beb\u00e9, cuya edad y sexo por el momento se desconocen, ocurrida en Palma. SOCIEDAD POLIC\u00cdA NACIONAL\"},{\"@type\":\"BreadcrumbList\",\"@id\":\"https:\\\/\\\/lavozdeibiza.com\\\/en\\\/current-news\\\/alleged-assault-on-baby-in-palma-investigated\\\/#breadcrumb\",\"itemListElement\":[{\"@type\":\"ListItem\",\"position\":1,\"name\":\"Portada\",\"item\":\"https:\\\/\\\/lavozdeibiza.com\\\/en\\\/\"},{\"@type\":\"ListItem\",\"position\":2,\"name\":\"Alleged assault on baby in Palma investigated\"}]},{\"@type\":\"WebSite\",\"@id\":\"https:\\\/\\\/lavozdeibiza.com\\\/en\\\/#website\",\"url\":\"https:\\\/\\\/lavozdeibiza.com\\\/en\\\/\",\"name\":\"La Voz de Ibiza\",\"description\":\"Diario de informaci\u00f3n actualidad y noticias de Ibiza. Todas las noticias de los municipios de Ibiza\",\"publisher\":{\"@id\":\"https:\\\/\\\/lavozdeibiza.com\\\/en\\\/#organization\"},\"potentialAction\":[{\"@type\":\"SearchAction\",\"target\":{\"@type\":\"EntryPoint\",\"urlTemplate\":\"https:\\\/\\\/lavozdeibiza.com\\\/en\\\/?s={search_term_string}\"},\"query-input\":{\"@type\":\"PropertyValueSpecification\",\"valueRequired\":true,\"valueName\":\"search_term_string\"}}],\"inLanguage\":\"en-US\"},{\"@type\":[\"Organization\",\"NewsMediaOrganization\"],\"@id\":\"https:\\\/\\\/lavozdeibiza.com\\\/en\\\/#organization\",\"name\":\"La Voz de Ibiza\",\"url\":\"https:\\\/\\\/lavozdeibiza.com\\\/en\\\/\",\"logo\":{\"@type\":\"ImageObject\",\"inLanguage\":\"en-US\",\"@id\":\"https:\\\/\\\/lavozdeibiza.com\\\/en\\\/#\\\/schema\\\/logo\\\/image\\\/\",\"url\":\"https:\\\/\\\/lavozdeibiza.com\\\/wp-content\\\/uploads\\\/2023\\\/10\\\/logo-lvib-grande.jpg\",\"contentUrl\":\"https:\\\/\\\/lavozdeibiza.com\\\/wp-content\\\/uploads\\\/2023\\\/10\\\/logo-lvib-grande.jpg\",\"width\":1500,\"height\":1000,\"caption\":\"La Voz de Ibiza\"},\"image\":{\"@id\":\"https:\\\/\\\/lavozdeibiza.com\\\/en\\\/#\\\/schema\\\/logo\\\/image\\\/\"},\"sameAs\":[\"https:\\\/\\\/x.com\\\/vozdeibiza\",\"https:\\\/\\\/www.instagram.com\\\/lavozibiza\\\/\"]},{\"@type\":\"Person\",\"@id\":\"https:\\\/\\\/lavozdeibiza.com\\\/en\\\/#\\\/schema\\\/person\\\/daeae671b6d57a7fdaff476f7da26cfb\",\"name\":\"Agust\u00edn Gigante\",\"image\":{\"@type\":\"ImageObject\",\"inLanguage\":\"en-US\",\"@id\":\"https:\\\/\\\/secure.gravatar.com\\\/avatar\\\/9c661cfc4e92b909127e423fea256839e90e70ffb25a76e44ffa8c17ef0eb72e?s=96&d=mm&r=geb0bda8b30c65ea19b0cc972ad1923ed\",\"url\":\"https:\\\/\\\/secure.gravatar.com\\\/avatar\\\/9c661cfc4e92b909127e423fea256839e90e70ffb25a76e44ffa8c17ef0eb72e?s=96&d=mm&r=g\",\"contentUrl\":\"https:\\\/\\\/secure.gravatar.com\\\/avatar\\\/9c661cfc4e92b909127e423fea256839e90e70ffb25a76e44ffa8c17ef0eb72e?s=96&d=mm&r=g\",\"caption\":\"Agust\u00edn Gigante\"},\"url\":\"https:\\\/\\\/lavozdeibiza.com\\\/en\\\/author\\\/agigante\\\/\"},{\"@type\":\"SiteNavigationElement\",\"@id\":\"https:\\\/\\\/lavozdeibiza.com\\\/en\\\/#site-navigation\",\"cssSelector\":[\".cib-main-menu\"]},{\"@type\":\"WPHeader\",\"@id\":\"https:\\\/\\\/lavozdeibiza.com\\\/en\\\/#header\",\"cssSelector\":[\".cib-header\"]},{\"@type\":\"WPFooter\",\"@id\":\"https:\\\/\\\/lavozdeibiza.com\\\/en\\\/#footer\",\"cssSelector\":[\".cib-footer\"]}]}<\/script>\n<!-- \/ Yoast SEO plugin. -->","yoast_head_json":{"title":"Alleged assault on baby in Palma investigated - La Voz De Ibiza","description":"Investigators are now trying to determine the circumstances surrounding the alleged assault and to identify and locate the possible perpetrator(s).","robots":{"index":"index","follow":"follow","max-snippet":"max-snippet:-1","max-image-preview":"max-image-preview:large","max-video-preview":"max-video-preview:-1"},"canonical":"https:\/\/lavozdeibiza.com\/en\/current-news\/alleged-assault-on-baby-in-palma-investigated\/","og_locale":"en_US","og_type":"article","og_title":"Alleged assault on baby in Palma investigated - La Voz De Ibiza","og_description":"Investigators are now trying to determine the circumstances surrounding the alleged assault and to identify and locate the possible perpetrator(s).","og_url":"https:\/\/lavozdeibiza.com\/en\/current-news\/alleged-assault-on-baby-in-palma-investigated\/","og_site_name":"La Voz De Ibiza","article_published_time":"2024-12-24T08:22:55+00:00","og_image":[{"width":960,"height":1280,"url":"https:\/\/lavozdeibiza.com\/wp-content\/uploads\/2024\/12\/fotonoticia_20241224085942_1920.jpg","type":"image\/jpeg"}],"author":"Agust\u00edn Gigante","twitter_card":"summary_large_image","twitter_creator":"@vozdeibiza","twitter_site":"@vozdeibiza","twitter_misc":{"Written by":"Agust\u00edn Gigante","Est. reading time":"1 minute"},"schema":{"@context":"https:\/\/schema.org","@graph":[{"@type":"NewsArticle","@id":"https:\/\/lavozdeibiza.com\/en\/current-news\/alleged-assault-on-baby-in-palma-investigated\/#article","isPartOf":{"@id":"https:\/\/lavozdeibiza.com\/en\/current-news\/alleged-assault-on-baby-in-palma-investigated\/"},"author":{"name":"Agust\u00edn Gigante","@id":"https:\/\/lavozdeibiza.com\/en\/#\/schema\/person\/daeae671b6d57a7fdaff476f7da26cfb"},"headline":"Alleged assault on baby in Palma investigated","datePublished":"2024-12-24T08:22:55+00:00","mainEntityOfPage":{"@id":"https:\/\/lavozdeibiza.com\/en\/current-news\/alleged-assault-on-baby-in-palma-investigated\/"},"wordCount":127,"publisher":{"@id":"https:\/\/lavozdeibiza.com\/en\/#organization"},"image":{"@id":"https:\/\/lavozdeibiza.com\/en\/current-news\/alleged-assault-on-baby-in-palma-investigated\/#primaryimage"},"thumbnailUrl":"https:\/\/lavozdeibiza.com\/wp-content\/uploads\/2024\/12\/fotonoticia_20241224085942_1920.jpg","keywords":["Aggression","Palm"],"articleSection":["BALEARES","CURRENT NEWS","SOCIETY"],"inLanguage":"en-US"},{"@type":["WebPage","ItemPage"],"@id":"https:\/\/lavozdeibiza.com\/en\/current-news\/alleged-assault-on-baby-in-palma-investigated\/","url":"https:\/\/lavozdeibiza.com\/en\/current-news\/alleged-assault-on-baby-in-palma-investigated\/","name":"Alleged assault on baby in Palma investigated - La Voz De Ibiza","isPartOf":{"@id":"https:\/\/lavozdeibiza.com\/en\/#website"},"primaryImageOfPage":{"@id":"https:\/\/lavozdeibiza.com\/en\/current-news\/alleged-assault-on-baby-in-palma-investigated\/#primaryimage"},"image":{"@id":"https:\/\/lavozdeibiza.com\/en\/current-news\/alleged-assault-on-baby-in-palma-investigated\/#primaryimage"},"thumbnailUrl":"https:\/\/lavozdeibiza.com\/wp-content\/uploads\/2024\/12\/fotonoticia_20241224085942_1920.jpg","datePublished":"2024-12-24T08:22:55+00:00","description":"Investigators are now trying to determine the circumstances surrounding the alleged assault and to identify and locate the possible perpetrator(s).","breadcrumb":{"@id":"https:\/\/lavozdeibiza.com\/en\/current-news\/alleged-assault-on-baby-in-palma-investigated\/#breadcrumb"},"inLanguage":"en-US","potentialAction":[{"@type":"ReadAction","target":["https:\/\/lavozdeibiza.com\/en\/current-news\/alleged-assault-on-baby-in-palma-investigated\/"]}]},{"@type":"ImageObject","inLanguage":"en-US","@id":"https:\/\/lavozdeibiza.com\/en\/current-news\/alleged-assault-on-baby-in-palma-investigated\/#primaryimage","url":"https:\/\/lavozdeibiza.com\/wp-content\/uploads\/2024\/12\/fotonoticia_20241224085942_1920.jpg","contentUrl":"https:\/\/lavozdeibiza.com\/wp-content\/uploads\/2024\/12\/fotonoticia_20241224085942_1920.jpg","width":960,"height":1280,"caption":"24\/12\/2024 Un agente de la UFAM de la Polic\u00eda Nacional, de espaldas.. La Polic\u00eda Nacional investiga una supuesta agresi\u00f3n sufrida por un beb\u00e9, cuya edad y sexo por el momento se desconocen, ocurrida en Palma. SOCIEDAD POLIC\u00cdA NACIONAL"},{"@type":"BreadcrumbList","@id":"https:\/\/lavozdeibiza.com\/en\/current-news\/alleged-assault-on-baby-in-palma-investigated\/#breadcrumb","itemListElement":[{"@type":"ListItem","position":1,"name":"Portada","item":"https:\/\/lavozdeibiza.com\/en\/"},{"@type":"ListItem","position":2,"name":"Alleged assault on baby in Palma investigated"}]},{"@type":"WebSite","@id":"https:\/\/lavozdeibiza.com\/en\/#website","url":"https:\/\/lavozdeibiza.com\/en\/","name":"La Voz de Ibiza","description":"Diario de informaci\u00f3n actualidad y noticias de Ibiza. Todas las noticias de los municipios de Ibiza","publisher":{"@id":"https:\/\/lavozdeibiza.com\/en\/#organization"},"potentialAction":[{"@type":"SearchAction","target":{"@type":"EntryPoint","urlTemplate":"https:\/\/lavozdeibiza.com\/en\/?s={search_term_string}"},"query-input":{"@type":"PropertyValueSpecification","valueRequired":true,"valueName":"search_term_string"}}],"inLanguage":"en-US"},{"@type":["Organization","NewsMediaOrganization"],"@id":"https:\/\/lavozdeibiza.com\/en\/#organization","name":"La Voz de Ibiza","url":"https:\/\/lavozdeibiza.com\/en\/","logo":{"@type":"ImageObject","inLanguage":"en-US","@id":"https:\/\/lavozdeibiza.com\/en\/#\/schema\/logo\/image\/","url":"https:\/\/lavozdeibiza.com\/wp-content\/uploads\/2023\/10\/logo-lvib-grande.jpg","contentUrl":"https:\/\/lavozdeibiza.com\/wp-content\/uploads\/2023\/10\/logo-lvib-grande.jpg","width":1500,"height":1000,"caption":"La Voz de Ibiza"},"image":{"@id":"https:\/\/lavozdeibiza.com\/en\/#\/schema\/logo\/image\/"},"sameAs":["https:\/\/x.com\/vozdeibiza","https:\/\/www.instagram.com\/lavozibiza\/"]},{"@type":"Person","@id":"https:\/\/lavozdeibiza.com\/en\/#\/schema\/person\/daeae671b6d57a7fdaff476f7da26cfb","name":"Agust\u00edn Gigante","image":{"@type":"ImageObject","inLanguage":"en-US","@id":"https:\/\/secure.gravatar.com\/avatar\/9c661cfc4e92b909127e423fea256839e90e70ffb25a76e44ffa8c17ef0eb72e?s=96&d=mm&r=geb0bda8b30c65ea19b0cc972ad1923ed","url":"https:\/\/secure.gravatar.com\/avatar\/9c661cfc4e92b909127e423fea256839e90e70ffb25a76e44ffa8c17ef0eb72e?s=96&d=mm&r=g","contentUrl":"https:\/\/secure.gravatar.com\/avatar\/9c661cfc4e92b909127e423fea256839e90e70ffb25a76e44ffa8c17ef0eb72e?s=96&d=mm&r=g","caption":"Agust\u00edn Gigante"},"url":"https:\/\/lavozdeibiza.com\/en\/author\/agigante\/"},{"@type":"SiteNavigationElement","@id":"https:\/\/lavozdeibiza.com\/en\/#site-navigation","cssSelector":[".cib-main-menu"]},{"@type":"WPHeader","@id":"https:\/\/lavozdeibiza.com\/en\/#header","cssSelector":[".cib-header"]},{"@type":"WPFooter","@id":"https:\/\/lavozdeibiza.com\/en\/#footer","cssSelector":[".cib-footer"]}]}},"authors":[{"term_id":2646,"user_id":17,"is_guest":0,"slug":"agigante","display_name":"Agust\u00edn Gigante","avatar_url":"https:\/\/secure.gravatar.com\/avatar\/9c661cfc4e92b909127e423fea256839e90e70ffb25a76e44ffa8c17ef0eb72e?s=96&d=mm&r=g","0":null,"1":"","2":"","3":"","4":"","5":"","6":"","7":"","8":"","9":"","10":""}],"_links":{"self":[{"href":"https:\/\/lavozdeibiza.com\/en\/wp-json\/wp\/v2\/posts\/79134","targetHints":{"allow":["GET"]}}],"collection":[{"href":"https:\/\/lavozdeibiza.com\/en\/wp-json\/wp\/v2\/posts"}],"about":[{"href":"https:\/\/lavozdeibiza.com\/en\/wp-json\/wp\/v2\/types\/post"}],"author":[{"embeddable":true,"href":"https:\/\/lavozdeibiza.com\/en\/wp-json\/wp\/v2\/users\/17"}],"replies":[{"embeddable":true,"href":"https:\/\/lavozdeibiza.com\/en\/wp-json\/wp\/v2\/comments?post=79134"}],"version-history":[{"count":0,"href":"https:\/\/lavozdeibiza.com\/en\/wp-json\/wp\/v2\/posts\/79134\/revisions"}],"wp:featuredmedia":[{"embeddable":true,"href":"https:\/\/lavozdeibiza.com\/en\/wp-json\/wp\/v2\/media\/77979"}],"wp:attachment":[{"href":"https:\/\/lavozdeibiza.com\/en\/wp-json\/wp\/v2\/media?parent=79134"}],"wp:term":[{"taxonomy":"category","embeddable":true,"href":"https:\/\/lavozdeibiza.com\/en\/wp-json\/wp\/v2\/categories?post=79134"},{"taxonomy":"post_tag","embeddable":true,"href":"https:\/\/lavozdeibiza.com\/en\/wp-json\/wp\/v2\/tags?post=79134"},{"taxonomy":"author","embeddable":true,"href":"https:\/\/lavozdeibiza.com\/en\/wp-json\/wp\/v2\/ppma_author?post=79134"}],"curies":[{"name":"wp","href":"https:\/\/api.w.org\/{rel}","templated":true}]}}