{"id":79268,"date":"2024-12-27T13:59:11","date_gmt":"2024-12-27T12:59:11","guid":{"rendered":"https:\/\/lavozdeibiza.com\/sin-categorizar\/2024\/12\/27\/crisis-between-the-balearic-pp-and-the-pp-of-formentera-prohens-dismisses-the-motion-of-censure-and-opens-the-door-to-sanction-her-councilors\/"},"modified":"2024-12-27T13:59:11","modified_gmt":"2024-12-27T12:59:11","slug":"crisis-between-the-balearic-pp-and-the-pp-of-formentera-prohens-dismisses-the-motion-of-censure-and-opens-the-door-to-sanction-her-councilors","status":"publish","type":"post","link":"https:\/\/lavozdeibiza.com\/en\/current-news\/crisis-between-the-balearic-pp-and-the-pp-of-formentera-prohens-dismisses-the-motion-of-censure-and-opens-the-door-to-sanction-her-councilors\/","title":{"rendered":"Crisis between the Balearic PP and the PP of Formentera: Prohens dismisses the motion of censure and opens the door to sanction her councilors"},"content":{"rendered":"<p>In addition to the <strong>conspicuous absence of representatives of the Balearic Government<\/strong> in the Extraordinary Plenary this Friday that <a href=\"https:\/\/lavozdeibiza.com\/actualidad\/2024\/12\/27\/oscar-portas-asume-la-presidencia-del-consell-de-formentera-tras-ejecutar-la-mocion-de-censura-contra-llorenc-cordoba\/?swcfpc=1\">has consecrated as the new president of the Consell Insular to \u00d3scar Portas of Comprom\u00eds,<\/a> the <strong>Balearic PP<\/strong> has issued a statement in which <strong>it disavows the motion of censure and opens the door to sanction its councilors who voted in favor of the proposal presented by Gent per Formentera and PSOE.<\/strong><\/p>\n<ul>\n<li>\n<h5><a href=\"https:\/\/lavozdeibiza.com\/actualidad\/2024\/12\/27\/oscar-portas-asume-la-presidencia-del-consell-de-formentera-tras-ejecutar-la-mocion-de-censura-contra-llorenc-cordoba\/?swcfpc=1\">\u00d3scar Portas assumes the presidency of the Consell de Formentera among lukewarm applause and the absence of the Govern<\/a><\/h5>\n<\/li>\n<\/ul>\n<p>In this regard, the Popular Party of the Balearic Islands said it<strong> &#8220;regrets that it has not been able to redirect the situation to maintain the absolute majority<\/strong> voted by citizens in the elections of May 28, 2023 in the Consell de Formentera, and that <strong>there has finally been the motion of censure against the president of the Consell&#8221;.<\/strong> In addition, they emphasize that &#8220;during the last year they have appealed to the responsibility of all to ensure the stability and governability of Formentera and have worked, always with respect for the autonomy of the coalition Sa Uni\u00f3, to try to redirect the situation in search of an agreement with the members of the island government team to continue with the policies of change that the people of Formentera asked for at the polls&#8221;. Without any criticism towards Lloren\u00e7 C\u00f3rdoba -who is also a deputy in the Parliament- and warning that the censure motion did not have his support, the PP criticizes that <strong>&#8220;unfortunately personal differences have been put before any possibility of agreement&#8221;.<\/strong> &#8220;The regional leadership trusts that the new president can continue working on the policies of change that won the elections and not conditioned by the left&#8221;, they point out.<\/p>\n<h2>Possible sanctions?<\/h2>\n<p>The Balearic PP also opened the door to sanctions against the four councilors who voted in favor by warning that &#8220;.<strong>the management bodies of the Partido Popular will evaluate the possible internal consequences of the motion of censure&#8221;.<\/strong><\/p>\n<p>For their part, they clarified that &#8220;<strong>will continue working both from the Govern de les Illes Balears and from the Parliament to comply with their agreements signed<\/strong> at the beginning of the legislature with the deputy for Formentera, Lloren\u00e7 C\u00f3rdoba, always for the benefit of the citizens of Formentera&#8221;.<\/p>\n<h5>Continue reading:<\/h5>\n<ul>\n<li>\n<h5><a href=\"https:\/\/lavozdeibiza.com\/formentera\/2024\/12\/27\/llorenc-cordoba-se-despide-de-la-presidencia-formentera-es-mas-grande-que-cualquiera-de-nosotros\/?swcfpc=1\">Lloren\u00e7 C\u00f3rdoba bids farewell to the presidency: &#8220;Formentera is bigger than any of us&#8221;.<\/a><\/h5>\n<\/li>\n<\/ul>\n","protected":false},"excerpt":{"rendered":"<p>The Popular Party of the Balearic Islands warns that &#8220;they will evaluate the possible internal consequences of the censure motion&#8221;.<\/p>\n","protected":false},"author":17,"featured_media":35049,"comment_status":"closed","ping_status":"closed","sticky":false,"template":"","format":"standard","meta":{"_acf_changed":false,"site-sidebar-layout":"default","site-content-layout":"","ast-site-content-layout":"default","site-content-style":"default","site-sidebar-style":"default","ast-global-header-display":"","ast-banner-title-visibility":"","ast-main-header-display":"","ast-hfb-above-header-display":"","ast-hfb-below-header-display":"","ast-hfb-mobile-header-display":"","site-post-title":"","ast-breadcrumbs-content":"","ast-featured-img":"","footer-sml-layout":"","ast-disable-related-posts":"","theme-transparent-header-meta":"default","adv-header-id-meta":"","stick-header-meta":"","header-above-stick-meta":"","header-main-stick-meta":"","header-below-stick-meta":"","astra-migrate-meta-layouts":"default","ast-page-background-enabled":"default","ast-page-background-meta":{"desktop":{"background-color":"var(--ast-global-color-4)","background-image":"","background-repeat":"repeat","background-position":"center center","background-size":"auto","background-attachment":"scroll","background-type":"","background-media":"","overlay-type":"","overlay-color":"","overlay-opacity":"","overlay-gradient":""},"tablet":{"background-color":"","background-image":"","background-repeat":"repeat","background-position":"center center","background-size":"auto","background-attachment":"scroll","background-type":"","background-media":"","overlay-type":"","overlay-color":"","overlay-opacity":"","overlay-gradient":""},"mobile":{"background-color":"","background-image":"","background-repeat":"repeat","background-position":"center center","background-size":"auto","background-attachment":"scroll","background-type":"","background-media":"","overlay-type":"","overlay-color":"","overlay-opacity":"","overlay-gradient":""}},"ast-content-background-meta":{"desktop":{"background-color":"var(--ast-global-color-5)","background-image":"","background-repeat":"repeat","background-position":"center center","background-size":"auto","background-attachment":"scroll","background-type":"","background-media":"","overlay-type":"","overlay-color":"","overlay-opacity":"","overlay-gradient":""},"tablet":{"background-color":"var(--ast-global-color-5)","background-image":"","background-repeat":"repeat","background-position":"center center","background-size":"auto","background-attachment":"scroll","background-type":"","background-media":"","overlay-type":"","overlay-color":"","overlay-opacity":"","overlay-gradient":""},"mobile":{"background-color":"var(--ast-global-color-5)","background-image":"","background-repeat":"repeat","background-position":"center center","background-size":"auto","background-attachment":"scroll","background-type":"","background-media":"","overlay-type":"","overlay-color":"","overlay-opacity":"","overlay-gradient":""}},"footnotes":""},"categories":[4612,2910,3210],"tags":[2920,2921,5580,5781],"ppma_author":[2646],"class_list":["post-79268","post","type-post","status-publish","format-standard","has-post-thumbnail","hentry","category-baleares-en","category-current-news","category-formentera-en","tag-actualidad-1-en-2","tag-actualidad-2-en","tag-pp-balears-en","tag-pp-of-formentera"],"acf":[],"yoast_head":"<!-- This site is optimized with the Yoast SEO plugin v27.4 - https:\/\/yoast.com\/product\/yoast-seo-wordpress\/ -->\n<title>Crisis between the Balearic PP and the PP of Formentera: Prohens dismisses the motion of censure and opens the door to sanction her councilors - La Voz De Ibiza<\/title>\n<meta name=\"description\" content=\"The Popular Party of the Balearic Islands warns that &quot;they will evaluate the possible internal consequences of the censure motion&quot;.\" \/>\n<meta name=\"robots\" content=\"index, follow, max-snippet:-1, max-image-preview:large, max-video-preview:-1\" \/>\n<link rel=\"canonical\" href=\"https:\/\/lavozdeibiza.com\/en\/current-news\/crisis-between-the-balearic-pp-and-the-pp-of-formentera-prohens-dismisses-the-motion-of-censure-and-opens-the-door-to-sanction-her-councilors\/\" \/>\n<meta property=\"og:locale\" content=\"en_US\" \/>\n<meta property=\"og:type\" content=\"article\" \/>\n<meta property=\"og:title\" content=\"Crisis between the Balearic PP and the PP of Formentera: Prohens dismisses the motion of censure and opens the door to sanction her councilors - La Voz De Ibiza\" \/>\n<meta property=\"og:description\" content=\"The Popular Party of the Balearic Islands warns that &quot;they will evaluate the possible internal consequences of the censure motion&quot;.\" \/>\n<meta property=\"og:url\" content=\"https:\/\/lavozdeibiza.com\/en\/current-news\/crisis-between-the-balearic-pp-and-the-pp-of-formentera-prohens-dismisses-the-motion-of-censure-and-opens-the-door-to-sanction-her-councilors\/\" \/>\n<meta property=\"og:site_name\" content=\"La Voz De Ibiza\" \/>\n<meta property=\"article:published_time\" content=\"2024-12-27T12:59:11+00:00\" \/>\n<meta property=\"og:image\" content=\"https:\/\/lavozdeibiza.com\/wp-content\/uploads\/2023\/12\/2023_9_7_2954340m.jpg\" \/>\n\t<meta property=\"og:image:width\" content=\"1200\" \/>\n\t<meta property=\"og:image:height\" content=\"800\" \/>\n\t<meta property=\"og:image:type\" content=\"image\/jpeg\" \/>\n<meta name=\"author\" content=\"Agust\u00edn Gigante\" \/>\n<meta name=\"twitter:card\" content=\"summary_large_image\" \/>\n<meta name=\"twitter:creator\" content=\"@vozdeibiza\" \/>\n<meta name=\"twitter:site\" content=\"@vozdeibiza\" \/>\n<meta name=\"twitter:label1\" content=\"Written by\" \/>\n\t<meta name=\"twitter:data1\" content=\"Agust\u00edn Gigante\" \/>\n\t<meta name=\"twitter:label2\" content=\"Est. reading time\" \/>\n\t<meta name=\"twitter:data2\" content=\"2 minutes\" \/>\n<script type=\"application\/ld+json\" class=\"yoast-schema-graph\">{\"@context\":\"https:\\\/\\\/schema.org\",\"@graph\":[{\"@type\":\"NewsArticle\",\"@id\":\"https:\\\/\\\/lavozdeibiza.com\\\/en\\\/current-news\\\/crisis-between-the-balearic-pp-and-the-pp-of-formentera-prohens-dismisses-the-motion-of-censure-and-opens-the-door-to-sanction-her-councilors\\\/#article\",\"isPartOf\":{\"@id\":\"https:\\\/\\\/lavozdeibiza.com\\\/en\\\/current-news\\\/crisis-between-the-balearic-pp-and-the-pp-of-formentera-prohens-dismisses-the-motion-of-censure-and-opens-the-door-to-sanction-her-councilors\\\/\"},\"author\":{\"name\":\"Agust\u00edn Gigante\",\"@id\":\"https:\\\/\\\/lavozdeibiza.com\\\/en\\\/#\\\/schema\\\/person\\\/daeae671b6d57a7fdaff476f7da26cfb\"},\"headline\":\"Crisis between the Balearic PP and the PP of Formentera: Prohens dismisses the motion of censure and opens the door to sanction her councilors\",\"datePublished\":\"2024-12-27T12:59:11+00:00\",\"mainEntityOfPage\":{\"@id\":\"https:\\\/\\\/lavozdeibiza.com\\\/en\\\/current-news\\\/crisis-between-the-balearic-pp-and-the-pp-of-formentera-prohens-dismisses-the-motion-of-censure-and-opens-the-door-to-sanction-her-councilors\\\/\"},\"wordCount\":424,\"publisher\":{\"@id\":\"https:\\\/\\\/lavozdeibiza.com\\\/en\\\/#organization\"},\"image\":{\"@id\":\"https:\\\/\\\/lavozdeibiza.com\\\/en\\\/current-news\\\/crisis-between-the-balearic-pp-and-the-pp-of-formentera-prohens-dismisses-the-motion-of-censure-and-opens-the-door-to-sanction-her-councilors\\\/#primaryimage\"},\"thumbnailUrl\":\"https:\\\/\\\/lavozdeibiza.com\\\/wp-content\\\/uploads\\\/2023\\\/12\\\/2023_9_7_2954340m.jpg\",\"keywords\":[\"Actualidad 1\",\"Actualidad 2\",\"PP Balears\",\"PP of Formentera\"],\"articleSection\":[\"BALEARES\",\"CURRENT NEWS\",\"FORMENTERA\"],\"inLanguage\":\"en-US\"},{\"@type\":[\"WebPage\",\"ItemPage\"],\"@id\":\"https:\\\/\\\/lavozdeibiza.com\\\/en\\\/current-news\\\/crisis-between-the-balearic-pp-and-the-pp-of-formentera-prohens-dismisses-the-motion-of-censure-and-opens-the-door-to-sanction-her-councilors\\\/\",\"url\":\"https:\\\/\\\/lavozdeibiza.com\\\/en\\\/current-news\\\/crisis-between-the-balearic-pp-and-the-pp-of-formentera-prohens-dismisses-the-motion-of-censure-and-opens-the-door-to-sanction-her-councilors\\\/\",\"name\":\"Crisis between the Balearic PP and the PP of Formentera: Prohens dismisses the motion of censure and opens the door to sanction her councilors - La Voz De Ibiza\",\"isPartOf\":{\"@id\":\"https:\\\/\\\/lavozdeibiza.com\\\/en\\\/#website\"},\"primaryImageOfPage\":{\"@id\":\"https:\\\/\\\/lavozdeibiza.com\\\/en\\\/current-news\\\/crisis-between-the-balearic-pp-and-the-pp-of-formentera-prohens-dismisses-the-motion-of-censure-and-opens-the-door-to-sanction-her-councilors\\\/#primaryimage\"},\"image\":{\"@id\":\"https:\\\/\\\/lavozdeibiza.com\\\/en\\\/current-news\\\/crisis-between-the-balearic-pp-and-the-pp-of-formentera-prohens-dismisses-the-motion-of-censure-and-opens-the-door-to-sanction-her-councilors\\\/#primaryimage\"},\"thumbnailUrl\":\"https:\\\/\\\/lavozdeibiza.com\\\/wp-content\\\/uploads\\\/2023\\\/12\\\/2023_9_7_2954340m.jpg\",\"datePublished\":\"2024-12-27T12:59:11+00:00\",\"description\":\"The Popular Party of the Balearic Islands warns that \\\"they will evaluate the possible internal consequences of the censure motion\\\".\",\"breadcrumb\":{\"@id\":\"https:\\\/\\\/lavozdeibiza.com\\\/en\\\/current-news\\\/crisis-between-the-balearic-pp-and-the-pp-of-formentera-prohens-dismisses-the-motion-of-censure-and-opens-the-door-to-sanction-her-councilors\\\/#breadcrumb\"},\"inLanguage\":\"en-US\",\"potentialAction\":[{\"@type\":\"ReadAction\",\"target\":[\"https:\\\/\\\/lavozdeibiza.com\\\/en\\\/current-news\\\/crisis-between-the-balearic-pp-and-the-pp-of-formentera-prohens-dismisses-the-motion-of-censure-and-opens-the-door-to-sanction-her-councilors\\\/\"]}]},{\"@type\":\"ImageObject\",\"inLanguage\":\"en-US\",\"@id\":\"https:\\\/\\\/lavozdeibiza.com\\\/en\\\/current-news\\\/crisis-between-the-balearic-pp-and-the-pp-of-formentera-prohens-dismisses-the-motion-of-censure-and-opens-the-door-to-sanction-her-councilors\\\/#primaryimage\",\"url\":\"https:\\\/\\\/lavozdeibiza.com\\\/wp-content\\\/uploads\\\/2023\\\/12\\\/2023_9_7_2954340m.jpg\",\"contentUrl\":\"https:\\\/\\\/lavozdeibiza.com\\\/wp-content\\\/uploads\\\/2023\\\/12\\\/2023_9_7_2954340m.jpg\",\"width\":1200,\"height\":800,\"caption\":\"La presidenta del Govern, Marga Prohens, con el diputado de Sa Uni\u00f3 per Formentera, Lloren\u00e7 C\u00f3rdoba.\"},{\"@type\":\"BreadcrumbList\",\"@id\":\"https:\\\/\\\/lavozdeibiza.com\\\/en\\\/current-news\\\/crisis-between-the-balearic-pp-and-the-pp-of-formentera-prohens-dismisses-the-motion-of-censure-and-opens-the-door-to-sanction-her-councilors\\\/#breadcrumb\",\"itemListElement\":[{\"@type\":\"ListItem\",\"position\":1,\"name\":\"Portada\",\"item\":\"https:\\\/\\\/lavozdeibiza.com\\\/en\\\/\"},{\"@type\":\"ListItem\",\"position\":2,\"name\":\"Crisis between the Balearic PP and the PP of Formentera: Prohens dismisses the motion of censure and opens the door to sanction her councilors\"}]},{\"@type\":\"WebSite\",\"@id\":\"https:\\\/\\\/lavozdeibiza.com\\\/en\\\/#website\",\"url\":\"https:\\\/\\\/lavozdeibiza.com\\\/en\\\/\",\"name\":\"La Voz de Ibiza\",\"description\":\"Diario de informaci\u00f3n actualidad y noticias de Ibiza. Todas las noticias de los municipios de Ibiza\",\"publisher\":{\"@id\":\"https:\\\/\\\/lavozdeibiza.com\\\/en\\\/#organization\"},\"potentialAction\":[{\"@type\":\"SearchAction\",\"target\":{\"@type\":\"EntryPoint\",\"urlTemplate\":\"https:\\\/\\\/lavozdeibiza.com\\\/en\\\/?s={search_term_string}\"},\"query-input\":{\"@type\":\"PropertyValueSpecification\",\"valueRequired\":true,\"valueName\":\"search_term_string\"}}],\"inLanguage\":\"en-US\"},{\"@type\":[\"Organization\",\"NewsMediaOrganization\"],\"@id\":\"https:\\\/\\\/lavozdeibiza.com\\\/en\\\/#organization\",\"name\":\"La Voz de Ibiza\",\"url\":\"https:\\\/\\\/lavozdeibiza.com\\\/en\\\/\",\"logo\":{\"@type\":\"ImageObject\",\"inLanguage\":\"en-US\",\"@id\":\"https:\\\/\\\/lavozdeibiza.com\\\/en\\\/#\\\/schema\\\/logo\\\/image\\\/\",\"url\":\"https:\\\/\\\/lavozdeibiza.com\\\/wp-content\\\/uploads\\\/2023\\\/10\\\/logo-lvib-grande.jpg\",\"contentUrl\":\"https:\\\/\\\/lavozdeibiza.com\\\/wp-content\\\/uploads\\\/2023\\\/10\\\/logo-lvib-grande.jpg\",\"width\":1500,\"height\":1000,\"caption\":\"La Voz de Ibiza\"},\"image\":{\"@id\":\"https:\\\/\\\/lavozdeibiza.com\\\/en\\\/#\\\/schema\\\/logo\\\/image\\\/\"},\"sameAs\":[\"https:\\\/\\\/x.com\\\/vozdeibiza\",\"https:\\\/\\\/www.instagram.com\\\/lavozibiza\\\/\"]},{\"@type\":\"Person\",\"@id\":\"https:\\\/\\\/lavozdeibiza.com\\\/en\\\/#\\\/schema\\\/person\\\/daeae671b6d57a7fdaff476f7da26cfb\",\"name\":\"Agust\u00edn Gigante\",\"image\":{\"@type\":\"ImageObject\",\"inLanguage\":\"en-US\",\"@id\":\"https:\\\/\\\/secure.gravatar.com\\\/avatar\\\/9c661cfc4e92b909127e423fea256839e90e70ffb25a76e44ffa8c17ef0eb72e?s=96&d=mm&r=geb0bda8b30c65ea19b0cc972ad1923ed\",\"url\":\"https:\\\/\\\/secure.gravatar.com\\\/avatar\\\/9c661cfc4e92b909127e423fea256839e90e70ffb25a76e44ffa8c17ef0eb72e?s=96&d=mm&r=g\",\"contentUrl\":\"https:\\\/\\\/secure.gravatar.com\\\/avatar\\\/9c661cfc4e92b909127e423fea256839e90e70ffb25a76e44ffa8c17ef0eb72e?s=96&d=mm&r=g\",\"caption\":\"Agust\u00edn Gigante\"},\"url\":\"https:\\\/\\\/lavozdeibiza.com\\\/en\\\/author\\\/agigante\\\/\"},{\"@type\":\"SiteNavigationElement\",\"@id\":\"https:\\\/\\\/lavozdeibiza.com\\\/en\\\/#site-navigation\",\"cssSelector\":[\".cib-main-menu\"]},{\"@type\":\"WPHeader\",\"@id\":\"https:\\\/\\\/lavozdeibiza.com\\\/en\\\/#header\",\"cssSelector\":[\".cib-header\"]},{\"@type\":\"WPFooter\",\"@id\":\"https:\\\/\\\/lavozdeibiza.com\\\/en\\\/#footer\",\"cssSelector\":[\".cib-footer\"]}]}<\/script>\n<!-- \/ Yoast SEO plugin. -->","yoast_head_json":{"title":"Crisis between the Balearic PP and the PP of Formentera: Prohens dismisses the motion of censure and opens the door to sanction her councilors - La Voz De Ibiza","description":"The Popular Party of the Balearic Islands warns that \"they will evaluate the possible internal consequences of the censure motion\".","robots":{"index":"index","follow":"follow","max-snippet":"max-snippet:-1","max-image-preview":"max-image-preview:large","max-video-preview":"max-video-preview:-1"},"canonical":"https:\/\/lavozdeibiza.com\/en\/current-news\/crisis-between-the-balearic-pp-and-the-pp-of-formentera-prohens-dismisses-the-motion-of-censure-and-opens-the-door-to-sanction-her-councilors\/","og_locale":"en_US","og_type":"article","og_title":"Crisis between the Balearic PP and the PP of Formentera: Prohens dismisses the motion of censure and opens the door to sanction her councilors - La Voz De Ibiza","og_description":"The Popular Party of the Balearic Islands warns that \"they will evaluate the possible internal consequences of the censure motion\".","og_url":"https:\/\/lavozdeibiza.com\/en\/current-news\/crisis-between-the-balearic-pp-and-the-pp-of-formentera-prohens-dismisses-the-motion-of-censure-and-opens-the-door-to-sanction-her-councilors\/","og_site_name":"La Voz De Ibiza","article_published_time":"2024-12-27T12:59:11+00:00","og_image":[{"width":1200,"height":800,"url":"https:\/\/lavozdeibiza.com\/wp-content\/uploads\/2023\/12\/2023_9_7_2954340m.jpg","type":"image\/jpeg"}],"author":"Agust\u00edn Gigante","twitter_card":"summary_large_image","twitter_creator":"@vozdeibiza","twitter_site":"@vozdeibiza","twitter_misc":{"Written by":"Agust\u00edn Gigante","Est. reading time":"2 minutes"},"schema":{"@context":"https:\/\/schema.org","@graph":[{"@type":"NewsArticle","@id":"https:\/\/lavozdeibiza.com\/en\/current-news\/crisis-between-the-balearic-pp-and-the-pp-of-formentera-prohens-dismisses-the-motion-of-censure-and-opens-the-door-to-sanction-her-councilors\/#article","isPartOf":{"@id":"https:\/\/lavozdeibiza.com\/en\/current-news\/crisis-between-the-balearic-pp-and-the-pp-of-formentera-prohens-dismisses-the-motion-of-censure-and-opens-the-door-to-sanction-her-councilors\/"},"author":{"name":"Agust\u00edn Gigante","@id":"https:\/\/lavozdeibiza.com\/en\/#\/schema\/person\/daeae671b6d57a7fdaff476f7da26cfb"},"headline":"Crisis between the Balearic PP and the PP of Formentera: Prohens dismisses the motion of censure and opens the door to sanction her councilors","datePublished":"2024-12-27T12:59:11+00:00","mainEntityOfPage":{"@id":"https:\/\/lavozdeibiza.com\/en\/current-news\/crisis-between-the-balearic-pp-and-the-pp-of-formentera-prohens-dismisses-the-motion-of-censure-and-opens-the-door-to-sanction-her-councilors\/"},"wordCount":424,"publisher":{"@id":"https:\/\/lavozdeibiza.com\/en\/#organization"},"image":{"@id":"https:\/\/lavozdeibiza.com\/en\/current-news\/crisis-between-the-balearic-pp-and-the-pp-of-formentera-prohens-dismisses-the-motion-of-censure-and-opens-the-door-to-sanction-her-councilors\/#primaryimage"},"thumbnailUrl":"https:\/\/lavozdeibiza.com\/wp-content\/uploads\/2023\/12\/2023_9_7_2954340m.jpg","keywords":["Actualidad 1","Actualidad 2","PP Balears","PP of Formentera"],"articleSection":["BALEARES","CURRENT NEWS","FORMENTERA"],"inLanguage":"en-US"},{"@type":["WebPage","ItemPage"],"@id":"https:\/\/lavozdeibiza.com\/en\/current-news\/crisis-between-the-balearic-pp-and-the-pp-of-formentera-prohens-dismisses-the-motion-of-censure-and-opens-the-door-to-sanction-her-councilors\/","url":"https:\/\/lavozdeibiza.com\/en\/current-news\/crisis-between-the-balearic-pp-and-the-pp-of-formentera-prohens-dismisses-the-motion-of-censure-and-opens-the-door-to-sanction-her-councilors\/","name":"Crisis between the Balearic PP and the PP of Formentera: Prohens dismisses the motion of censure and opens the door to sanction her councilors - La Voz De Ibiza","isPartOf":{"@id":"https:\/\/lavozdeibiza.com\/en\/#website"},"primaryImageOfPage":{"@id":"https:\/\/lavozdeibiza.com\/en\/current-news\/crisis-between-the-balearic-pp-and-the-pp-of-formentera-prohens-dismisses-the-motion-of-censure-and-opens-the-door-to-sanction-her-councilors\/#primaryimage"},"image":{"@id":"https:\/\/lavozdeibiza.com\/en\/current-news\/crisis-between-the-balearic-pp-and-the-pp-of-formentera-prohens-dismisses-the-motion-of-censure-and-opens-the-door-to-sanction-her-councilors\/#primaryimage"},"thumbnailUrl":"https:\/\/lavozdeibiza.com\/wp-content\/uploads\/2023\/12\/2023_9_7_2954340m.jpg","datePublished":"2024-12-27T12:59:11+00:00","description":"The Popular Party of the Balearic Islands warns that \"they will evaluate the possible internal consequences of the censure motion\".","breadcrumb":{"@id":"https:\/\/lavozdeibiza.com\/en\/current-news\/crisis-between-the-balearic-pp-and-the-pp-of-formentera-prohens-dismisses-the-motion-of-censure-and-opens-the-door-to-sanction-her-councilors\/#breadcrumb"},"inLanguage":"en-US","potentialAction":[{"@type":"ReadAction","target":["https:\/\/lavozdeibiza.com\/en\/current-news\/crisis-between-the-balearic-pp-and-the-pp-of-formentera-prohens-dismisses-the-motion-of-censure-and-opens-the-door-to-sanction-her-councilors\/"]}]},{"@type":"ImageObject","inLanguage":"en-US","@id":"https:\/\/lavozdeibiza.com\/en\/current-news\/crisis-between-the-balearic-pp-and-the-pp-of-formentera-prohens-dismisses-the-motion-of-censure-and-opens-the-door-to-sanction-her-councilors\/#primaryimage","url":"https:\/\/lavozdeibiza.com\/wp-content\/uploads\/2023\/12\/2023_9_7_2954340m.jpg","contentUrl":"https:\/\/lavozdeibiza.com\/wp-content\/uploads\/2023\/12\/2023_9_7_2954340m.jpg","width":1200,"height":800,"caption":"La presidenta del Govern, Marga Prohens, con el diputado de Sa Uni\u00f3 per Formentera, Lloren\u00e7 C\u00f3rdoba."},{"@type":"BreadcrumbList","@id":"https:\/\/lavozdeibiza.com\/en\/current-news\/crisis-between-the-balearic-pp-and-the-pp-of-formentera-prohens-dismisses-the-motion-of-censure-and-opens-the-door-to-sanction-her-councilors\/#breadcrumb","itemListElement":[{"@type":"ListItem","position":1,"name":"Portada","item":"https:\/\/lavozdeibiza.com\/en\/"},{"@type":"ListItem","position":2,"name":"Crisis between the Balearic PP and the PP of Formentera: Prohens dismisses the motion of censure and opens the door to sanction her councilors"}]},{"@type":"WebSite","@id":"https:\/\/lavozdeibiza.com\/en\/#website","url":"https:\/\/lavozdeibiza.com\/en\/","name":"La Voz de Ibiza","description":"Diario de informaci\u00f3n actualidad y noticias de Ibiza. Todas las noticias de los municipios de Ibiza","publisher":{"@id":"https:\/\/lavozdeibiza.com\/en\/#organization"},"potentialAction":[{"@type":"SearchAction","target":{"@type":"EntryPoint","urlTemplate":"https:\/\/lavozdeibiza.com\/en\/?s={search_term_string}"},"query-input":{"@type":"PropertyValueSpecification","valueRequired":true,"valueName":"search_term_string"}}],"inLanguage":"en-US"},{"@type":["Organization","NewsMediaOrganization"],"@id":"https:\/\/lavozdeibiza.com\/en\/#organization","name":"La Voz de Ibiza","url":"https:\/\/lavozdeibiza.com\/en\/","logo":{"@type":"ImageObject","inLanguage":"en-US","@id":"https:\/\/lavozdeibiza.com\/en\/#\/schema\/logo\/image\/","url":"https:\/\/lavozdeibiza.com\/wp-content\/uploads\/2023\/10\/logo-lvib-grande.jpg","contentUrl":"https:\/\/lavozdeibiza.com\/wp-content\/uploads\/2023\/10\/logo-lvib-grande.jpg","width":1500,"height":1000,"caption":"La Voz de Ibiza"},"image":{"@id":"https:\/\/lavozdeibiza.com\/en\/#\/schema\/logo\/image\/"},"sameAs":["https:\/\/x.com\/vozdeibiza","https:\/\/www.instagram.com\/lavozibiza\/"]},{"@type":"Person","@id":"https:\/\/lavozdeibiza.com\/en\/#\/schema\/person\/daeae671b6d57a7fdaff476f7da26cfb","name":"Agust\u00edn Gigante","image":{"@type":"ImageObject","inLanguage":"en-US","@id":"https:\/\/secure.gravatar.com\/avatar\/9c661cfc4e92b909127e423fea256839e90e70ffb25a76e44ffa8c17ef0eb72e?s=96&d=mm&r=geb0bda8b30c65ea19b0cc972ad1923ed","url":"https:\/\/secure.gravatar.com\/avatar\/9c661cfc4e92b909127e423fea256839e90e70ffb25a76e44ffa8c17ef0eb72e?s=96&d=mm&r=g","contentUrl":"https:\/\/secure.gravatar.com\/avatar\/9c661cfc4e92b909127e423fea256839e90e70ffb25a76e44ffa8c17ef0eb72e?s=96&d=mm&r=g","caption":"Agust\u00edn Gigante"},"url":"https:\/\/lavozdeibiza.com\/en\/author\/agigante\/"},{"@type":"SiteNavigationElement","@id":"https:\/\/lavozdeibiza.com\/en\/#site-navigation","cssSelector":[".cib-main-menu"]},{"@type":"WPHeader","@id":"https:\/\/lavozdeibiza.com\/en\/#header","cssSelector":[".cib-header"]},{"@type":"WPFooter","@id":"https:\/\/lavozdeibiza.com\/en\/#footer","cssSelector":[".cib-footer"]}]}},"authors":[{"term_id":2646,"user_id":17,"is_guest":0,"slug":"agigante","display_name":"Agust\u00edn Gigante","avatar_url":"https:\/\/secure.gravatar.com\/avatar\/9c661cfc4e92b909127e423fea256839e90e70ffb25a76e44ffa8c17ef0eb72e?s=96&d=mm&r=g","0":null,"1":"","2":"","3":"","4":"","5":"","6":"","7":"","8":"","9":"","10":""}],"_links":{"self":[{"href":"https:\/\/lavozdeibiza.com\/en\/wp-json\/wp\/v2\/posts\/79268","targetHints":{"allow":["GET"]}}],"collection":[{"href":"https:\/\/lavozdeibiza.com\/en\/wp-json\/wp\/v2\/posts"}],"about":[{"href":"https:\/\/lavozdeibiza.com\/en\/wp-json\/wp\/v2\/types\/post"}],"author":[{"embeddable":true,"href":"https:\/\/lavozdeibiza.com\/en\/wp-json\/wp\/v2\/users\/17"}],"replies":[{"embeddable":true,"href":"https:\/\/lavozdeibiza.com\/en\/wp-json\/wp\/v2\/comments?post=79268"}],"version-history":[{"count":0,"href":"https:\/\/lavozdeibiza.com\/en\/wp-json\/wp\/v2\/posts\/79268\/revisions"}],"wp:featuredmedia":[{"embeddable":true,"href":"https:\/\/lavozdeibiza.com\/en\/wp-json\/wp\/v2\/media\/35049"}],"wp:attachment":[{"href":"https:\/\/lavozdeibiza.com\/en\/wp-json\/wp\/v2\/media?parent=79268"}],"wp:term":[{"taxonomy":"category","embeddable":true,"href":"https:\/\/lavozdeibiza.com\/en\/wp-json\/wp\/v2\/categories?post=79268"},{"taxonomy":"post_tag","embeddable":true,"href":"https:\/\/lavozdeibiza.com\/en\/wp-json\/wp\/v2\/tags?post=79268"},{"taxonomy":"author","embeddable":true,"href":"https:\/\/lavozdeibiza.com\/en\/wp-json\/wp\/v2\/ppma_author?post=79268"}],"curies":[{"name":"wp","href":"https:\/\/api.w.org\/{rel}","templated":true}]}}