{"id":79858,"date":"2025-01-02T14:05:46","date_gmt":"2025-01-02T13:05:46","guid":{"rendered":"https:\/\/lavozdeibiza.com\/sin-categorizar\/2025\/01\/02\/the-first-baby-born-in-the-balearic-islands-in-2025-is-from-ibiza\/"},"modified":"2025-01-02T14:05:46","modified_gmt":"2025-01-02T13:05:46","slug":"the-first-baby-born-in-the-balearic-islands-in-2025-is-from-ibiza","status":"publish","type":"post","link":"https:\/\/lavozdeibiza.com\/en\/current-news\/the-first-baby-born-in-the-balearic-islands-in-2025-is-from-ibiza\/","title":{"rendered":"The first baby born in the Balearic Islands in 2025 is from Ibiza"},"content":{"rendered":"<p>Just 52 minutes into the new year, <strong>Ibiza<\/strong> has become the scene of a news full of hope: the first baby of the <strong>Balearic Islands<\/strong> in <a href=\"https:\/\/lavozdeibiza.com\/actualidad\/2025\/01\/01\/llega-a-ibiza-la-primera-patera-del-ano-con-21-inmigrantes-a-bordo\/?swcfpc=1\">2025<\/a> was born at <strong>Can Misses Hospital<\/strong>. Dylan Luis, weighing 4 kilograms, came into the world by caesarean section, marking a beginning full of hope for his parents and the community of Ibiza and Formentera.<\/p>\n<h2><strong>A medical team of excellence<\/strong><\/h2>\n<p>The birth was attended by an outstanding medical team from the Ibiza and Formentera Health Area, made up of gynecologists Yanira Rodr\u00edguez and Raquel Gasc\u00f3n, Obstetrics MIR Mikele Mannion and anesthesiologist Leticia Villaverde.<\/p>\n<ul>\n<li><a href=\"https:\/\/lavozdeibiza.com\/actualidad\/2025\/01\/01\/una-reyerta-con-armas-de-fuego-se-salda-con-un-hombre-muerto-y-tres-heridos\/?swcfpc=1\">Gun brawl results in one man dead and three injured<\/a><\/li>\n<\/ul>\n<p>The parents, Nancy Soledad Morel Castillo, originally from Paraguay, and Eduardo Vald\u00e9s, from the Dominican Republic, did not hide their excitement at the arrival of their son at such a special time of the year. &#8220;It is a blessing to begin 2025 with this gift,&#8221; they expressed with emotion. <\/p>\n<h2><strong>Leonardo Emmanuel, the last baby of 2024<\/strong><\/h2>\n<p><strong>While Dylan Luis opened the calendar for the new year, Ibiza also witnessed the last birth of 2024<\/strong>. At 22:46 on December 31, Leonardo Emmanuel came into the world weighing 2,480 grams. His birth, a normal delivery assisted by midwife Abigail Perpi\u00f1\u00e0 Gand\u00eda, was described as &#8220;the perfect end to an unforgettable year&#8221; by his parents, Pablo Granados and Charlotte Lecumberri Astruc, both residents of the island. <\/p>\n<h2><strong>A beginning and a closing at Can Misses Hospital<\/strong><\/h2>\n<p>The Ibiza and Formentera Health Area celebrated both births as a reminder of the cycle of life that does not stop, even on such significant dates. Dylan Luis and Leonardo Emmanuel not only symbolize new beginnings and endings, but are also a reflection of the professional and committed care that characterizes Can Misses Hospital. <\/p>\n<h4>Continue reading<\/h4>\n<ul>\n<li><a href=\"https:\/\/lavozdeibiza.com\/actualidad\/2024\/12\/30\/ib-salut-tarda-15-anos-en-instalar-una-sala-de-radiologia-en-el-centro-de-salud-de-sant-antoni\/?swcfpc=1\">Ib Salut takes 15 years to install a radiology room in the health center of Sant Antoni<\/a><\/li>\n<\/ul>\n","protected":false},"excerpt":{"rendered":"<p>While Dylan Luis opened the calendar of the new year, Ibiza also witnessed the last birth of 2024.<\/p>\n","protected":false},"author":1,"featured_media":79856,"comment_status":"closed","ping_status":"closed","sticky":false,"template":"","format":"standard","meta":{"_acf_changed":false,"site-sidebar-layout":"default","site-content-layout":"","ast-site-content-layout":"default","site-content-style":"default","site-sidebar-style":"default","ast-global-header-display":"","ast-banner-title-visibility":"","ast-main-header-display":"","ast-hfb-above-header-display":"","ast-hfb-below-header-display":"","ast-hfb-mobile-header-display":"","site-post-title":"","ast-breadcrumbs-content":"","ast-featured-img":"","footer-sml-layout":"","ast-disable-related-posts":"","theme-transparent-header-meta":"default","adv-header-id-meta":"","stick-header-meta":"","header-above-stick-meta":"","header-main-stick-meta":"","header-below-stick-meta":"","astra-migrate-meta-layouts":"default","ast-page-background-enabled":"default","ast-page-background-meta":{"desktop":{"background-color":"var(--ast-global-color-4)","background-image":"","background-repeat":"repeat","background-position":"center center","background-size":"auto","background-attachment":"scroll","background-type":"","background-media":"","overlay-type":"","overlay-color":"","overlay-opacity":"","overlay-gradient":""},"tablet":{"background-color":"","background-image":"","background-repeat":"repeat","background-position":"center center","background-size":"auto","background-attachment":"scroll","background-type":"","background-media":"","overlay-type":"","overlay-color":"","overlay-opacity":"","overlay-gradient":""},"mobile":{"background-color":"","background-image":"","background-repeat":"repeat","background-position":"center center","background-size":"auto","background-attachment":"scroll","background-type":"","background-media":"","overlay-type":"","overlay-color":"","overlay-opacity":"","overlay-gradient":""}},"ast-content-background-meta":{"desktop":{"background-color":"var(--ast-global-color-5)","background-image":"","background-repeat":"repeat","background-position":"center center","background-size":"auto","background-attachment":"scroll","background-type":"","background-media":"","overlay-type":"","overlay-color":"","overlay-opacity":"","overlay-gradient":""},"tablet":{"background-color":"var(--ast-global-color-5)","background-image":"","background-repeat":"repeat","background-position":"center center","background-size":"auto","background-attachment":"scroll","background-type":"","background-media":"","overlay-type":"","overlay-color":"","overlay-opacity":"","overlay-gradient":""},"mobile":{"background-color":"var(--ast-global-color-5)","background-image":"","background-repeat":"repeat","background-position":"center center","background-size":"auto","background-attachment":"scroll","background-type":"","background-media":"","overlay-type":"","overlay-color":"","overlay-opacity":"","overlay-gradient":""}},"footnotes":""},"categories":[2910,2918],"tags":[2912,5529],"ppma_author":[2662],"class_list":["post-79858","post","type-post","status-publish","format-standard","has-post-thumbnail","hentry","category-current-news","category-ibiza-en","tag-actualidad-3-en","tag-can-misses-hospital"],"acf":[],"yoast_head":"<!-- This site is optimized with the Yoast SEO plugin v27.4 - https:\/\/yoast.com\/product\/yoast-seo-wordpress\/ -->\n<title>The first baby born in the Balearic Islands in 2025 is from Ibiza - La Voz De Ibiza<\/title>\n<meta name=\"description\" content=\"While Dylan Luis opened the calendar of the new year, Ibiza also witnessed the last birth of 2024.\" \/>\n<meta name=\"robots\" content=\"index, follow, max-snippet:-1, max-image-preview:large, max-video-preview:-1\" \/>\n<link rel=\"canonical\" href=\"https:\/\/lavozdeibiza.com\/en\/current-news\/the-first-baby-born-in-the-balearic-islands-in-2025-is-from-ibiza\/\" \/>\n<meta property=\"og:locale\" content=\"en_US\" \/>\n<meta property=\"og:type\" content=\"article\" \/>\n<meta property=\"og:title\" content=\"The first baby born in the Balearic Islands in 2025 is from Ibiza - La Voz De Ibiza\" \/>\n<meta property=\"og:description\" content=\"While Dylan Luis opened the calendar of the new year, Ibiza also witnessed the last birth of 2024.\" \/>\n<meta property=\"og:url\" content=\"https:\/\/lavozdeibiza.com\/en\/current-news\/the-first-baby-born-in-the-balearic-islands-in-2025-is-from-ibiza\/\" \/>\n<meta property=\"og:site_name\" content=\"La Voz De Ibiza\" \/>\n<meta property=\"article:published_time\" content=\"2025-01-02T13:05:46+00:00\" \/>\n<meta property=\"og:image\" content=\"https:\/\/lavozdeibiza.com\/wp-content\/uploads\/2025\/01\/Primer-nacimiento-de-Ibiza-de-Pitiusas-y-de-Baleares.jpeg\" \/>\n\t<meta property=\"og:image:width\" content=\"1280\" \/>\n\t<meta property=\"og:image:height\" content=\"720\" \/>\n\t<meta property=\"og:image:type\" content=\"image\/jpeg\" \/>\n<meta name=\"author\" content=\"Marcos Camiolo\" \/>\n<meta name=\"twitter:card\" content=\"summary_large_image\" \/>\n<meta name=\"twitter:creator\" content=\"@vozdeibiza\" \/>\n<meta name=\"twitter:site\" content=\"@vozdeibiza\" \/>\n<meta name=\"twitter:label1\" content=\"Written by\" \/>\n\t<meta name=\"twitter:data1\" content=\"Administrador\" \/>\n\t<meta name=\"twitter:label2\" content=\"Est. reading time\" \/>\n\t<meta name=\"twitter:data2\" content=\"2 minutes\" \/>\n<script type=\"application\/ld+json\" class=\"yoast-schema-graph\">{\"@context\":\"https:\\\/\\\/schema.org\",\"@graph\":[{\"@type\":\"NewsArticle\",\"@id\":\"https:\\\/\\\/lavozdeibiza.com\\\/en\\\/current-news\\\/the-first-baby-born-in-the-balearic-islands-in-2025-is-from-ibiza\\\/#article\",\"isPartOf\":{\"@id\":\"https:\\\/\\\/lavozdeibiza.com\\\/en\\\/current-news\\\/the-first-baby-born-in-the-balearic-islands-in-2025-is-from-ibiza\\\/\"},\"author\":{\"name\":\"Administrador\",\"@id\":\"https:\\\/\\\/lavozdeibiza.com\\\/en\\\/#\\\/schema\\\/person\\\/a117247bb9cbe19d974f3e7836c216af\"},\"headline\":\"The first baby born in the Balearic Islands in 2025 is from Ibiza\",\"datePublished\":\"2025-01-02T13:05:46+00:00\",\"mainEntityOfPage\":{\"@id\":\"https:\\\/\\\/lavozdeibiza.com\\\/en\\\/current-news\\\/the-first-baby-born-in-the-balearic-islands-in-2025-is-from-ibiza\\\/\"},\"wordCount\":320,\"publisher\":{\"@id\":\"https:\\\/\\\/lavozdeibiza.com\\\/en\\\/#organization\"},\"image\":{\"@id\":\"https:\\\/\\\/lavozdeibiza.com\\\/en\\\/current-news\\\/the-first-baby-born-in-the-balearic-islands-in-2025-is-from-ibiza\\\/#primaryimage\"},\"thumbnailUrl\":\"https:\\\/\\\/lavozdeibiza.com\\\/wp-content\\\/uploads\\\/2025\\\/01\\\/Primer-nacimiento-de-Ibiza-de-Pitiusas-y-de-Baleares.jpeg\",\"keywords\":[\"Actualidad 3\",\"Can Misses Hospital\"],\"articleSection\":[\"CURRENT NEWS\",\"IBIZA\"],\"inLanguage\":\"en-US\"},{\"@type\":[\"WebPage\",\"ItemPage\"],\"@id\":\"https:\\\/\\\/lavozdeibiza.com\\\/en\\\/current-news\\\/the-first-baby-born-in-the-balearic-islands-in-2025-is-from-ibiza\\\/\",\"url\":\"https:\\\/\\\/lavozdeibiza.com\\\/en\\\/current-news\\\/the-first-baby-born-in-the-balearic-islands-in-2025-is-from-ibiza\\\/\",\"name\":\"The first baby born in the Balearic Islands in 2025 is from Ibiza - La Voz De Ibiza\",\"isPartOf\":{\"@id\":\"https:\\\/\\\/lavozdeibiza.com\\\/en\\\/#website\"},\"primaryImageOfPage\":{\"@id\":\"https:\\\/\\\/lavozdeibiza.com\\\/en\\\/current-news\\\/the-first-baby-born-in-the-balearic-islands-in-2025-is-from-ibiza\\\/#primaryimage\"},\"image\":{\"@id\":\"https:\\\/\\\/lavozdeibiza.com\\\/en\\\/current-news\\\/the-first-baby-born-in-the-balearic-islands-in-2025-is-from-ibiza\\\/#primaryimage\"},\"thumbnailUrl\":\"https:\\\/\\\/lavozdeibiza.com\\\/wp-content\\\/uploads\\\/2025\\\/01\\\/Primer-nacimiento-de-Ibiza-de-Pitiusas-y-de-Baleares.jpeg\",\"datePublished\":\"2025-01-02T13:05:46+00:00\",\"description\":\"While Dylan Luis opened the calendar of the new year, Ibiza also witnessed the last birth of 2024.\",\"breadcrumb\":{\"@id\":\"https:\\\/\\\/lavozdeibiza.com\\\/en\\\/current-news\\\/the-first-baby-born-in-the-balearic-islands-in-2025-is-from-ibiza\\\/#breadcrumb\"},\"inLanguage\":\"en-US\",\"potentialAction\":[{\"@type\":\"ReadAction\",\"target\":[\"https:\\\/\\\/lavozdeibiza.com\\\/en\\\/current-news\\\/the-first-baby-born-in-the-balearic-islands-in-2025-is-from-ibiza\\\/\"]}]},{\"@type\":\"ImageObject\",\"inLanguage\":\"en-US\",\"@id\":\"https:\\\/\\\/lavozdeibiza.com\\\/en\\\/current-news\\\/the-first-baby-born-in-the-balearic-islands-in-2025-is-from-ibiza\\\/#primaryimage\",\"url\":\"https:\\\/\\\/lavozdeibiza.com\\\/wp-content\\\/uploads\\\/2025\\\/01\\\/Primer-nacimiento-de-Ibiza-de-Pitiusas-y-de-Baleares.jpeg\",\"contentUrl\":\"https:\\\/\\\/lavozdeibiza.com\\\/wp-content\\\/uploads\\\/2025\\\/01\\\/Primer-nacimiento-de-Ibiza-de-Pitiusas-y-de-Baleares.jpeg\",\"width\":1280,\"height\":720},{\"@type\":\"BreadcrumbList\",\"@id\":\"https:\\\/\\\/lavozdeibiza.com\\\/en\\\/current-news\\\/the-first-baby-born-in-the-balearic-islands-in-2025-is-from-ibiza\\\/#breadcrumb\",\"itemListElement\":[{\"@type\":\"ListItem\",\"position\":1,\"name\":\"Portada\",\"item\":\"https:\\\/\\\/lavozdeibiza.com\\\/en\\\/\"},{\"@type\":\"ListItem\",\"position\":2,\"name\":\"The first baby born in the Balearic Islands in 2025 is from Ibiza\"}]},{\"@type\":\"WebSite\",\"@id\":\"https:\\\/\\\/lavozdeibiza.com\\\/en\\\/#website\",\"url\":\"https:\\\/\\\/lavozdeibiza.com\\\/en\\\/\",\"name\":\"La Voz de Ibiza\",\"description\":\"Diario de informaci\u00f3n actualidad y noticias de Ibiza. Todas las noticias de los municipios de Ibiza\",\"publisher\":{\"@id\":\"https:\\\/\\\/lavozdeibiza.com\\\/en\\\/#organization\"},\"potentialAction\":[{\"@type\":\"SearchAction\",\"target\":{\"@type\":\"EntryPoint\",\"urlTemplate\":\"https:\\\/\\\/lavozdeibiza.com\\\/en\\\/?s={search_term_string}\"},\"query-input\":{\"@type\":\"PropertyValueSpecification\",\"valueRequired\":true,\"valueName\":\"search_term_string\"}}],\"inLanguage\":\"en-US\"},{\"@type\":[\"Organization\",\"NewsMediaOrganization\"],\"@id\":\"https:\\\/\\\/lavozdeibiza.com\\\/en\\\/#organization\",\"name\":\"La Voz de Ibiza\",\"url\":\"https:\\\/\\\/lavozdeibiza.com\\\/en\\\/\",\"logo\":{\"@type\":\"ImageObject\",\"inLanguage\":\"en-US\",\"@id\":\"https:\\\/\\\/lavozdeibiza.com\\\/en\\\/#\\\/schema\\\/logo\\\/image\\\/\",\"url\":\"https:\\\/\\\/lavozdeibiza.com\\\/wp-content\\\/uploads\\\/2023\\\/10\\\/logo-lvib-grande.jpg\",\"contentUrl\":\"https:\\\/\\\/lavozdeibiza.com\\\/wp-content\\\/uploads\\\/2023\\\/10\\\/logo-lvib-grande.jpg\",\"width\":1500,\"height\":1000,\"caption\":\"La Voz de Ibiza\"},\"image\":{\"@id\":\"https:\\\/\\\/lavozdeibiza.com\\\/en\\\/#\\\/schema\\\/logo\\\/image\\\/\"},\"sameAs\":[\"https:\\\/\\\/x.com\\\/vozdeibiza\",\"https:\\\/\\\/www.instagram.com\\\/lavozibiza\\\/\"]},{\"@type\":\"Person\",\"@id\":\"https:\\\/\\\/lavozdeibiza.com\\\/en\\\/#\\\/schema\\\/person\\\/a117247bb9cbe19d974f3e7836c216af\",\"name\":\"Administrador\",\"image\":{\"@type\":\"ImageObject\",\"inLanguage\":\"en-US\",\"@id\":\"https:\\\/\\\/secure.gravatar.com\\\/avatar\\\/986e5d1feb165770155d072107f42e3b57732948d149f326b8e7f0d7c430afee?s=96&d=mm&r=g5cb9a474e9f1438539234491a8b23201\",\"url\":\"https:\\\/\\\/secure.gravatar.com\\\/avatar\\\/986e5d1feb165770155d072107f42e3b57732948d149f326b8e7f0d7c430afee?s=96&d=mm&r=g\",\"contentUrl\":\"https:\\\/\\\/secure.gravatar.com\\\/avatar\\\/986e5d1feb165770155d072107f42e3b57732948d149f326b8e7f0d7c430afee?s=96&d=mm&r=g\",\"caption\":\"Administrador\"},\"sameAs\":[\"http:\\\/\\\/lavozdeibiza.cibeles.net\"],\"url\":\"https:\\\/\\\/lavozdeibiza.com\\\/en\\\/author\\\/administrador\\\/\"},{\"@type\":\"SiteNavigationElement\",\"@id\":\"https:\\\/\\\/lavozdeibiza.com\\\/en\\\/#site-navigation\",\"cssSelector\":[\".cib-main-menu\"]},{\"@type\":\"WPHeader\",\"@id\":\"https:\\\/\\\/lavozdeibiza.com\\\/en\\\/#header\",\"cssSelector\":[\".cib-header\"]},{\"@type\":\"WPFooter\",\"@id\":\"https:\\\/\\\/lavozdeibiza.com\\\/en\\\/#footer\",\"cssSelector\":[\".cib-footer\"]}]}<\/script>\n<!-- \/ Yoast SEO plugin. -->","yoast_head_json":{"title":"The first baby born in the Balearic Islands in 2025 is from Ibiza - La Voz De Ibiza","description":"While Dylan Luis opened the calendar of the new year, Ibiza also witnessed the last birth of 2024.","robots":{"index":"index","follow":"follow","max-snippet":"max-snippet:-1","max-image-preview":"max-image-preview:large","max-video-preview":"max-video-preview:-1"},"canonical":"https:\/\/lavozdeibiza.com\/en\/current-news\/the-first-baby-born-in-the-balearic-islands-in-2025-is-from-ibiza\/","og_locale":"en_US","og_type":"article","og_title":"The first baby born in the Balearic Islands in 2025 is from Ibiza - La Voz De Ibiza","og_description":"While Dylan Luis opened the calendar of the new year, Ibiza also witnessed the last birth of 2024.","og_url":"https:\/\/lavozdeibiza.com\/en\/current-news\/the-first-baby-born-in-the-balearic-islands-in-2025-is-from-ibiza\/","og_site_name":"La Voz De Ibiza","article_published_time":"2025-01-02T13:05:46+00:00","og_image":[{"width":1280,"height":720,"url":"https:\/\/lavozdeibiza.com\/wp-content\/uploads\/2025\/01\/Primer-nacimiento-de-Ibiza-de-Pitiusas-y-de-Baleares.jpeg","type":"image\/jpeg"}],"author":"Marcos Camiolo","twitter_card":"summary_large_image","twitter_creator":"@vozdeibiza","twitter_site":"@vozdeibiza","twitter_misc":{"Written by":"Administrador","Est. reading time":"2 minutes"},"schema":{"@context":"https:\/\/schema.org","@graph":[{"@type":"NewsArticle","@id":"https:\/\/lavozdeibiza.com\/en\/current-news\/the-first-baby-born-in-the-balearic-islands-in-2025-is-from-ibiza\/#article","isPartOf":{"@id":"https:\/\/lavozdeibiza.com\/en\/current-news\/the-first-baby-born-in-the-balearic-islands-in-2025-is-from-ibiza\/"},"author":{"name":"Administrador","@id":"https:\/\/lavozdeibiza.com\/en\/#\/schema\/person\/a117247bb9cbe19d974f3e7836c216af"},"headline":"The first baby born in the Balearic Islands in 2025 is from Ibiza","datePublished":"2025-01-02T13:05:46+00:00","mainEntityOfPage":{"@id":"https:\/\/lavozdeibiza.com\/en\/current-news\/the-first-baby-born-in-the-balearic-islands-in-2025-is-from-ibiza\/"},"wordCount":320,"publisher":{"@id":"https:\/\/lavozdeibiza.com\/en\/#organization"},"image":{"@id":"https:\/\/lavozdeibiza.com\/en\/current-news\/the-first-baby-born-in-the-balearic-islands-in-2025-is-from-ibiza\/#primaryimage"},"thumbnailUrl":"https:\/\/lavozdeibiza.com\/wp-content\/uploads\/2025\/01\/Primer-nacimiento-de-Ibiza-de-Pitiusas-y-de-Baleares.jpeg","keywords":["Actualidad 3","Can Misses Hospital"],"articleSection":["CURRENT NEWS","IBIZA"],"inLanguage":"en-US"},{"@type":["WebPage","ItemPage"],"@id":"https:\/\/lavozdeibiza.com\/en\/current-news\/the-first-baby-born-in-the-balearic-islands-in-2025-is-from-ibiza\/","url":"https:\/\/lavozdeibiza.com\/en\/current-news\/the-first-baby-born-in-the-balearic-islands-in-2025-is-from-ibiza\/","name":"The first baby born in the Balearic Islands in 2025 is from Ibiza - La Voz De Ibiza","isPartOf":{"@id":"https:\/\/lavozdeibiza.com\/en\/#website"},"primaryImageOfPage":{"@id":"https:\/\/lavozdeibiza.com\/en\/current-news\/the-first-baby-born-in-the-balearic-islands-in-2025-is-from-ibiza\/#primaryimage"},"image":{"@id":"https:\/\/lavozdeibiza.com\/en\/current-news\/the-first-baby-born-in-the-balearic-islands-in-2025-is-from-ibiza\/#primaryimage"},"thumbnailUrl":"https:\/\/lavozdeibiza.com\/wp-content\/uploads\/2025\/01\/Primer-nacimiento-de-Ibiza-de-Pitiusas-y-de-Baleares.jpeg","datePublished":"2025-01-02T13:05:46+00:00","description":"While Dylan Luis opened the calendar of the new year, Ibiza also witnessed the last birth of 2024.","breadcrumb":{"@id":"https:\/\/lavozdeibiza.com\/en\/current-news\/the-first-baby-born-in-the-balearic-islands-in-2025-is-from-ibiza\/#breadcrumb"},"inLanguage":"en-US","potentialAction":[{"@type":"ReadAction","target":["https:\/\/lavozdeibiza.com\/en\/current-news\/the-first-baby-born-in-the-balearic-islands-in-2025-is-from-ibiza\/"]}]},{"@type":"ImageObject","inLanguage":"en-US","@id":"https:\/\/lavozdeibiza.com\/en\/current-news\/the-first-baby-born-in-the-balearic-islands-in-2025-is-from-ibiza\/#primaryimage","url":"https:\/\/lavozdeibiza.com\/wp-content\/uploads\/2025\/01\/Primer-nacimiento-de-Ibiza-de-Pitiusas-y-de-Baleares.jpeg","contentUrl":"https:\/\/lavozdeibiza.com\/wp-content\/uploads\/2025\/01\/Primer-nacimiento-de-Ibiza-de-Pitiusas-y-de-Baleares.jpeg","width":1280,"height":720},{"@type":"BreadcrumbList","@id":"https:\/\/lavozdeibiza.com\/en\/current-news\/the-first-baby-born-in-the-balearic-islands-in-2025-is-from-ibiza\/#breadcrumb","itemListElement":[{"@type":"ListItem","position":1,"name":"Portada","item":"https:\/\/lavozdeibiza.com\/en\/"},{"@type":"ListItem","position":2,"name":"The first baby born in the Balearic Islands in 2025 is from Ibiza"}]},{"@type":"WebSite","@id":"https:\/\/lavozdeibiza.com\/en\/#website","url":"https:\/\/lavozdeibiza.com\/en\/","name":"La Voz de Ibiza","description":"Diario de informaci\u00f3n actualidad y noticias de Ibiza. Todas las noticias de los municipios de Ibiza","publisher":{"@id":"https:\/\/lavozdeibiza.com\/en\/#organization"},"potentialAction":[{"@type":"SearchAction","target":{"@type":"EntryPoint","urlTemplate":"https:\/\/lavozdeibiza.com\/en\/?s={search_term_string}"},"query-input":{"@type":"PropertyValueSpecification","valueRequired":true,"valueName":"search_term_string"}}],"inLanguage":"en-US"},{"@type":["Organization","NewsMediaOrganization"],"@id":"https:\/\/lavozdeibiza.com\/en\/#organization","name":"La Voz de Ibiza","url":"https:\/\/lavozdeibiza.com\/en\/","logo":{"@type":"ImageObject","inLanguage":"en-US","@id":"https:\/\/lavozdeibiza.com\/en\/#\/schema\/logo\/image\/","url":"https:\/\/lavozdeibiza.com\/wp-content\/uploads\/2023\/10\/logo-lvib-grande.jpg","contentUrl":"https:\/\/lavozdeibiza.com\/wp-content\/uploads\/2023\/10\/logo-lvib-grande.jpg","width":1500,"height":1000,"caption":"La Voz de Ibiza"},"image":{"@id":"https:\/\/lavozdeibiza.com\/en\/#\/schema\/logo\/image\/"},"sameAs":["https:\/\/x.com\/vozdeibiza","https:\/\/www.instagram.com\/lavozibiza\/"]},{"@type":"Person","@id":"https:\/\/lavozdeibiza.com\/en\/#\/schema\/person\/a117247bb9cbe19d974f3e7836c216af","name":"Administrador","image":{"@type":"ImageObject","inLanguage":"en-US","@id":"https:\/\/secure.gravatar.com\/avatar\/986e5d1feb165770155d072107f42e3b57732948d149f326b8e7f0d7c430afee?s=96&d=mm&r=g5cb9a474e9f1438539234491a8b23201","url":"https:\/\/secure.gravatar.com\/avatar\/986e5d1feb165770155d072107f42e3b57732948d149f326b8e7f0d7c430afee?s=96&d=mm&r=g","contentUrl":"https:\/\/secure.gravatar.com\/avatar\/986e5d1feb165770155d072107f42e3b57732948d149f326b8e7f0d7c430afee?s=96&d=mm&r=g","caption":"Administrador"},"sameAs":["http:\/\/lavozdeibiza.cibeles.net"],"url":"https:\/\/lavozdeibiza.com\/en\/author\/administrador\/"},{"@type":"SiteNavigationElement","@id":"https:\/\/lavozdeibiza.com\/en\/#site-navigation","cssSelector":[".cib-main-menu"]},{"@type":"WPHeader","@id":"https:\/\/lavozdeibiza.com\/en\/#header","cssSelector":[".cib-header"]},{"@type":"WPFooter","@id":"https:\/\/lavozdeibiza.com\/en\/#footer","cssSelector":[".cib-footer"]}]}},"authors":[{"term_id":2662,"user_id":13,"is_guest":0,"slug":null,"display_name":"Marcos Camiolo","avatar_url":"https:\/\/secure.gravatar.com\/avatar\/d719857709514c15fae505d026264415c16b7f4ecc142e2402c360de6499f6bb?s=96&d=mm&r=g","0":null,"1":"","2":"","3":"","4":"","5":"","6":"","7":"","8":"","9":"","10":""}],"_links":{"self":[{"href":"https:\/\/lavozdeibiza.com\/en\/wp-json\/wp\/v2\/posts\/79858","targetHints":{"allow":["GET"]}}],"collection":[{"href":"https:\/\/lavozdeibiza.com\/en\/wp-json\/wp\/v2\/posts"}],"about":[{"href":"https:\/\/lavozdeibiza.com\/en\/wp-json\/wp\/v2\/types\/post"}],"author":[{"embeddable":true,"href":"https:\/\/lavozdeibiza.com\/en\/wp-json\/wp\/v2\/users\/1"}],"replies":[{"embeddable":true,"href":"https:\/\/lavozdeibiza.com\/en\/wp-json\/wp\/v2\/comments?post=79858"}],"version-history":[{"count":0,"href":"https:\/\/lavozdeibiza.com\/en\/wp-json\/wp\/v2\/posts\/79858\/revisions"}],"wp:featuredmedia":[{"embeddable":true,"href":"https:\/\/lavozdeibiza.com\/en\/wp-json\/wp\/v2\/media\/79856"}],"wp:attachment":[{"href":"https:\/\/lavozdeibiza.com\/en\/wp-json\/wp\/v2\/media?parent=79858"}],"wp:term":[{"taxonomy":"category","embeddable":true,"href":"https:\/\/lavozdeibiza.com\/en\/wp-json\/wp\/v2\/categories?post=79858"},{"taxonomy":"post_tag","embeddable":true,"href":"https:\/\/lavozdeibiza.com\/en\/wp-json\/wp\/v2\/tags?post=79858"},{"taxonomy":"author","embeddable":true,"href":"https:\/\/lavozdeibiza.com\/en\/wp-json\/wp\/v2\/ppma_author?post=79858"}],"curies":[{"name":"wp","href":"https:\/\/api.w.org\/{rel}","templated":true}]}}