{"id":80561,"date":"2025-01-08T19:54:56","date_gmt":"2025-01-08T18:54:56","guid":{"rendered":"https:\/\/lavozdeibiza.com\/sin-categorizar\/2025\/01\/08\/santa-eularia-starts-2025-with-a-vibrant-cultural-offer-that-combines-dance-opera-and-theater\/"},"modified":"2025-01-08T19:54:56","modified_gmt":"2025-01-08T18:54:56","slug":"santa-eularia-starts-2025-with-a-vibrant-cultural-offer-that-combines-dance-opera-and-theater","status":"publish","type":"post","link":"https:\/\/lavozdeibiza.com\/en\/current-news\/santa-eularia-starts-2025-with-a-vibrant-cultural-offer-that-combines-dance-opera-and-theater\/","title":{"rendered":"Santa Eul\u00e0ria starts 2025 with a vibrant cultural offer that combines dance, opera and theater"},"content":{"rendered":"<p><a href=\"https:\/\/lavozdeibiza.com\/category\/municipios\/santa-eularia\/?swcfpc=1\"><strong>Santa Eul\u00e0ria<\/strong><\/a> begins the new year with a diverse and high quality cultural program that promises to captivate residents and visitors. From traditional dance reinterpreted to the greatness of opera, through unique theatrical proposals, this first quarter of 2025 stands out for its variety and focus on enriching the artistic offer of the municipality.<\/p>\n<h2><strong><em>Chelo y Pasi\u00f3n<\/em> opens the cultural calendar<\/strong><\/h2>\n<p>Next Saturday, January 11, the Teatro Espa\u00f1a will be the stage for the show<strong> <em>Chelo and Passion<\/em><\/strong>. This project, led by the Ibizan duo GipsyCor, reinterprets gypsy dances from around the world, adding contemporary elements and the collaboration of young local talents such as Sasha Garcia. <\/p>\n<ul>\n<li>\n<h5><a href=\"https:\/\/lavozdeibiza.com\/actualidad\/2025\/01\/02\/del-pasado-al-presente-las-historias-que-renovaran-el-cine-espanol-en-2025\/?swcfpc=1\">From the past to the present: the stories that will renew Spanish cinema in 2025<\/a><\/h5>\n<\/li>\n<\/ul>\n<p>The proposal, which explores cultural traditions from Persia to the Balkans, will be accompanied by musician Carlos Vesperinas, who will bring a magical atmosphere with his artistic sensitivity. Tickets are available for 6 euros plus booking fee, and for 8 euros at the box office. In addition, children under 12 will enjoy a 50% discount.  <\/p>\n<h2><strong>The greatness of <em>Tosca<\/em> comes to the Palau de Congressos<\/strong><\/h2>\n<p>On February 8, Giacomo Puccini&#8217;s<strong> opera <em>Tosca<\/em><\/strong> will be presented at the Palau de Congressos as part of the Platea cycle of the Ministry of Culture. This work, one of the most emblematic of the Italian operatic repertoire, combines intrigue, passion and drama set in Rome in 1800. It will be performed by the Compa\u00f1\u00eda L\u00edrica y Orquesta Mart\u00edn i Soler, with a cast of 18 artists who will bring to life unforgettable arias such as <em>Vissi d&#8217;arte<\/em> and <em>E lucevan le stelle<\/em>. Tickets are priced at 20 euros plus booking fee, and 25 euros at the box office on the day of the event. <\/p>\n<h2><strong>A full schedule of music, theater and poetry<\/strong><\/h2>\n<p>The cultural program of Santa Eul\u00e0ria for the coming months includes:<\/p>\n<ul>\n<li><strong>February 22:<\/strong> <em>Lorca Poeta Flamenco<\/em>, a tribute to the poet Federico Garc\u00eda Lorca, with flamenco music and dance.<\/li>\n<li><strong>March 15:<\/strong> <em>Lo cant de les \u00e0nimes mudes<\/em>, a play that explores rural conflicts and love between warring families.<\/li>\n<li><strong>March 23:<\/strong> <em>Desconcerto<\/em>, a show that fuses musical genres and gestural comedy, from Beethoven to Michael Jackson.<\/li>\n<li><strong>April 13:<\/strong> <em>El meu pare cremava pedres<\/em>, shadow theater that recovers rural trades and traditions.<\/li>\n<\/ul>\n<h4>Continue reading<\/h4>\n<ul>\n<li>\n<h5><a href=\"https:\/\/lavozdeibiza.com\/actualidad\/2025\/01\/04\/primavera-sound-agota-en-dos-meses-las-entradas-del-festival-de-2025\/?swcfpc=1\">Primavera Sound sells out tickets for the 2025 festival in two months<\/a><\/h5>\n<\/li>\n<\/ul>\n","protected":false},"excerpt":{"rendered":"<p>Next Saturday, January 11, the Teatro Espa\u00f1a will be the stage for the show Chelo y Pasi\u00f3n.<\/p>\n","protected":false},"author":1,"featured_media":80517,"comment_status":"closed","ping_status":"closed","sticky":false,"template":"","format":"standard","meta":{"_acf_changed":false,"site-sidebar-layout":"default","site-content-layout":"","ast-site-content-layout":"default","site-content-style":"default","site-sidebar-style":"default","ast-global-header-display":"","ast-banner-title-visibility":"","ast-main-header-display":"","ast-hfb-above-header-display":"","ast-hfb-below-header-display":"","ast-hfb-mobile-header-display":"","site-post-title":"","ast-breadcrumbs-content":"","ast-featured-img":"","footer-sml-layout":"","ast-disable-related-posts":"","theme-transparent-header-meta":"default","adv-header-id-meta":"","stick-header-meta":"","header-above-stick-meta":"","header-main-stick-meta":"","header-below-stick-meta":"","astra-migrate-meta-layouts":"default","ast-page-background-enabled":"default","ast-page-background-meta":{"desktop":{"background-color":"var(--ast-global-color-4)","background-image":"","background-repeat":"repeat","background-position":"center center","background-size":"auto","background-attachment":"scroll","background-type":"","background-media":"","overlay-type":"","overlay-color":"","overlay-opacity":"","overlay-gradient":""},"tablet":{"background-color":"","background-image":"","background-repeat":"repeat","background-position":"center center","background-size":"auto","background-attachment":"scroll","background-type":"","background-media":"","overlay-type":"","overlay-color":"","overlay-opacity":"","overlay-gradient":""},"mobile":{"background-color":"","background-image":"","background-repeat":"repeat","background-position":"center center","background-size":"auto","background-attachment":"scroll","background-type":"","background-media":"","overlay-type":"","overlay-color":"","overlay-opacity":"","overlay-gradient":""}},"ast-content-background-meta":{"desktop":{"background-color":"var(--ast-global-color-5)","background-image":"","background-repeat":"repeat","background-position":"center center","background-size":"auto","background-attachment":"scroll","background-type":"","background-media":"","overlay-type":"","overlay-color":"","overlay-opacity":"","overlay-gradient":""},"tablet":{"background-color":"var(--ast-global-color-5)","background-image":"","background-repeat":"repeat","background-position":"center center","background-size":"auto","background-attachment":"scroll","background-type":"","background-media":"","overlay-type":"","overlay-color":"","overlay-opacity":"","overlay-gradient":""},"mobile":{"background-color":"var(--ast-global-color-5)","background-image":"","background-repeat":"repeat","background-position":"center center","background-size":"auto","background-attachment":"scroll","background-type":"","background-media":"","overlay-type":"","overlay-color":"","overlay-opacity":"","overlay-gradient":""}},"footnotes":""},"categories":[2910,3270,4551,3287,3271],"tags":[5110,4598],"ppma_author":[2662],"class_list":["post-80561","post","type-post","status-publish","format-standard","has-post-thumbnail","hentry","category-current-news","category-municipalities","category-santa-eularia-en","category-society","category-what-to-do","tag-culture","tag-santa-eularia-en"],"acf":[],"yoast_head":"<!-- This site is optimized with the Yoast SEO plugin v27.4 - https:\/\/yoast.com\/product\/yoast-seo-wordpress\/ -->\n<title>Santa Eul\u00e0ria starts 2025 with a vibrant cultural offer that combines dance, opera and theater - La Voz De Ibiza<\/title>\n<meta name=\"description\" content=\"Next Saturday, January 11, the Teatro Espa\u00f1a will be the stage for the show Chelo y Pasi\u00f3n.\" \/>\n<meta name=\"robots\" content=\"index, follow, max-snippet:-1, max-image-preview:large, max-video-preview:-1\" \/>\n<link rel=\"canonical\" href=\"https:\/\/lavozdeibiza.com\/en\/current-news\/santa-eularia-starts-2025-with-a-vibrant-cultural-offer-that-combines-dance-opera-and-theater\/\" \/>\n<meta property=\"og:locale\" content=\"en_US\" \/>\n<meta property=\"og:type\" content=\"article\" \/>\n<meta property=\"og:title\" content=\"Santa Eul\u00e0ria starts 2025 with a vibrant cultural offer that combines dance, opera and theater - La Voz De Ibiza\" \/>\n<meta property=\"og:description\" content=\"Next Saturday, January 11, the Teatro Espa\u00f1a will be the stage for the show Chelo y Pasi\u00f3n.\" \/>\n<meta property=\"og:url\" content=\"https:\/\/lavozdeibiza.com\/en\/current-news\/santa-eularia-starts-2025-with-a-vibrant-cultural-offer-that-combines-dance-opera-and-theater\/\" \/>\n<meta property=\"og:site_name\" content=\"La Voz De Ibiza\" \/>\n<meta property=\"article:published_time\" content=\"2025-01-08T18:54:56+00:00\" \/>\n<meta property=\"og:image\" content=\"https:\/\/lavozdeibiza.com\/wp-content\/uploads\/2025\/01\/20250111-Chelo-y-Pasion.jpg\" \/>\n\t<meta property=\"og:image:width\" content=\"831\" \/>\n\t<meta property=\"og:image:height\" content=\"467\" \/>\n\t<meta property=\"og:image:type\" content=\"image\/jpeg\" \/>\n<meta name=\"author\" content=\"Marcos Camiolo\" \/>\n<meta name=\"twitter:card\" content=\"summary_large_image\" \/>\n<meta name=\"twitter:creator\" content=\"@vozdeibiza\" \/>\n<meta name=\"twitter:site\" content=\"@vozdeibiza\" \/>\n<meta name=\"twitter:label1\" content=\"Written by\" \/>\n\t<meta name=\"twitter:data1\" content=\"Administrador\" \/>\n\t<meta name=\"twitter:label2\" content=\"Est. reading time\" \/>\n\t<meta name=\"twitter:data2\" content=\"2 minutes\" \/>\n<script type=\"application\/ld+json\" class=\"yoast-schema-graph\">{\"@context\":\"https:\\\/\\\/schema.org\",\"@graph\":[{\"@type\":\"NewsArticle\",\"@id\":\"https:\\\/\\\/lavozdeibiza.com\\\/en\\\/current-news\\\/santa-eularia-starts-2025-with-a-vibrant-cultural-offer-that-combines-dance-opera-and-theater\\\/#article\",\"isPartOf\":{\"@id\":\"https:\\\/\\\/lavozdeibiza.com\\\/en\\\/current-news\\\/santa-eularia-starts-2025-with-a-vibrant-cultural-offer-that-combines-dance-opera-and-theater\\\/\"},\"author\":{\"name\":\"Administrador\",\"@id\":\"https:\\\/\\\/lavozdeibiza.com\\\/en\\\/#\\\/schema\\\/person\\\/a117247bb9cbe19d974f3e7836c216af\"},\"headline\":\"Santa Eul\u00e0ria starts 2025 with a vibrant cultural offer that combines dance, opera and theater\",\"datePublished\":\"2025-01-08T18:54:56+00:00\",\"mainEntityOfPage\":{\"@id\":\"https:\\\/\\\/lavozdeibiza.com\\\/en\\\/current-news\\\/santa-eularia-starts-2025-with-a-vibrant-cultural-offer-that-combines-dance-opera-and-theater\\\/\"},\"wordCount\":402,\"publisher\":{\"@id\":\"https:\\\/\\\/lavozdeibiza.com\\\/en\\\/#organization\"},\"image\":{\"@id\":\"https:\\\/\\\/lavozdeibiza.com\\\/en\\\/current-news\\\/santa-eularia-starts-2025-with-a-vibrant-cultural-offer-that-combines-dance-opera-and-theater\\\/#primaryimage\"},\"thumbnailUrl\":\"https:\\\/\\\/lavozdeibiza.com\\\/wp-content\\\/uploads\\\/2025\\\/01\\\/20250111-Chelo-y-Pasion.jpg\",\"keywords\":[\"culture\",\"santa eul\u00e0ria\"],\"articleSection\":[\"CURRENT NEWS\",\"MUNICIPALITIES\",\"Santa Eul\u00e0ria\",\"SOCIETY\",\"WHAT TO DO?\"],\"inLanguage\":\"en-US\"},{\"@type\":[\"WebPage\",\"ItemPage\"],\"@id\":\"https:\\\/\\\/lavozdeibiza.com\\\/en\\\/current-news\\\/santa-eularia-starts-2025-with-a-vibrant-cultural-offer-that-combines-dance-opera-and-theater\\\/\",\"url\":\"https:\\\/\\\/lavozdeibiza.com\\\/en\\\/current-news\\\/santa-eularia-starts-2025-with-a-vibrant-cultural-offer-that-combines-dance-opera-and-theater\\\/\",\"name\":\"Santa Eul\u00e0ria starts 2025 with a vibrant cultural offer that combines dance, opera and theater - La Voz De Ibiza\",\"isPartOf\":{\"@id\":\"https:\\\/\\\/lavozdeibiza.com\\\/en\\\/#website\"},\"primaryImageOfPage\":{\"@id\":\"https:\\\/\\\/lavozdeibiza.com\\\/en\\\/current-news\\\/santa-eularia-starts-2025-with-a-vibrant-cultural-offer-that-combines-dance-opera-and-theater\\\/#primaryimage\"},\"image\":{\"@id\":\"https:\\\/\\\/lavozdeibiza.com\\\/en\\\/current-news\\\/santa-eularia-starts-2025-with-a-vibrant-cultural-offer-that-combines-dance-opera-and-theater\\\/#primaryimage\"},\"thumbnailUrl\":\"https:\\\/\\\/lavozdeibiza.com\\\/wp-content\\\/uploads\\\/2025\\\/01\\\/20250111-Chelo-y-Pasion.jpg\",\"datePublished\":\"2025-01-08T18:54:56+00:00\",\"description\":\"Next Saturday, January 11, the Teatro Espa\u00f1a will be the stage for the show Chelo y Pasi\u00f3n.\",\"breadcrumb\":{\"@id\":\"https:\\\/\\\/lavozdeibiza.com\\\/en\\\/current-news\\\/santa-eularia-starts-2025-with-a-vibrant-cultural-offer-that-combines-dance-opera-and-theater\\\/#breadcrumb\"},\"inLanguage\":\"en-US\",\"potentialAction\":[{\"@type\":\"ReadAction\",\"target\":[\"https:\\\/\\\/lavozdeibiza.com\\\/en\\\/current-news\\\/santa-eularia-starts-2025-with-a-vibrant-cultural-offer-that-combines-dance-opera-and-theater\\\/\"]}]},{\"@type\":\"ImageObject\",\"inLanguage\":\"en-US\",\"@id\":\"https:\\\/\\\/lavozdeibiza.com\\\/en\\\/current-news\\\/santa-eularia-starts-2025-with-a-vibrant-cultural-offer-that-combines-dance-opera-and-theater\\\/#primaryimage\",\"url\":\"https:\\\/\\\/lavozdeibiza.com\\\/wp-content\\\/uploads\\\/2025\\\/01\\\/20250111-Chelo-y-Pasion.jpg\",\"contentUrl\":\"https:\\\/\\\/lavozdeibiza.com\\\/wp-content\\\/uploads\\\/2025\\\/01\\\/20250111-Chelo-y-Pasion.jpg\",\"width\":831,\"height\":467,\"caption\":\"Chelo y Pasi\u00f3n.\"},{\"@type\":\"BreadcrumbList\",\"@id\":\"https:\\\/\\\/lavozdeibiza.com\\\/en\\\/current-news\\\/santa-eularia-starts-2025-with-a-vibrant-cultural-offer-that-combines-dance-opera-and-theater\\\/#breadcrumb\",\"itemListElement\":[{\"@type\":\"ListItem\",\"position\":1,\"name\":\"Portada\",\"item\":\"https:\\\/\\\/lavozdeibiza.com\\\/en\\\/\"},{\"@type\":\"ListItem\",\"position\":2,\"name\":\"Santa Eul\u00e0ria starts 2025 with a vibrant cultural offer that combines dance, opera and theater\"}]},{\"@type\":\"WebSite\",\"@id\":\"https:\\\/\\\/lavozdeibiza.com\\\/en\\\/#website\",\"url\":\"https:\\\/\\\/lavozdeibiza.com\\\/en\\\/\",\"name\":\"La Voz de Ibiza\",\"description\":\"Diario de informaci\u00f3n actualidad y noticias de Ibiza. Todas las noticias de los municipios de Ibiza\",\"publisher\":{\"@id\":\"https:\\\/\\\/lavozdeibiza.com\\\/en\\\/#organization\"},\"potentialAction\":[{\"@type\":\"SearchAction\",\"target\":{\"@type\":\"EntryPoint\",\"urlTemplate\":\"https:\\\/\\\/lavozdeibiza.com\\\/en\\\/?s={search_term_string}\"},\"query-input\":{\"@type\":\"PropertyValueSpecification\",\"valueRequired\":true,\"valueName\":\"search_term_string\"}}],\"inLanguage\":\"en-US\"},{\"@type\":[\"Organization\",\"NewsMediaOrganization\"],\"@id\":\"https:\\\/\\\/lavozdeibiza.com\\\/en\\\/#organization\",\"name\":\"La Voz de Ibiza\",\"url\":\"https:\\\/\\\/lavozdeibiza.com\\\/en\\\/\",\"logo\":{\"@type\":\"ImageObject\",\"inLanguage\":\"en-US\",\"@id\":\"https:\\\/\\\/lavozdeibiza.com\\\/en\\\/#\\\/schema\\\/logo\\\/image\\\/\",\"url\":\"https:\\\/\\\/lavozdeibiza.com\\\/wp-content\\\/uploads\\\/2023\\\/10\\\/logo-lvib-grande.jpg\",\"contentUrl\":\"https:\\\/\\\/lavozdeibiza.com\\\/wp-content\\\/uploads\\\/2023\\\/10\\\/logo-lvib-grande.jpg\",\"width\":1500,\"height\":1000,\"caption\":\"La Voz de Ibiza\"},\"image\":{\"@id\":\"https:\\\/\\\/lavozdeibiza.com\\\/en\\\/#\\\/schema\\\/logo\\\/image\\\/\"},\"sameAs\":[\"https:\\\/\\\/x.com\\\/vozdeibiza\",\"https:\\\/\\\/www.instagram.com\\\/lavozibiza\\\/\"]},{\"@type\":\"Person\",\"@id\":\"https:\\\/\\\/lavozdeibiza.com\\\/en\\\/#\\\/schema\\\/person\\\/a117247bb9cbe19d974f3e7836c216af\",\"name\":\"Administrador\",\"image\":{\"@type\":\"ImageObject\",\"inLanguage\":\"en-US\",\"@id\":\"https:\\\/\\\/secure.gravatar.com\\\/avatar\\\/986e5d1feb165770155d072107f42e3b57732948d149f326b8e7f0d7c430afee?s=96&d=mm&r=g5cb9a474e9f1438539234491a8b23201\",\"url\":\"https:\\\/\\\/secure.gravatar.com\\\/avatar\\\/986e5d1feb165770155d072107f42e3b57732948d149f326b8e7f0d7c430afee?s=96&d=mm&r=g\",\"contentUrl\":\"https:\\\/\\\/secure.gravatar.com\\\/avatar\\\/986e5d1feb165770155d072107f42e3b57732948d149f326b8e7f0d7c430afee?s=96&d=mm&r=g\",\"caption\":\"Administrador\"},\"sameAs\":[\"http:\\\/\\\/lavozdeibiza.cibeles.net\"],\"url\":\"https:\\\/\\\/lavozdeibiza.com\\\/en\\\/author\\\/administrador\\\/\"},{\"@type\":\"SiteNavigationElement\",\"@id\":\"https:\\\/\\\/lavozdeibiza.com\\\/en\\\/#site-navigation\",\"cssSelector\":[\".cib-main-menu\"]},{\"@type\":\"WPHeader\",\"@id\":\"https:\\\/\\\/lavozdeibiza.com\\\/en\\\/#header\",\"cssSelector\":[\".cib-header\"]},{\"@type\":\"WPFooter\",\"@id\":\"https:\\\/\\\/lavozdeibiza.com\\\/en\\\/#footer\",\"cssSelector\":[\".cib-footer\"]}]}<\/script>\n<!-- \/ Yoast SEO plugin. -->","yoast_head_json":{"title":"Santa Eul\u00e0ria starts 2025 with a vibrant cultural offer that combines dance, opera and theater - La Voz De Ibiza","description":"Next Saturday, January 11, the Teatro Espa\u00f1a will be the stage for the show Chelo y Pasi\u00f3n.","robots":{"index":"index","follow":"follow","max-snippet":"max-snippet:-1","max-image-preview":"max-image-preview:large","max-video-preview":"max-video-preview:-1"},"canonical":"https:\/\/lavozdeibiza.com\/en\/current-news\/santa-eularia-starts-2025-with-a-vibrant-cultural-offer-that-combines-dance-opera-and-theater\/","og_locale":"en_US","og_type":"article","og_title":"Santa Eul\u00e0ria starts 2025 with a vibrant cultural offer that combines dance, opera and theater - La Voz De Ibiza","og_description":"Next Saturday, January 11, the Teatro Espa\u00f1a will be the stage for the show Chelo y Pasi\u00f3n.","og_url":"https:\/\/lavozdeibiza.com\/en\/current-news\/santa-eularia-starts-2025-with-a-vibrant-cultural-offer-that-combines-dance-opera-and-theater\/","og_site_name":"La Voz De Ibiza","article_published_time":"2025-01-08T18:54:56+00:00","og_image":[{"width":831,"height":467,"url":"https:\/\/lavozdeibiza.com\/wp-content\/uploads\/2025\/01\/20250111-Chelo-y-Pasion.jpg","type":"image\/jpeg"}],"author":"Marcos Camiolo","twitter_card":"summary_large_image","twitter_creator":"@vozdeibiza","twitter_site":"@vozdeibiza","twitter_misc":{"Written by":"Administrador","Est. reading time":"2 minutes"},"schema":{"@context":"https:\/\/schema.org","@graph":[{"@type":"NewsArticle","@id":"https:\/\/lavozdeibiza.com\/en\/current-news\/santa-eularia-starts-2025-with-a-vibrant-cultural-offer-that-combines-dance-opera-and-theater\/#article","isPartOf":{"@id":"https:\/\/lavozdeibiza.com\/en\/current-news\/santa-eularia-starts-2025-with-a-vibrant-cultural-offer-that-combines-dance-opera-and-theater\/"},"author":{"name":"Administrador","@id":"https:\/\/lavozdeibiza.com\/en\/#\/schema\/person\/a117247bb9cbe19d974f3e7836c216af"},"headline":"Santa Eul\u00e0ria starts 2025 with a vibrant cultural offer that combines dance, opera and theater","datePublished":"2025-01-08T18:54:56+00:00","mainEntityOfPage":{"@id":"https:\/\/lavozdeibiza.com\/en\/current-news\/santa-eularia-starts-2025-with-a-vibrant-cultural-offer-that-combines-dance-opera-and-theater\/"},"wordCount":402,"publisher":{"@id":"https:\/\/lavozdeibiza.com\/en\/#organization"},"image":{"@id":"https:\/\/lavozdeibiza.com\/en\/current-news\/santa-eularia-starts-2025-with-a-vibrant-cultural-offer-that-combines-dance-opera-and-theater\/#primaryimage"},"thumbnailUrl":"https:\/\/lavozdeibiza.com\/wp-content\/uploads\/2025\/01\/20250111-Chelo-y-Pasion.jpg","keywords":["culture","santa eul\u00e0ria"],"articleSection":["CURRENT NEWS","MUNICIPALITIES","Santa Eul\u00e0ria","SOCIETY","WHAT TO DO?"],"inLanguage":"en-US"},{"@type":["WebPage","ItemPage"],"@id":"https:\/\/lavozdeibiza.com\/en\/current-news\/santa-eularia-starts-2025-with-a-vibrant-cultural-offer-that-combines-dance-opera-and-theater\/","url":"https:\/\/lavozdeibiza.com\/en\/current-news\/santa-eularia-starts-2025-with-a-vibrant-cultural-offer-that-combines-dance-opera-and-theater\/","name":"Santa Eul\u00e0ria starts 2025 with a vibrant cultural offer that combines dance, opera and theater - La Voz De Ibiza","isPartOf":{"@id":"https:\/\/lavozdeibiza.com\/en\/#website"},"primaryImageOfPage":{"@id":"https:\/\/lavozdeibiza.com\/en\/current-news\/santa-eularia-starts-2025-with-a-vibrant-cultural-offer-that-combines-dance-opera-and-theater\/#primaryimage"},"image":{"@id":"https:\/\/lavozdeibiza.com\/en\/current-news\/santa-eularia-starts-2025-with-a-vibrant-cultural-offer-that-combines-dance-opera-and-theater\/#primaryimage"},"thumbnailUrl":"https:\/\/lavozdeibiza.com\/wp-content\/uploads\/2025\/01\/20250111-Chelo-y-Pasion.jpg","datePublished":"2025-01-08T18:54:56+00:00","description":"Next Saturday, January 11, the Teatro Espa\u00f1a will be the stage for the show Chelo y Pasi\u00f3n.","breadcrumb":{"@id":"https:\/\/lavozdeibiza.com\/en\/current-news\/santa-eularia-starts-2025-with-a-vibrant-cultural-offer-that-combines-dance-opera-and-theater\/#breadcrumb"},"inLanguage":"en-US","potentialAction":[{"@type":"ReadAction","target":["https:\/\/lavozdeibiza.com\/en\/current-news\/santa-eularia-starts-2025-with-a-vibrant-cultural-offer-that-combines-dance-opera-and-theater\/"]}]},{"@type":"ImageObject","inLanguage":"en-US","@id":"https:\/\/lavozdeibiza.com\/en\/current-news\/santa-eularia-starts-2025-with-a-vibrant-cultural-offer-that-combines-dance-opera-and-theater\/#primaryimage","url":"https:\/\/lavozdeibiza.com\/wp-content\/uploads\/2025\/01\/20250111-Chelo-y-Pasion.jpg","contentUrl":"https:\/\/lavozdeibiza.com\/wp-content\/uploads\/2025\/01\/20250111-Chelo-y-Pasion.jpg","width":831,"height":467,"caption":"Chelo y Pasi\u00f3n."},{"@type":"BreadcrumbList","@id":"https:\/\/lavozdeibiza.com\/en\/current-news\/santa-eularia-starts-2025-with-a-vibrant-cultural-offer-that-combines-dance-opera-and-theater\/#breadcrumb","itemListElement":[{"@type":"ListItem","position":1,"name":"Portada","item":"https:\/\/lavozdeibiza.com\/en\/"},{"@type":"ListItem","position":2,"name":"Santa Eul\u00e0ria starts 2025 with a vibrant cultural offer that combines dance, opera and theater"}]},{"@type":"WebSite","@id":"https:\/\/lavozdeibiza.com\/en\/#website","url":"https:\/\/lavozdeibiza.com\/en\/","name":"La Voz de Ibiza","description":"Diario de informaci\u00f3n actualidad y noticias de Ibiza. Todas las noticias de los municipios de Ibiza","publisher":{"@id":"https:\/\/lavozdeibiza.com\/en\/#organization"},"potentialAction":[{"@type":"SearchAction","target":{"@type":"EntryPoint","urlTemplate":"https:\/\/lavozdeibiza.com\/en\/?s={search_term_string}"},"query-input":{"@type":"PropertyValueSpecification","valueRequired":true,"valueName":"search_term_string"}}],"inLanguage":"en-US"},{"@type":["Organization","NewsMediaOrganization"],"@id":"https:\/\/lavozdeibiza.com\/en\/#organization","name":"La Voz de Ibiza","url":"https:\/\/lavozdeibiza.com\/en\/","logo":{"@type":"ImageObject","inLanguage":"en-US","@id":"https:\/\/lavozdeibiza.com\/en\/#\/schema\/logo\/image\/","url":"https:\/\/lavozdeibiza.com\/wp-content\/uploads\/2023\/10\/logo-lvib-grande.jpg","contentUrl":"https:\/\/lavozdeibiza.com\/wp-content\/uploads\/2023\/10\/logo-lvib-grande.jpg","width":1500,"height":1000,"caption":"La Voz de Ibiza"},"image":{"@id":"https:\/\/lavozdeibiza.com\/en\/#\/schema\/logo\/image\/"},"sameAs":["https:\/\/x.com\/vozdeibiza","https:\/\/www.instagram.com\/lavozibiza\/"]},{"@type":"Person","@id":"https:\/\/lavozdeibiza.com\/en\/#\/schema\/person\/a117247bb9cbe19d974f3e7836c216af","name":"Administrador","image":{"@type":"ImageObject","inLanguage":"en-US","@id":"https:\/\/secure.gravatar.com\/avatar\/986e5d1feb165770155d072107f42e3b57732948d149f326b8e7f0d7c430afee?s=96&d=mm&r=g5cb9a474e9f1438539234491a8b23201","url":"https:\/\/secure.gravatar.com\/avatar\/986e5d1feb165770155d072107f42e3b57732948d149f326b8e7f0d7c430afee?s=96&d=mm&r=g","contentUrl":"https:\/\/secure.gravatar.com\/avatar\/986e5d1feb165770155d072107f42e3b57732948d149f326b8e7f0d7c430afee?s=96&d=mm&r=g","caption":"Administrador"},"sameAs":["http:\/\/lavozdeibiza.cibeles.net"],"url":"https:\/\/lavozdeibiza.com\/en\/author\/administrador\/"},{"@type":"SiteNavigationElement","@id":"https:\/\/lavozdeibiza.com\/en\/#site-navigation","cssSelector":[".cib-main-menu"]},{"@type":"WPHeader","@id":"https:\/\/lavozdeibiza.com\/en\/#header","cssSelector":[".cib-header"]},{"@type":"WPFooter","@id":"https:\/\/lavozdeibiza.com\/en\/#footer","cssSelector":[".cib-footer"]}]}},"authors":[{"term_id":2662,"user_id":13,"is_guest":0,"slug":null,"display_name":"Marcos Camiolo","avatar_url":"https:\/\/secure.gravatar.com\/avatar\/d719857709514c15fae505d026264415c16b7f4ecc142e2402c360de6499f6bb?s=96&d=mm&r=g","0":null,"1":"","2":"","3":"","4":"","5":"","6":"","7":"","8":"","9":"","10":""}],"_links":{"self":[{"href":"https:\/\/lavozdeibiza.com\/en\/wp-json\/wp\/v2\/posts\/80561","targetHints":{"allow":["GET"]}}],"collection":[{"href":"https:\/\/lavozdeibiza.com\/en\/wp-json\/wp\/v2\/posts"}],"about":[{"href":"https:\/\/lavozdeibiza.com\/en\/wp-json\/wp\/v2\/types\/post"}],"author":[{"embeddable":true,"href":"https:\/\/lavozdeibiza.com\/en\/wp-json\/wp\/v2\/users\/1"}],"replies":[{"embeddable":true,"href":"https:\/\/lavozdeibiza.com\/en\/wp-json\/wp\/v2\/comments?post=80561"}],"version-history":[{"count":0,"href":"https:\/\/lavozdeibiza.com\/en\/wp-json\/wp\/v2\/posts\/80561\/revisions"}],"wp:featuredmedia":[{"embeddable":true,"href":"https:\/\/lavozdeibiza.com\/en\/wp-json\/wp\/v2\/media\/80517"}],"wp:attachment":[{"href":"https:\/\/lavozdeibiza.com\/en\/wp-json\/wp\/v2\/media?parent=80561"}],"wp:term":[{"taxonomy":"category","embeddable":true,"href":"https:\/\/lavozdeibiza.com\/en\/wp-json\/wp\/v2\/categories?post=80561"},{"taxonomy":"post_tag","embeddable":true,"href":"https:\/\/lavozdeibiza.com\/en\/wp-json\/wp\/v2\/tags?post=80561"},{"taxonomy":"author","embeddable":true,"href":"https:\/\/lavozdeibiza.com\/en\/wp-json\/wp\/v2\/ppma_author?post=80561"}],"curies":[{"name":"wp","href":"https:\/\/api.w.org\/{rel}","templated":true}]}}