{"id":80666,"date":"2025-01-09T20:00:02","date_gmt":"2025-01-09T19:00:02","guid":{"rendered":"https:\/\/lavozdeibiza.com\/sin-categorizar\/2025\/01\/09\/police-operation-dismantles-alleged-cab-mafia-at-seville-airport\/"},"modified":"2025-01-09T20:00:02","modified_gmt":"2025-01-09T19:00:02","slug":"police-operation-dismantles-alleged-cab-mafia-at-seville-airport","status":"publish","type":"post","link":"https:\/\/lavozdeibiza.com\/en\/current-news\/police-operation-dismantles-alleged-cab-mafia-at-seville-airport\/","title":{"rendered":"Police operation dismantles alleged cab mafia at Seville airport"},"content":{"rendered":"<p>The <strong>National Police<\/strong> has arrested this Thursday 16 <a href=\"https:\/\/lavozdeibiza.com\/actualidad\/2024\/12\/18\/el-taxi-se-moviliza-en-madrid-denuncian-seguros-abusivos-que-amenazan-al-sector\/?swcfpc=1\">cab drivers<\/a> operating at the <strong>airport of Seville<\/strong> as part of <em>Operation Aertase<\/em>, an investigation focused on irregularities related to the control of this lucrative stop. The operation, led by the Provincial Information Brigade, has been supported by the Citizen Security Brigade and the Police Intervention Unit (UIP).<\/p>\n<ul>\n<li>\n<h5><a href=\"https:\/\/lavozdeibiza.com\/actualidad\/2025\/01\/03\/el-taxi-confia-en-un-aumento-sustancial-de-las-tarifas-en-ibiza-la-minima-es-de-4-euros-y-en-san-sebastian-de-533\/?swcfpc=1\">Cab industry expects a substantial increase in fares in the Balearic Islands<\/a><\/h5>\n<\/li>\n<\/ul>\n<h2><strong>Previous investigations and background in the guild<\/strong><\/h2>\n<p><strong>According to police sources, the arrests were carried out both in Seville capital and in nearby towns, and it is not ruled out that there will be more arrests in the coming days. This operation is not the first to point out irregularities in the cab sector linked to the airport. <\/strong>. Hace siete a\u00f1os, ocho taxistas de la Asociaci\u00f3n Hispalense Solidaridad del Taxi fueron investigados por presuntos delitos de organizaci\u00f3n criminal, coacciones y da\u00f1os. Sin embargo, ese caso fue archivado debido a la falta de pruebas concluyentes. En otro episodio ocurrido en 2017, nueve veh\u00edculos de la plataforma Cabify fueron incendiados en Castilblanco de los Arroyos. Aunque se investig\u00f3 su posible vinculaci\u00f3n con las disputas entre taxistas y conductores de VTC, el caso tambi\u00e9n termin\u00f3 archivado, seg\u00fan ha informado El Pa\u00eds.  <\/p>\n<h2><strong>Current charges and the development of the operation<\/strong><\/h2>\n<p><em>Operation Aertase<\/em> has once again put the spotlight on the airport cab union, which for years has been under suspicion for irregular practices in the management of the taxi rank. According to sources close to the case, the accusations could range from coercion to violent altercations and possible financial irregularities. The National Police have carried out searches at several key points, including homes and spaces related to the detained cab drivers, although no details have been provided so far about the material seized or the forthcoming legal actions. <\/p>\n<h2><strong>A long-standing problem<\/strong><\/h2>\n<p><strong>The cab rank at the Seville airport, considered one of the most lucrative in the city, has been the subject of internal and external conflicts for years<\/strong>. On several occasions, confrontations between cab drivers and VTC drivers have been reported, as well as allegations of exclusionary practices towards other professionals in the sector. With this operation, the authorities seek to clarify the practices surrounding the guild in this area, as well as to dismantle possible networks of irregular actions that affect both users and the general operation of the transport service at the airport. <\/p>\n<h4>Continue reading<\/h4>\n<ul>\n<li>\n<h5><a href=\"https:\/\/lavozdeibiza.com\/actualidad\/2024\/12\/29\/el-govern-inicia-consulta-publica-para-regular-las-tarifas-de-los-taxis-en-baleares-como-participar\/?swcfpc=1\">The Govern starts public consultation to regulate cab fares in the Balearic Islands: how to participate?<\/a><\/h5>\n<\/li>\n<\/ul>\n","protected":false},"excerpt":{"rendered":"<p>According to police sources, the arrests were carried out both in Seville capital and in nearby towns, and it is not ruled out that there will be more arrests in the coming days.<\/p>\n","protected":false},"author":1,"featured_media":80664,"comment_status":"closed","ping_status":"closed","sticky":false,"template":"","format":"standard","meta":{"_acf_changed":false,"site-sidebar-layout":"default","site-content-layout":"","ast-site-content-layout":"default","site-content-style":"default","site-sidebar-style":"default","ast-global-header-display":"","ast-banner-title-visibility":"","ast-main-header-display":"","ast-hfb-above-header-display":"","ast-hfb-below-header-display":"","ast-hfb-mobile-header-display":"","site-post-title":"","ast-breadcrumbs-content":"","ast-featured-img":"","footer-sml-layout":"","ast-disable-related-posts":"","theme-transparent-header-meta":"default","adv-header-id-meta":"","stick-header-meta":"","header-above-stick-meta":"","header-main-stick-meta":"","header-below-stick-meta":"","astra-migrate-meta-layouts":"default","ast-page-background-enabled":"default","ast-page-background-meta":{"desktop":{"background-color":"var(--ast-global-color-4)","background-image":"","background-repeat":"repeat","background-position":"center center","background-size":"auto","background-attachment":"scroll","background-type":"","background-media":"","overlay-type":"","overlay-color":"","overlay-opacity":"","overlay-gradient":""},"tablet":{"background-color":"","background-image":"","background-repeat":"repeat","background-position":"center center","background-size":"auto","background-attachment":"scroll","background-type":"","background-media":"","overlay-type":"","overlay-color":"","overlay-opacity":"","overlay-gradient":""},"mobile":{"background-color":"","background-image":"","background-repeat":"repeat","background-position":"center center","background-size":"auto","background-attachment":"scroll","background-type":"","background-media":"","overlay-type":"","overlay-color":"","overlay-opacity":"","overlay-gradient":""}},"ast-content-background-meta":{"desktop":{"background-color":"var(--ast-global-color-5)","background-image":"","background-repeat":"repeat","background-position":"center center","background-size":"auto","background-attachment":"scroll","background-type":"","background-media":"","overlay-type":"","overlay-color":"","overlay-opacity":"","overlay-gradient":""},"tablet":{"background-color":"var(--ast-global-color-5)","background-image":"","background-repeat":"repeat","background-position":"center center","background-size":"auto","background-attachment":"scroll","background-type":"","background-media":"","overlay-type":"","overlay-color":"","overlay-opacity":"","overlay-gradient":""},"mobile":{"background-color":"var(--ast-global-color-5)","background-image":"","background-repeat":"repeat","background-position":"center center","background-size":"auto","background-attachment":"scroll","background-type":"","background-media":"","overlay-type":"","overlay-color":"","overlay-opacity":"","overlay-gradient":""}},"footnotes":""},"categories":[2910,3287],"tags":[5266,5817],"ppma_author":[2662],"class_list":["post-80666","post","type-post","status-publish","format-standard","has-post-thumbnail","hentry","category-current-news","category-society","tag-cab","tag-seville"],"acf":[],"yoast_head":"<!-- This site is optimized with the Yoast SEO plugin v27.4 - https:\/\/yoast.com\/product\/yoast-seo-wordpress\/ -->\n<title>Police operation dismantles alleged cab mafia at Seville airport - La Voz De Ibiza<\/title>\n<meta name=\"description\" content=\"According to police sources, the arrests were carried out both in Seville capital and in nearby towns, and it is not ruled out that there will be more arrests in the coming days.\" \/>\n<meta name=\"robots\" content=\"index, follow, max-snippet:-1, max-image-preview:large, max-video-preview:-1\" \/>\n<link rel=\"canonical\" href=\"https:\/\/lavozdeibiza.com\/en\/current-news\/police-operation-dismantles-alleged-cab-mafia-at-seville-airport\/\" \/>\n<meta property=\"og:locale\" content=\"en_US\" \/>\n<meta property=\"og:type\" content=\"article\" \/>\n<meta property=\"og:title\" content=\"Police operation dismantles alleged cab mafia at Seville airport - La Voz De Ibiza\" \/>\n<meta property=\"og:description\" content=\"According to police sources, the arrests were carried out both in Seville capital and in nearby towns, and it is not ruled out that there will be more arrests in the coming days.\" \/>\n<meta property=\"og:url\" content=\"https:\/\/lavozdeibiza.com\/en\/current-news\/police-operation-dismantles-alleged-cab-mafia-at-seville-airport\/\" \/>\n<meta property=\"og:site_name\" content=\"La Voz De Ibiza\" \/>\n<meta property=\"article:published_time\" content=\"2025-01-09T19:00:02+00:00\" \/>\n<meta property=\"og:image\" content=\"https:\/\/lavozdeibiza.com\/wp-content\/uploads\/2025\/01\/Screenshot_829.png\" \/>\n\t<meta property=\"og:image:width\" content=\"852\" \/>\n\t<meta property=\"og:image:height\" content=\"471\" \/>\n\t<meta property=\"og:image:type\" content=\"image\/png\" \/>\n<meta name=\"author\" content=\"Marcos Camiolo\" \/>\n<meta name=\"twitter:card\" content=\"summary_large_image\" \/>\n<meta name=\"twitter:creator\" content=\"@vozdeibiza\" \/>\n<meta name=\"twitter:site\" content=\"@vozdeibiza\" \/>\n<meta name=\"twitter:label1\" content=\"Written by\" \/>\n\t<meta name=\"twitter:data1\" content=\"Administrador\" \/>\n\t<meta name=\"twitter:label2\" content=\"Est. reading time\" \/>\n\t<meta name=\"twitter:data2\" content=\"2 minutes\" \/>\n<script type=\"application\/ld+json\" class=\"yoast-schema-graph\">{\"@context\":\"https:\\\/\\\/schema.org\",\"@graph\":[{\"@type\":\"NewsArticle\",\"@id\":\"https:\\\/\\\/lavozdeibiza.com\\\/en\\\/current-news\\\/police-operation-dismantles-alleged-cab-mafia-at-seville-airport\\\/#article\",\"isPartOf\":{\"@id\":\"https:\\\/\\\/lavozdeibiza.com\\\/en\\\/current-news\\\/police-operation-dismantles-alleged-cab-mafia-at-seville-airport\\\/\"},\"author\":{\"name\":\"Administrador\",\"@id\":\"https:\\\/\\\/lavozdeibiza.com\\\/en\\\/#\\\/schema\\\/person\\\/a117247bb9cbe19d974f3e7836c216af\"},\"headline\":\"Police operation dismantles alleged cab mafia at Seville airport\",\"datePublished\":\"2025-01-09T19:00:02+00:00\",\"mainEntityOfPage\":{\"@id\":\"https:\\\/\\\/lavozdeibiza.com\\\/en\\\/current-news\\\/police-operation-dismantles-alleged-cab-mafia-at-seville-airport\\\/\"},\"wordCount\":433,\"publisher\":{\"@id\":\"https:\\\/\\\/lavozdeibiza.com\\\/en\\\/#organization\"},\"image\":{\"@id\":\"https:\\\/\\\/lavozdeibiza.com\\\/en\\\/current-news\\\/police-operation-dismantles-alleged-cab-mafia-at-seville-airport\\\/#primaryimage\"},\"thumbnailUrl\":\"https:\\\/\\\/lavozdeibiza.com\\\/wp-content\\\/uploads\\\/2025\\\/01\\\/Screenshot_829.png\",\"keywords\":[\"cab\",\"Seville\"],\"articleSection\":[\"CURRENT NEWS\",\"SOCIETY\"],\"inLanguage\":\"en-US\"},{\"@type\":[\"WebPage\",\"ItemPage\"],\"@id\":\"https:\\\/\\\/lavozdeibiza.com\\\/en\\\/current-news\\\/police-operation-dismantles-alleged-cab-mafia-at-seville-airport\\\/\",\"url\":\"https:\\\/\\\/lavozdeibiza.com\\\/en\\\/current-news\\\/police-operation-dismantles-alleged-cab-mafia-at-seville-airport\\\/\",\"name\":\"Police operation dismantles alleged cab mafia at Seville airport - La Voz De Ibiza\",\"isPartOf\":{\"@id\":\"https:\\\/\\\/lavozdeibiza.com\\\/en\\\/#website\"},\"primaryImageOfPage\":{\"@id\":\"https:\\\/\\\/lavozdeibiza.com\\\/en\\\/current-news\\\/police-operation-dismantles-alleged-cab-mafia-at-seville-airport\\\/#primaryimage\"},\"image\":{\"@id\":\"https:\\\/\\\/lavozdeibiza.com\\\/en\\\/current-news\\\/police-operation-dismantles-alleged-cab-mafia-at-seville-airport\\\/#primaryimage\"},\"thumbnailUrl\":\"https:\\\/\\\/lavozdeibiza.com\\\/wp-content\\\/uploads\\\/2025\\\/01\\\/Screenshot_829.png\",\"datePublished\":\"2025-01-09T19:00:02+00:00\",\"description\":\"According to police sources, the arrests were carried out both in Seville capital and in nearby towns, and it is not ruled out that there will be more arrests in the coming days.\",\"breadcrumb\":{\"@id\":\"https:\\\/\\\/lavozdeibiza.com\\\/en\\\/current-news\\\/police-operation-dismantles-alleged-cab-mafia-at-seville-airport\\\/#breadcrumb\"},\"inLanguage\":\"en-US\",\"potentialAction\":[{\"@type\":\"ReadAction\",\"target\":[\"https:\\\/\\\/lavozdeibiza.com\\\/en\\\/current-news\\\/police-operation-dismantles-alleged-cab-mafia-at-seville-airport\\\/\"]}]},{\"@type\":\"ImageObject\",\"inLanguage\":\"en-US\",\"@id\":\"https:\\\/\\\/lavozdeibiza.com\\\/en\\\/current-news\\\/police-operation-dismantles-alleged-cab-mafia-at-seville-airport\\\/#primaryimage\",\"url\":\"https:\\\/\\\/lavozdeibiza.com\\\/wp-content\\\/uploads\\\/2025\\\/01\\\/Screenshot_829.png\",\"contentUrl\":\"https:\\\/\\\/lavozdeibiza.com\\\/wp-content\\\/uploads\\\/2025\\\/01\\\/Screenshot_829.png\",\"width\":852,\"height\":471,\"caption\":\"Taxis en el aeropuerto de Sevilla.\"},{\"@type\":\"BreadcrumbList\",\"@id\":\"https:\\\/\\\/lavozdeibiza.com\\\/en\\\/current-news\\\/police-operation-dismantles-alleged-cab-mafia-at-seville-airport\\\/#breadcrumb\",\"itemListElement\":[{\"@type\":\"ListItem\",\"position\":1,\"name\":\"Portada\",\"item\":\"https:\\\/\\\/lavozdeibiza.com\\\/en\\\/\"},{\"@type\":\"ListItem\",\"position\":2,\"name\":\"Police operation dismantles alleged cab mafia at Seville airport\"}]},{\"@type\":\"WebSite\",\"@id\":\"https:\\\/\\\/lavozdeibiza.com\\\/en\\\/#website\",\"url\":\"https:\\\/\\\/lavozdeibiza.com\\\/en\\\/\",\"name\":\"La Voz de Ibiza\",\"description\":\"Diario de informaci\u00f3n actualidad y noticias de Ibiza. Todas las noticias de los municipios de Ibiza\",\"publisher\":{\"@id\":\"https:\\\/\\\/lavozdeibiza.com\\\/en\\\/#organization\"},\"potentialAction\":[{\"@type\":\"SearchAction\",\"target\":{\"@type\":\"EntryPoint\",\"urlTemplate\":\"https:\\\/\\\/lavozdeibiza.com\\\/en\\\/?s={search_term_string}\"},\"query-input\":{\"@type\":\"PropertyValueSpecification\",\"valueRequired\":true,\"valueName\":\"search_term_string\"}}],\"inLanguage\":\"en-US\"},{\"@type\":[\"Organization\",\"NewsMediaOrganization\"],\"@id\":\"https:\\\/\\\/lavozdeibiza.com\\\/en\\\/#organization\",\"name\":\"La Voz de Ibiza\",\"url\":\"https:\\\/\\\/lavozdeibiza.com\\\/en\\\/\",\"logo\":{\"@type\":\"ImageObject\",\"inLanguage\":\"en-US\",\"@id\":\"https:\\\/\\\/lavozdeibiza.com\\\/en\\\/#\\\/schema\\\/logo\\\/image\\\/\",\"url\":\"https:\\\/\\\/lavozdeibiza.com\\\/wp-content\\\/uploads\\\/2023\\\/10\\\/logo-lvib-grande.jpg\",\"contentUrl\":\"https:\\\/\\\/lavozdeibiza.com\\\/wp-content\\\/uploads\\\/2023\\\/10\\\/logo-lvib-grande.jpg\",\"width\":1500,\"height\":1000,\"caption\":\"La Voz de Ibiza\"},\"image\":{\"@id\":\"https:\\\/\\\/lavozdeibiza.com\\\/en\\\/#\\\/schema\\\/logo\\\/image\\\/\"},\"sameAs\":[\"https:\\\/\\\/x.com\\\/vozdeibiza\",\"https:\\\/\\\/www.instagram.com\\\/lavozibiza\\\/\"]},{\"@type\":\"Person\",\"@id\":\"https:\\\/\\\/lavozdeibiza.com\\\/en\\\/#\\\/schema\\\/person\\\/a117247bb9cbe19d974f3e7836c216af\",\"name\":\"Administrador\",\"image\":{\"@type\":\"ImageObject\",\"inLanguage\":\"en-US\",\"@id\":\"https:\\\/\\\/secure.gravatar.com\\\/avatar\\\/986e5d1feb165770155d072107f42e3b57732948d149f326b8e7f0d7c430afee?s=96&d=mm&r=g5cb9a474e9f1438539234491a8b23201\",\"url\":\"https:\\\/\\\/secure.gravatar.com\\\/avatar\\\/986e5d1feb165770155d072107f42e3b57732948d149f326b8e7f0d7c430afee?s=96&d=mm&r=g\",\"contentUrl\":\"https:\\\/\\\/secure.gravatar.com\\\/avatar\\\/986e5d1feb165770155d072107f42e3b57732948d149f326b8e7f0d7c430afee?s=96&d=mm&r=g\",\"caption\":\"Administrador\"},\"sameAs\":[\"http:\\\/\\\/lavozdeibiza.cibeles.net\"],\"url\":\"https:\\\/\\\/lavozdeibiza.com\\\/en\\\/author\\\/administrador\\\/\"},{\"@type\":\"SiteNavigationElement\",\"@id\":\"https:\\\/\\\/lavozdeibiza.com\\\/en\\\/#site-navigation\",\"cssSelector\":[\".cib-main-menu\"]},{\"@type\":\"WPHeader\",\"@id\":\"https:\\\/\\\/lavozdeibiza.com\\\/en\\\/#header\",\"cssSelector\":[\".cib-header\"]},{\"@type\":\"WPFooter\",\"@id\":\"https:\\\/\\\/lavozdeibiza.com\\\/en\\\/#footer\",\"cssSelector\":[\".cib-footer\"]}]}<\/script>\n<!-- \/ Yoast SEO plugin. -->","yoast_head_json":{"title":"Police operation dismantles alleged cab mafia at Seville airport - La Voz De Ibiza","description":"According to police sources, the arrests were carried out both in Seville capital and in nearby towns, and it is not ruled out that there will be more arrests in the coming days.","robots":{"index":"index","follow":"follow","max-snippet":"max-snippet:-1","max-image-preview":"max-image-preview:large","max-video-preview":"max-video-preview:-1"},"canonical":"https:\/\/lavozdeibiza.com\/en\/current-news\/police-operation-dismantles-alleged-cab-mafia-at-seville-airport\/","og_locale":"en_US","og_type":"article","og_title":"Police operation dismantles alleged cab mafia at Seville airport - La Voz De Ibiza","og_description":"According to police sources, the arrests were carried out both in Seville capital and in nearby towns, and it is not ruled out that there will be more arrests in the coming days.","og_url":"https:\/\/lavozdeibiza.com\/en\/current-news\/police-operation-dismantles-alleged-cab-mafia-at-seville-airport\/","og_site_name":"La Voz De Ibiza","article_published_time":"2025-01-09T19:00:02+00:00","og_image":[{"width":852,"height":471,"url":"https:\/\/lavozdeibiza.com\/wp-content\/uploads\/2025\/01\/Screenshot_829.png","type":"image\/png"}],"author":"Marcos Camiolo","twitter_card":"summary_large_image","twitter_creator":"@vozdeibiza","twitter_site":"@vozdeibiza","twitter_misc":{"Written by":"Administrador","Est. reading time":"2 minutes"},"schema":{"@context":"https:\/\/schema.org","@graph":[{"@type":"NewsArticle","@id":"https:\/\/lavozdeibiza.com\/en\/current-news\/police-operation-dismantles-alleged-cab-mafia-at-seville-airport\/#article","isPartOf":{"@id":"https:\/\/lavozdeibiza.com\/en\/current-news\/police-operation-dismantles-alleged-cab-mafia-at-seville-airport\/"},"author":{"name":"Administrador","@id":"https:\/\/lavozdeibiza.com\/en\/#\/schema\/person\/a117247bb9cbe19d974f3e7836c216af"},"headline":"Police operation dismantles alleged cab mafia at Seville airport","datePublished":"2025-01-09T19:00:02+00:00","mainEntityOfPage":{"@id":"https:\/\/lavozdeibiza.com\/en\/current-news\/police-operation-dismantles-alleged-cab-mafia-at-seville-airport\/"},"wordCount":433,"publisher":{"@id":"https:\/\/lavozdeibiza.com\/en\/#organization"},"image":{"@id":"https:\/\/lavozdeibiza.com\/en\/current-news\/police-operation-dismantles-alleged-cab-mafia-at-seville-airport\/#primaryimage"},"thumbnailUrl":"https:\/\/lavozdeibiza.com\/wp-content\/uploads\/2025\/01\/Screenshot_829.png","keywords":["cab","Seville"],"articleSection":["CURRENT NEWS","SOCIETY"],"inLanguage":"en-US"},{"@type":["WebPage","ItemPage"],"@id":"https:\/\/lavozdeibiza.com\/en\/current-news\/police-operation-dismantles-alleged-cab-mafia-at-seville-airport\/","url":"https:\/\/lavozdeibiza.com\/en\/current-news\/police-operation-dismantles-alleged-cab-mafia-at-seville-airport\/","name":"Police operation dismantles alleged cab mafia at Seville airport - La Voz De Ibiza","isPartOf":{"@id":"https:\/\/lavozdeibiza.com\/en\/#website"},"primaryImageOfPage":{"@id":"https:\/\/lavozdeibiza.com\/en\/current-news\/police-operation-dismantles-alleged-cab-mafia-at-seville-airport\/#primaryimage"},"image":{"@id":"https:\/\/lavozdeibiza.com\/en\/current-news\/police-operation-dismantles-alleged-cab-mafia-at-seville-airport\/#primaryimage"},"thumbnailUrl":"https:\/\/lavozdeibiza.com\/wp-content\/uploads\/2025\/01\/Screenshot_829.png","datePublished":"2025-01-09T19:00:02+00:00","description":"According to police sources, the arrests were carried out both in Seville capital and in nearby towns, and it is not ruled out that there will be more arrests in the coming days.","breadcrumb":{"@id":"https:\/\/lavozdeibiza.com\/en\/current-news\/police-operation-dismantles-alleged-cab-mafia-at-seville-airport\/#breadcrumb"},"inLanguage":"en-US","potentialAction":[{"@type":"ReadAction","target":["https:\/\/lavozdeibiza.com\/en\/current-news\/police-operation-dismantles-alleged-cab-mafia-at-seville-airport\/"]}]},{"@type":"ImageObject","inLanguage":"en-US","@id":"https:\/\/lavozdeibiza.com\/en\/current-news\/police-operation-dismantles-alleged-cab-mafia-at-seville-airport\/#primaryimage","url":"https:\/\/lavozdeibiza.com\/wp-content\/uploads\/2025\/01\/Screenshot_829.png","contentUrl":"https:\/\/lavozdeibiza.com\/wp-content\/uploads\/2025\/01\/Screenshot_829.png","width":852,"height":471,"caption":"Taxis en el aeropuerto de Sevilla."},{"@type":"BreadcrumbList","@id":"https:\/\/lavozdeibiza.com\/en\/current-news\/police-operation-dismantles-alleged-cab-mafia-at-seville-airport\/#breadcrumb","itemListElement":[{"@type":"ListItem","position":1,"name":"Portada","item":"https:\/\/lavozdeibiza.com\/en\/"},{"@type":"ListItem","position":2,"name":"Police operation dismantles alleged cab mafia at Seville airport"}]},{"@type":"WebSite","@id":"https:\/\/lavozdeibiza.com\/en\/#website","url":"https:\/\/lavozdeibiza.com\/en\/","name":"La Voz de Ibiza","description":"Diario de informaci\u00f3n actualidad y noticias de Ibiza. Todas las noticias de los municipios de Ibiza","publisher":{"@id":"https:\/\/lavozdeibiza.com\/en\/#organization"},"potentialAction":[{"@type":"SearchAction","target":{"@type":"EntryPoint","urlTemplate":"https:\/\/lavozdeibiza.com\/en\/?s={search_term_string}"},"query-input":{"@type":"PropertyValueSpecification","valueRequired":true,"valueName":"search_term_string"}}],"inLanguage":"en-US"},{"@type":["Organization","NewsMediaOrganization"],"@id":"https:\/\/lavozdeibiza.com\/en\/#organization","name":"La Voz de Ibiza","url":"https:\/\/lavozdeibiza.com\/en\/","logo":{"@type":"ImageObject","inLanguage":"en-US","@id":"https:\/\/lavozdeibiza.com\/en\/#\/schema\/logo\/image\/","url":"https:\/\/lavozdeibiza.com\/wp-content\/uploads\/2023\/10\/logo-lvib-grande.jpg","contentUrl":"https:\/\/lavozdeibiza.com\/wp-content\/uploads\/2023\/10\/logo-lvib-grande.jpg","width":1500,"height":1000,"caption":"La Voz de Ibiza"},"image":{"@id":"https:\/\/lavozdeibiza.com\/en\/#\/schema\/logo\/image\/"},"sameAs":["https:\/\/x.com\/vozdeibiza","https:\/\/www.instagram.com\/lavozibiza\/"]},{"@type":"Person","@id":"https:\/\/lavozdeibiza.com\/en\/#\/schema\/person\/a117247bb9cbe19d974f3e7836c216af","name":"Administrador","image":{"@type":"ImageObject","inLanguage":"en-US","@id":"https:\/\/secure.gravatar.com\/avatar\/986e5d1feb165770155d072107f42e3b57732948d149f326b8e7f0d7c430afee?s=96&d=mm&r=g5cb9a474e9f1438539234491a8b23201","url":"https:\/\/secure.gravatar.com\/avatar\/986e5d1feb165770155d072107f42e3b57732948d149f326b8e7f0d7c430afee?s=96&d=mm&r=g","contentUrl":"https:\/\/secure.gravatar.com\/avatar\/986e5d1feb165770155d072107f42e3b57732948d149f326b8e7f0d7c430afee?s=96&d=mm&r=g","caption":"Administrador"},"sameAs":["http:\/\/lavozdeibiza.cibeles.net"],"url":"https:\/\/lavozdeibiza.com\/en\/author\/administrador\/"},{"@type":"SiteNavigationElement","@id":"https:\/\/lavozdeibiza.com\/en\/#site-navigation","cssSelector":[".cib-main-menu"]},{"@type":"WPHeader","@id":"https:\/\/lavozdeibiza.com\/en\/#header","cssSelector":[".cib-header"]},{"@type":"WPFooter","@id":"https:\/\/lavozdeibiza.com\/en\/#footer","cssSelector":[".cib-footer"]}]}},"authors":[{"term_id":2662,"user_id":13,"is_guest":0,"slug":null,"display_name":"Marcos Camiolo","avatar_url":"https:\/\/secure.gravatar.com\/avatar\/d719857709514c15fae505d026264415c16b7f4ecc142e2402c360de6499f6bb?s=96&d=mm&r=g","0":null,"1":"","2":"","3":"","4":"","5":"","6":"","7":"","8":"","9":"","10":""}],"_links":{"self":[{"href":"https:\/\/lavozdeibiza.com\/en\/wp-json\/wp\/v2\/posts\/80666","targetHints":{"allow":["GET"]}}],"collection":[{"href":"https:\/\/lavozdeibiza.com\/en\/wp-json\/wp\/v2\/posts"}],"about":[{"href":"https:\/\/lavozdeibiza.com\/en\/wp-json\/wp\/v2\/types\/post"}],"author":[{"embeddable":true,"href":"https:\/\/lavozdeibiza.com\/en\/wp-json\/wp\/v2\/users\/1"}],"replies":[{"embeddable":true,"href":"https:\/\/lavozdeibiza.com\/en\/wp-json\/wp\/v2\/comments?post=80666"}],"version-history":[{"count":0,"href":"https:\/\/lavozdeibiza.com\/en\/wp-json\/wp\/v2\/posts\/80666\/revisions"}],"wp:featuredmedia":[{"embeddable":true,"href":"https:\/\/lavozdeibiza.com\/en\/wp-json\/wp\/v2\/media\/80664"}],"wp:attachment":[{"href":"https:\/\/lavozdeibiza.com\/en\/wp-json\/wp\/v2\/media?parent=80666"}],"wp:term":[{"taxonomy":"category","embeddable":true,"href":"https:\/\/lavozdeibiza.com\/en\/wp-json\/wp\/v2\/categories?post=80666"},{"taxonomy":"post_tag","embeddable":true,"href":"https:\/\/lavozdeibiza.com\/en\/wp-json\/wp\/v2\/tags?post=80666"},{"taxonomy":"author","embeddable":true,"href":"https:\/\/lavozdeibiza.com\/en\/wp-json\/wp\/v2\/ppma_author?post=80666"}],"curies":[{"name":"wp","href":"https:\/\/api.w.org\/{rel}","templated":true}]}}