{"id":81781,"date":"2025-01-18T08:49:47","date_gmt":"2025-01-18T07:49:47","guid":{"rendered":"https:\/\/lavozdeibiza.com\/sin-categorizar\/2025\/01\/18\/the-government-gives-green-light-to-the-batteries-included-in-the-extension-of-the-sant-antoni-substation\/"},"modified":"2025-01-18T08:49:47","modified_gmt":"2025-01-18T07:49:47","slug":"the-government-gives-green-light-to-the-batteries-included-in-the-extension-of-the-sant-antoni-substation","status":"publish","type":"post","link":"https:\/\/lavozdeibiza.com\/en\/current-news\/the-government-gives-green-light-to-the-batteries-included-in-the-extension-of-the-sant-antoni-substation\/","title":{"rendered":"The Government gives green light to the batteries included in the extension of the Sant Antoni substation"},"content":{"rendered":"<p>The <strong>Balearic Government<\/strong> has given the green light to the project for the extension of the <strong><a href=\"https:\/\/lavozdeibiza.com\/wp-admin\/post.php?post=59586&amp;action=edit&amp;lang=es\">substation of Sant Antoni de Portmany<\/a><\/strong> and the installation of <strong>66 kV storage batteries<\/strong>, a project that already has the <strong>Favorable Environmental Impact Statement<\/strong> and has completed its administrative process. The works are expected to start <strong>&#8220;in the first quarter of this year&#8221;<\/strong> and to be completed within <strong>15 months<\/strong>, with commissioning planned for <strong>2026<\/strong>. <\/p>\n<ul>\n<li>\n<h4><a href=\"https:\/\/lavozdeibiza.com\/actualidad\/2025\/01\/12\/como-sera-cosmic-la-iniciativa-que-usara-la-ia-para-ahorrar-energia-en-puertos-y-por-que-ilusiona-a-ibiza\/?swcfpc=1\">What COSMIC, the initiative that will use AI to save energy in ports, will look like and why Ibiza is excited about it<\/a><\/h4>\n<\/li>\n<\/ul>\n<p>The project, developed by <strong>Red El\u00e9ctrica de Espa\u00f1a <\/strong>and budgeted at <strong>76 million euros<\/strong>, involves the installation of <strong>two modular storage batteries with a total power of 90 MW <\/strong>(45 MW each)<strong> and an energy capacity of 67.5 MWh <\/strong>(33.75 MWh each). They are designed to maximize the use of the submarine cable between <strong>Mallorca and Ibiza<\/strong>, doubling its exchange capacity from 100 MW to 190 MW. The basic battery storage installation <em>(BESS or Battery Energy Storage Systems)<\/em> consists of two types of elements: <strong>the batteries with their control and safety systems<\/strong>, and the <strong>modules<\/strong> that feed the batteries with electricity and communicate them with the operating system (inverter, transformer and telecommunications). Official sources of the Balearic Government have specified to <strong>La Voz de Ibiza<\/strong> that <strong>&#8220;the project has completed its environmental assessment, with a Favorable Environmental Impact Statement&#8221;<\/strong> as well as <strong>&#8220;all its administrative processing&#8221;<\/strong>. Likewise, it has just received a Resolution from the <strong>Department of Enterprise, Employment and Energy<\/strong>, granting the <strong>Administrative Construction Authorization<\/strong>. The official forecast is to start the works <strong>&#8220;in the first quarter of this year&#8221;<\/strong>, while the expected commissioning date of the project &#8220;is in accordance with the contents of the Energy Planning in force&#8221;, that is to say, in 2026. <\/p>\n<figure id=\"attachment_81766\" aria-describedby=\"caption-attachment-81766\" style=\"width: 958px\" class=\"wp-caption alignnone\"><img decoding=\"async\" class=\"wp-image-81765 size-full\" title=\"Green light for the expansion project of the Sant Antoni substation and the installation of storage batteries.\" src=\"https:\/\/lavozdeibiza.com\/wp-content\/uploads\/2025\/01\/sant-antoni-proyecto-1.jpg\" alt=\"Green light for the expansion project of the Sant Antoni substation and the installation of storage batteries.  \" width=\"958\" height=\"676\" srcset=\"https:\/\/lavozdeibiza.com\/wp-content\/uploads\/2025\/01\/sant-antoni-proyecto-1.jpg 958w, https:\/\/lavozdeibiza.com\/wp-content\/uploads\/2025\/01\/sant-antoni-proyecto-1-300x212.jpg 300w, https:\/\/lavozdeibiza.com\/wp-content\/uploads\/2025\/01\/sant-antoni-proyecto-1-768x542.jpg 768w\" sizes=\"(max-width: 958px) 100vw, 958px\" \/><figcaption id=\"caption-attachment-81766\" class=\"wp-caption-text\">Green light for the expansion project of the Sant Antoni substation and the installation of storage batteries.<\/figcaption><\/figure>\n<h2>What impact will batteries have on Ibiza?<\/h2>\n<p>The storage battery system, fully integrated into the Transportation Network, will enable  <strong>&#8220;maximize the use of the existing link to Mallorca and the benefits inherent in all Balearic submarine electricity links&#8221;.<\/strong><\/p>\n<p>These benefits include <strong>reduced operation of local thermal generation, reduced CO\u2082 emissions, reduced system costs, an increase in the penetration of renewable energies and a greater guarantee of supply.<\/strong> In the case of the link between Mallorca and Ibiza, the electricity interchange capacity will be doubled, from the <strong>current 100 MW to 190 MW.<\/strong> This will <strong>&#8220;significantly reduce the need to operate the Eivissa thermal power plant&#8221;<\/strong> and will reinforce the capacity of the link, which already covers an annual average of 65% of Ibiza&#8217;s demand. With this extension, the percentage will increase considerably, enhancing the sustainability and stability of the electricity system. In addition, in Formentera, where 100% of the electricity demand is already satisfied with the existing link, the infrastructure will add additional supply guarantees, reinforcing the security of the system between the pitiusas.<\/p>\n<figure id=\"attachment_81770\" aria-describedby=\"caption-attachment-81770\" style=\"width: 954px\" class=\"wp-caption alignnone\"><img decoding=\"async\" class=\"wp-image-81769 size-full\" title=\"Green light for the expansion project of the Sant Antoni substation and the installation of storage batteries.\" src=\"https:\/\/lavozdeibiza.com\/wp-content\/uploads\/2025\/01\/sant-antoni-proyecto-2.jpg\" alt=\"Green light for the expansion project of the Sant Antoni substation and the installation of storage batteries.\" width=\"954\" height=\"674\" srcset=\"https:\/\/lavozdeibiza.com\/wp-content\/uploads\/2025\/01\/sant-antoni-proyecto-2.jpg 954w, https:\/\/lavozdeibiza.com\/wp-content\/uploads\/2025\/01\/sant-antoni-proyecto-2-300x212.jpg 300w, https:\/\/lavozdeibiza.com\/wp-content\/uploads\/2025\/01\/sant-antoni-proyecto-2-768x543.jpg 768w\" sizes=\"(max-width: 954px) 100vw, 954px\" \/><figcaption id=\"caption-attachment-81770\" class=\"wp-caption-text\">Green light for the expansion project of the Sant Antoni substation and the installation of storage batteries.<\/figcaption><\/figure>\n<h2><strong>Coordination with other infrastructures<\/strong><\/h2>\n<p>This project is coordinated with other strategic initiatives of Red El\u00e9ctrica in Ibiza, such as the  <strong>132 kV double-circuit submarine link between Mallorca and Ibiza, the Ibiza-Formentera link and the development of the Ibiza South Axis.<\/strong>  The latter includes:<\/p>\n<ul>\n<li><strong>The new 4.7 km underground line<\/strong> between the Ibiza and Bossa substations.<\/li>\n<li><strong>The 132 kV Sant Jordi substation.<\/strong><\/li>\n<li><strong>Repowering of existing overhead lines.<\/strong><\/li>\n<\/ul>\n<p>According to Red El\u00e9ctrica, <strong>&#8220;the battery system and the development of the South Axis form an electrically equivalent and more sustainable alternative to the previous Es Forn\u00e0s project&#8221;.<\/strong> Together, these actions <strong>&#8220;will decisively reinforce the security of electricity supply, especially in the western part of Ibiza, and will favor the energy transition of the island through existing links&#8221;.<\/strong> This positions Ibiza and Formentera as benchmarks in sustainability and modernization of the electricity system in the Balearic Islands.<\/p>\n<h2>Neighborhood opposition in Benimussa and environmental impact<\/h2>\n<p>Throughout 2023 and early 2024, various protests organized by the <strong>Associaci\u00f3 de Vesins Davall Benimussa<\/strong> have been reported in which they have expressed their rejection of the project. In addition, the organization commissioned an impact study to the consulting firm Duna Balears, which concluded that the project would have <strong>&#8220;an unbearable environmental cost&#8221;<\/strong> quantified in <strong>&#8220;more than 15 thousand square meters of vegetation&#8221;<\/strong>. In parallel, the Landscape Impact Study annexed to the project concludes that &#8220;the <strong>landscape fragility<\/strong> can be assessed as <strong>low<\/strong> in general, due to the intense fragmentation of the visual basins by the wooded vegetation, which introduces numerous and continuous visual shields in such a flat environment&#8221;. In addition, it stresses that &#8220;the proximity of the project to a facility of the same significance <strong>allows the landscape fragility<\/strong> of the site <strong>to be further reduced<\/strong>.&#8221; Regarding the elimination of vegetation, the official study explains that the project will be located on &#8220;a <strong>long-abandoned<\/strong> <strong>agricultural plot<\/strong>, today of naturalized appearance, in which there are various specimens of Aleppo pine and scattered junipers, as well as diverse scrubland.&#8221; And he adds: &#8220;These natural vegetation formations <strong>do not constitute a well-formed structure, so the felling of their specimens does not have a drastic visual change<\/strong> in the landscape&#8221;. As for the corrective measures, the official report details that &#8220;the project has been designed under a strategy of landscape integration, so that they are formally adapted (volumes, height and color\/texture of the facades) to the surrounding buildings-installations&#8221;.<\/p>\n","protected":false},"excerpt":{"rendered":"<p>The Red El\u00e9ctrica project is part of the 2021-2026 Strategic Planning, involves an estimated investment of 76 million euros and its objective is to maximize the performance of the submarine cables with Mallorca and reduce the production of the Ibiza power plant.<\/p>\n","protected":false},"author":1,"featured_media":81724,"comment_status":"closed","ping_status":"closed","sticky":false,"template":"","format":"standard","meta":{"_acf_changed":false,"site-sidebar-layout":"default","site-content-layout":"","ast-site-content-layout":"default","site-content-style":"default","site-sidebar-style":"default","ast-global-header-display":"","ast-banner-title-visibility":"","ast-main-header-display":"","ast-hfb-above-header-display":"","ast-hfb-below-header-display":"","ast-hfb-mobile-header-display":"","site-post-title":"","ast-breadcrumbs-content":"","ast-featured-img":"","footer-sml-layout":"","ast-disable-related-posts":"","theme-transparent-header-meta":"default","adv-header-id-meta":"","stick-header-meta":"","header-above-stick-meta":"","header-main-stick-meta":"","header-below-stick-meta":"","astra-migrate-meta-layouts":"default","ast-page-background-enabled":"default","ast-page-background-meta":{"desktop":{"background-color":"var(--ast-global-color-4)","background-image":"","background-repeat":"repeat","background-position":"center center","background-size":"auto","background-attachment":"scroll","background-type":"","background-media":"","overlay-type":"","overlay-color":"","overlay-opacity":"","overlay-gradient":""},"tablet":{"background-color":"","background-image":"","background-repeat":"repeat","background-position":"center center","background-size":"auto","background-attachment":"scroll","background-type":"","background-media":"","overlay-type":"","overlay-color":"","overlay-opacity":"","overlay-gradient":""},"mobile":{"background-color":"","background-image":"","background-repeat":"repeat","background-position":"center center","background-size":"auto","background-attachment":"scroll","background-type":"","background-media":"","overlay-type":"","overlay-color":"","overlay-opacity":"","overlay-gradient":""}},"ast-content-background-meta":{"desktop":{"background-color":"var(--ast-global-color-5)","background-image":"","background-repeat":"repeat","background-position":"center center","background-size":"auto","background-attachment":"scroll","background-type":"","background-media":"","overlay-type":"","overlay-color":"","overlay-opacity":"","overlay-gradient":""},"tablet":{"background-color":"var(--ast-global-color-5)","background-image":"","background-repeat":"repeat","background-position":"center center","background-size":"auto","background-attachment":"scroll","background-type":"","background-media":"","overlay-type":"","overlay-color":"","overlay-opacity":"","overlay-gradient":""},"mobile":{"background-color":"var(--ast-global-color-5)","background-image":"","background-repeat":"repeat","background-position":"center center","background-size":"auto","background-attachment":"scroll","background-type":"","background-media":"","overlay-type":"","overlay-color":"","overlay-opacity":"","overlay-gradient":""}},"footnotes":""},"categories":[2910,3270,2911],"tags":[2920,2921,5070,5164],"ppma_author":[5481],"class_list":["post-81781","post","type-post","status-publish","format-standard","has-post-thumbnail","hentry","category-current-news","category-municipalities","category-sant-antoni-en","tag-actualidad-1-en-2","tag-actualidad-2-en","tag-balearic-government","tag-sant-antoni-town-hall"],"acf":[],"yoast_head":"<!-- This site is optimized with the Yoast SEO plugin v27.4 - https:\/\/yoast.com\/product\/yoast-seo-wordpress\/ -->\n<title>The Government gives green light to the batteries included in the extension of the Sant Antoni substation - La Voz De Ibiza<\/title>\n<meta name=\"description\" content=\"The Red El\u00e9ctrica project is part of the 2021-2026 Strategic Planning, involves an estimated investment of 76 million euros and its objective is to maximize the performance of the submarine cables with Mallorca and reduce the production of the Ibiza power plant.\" \/>\n<meta name=\"robots\" content=\"index, follow, max-snippet:-1, max-image-preview:large, max-video-preview:-1\" \/>\n<link rel=\"canonical\" href=\"https:\/\/lavozdeibiza.com\/en\/current-news\/the-government-gives-green-light-to-the-batteries-included-in-the-extension-of-the-sant-antoni-substation\/\" \/>\n<meta property=\"og:locale\" content=\"en_US\" \/>\n<meta property=\"og:type\" content=\"article\" \/>\n<meta property=\"og:title\" content=\"The Government gives green light to the batteries included in the extension of the Sant Antoni substation - La Voz De Ibiza\" \/>\n<meta property=\"og:description\" content=\"The Red El\u00e9ctrica project is part of the 2021-2026 Strategic Planning, involves an estimated investment of 76 million euros and its objective is to maximize the performance of the submarine cables with Mallorca and reduce the production of the Ibiza power plant.\" \/>\n<meta property=\"og:url\" content=\"https:\/\/lavozdeibiza.com\/en\/current-news\/the-government-gives-green-light-to-the-batteries-included-in-the-extension-of-the-sant-antoni-substation\/\" \/>\n<meta property=\"og:site_name\" content=\"La Voz De Ibiza\" \/>\n<meta property=\"article:published_time\" content=\"2025-01-18T07:49:47+00:00\" \/>\n<meta property=\"og:image\" content=\"https:\/\/lavozdeibiza.com\/wp-content\/uploads\/2025\/01\/sant-antoni-proyecto-3.jpg\" \/>\n\t<meta property=\"og:image:width\" content=\"1079\" \/>\n\t<meta property=\"og:image:height\" content=\"760\" \/>\n\t<meta property=\"og:image:type\" content=\"image\/jpeg\" \/>\n<meta name=\"author\" content=\"Flavio Ogrizovic\" \/>\n<meta name=\"twitter:card\" content=\"summary_large_image\" \/>\n<meta name=\"twitter:creator\" content=\"@vozdeibiza\" \/>\n<meta name=\"twitter:site\" content=\"@vozdeibiza\" \/>\n<meta name=\"twitter:label1\" content=\"Written by\" \/>\n\t<meta name=\"twitter:data1\" content=\"Administrador\" \/>\n\t<meta name=\"twitter:label2\" content=\"Est. reading time\" \/>\n\t<meta name=\"twitter:data2\" content=\"5 minutes\" \/>\n<script type=\"application\/ld+json\" class=\"yoast-schema-graph\">{\"@context\":\"https:\\\/\\\/schema.org\",\"@graph\":[{\"@type\":\"NewsArticle\",\"@id\":\"https:\\\/\\\/lavozdeibiza.com\\\/en\\\/current-news\\\/the-government-gives-green-light-to-the-batteries-included-in-the-extension-of-the-sant-antoni-substation\\\/#article\",\"isPartOf\":{\"@id\":\"https:\\\/\\\/lavozdeibiza.com\\\/en\\\/current-news\\\/the-government-gives-green-light-to-the-batteries-included-in-the-extension-of-the-sant-antoni-substation\\\/\"},\"author\":{\"name\":\"Administrador\",\"@id\":\"https:\\\/\\\/lavozdeibiza.com\\\/en\\\/#\\\/schema\\\/person\\\/a117247bb9cbe19d974f3e7836c216af\"},\"headline\":\"The Government gives green light to the batteries included in the extension of the Sant Antoni substation\",\"datePublished\":\"2025-01-18T07:49:47+00:00\",\"mainEntityOfPage\":{\"@id\":\"https:\\\/\\\/lavozdeibiza.com\\\/en\\\/current-news\\\/the-government-gives-green-light-to-the-batteries-included-in-the-extension-of-the-sant-antoni-substation\\\/\"},\"wordCount\":922,\"publisher\":{\"@id\":\"https:\\\/\\\/lavozdeibiza.com\\\/en\\\/#organization\"},\"image\":{\"@id\":\"https:\\\/\\\/lavozdeibiza.com\\\/en\\\/current-news\\\/the-government-gives-green-light-to-the-batteries-included-in-the-extension-of-the-sant-antoni-substation\\\/#primaryimage\"},\"thumbnailUrl\":\"https:\\\/\\\/lavozdeibiza.com\\\/wp-content\\\/uploads\\\/2025\\\/01\\\/sant-antoni-proyecto-3.jpg\",\"keywords\":[\"Actualidad 1\",\"Actualidad 2\",\"Balearic Government\",\"Sant Antoni Town Hall\"],\"articleSection\":[\"CURRENT NEWS\",\"MUNICIPALITIES\",\"Sant Antoni\"],\"inLanguage\":\"en-US\"},{\"@type\":[\"WebPage\",\"ItemPage\"],\"@id\":\"https:\\\/\\\/lavozdeibiza.com\\\/en\\\/current-news\\\/the-government-gives-green-light-to-the-batteries-included-in-the-extension-of-the-sant-antoni-substation\\\/\",\"url\":\"https:\\\/\\\/lavozdeibiza.com\\\/en\\\/current-news\\\/the-government-gives-green-light-to-the-batteries-included-in-the-extension-of-the-sant-antoni-substation\\\/\",\"name\":\"The Government gives green light to the batteries included in the extension of the Sant Antoni substation - La Voz De Ibiza\",\"isPartOf\":{\"@id\":\"https:\\\/\\\/lavozdeibiza.com\\\/en\\\/#website\"},\"primaryImageOfPage\":{\"@id\":\"https:\\\/\\\/lavozdeibiza.com\\\/en\\\/current-news\\\/the-government-gives-green-light-to-the-batteries-included-in-the-extension-of-the-sant-antoni-substation\\\/#primaryimage\"},\"image\":{\"@id\":\"https:\\\/\\\/lavozdeibiza.com\\\/en\\\/current-news\\\/the-government-gives-green-light-to-the-batteries-included-in-the-extension-of-the-sant-antoni-substation\\\/#primaryimage\"},\"thumbnailUrl\":\"https:\\\/\\\/lavozdeibiza.com\\\/wp-content\\\/uploads\\\/2025\\\/01\\\/sant-antoni-proyecto-3.jpg\",\"datePublished\":\"2025-01-18T07:49:47+00:00\",\"description\":\"The Red El\u00e9ctrica project is part of the 2021-2026 Strategic Planning, involves an estimated investment of 76 million euros and its objective is to maximize the performance of the submarine cables with Mallorca and reduce the production of the Ibiza power plant.\",\"breadcrumb\":{\"@id\":\"https:\\\/\\\/lavozdeibiza.com\\\/en\\\/current-news\\\/the-government-gives-green-light-to-the-batteries-included-in-the-extension-of-the-sant-antoni-substation\\\/#breadcrumb\"},\"inLanguage\":\"en-US\",\"potentialAction\":[{\"@type\":\"ReadAction\",\"target\":[\"https:\\\/\\\/lavozdeibiza.com\\\/en\\\/current-news\\\/the-government-gives-green-light-to-the-batteries-included-in-the-extension-of-the-sant-antoni-substation\\\/\"]}]},{\"@type\":\"ImageObject\",\"inLanguage\":\"en-US\",\"@id\":\"https:\\\/\\\/lavozdeibiza.com\\\/en\\\/current-news\\\/the-government-gives-green-light-to-the-batteries-included-in-the-extension-of-the-sant-antoni-substation\\\/#primaryimage\",\"url\":\"https:\\\/\\\/lavozdeibiza.com\\\/wp-content\\\/uploads\\\/2025\\\/01\\\/sant-antoni-proyecto-3.jpg\",\"contentUrl\":\"https:\\\/\\\/lavozdeibiza.com\\\/wp-content\\\/uploads\\\/2025\\\/01\\\/sant-antoni-proyecto-3.jpg\",\"width\":1079,\"height\":760,\"caption\":\"Ampliaci\u00f3n de Subestaci\u00f3n y Bater\u00edas de Almacenamiento San Antonio 55 kV.\"},{\"@type\":\"BreadcrumbList\",\"@id\":\"https:\\\/\\\/lavozdeibiza.com\\\/en\\\/current-news\\\/the-government-gives-green-light-to-the-batteries-included-in-the-extension-of-the-sant-antoni-substation\\\/#breadcrumb\",\"itemListElement\":[{\"@type\":\"ListItem\",\"position\":1,\"name\":\"Portada\",\"item\":\"https:\\\/\\\/lavozdeibiza.com\\\/en\\\/\"},{\"@type\":\"ListItem\",\"position\":2,\"name\":\"The Government gives green light to the batteries included in the extension of the Sant Antoni substation\"}]},{\"@type\":\"WebSite\",\"@id\":\"https:\\\/\\\/lavozdeibiza.com\\\/en\\\/#website\",\"url\":\"https:\\\/\\\/lavozdeibiza.com\\\/en\\\/\",\"name\":\"La Voz de Ibiza\",\"description\":\"Diario de informaci\u00f3n actualidad y noticias de Ibiza. Todas las noticias de los municipios de Ibiza\",\"publisher\":{\"@id\":\"https:\\\/\\\/lavozdeibiza.com\\\/en\\\/#organization\"},\"potentialAction\":[{\"@type\":\"SearchAction\",\"target\":{\"@type\":\"EntryPoint\",\"urlTemplate\":\"https:\\\/\\\/lavozdeibiza.com\\\/en\\\/?s={search_term_string}\"},\"query-input\":{\"@type\":\"PropertyValueSpecification\",\"valueRequired\":true,\"valueName\":\"search_term_string\"}}],\"inLanguage\":\"en-US\"},{\"@type\":[\"Organization\",\"NewsMediaOrganization\"],\"@id\":\"https:\\\/\\\/lavozdeibiza.com\\\/en\\\/#organization\",\"name\":\"La Voz de Ibiza\",\"url\":\"https:\\\/\\\/lavozdeibiza.com\\\/en\\\/\",\"logo\":{\"@type\":\"ImageObject\",\"inLanguage\":\"en-US\",\"@id\":\"https:\\\/\\\/lavozdeibiza.com\\\/en\\\/#\\\/schema\\\/logo\\\/image\\\/\",\"url\":\"https:\\\/\\\/lavozdeibiza.com\\\/wp-content\\\/uploads\\\/2023\\\/10\\\/logo-lvib-grande.jpg\",\"contentUrl\":\"https:\\\/\\\/lavozdeibiza.com\\\/wp-content\\\/uploads\\\/2023\\\/10\\\/logo-lvib-grande.jpg\",\"width\":1500,\"height\":1000,\"caption\":\"La Voz de Ibiza\"},\"image\":{\"@id\":\"https:\\\/\\\/lavozdeibiza.com\\\/en\\\/#\\\/schema\\\/logo\\\/image\\\/\"},\"sameAs\":[\"https:\\\/\\\/x.com\\\/vozdeibiza\",\"https:\\\/\\\/www.instagram.com\\\/lavozibiza\\\/\"]},{\"@type\":\"Person\",\"@id\":\"https:\\\/\\\/lavozdeibiza.com\\\/en\\\/#\\\/schema\\\/person\\\/a117247bb9cbe19d974f3e7836c216af\",\"name\":\"Administrador\",\"image\":{\"@type\":\"ImageObject\",\"inLanguage\":\"en-US\",\"@id\":\"https:\\\/\\\/secure.gravatar.com\\\/avatar\\\/986e5d1feb165770155d072107f42e3b57732948d149f326b8e7f0d7c430afee?s=96&d=mm&r=g5cb9a474e9f1438539234491a8b23201\",\"url\":\"https:\\\/\\\/secure.gravatar.com\\\/avatar\\\/986e5d1feb165770155d072107f42e3b57732948d149f326b8e7f0d7c430afee?s=96&d=mm&r=g\",\"contentUrl\":\"https:\\\/\\\/secure.gravatar.com\\\/avatar\\\/986e5d1feb165770155d072107f42e3b57732948d149f326b8e7f0d7c430afee?s=96&d=mm&r=g\",\"caption\":\"Administrador\"},\"sameAs\":[\"http:\\\/\\\/lavozdeibiza.cibeles.net\"],\"url\":\"https:\\\/\\\/lavozdeibiza.com\\\/en\\\/author\\\/administrador\\\/\"},{\"@type\":\"SiteNavigationElement\",\"@id\":\"https:\\\/\\\/lavozdeibiza.com\\\/en\\\/#site-navigation\",\"cssSelector\":[\".cib-main-menu\"]},{\"@type\":\"WPHeader\",\"@id\":\"https:\\\/\\\/lavozdeibiza.com\\\/en\\\/#header\",\"cssSelector\":[\".cib-header\"]},{\"@type\":\"WPFooter\",\"@id\":\"https:\\\/\\\/lavozdeibiza.com\\\/en\\\/#footer\",\"cssSelector\":[\".cib-footer\"]}]}<\/script>\n<!-- \/ Yoast SEO plugin. -->","yoast_head_json":{"title":"The Government gives green light to the batteries included in the extension of the Sant Antoni substation - La Voz De Ibiza","description":"The Red El\u00e9ctrica project is part of the 2021-2026 Strategic Planning, involves an estimated investment of 76 million euros and its objective is to maximize the performance of the submarine cables with Mallorca and reduce the production of the Ibiza power plant.","robots":{"index":"index","follow":"follow","max-snippet":"max-snippet:-1","max-image-preview":"max-image-preview:large","max-video-preview":"max-video-preview:-1"},"canonical":"https:\/\/lavozdeibiza.com\/en\/current-news\/the-government-gives-green-light-to-the-batteries-included-in-the-extension-of-the-sant-antoni-substation\/","og_locale":"en_US","og_type":"article","og_title":"The Government gives green light to the batteries included in the extension of the Sant Antoni substation - La Voz De Ibiza","og_description":"The Red El\u00e9ctrica project is part of the 2021-2026 Strategic Planning, involves an estimated investment of 76 million euros and its objective is to maximize the performance of the submarine cables with Mallorca and reduce the production of the Ibiza power plant.","og_url":"https:\/\/lavozdeibiza.com\/en\/current-news\/the-government-gives-green-light-to-the-batteries-included-in-the-extension-of-the-sant-antoni-substation\/","og_site_name":"La Voz De Ibiza","article_published_time":"2025-01-18T07:49:47+00:00","og_image":[{"width":1079,"height":760,"url":"https:\/\/lavozdeibiza.com\/wp-content\/uploads\/2025\/01\/sant-antoni-proyecto-3.jpg","type":"image\/jpeg"}],"author":"Flavio Ogrizovic","twitter_card":"summary_large_image","twitter_creator":"@vozdeibiza","twitter_site":"@vozdeibiza","twitter_misc":{"Written by":"Administrador","Est. reading time":"5 minutes"},"schema":{"@context":"https:\/\/schema.org","@graph":[{"@type":"NewsArticle","@id":"https:\/\/lavozdeibiza.com\/en\/current-news\/the-government-gives-green-light-to-the-batteries-included-in-the-extension-of-the-sant-antoni-substation\/#article","isPartOf":{"@id":"https:\/\/lavozdeibiza.com\/en\/current-news\/the-government-gives-green-light-to-the-batteries-included-in-the-extension-of-the-sant-antoni-substation\/"},"author":{"name":"Administrador","@id":"https:\/\/lavozdeibiza.com\/en\/#\/schema\/person\/a117247bb9cbe19d974f3e7836c216af"},"headline":"The Government gives green light to the batteries included in the extension of the Sant Antoni substation","datePublished":"2025-01-18T07:49:47+00:00","mainEntityOfPage":{"@id":"https:\/\/lavozdeibiza.com\/en\/current-news\/the-government-gives-green-light-to-the-batteries-included-in-the-extension-of-the-sant-antoni-substation\/"},"wordCount":922,"publisher":{"@id":"https:\/\/lavozdeibiza.com\/en\/#organization"},"image":{"@id":"https:\/\/lavozdeibiza.com\/en\/current-news\/the-government-gives-green-light-to-the-batteries-included-in-the-extension-of-the-sant-antoni-substation\/#primaryimage"},"thumbnailUrl":"https:\/\/lavozdeibiza.com\/wp-content\/uploads\/2025\/01\/sant-antoni-proyecto-3.jpg","keywords":["Actualidad 1","Actualidad 2","Balearic Government","Sant Antoni Town Hall"],"articleSection":["CURRENT NEWS","MUNICIPALITIES","Sant Antoni"],"inLanguage":"en-US"},{"@type":["WebPage","ItemPage"],"@id":"https:\/\/lavozdeibiza.com\/en\/current-news\/the-government-gives-green-light-to-the-batteries-included-in-the-extension-of-the-sant-antoni-substation\/","url":"https:\/\/lavozdeibiza.com\/en\/current-news\/the-government-gives-green-light-to-the-batteries-included-in-the-extension-of-the-sant-antoni-substation\/","name":"The Government gives green light to the batteries included in the extension of the Sant Antoni substation - La Voz De Ibiza","isPartOf":{"@id":"https:\/\/lavozdeibiza.com\/en\/#website"},"primaryImageOfPage":{"@id":"https:\/\/lavozdeibiza.com\/en\/current-news\/the-government-gives-green-light-to-the-batteries-included-in-the-extension-of-the-sant-antoni-substation\/#primaryimage"},"image":{"@id":"https:\/\/lavozdeibiza.com\/en\/current-news\/the-government-gives-green-light-to-the-batteries-included-in-the-extension-of-the-sant-antoni-substation\/#primaryimage"},"thumbnailUrl":"https:\/\/lavozdeibiza.com\/wp-content\/uploads\/2025\/01\/sant-antoni-proyecto-3.jpg","datePublished":"2025-01-18T07:49:47+00:00","description":"The Red El\u00e9ctrica project is part of the 2021-2026 Strategic Planning, involves an estimated investment of 76 million euros and its objective is to maximize the performance of the submarine cables with Mallorca and reduce the production of the Ibiza power plant.","breadcrumb":{"@id":"https:\/\/lavozdeibiza.com\/en\/current-news\/the-government-gives-green-light-to-the-batteries-included-in-the-extension-of-the-sant-antoni-substation\/#breadcrumb"},"inLanguage":"en-US","potentialAction":[{"@type":"ReadAction","target":["https:\/\/lavozdeibiza.com\/en\/current-news\/the-government-gives-green-light-to-the-batteries-included-in-the-extension-of-the-sant-antoni-substation\/"]}]},{"@type":"ImageObject","inLanguage":"en-US","@id":"https:\/\/lavozdeibiza.com\/en\/current-news\/the-government-gives-green-light-to-the-batteries-included-in-the-extension-of-the-sant-antoni-substation\/#primaryimage","url":"https:\/\/lavozdeibiza.com\/wp-content\/uploads\/2025\/01\/sant-antoni-proyecto-3.jpg","contentUrl":"https:\/\/lavozdeibiza.com\/wp-content\/uploads\/2025\/01\/sant-antoni-proyecto-3.jpg","width":1079,"height":760,"caption":"Ampliaci\u00f3n de Subestaci\u00f3n y Bater\u00edas de Almacenamiento San Antonio 55 kV."},{"@type":"BreadcrumbList","@id":"https:\/\/lavozdeibiza.com\/en\/current-news\/the-government-gives-green-light-to-the-batteries-included-in-the-extension-of-the-sant-antoni-substation\/#breadcrumb","itemListElement":[{"@type":"ListItem","position":1,"name":"Portada","item":"https:\/\/lavozdeibiza.com\/en\/"},{"@type":"ListItem","position":2,"name":"The Government gives green light to the batteries included in the extension of the Sant Antoni substation"}]},{"@type":"WebSite","@id":"https:\/\/lavozdeibiza.com\/en\/#website","url":"https:\/\/lavozdeibiza.com\/en\/","name":"La Voz de Ibiza","description":"Diario de informaci\u00f3n actualidad y noticias de Ibiza. Todas las noticias de los municipios de Ibiza","publisher":{"@id":"https:\/\/lavozdeibiza.com\/en\/#organization"},"potentialAction":[{"@type":"SearchAction","target":{"@type":"EntryPoint","urlTemplate":"https:\/\/lavozdeibiza.com\/en\/?s={search_term_string}"},"query-input":{"@type":"PropertyValueSpecification","valueRequired":true,"valueName":"search_term_string"}}],"inLanguage":"en-US"},{"@type":["Organization","NewsMediaOrganization"],"@id":"https:\/\/lavozdeibiza.com\/en\/#organization","name":"La Voz de Ibiza","url":"https:\/\/lavozdeibiza.com\/en\/","logo":{"@type":"ImageObject","inLanguage":"en-US","@id":"https:\/\/lavozdeibiza.com\/en\/#\/schema\/logo\/image\/","url":"https:\/\/lavozdeibiza.com\/wp-content\/uploads\/2023\/10\/logo-lvib-grande.jpg","contentUrl":"https:\/\/lavozdeibiza.com\/wp-content\/uploads\/2023\/10\/logo-lvib-grande.jpg","width":1500,"height":1000,"caption":"La Voz de Ibiza"},"image":{"@id":"https:\/\/lavozdeibiza.com\/en\/#\/schema\/logo\/image\/"},"sameAs":["https:\/\/x.com\/vozdeibiza","https:\/\/www.instagram.com\/lavozibiza\/"]},{"@type":"Person","@id":"https:\/\/lavozdeibiza.com\/en\/#\/schema\/person\/a117247bb9cbe19d974f3e7836c216af","name":"Administrador","image":{"@type":"ImageObject","inLanguage":"en-US","@id":"https:\/\/secure.gravatar.com\/avatar\/986e5d1feb165770155d072107f42e3b57732948d149f326b8e7f0d7c430afee?s=96&d=mm&r=g5cb9a474e9f1438539234491a8b23201","url":"https:\/\/secure.gravatar.com\/avatar\/986e5d1feb165770155d072107f42e3b57732948d149f326b8e7f0d7c430afee?s=96&d=mm&r=g","contentUrl":"https:\/\/secure.gravatar.com\/avatar\/986e5d1feb165770155d072107f42e3b57732948d149f326b8e7f0d7c430afee?s=96&d=mm&r=g","caption":"Administrador"},"sameAs":["http:\/\/lavozdeibiza.cibeles.net"],"url":"https:\/\/lavozdeibiza.com\/en\/author\/administrador\/"},{"@type":"SiteNavigationElement","@id":"https:\/\/lavozdeibiza.com\/en\/#site-navigation","cssSelector":[".cib-main-menu"]},{"@type":"WPHeader","@id":"https:\/\/lavozdeibiza.com\/en\/#header","cssSelector":[".cib-header"]},{"@type":"WPFooter","@id":"https:\/\/lavozdeibiza.com\/en\/#footer","cssSelector":[".cib-footer"]}]}},"authors":[{"term_id":5481,"user_id":27,"is_guest":0,"slug":null,"display_name":"Flavio Ogrizovic","avatar_url":"https:\/\/secure.gravatar.com\/avatar\/5d1cade096b03e21ec0e75a9956a2d5d53427823e6070159dd792279dd054aaf?s=96&d=mm&r=g","0":null,"1":"","2":"","3":"","4":"","5":"","6":"","7":"","8":"","9":"","10":""}],"_links":{"self":[{"href":"https:\/\/lavozdeibiza.com\/en\/wp-json\/wp\/v2\/posts\/81781","targetHints":{"allow":["GET"]}}],"collection":[{"href":"https:\/\/lavozdeibiza.com\/en\/wp-json\/wp\/v2\/posts"}],"about":[{"href":"https:\/\/lavozdeibiza.com\/en\/wp-json\/wp\/v2\/types\/post"}],"author":[{"embeddable":true,"href":"https:\/\/lavozdeibiza.com\/en\/wp-json\/wp\/v2\/users\/1"}],"replies":[{"embeddable":true,"href":"https:\/\/lavozdeibiza.com\/en\/wp-json\/wp\/v2\/comments?post=81781"}],"version-history":[{"count":0,"href":"https:\/\/lavozdeibiza.com\/en\/wp-json\/wp\/v2\/posts\/81781\/revisions"}],"wp:featuredmedia":[{"embeddable":true,"href":"https:\/\/lavozdeibiza.com\/en\/wp-json\/wp\/v2\/media\/81724"}],"wp:attachment":[{"href":"https:\/\/lavozdeibiza.com\/en\/wp-json\/wp\/v2\/media?parent=81781"}],"wp:term":[{"taxonomy":"category","embeddable":true,"href":"https:\/\/lavozdeibiza.com\/en\/wp-json\/wp\/v2\/categories?post=81781"},{"taxonomy":"post_tag","embeddable":true,"href":"https:\/\/lavozdeibiza.com\/en\/wp-json\/wp\/v2\/tags?post=81781"},{"taxonomy":"author","embeddable":true,"href":"https:\/\/lavozdeibiza.com\/en\/wp-json\/wp\/v2\/ppma_author?post=81781"}],"curies":[{"name":"wp","href":"https:\/\/api.w.org\/{rel}","templated":true}]}}