{"id":83856,"date":"2025-01-30T15:37:56","date_gmt":"2025-01-30T14:37:56","guid":{"rendered":"https:\/\/lavozdeibiza.com\/sin-categorizar\/2025\/01\/30\/melia-hotels-the-most-responsible-tourism-company-in-spain-according-to-merco\/"},"modified":"2025-01-30T15:37:56","modified_gmt":"2025-01-30T14:37:56","slug":"melia-hotels-the-most-responsible-tourism-company-in-spain-according-to-merco","status":"publish","type":"post","link":"https:\/\/lavozdeibiza.com\/en\/current-news\/melia-hotels-the-most-responsible-tourism-company-in-spain-according-to-merco\/","title":{"rendered":"Meli\u00e1 Hotels, the most responsible tourism company in Spain according to MERCO"},"content":{"rendered":"<p><a href=\"https:\/\/lavozdeibiza.com\/actualidad\/2025\/01\/22\/melia-reafirma-su-apuesta-por-el-lujo-y-anuncia-su-expansion-global-desde-fitur-2025\/\"><strong>Meli\u00e1 Hotels International<\/strong><\/a> has been recognized as <strong>the most responsible tourism company in Spain<\/strong>, according to the <strong>MERCO ESG Responsibility<\/strong> ranking. The company <strong>leads the hotel sector<\/strong> and has also managed to improve its position in the overall ranking, climbing <strong>8 places to rank in the Top 20<\/strong> companies with the best performance in sustainability and social responsibility in the country. <\/p>\n<ul>\n<li>\n<h4><a href=\"https:\/\/lavozdeibiza.com\/actualidad\/2024\/11\/26\/fallece-gabriel-escarrer-julia-fundador-de-melia-hotels-international\/?swcfpc=1\">Gabriel Escarrer Juli\u00e1, founder of Meli\u00e1 Hotels International passes away<\/a><\/h4>\n<\/li>\n<\/ul>\n<h2><strong>Recognition of corporate responsibility<\/strong><\/h2>\n<p>The <strong>MERCO<\/strong> ranking, a benchmark in the evaluation of corporate reputation, analyzes the performance of companies in three key areas: Ethics and good governance; Commitment to workers and society; and Environmental management. For the preparation of the report, MERCO has compiled more than <strong>63,000 surveys<\/strong> with information from <strong>26 sources of analysis<\/strong>, evaluating the impact of companies in terms of <strong>sustainability, social responsibility and corporate governance<\/strong>. Meli\u00e1 Hotels International has <strong>reinforced its leadership in ESG responsibility<\/strong>, obtaining better scores in the <strong>environmental and social<\/strong> areas, in line with its <strong>sustainability<\/strong> strategy <strong>and its Travel For Good program.<\/strong> This recognition highlights the company&#8217;s ongoing efforts to <strong>promote a more sustainable and responsible tourism model<\/strong>. <strong>Gabriel Escarrer Jaume<\/strong>, president and CEO of the company, highlighted the importance of this recognition and Meli\u00e1&#8217;s commitment to sustainability: &#8220;Sustainability has always been in <strong>our company&#8217;s DNA<\/strong>, and in recent years we have strengthened our position as <strong>one of the most sustainable hotel companies in the world<\/strong>. We are proud to be recognized once again, <strong>maintaining our commitments and improving results<\/strong>, but we are aware of the challenges that still lie ahead. We will continue to move forward with the support of our employees, partners, customers and suppliers in all the destinations where we operate,&#8221; he said.<\/p>\n<h4>Continue reading<\/h4>\n<ul>\n<li>\n<h4><a href=\"https:\/\/lavozdeibiza.com\/actualidad\/2024\/10\/02\/el-ceo-de-melia-insta-a-frenar-las-fiestas-con-dj-en-villas-de-ibiza-para-proteger-el-turismo-de-calidad\/?swcfpc=1\">Meli\u00e1 CEO urges to stop DJ parties in Ibiza villas to protect quality tourism<\/a><\/h4>\n<\/li>\n<li>\n<h4><a href=\"https:\/\/lavozdeibiza.com\/actualidad\/2024\/11\/26\/melia-hotels-despide-a-su-fundador-gabriel-escarrer-julia-con-un-emotivo-comunicado\/?swcfpc=1\">Meli\u00e1 Hotels bids farewell to its founder Gabriel Escarrer Juli\u00e1 with an emotional communiqu\u00e9<\/a><\/h4>\n<\/li>\n<\/ul>\n","protected":false},"excerpt":{"rendered":"<p>The hotel chain leads the sectorial ranking of MERCO ESG Responsibility and enters the Top 20 of the most responsible companies in the country.<\/p>\n","protected":false},"author":3,"featured_media":45613,"comment_status":"closed","ping_status":"closed","sticky":false,"template":"","format":"standard","meta":{"_acf_changed":false,"site-sidebar-layout":"default","site-content-layout":"","ast-site-content-layout":"default","site-content-style":"default","site-sidebar-style":"default","ast-global-header-display":"","ast-banner-title-visibility":"","ast-main-header-display":"","ast-hfb-above-header-display":"","ast-hfb-below-header-display":"","ast-hfb-mobile-header-display":"","site-post-title":"","ast-breadcrumbs-content":"","ast-featured-img":"","footer-sml-layout":"","ast-disable-related-posts":"","theme-transparent-header-meta":"default","adv-header-id-meta":"","stick-header-meta":"","header-above-stick-meta":"","header-main-stick-meta":"","header-below-stick-meta":"","astra-migrate-meta-layouts":"default","ast-page-background-enabled":"default","ast-page-background-meta":{"desktop":{"background-color":"var(--ast-global-color-4)","background-image":"","background-repeat":"repeat","background-position":"center center","background-size":"auto","background-attachment":"scroll","background-type":"","background-media":"","overlay-type":"","overlay-color":"","overlay-opacity":"","overlay-gradient":""},"tablet":{"background-color":"","background-image":"","background-repeat":"repeat","background-position":"center center","background-size":"auto","background-attachment":"scroll","background-type":"","background-media":"","overlay-type":"","overlay-color":"","overlay-opacity":"","overlay-gradient":""},"mobile":{"background-color":"","background-image":"","background-repeat":"repeat","background-position":"center center","background-size":"auto","background-attachment":"scroll","background-type":"","background-media":"","overlay-type":"","overlay-color":"","overlay-opacity":"","overlay-gradient":""}},"ast-content-background-meta":{"desktop":{"background-color":"var(--ast-global-color-5)","background-image":"","background-repeat":"repeat","background-position":"center center","background-size":"auto","background-attachment":"scroll","background-type":"","background-media":"","overlay-type":"","overlay-color":"","overlay-opacity":"","overlay-gradient":""},"tablet":{"background-color":"var(--ast-global-color-5)","background-image":"","background-repeat":"repeat","background-position":"center center","background-size":"auto","background-attachment":"scroll","background-type":"","background-media":"","overlay-type":"","overlay-color":"","overlay-opacity":"","overlay-gradient":""},"mobile":{"background-color":"var(--ast-global-color-5)","background-image":"","background-repeat":"repeat","background-position":"center center","background-size":"auto","background-attachment":"scroll","background-type":"","background-media":"","overlay-type":"","overlay-color":"","overlay-opacity":"","overlay-gradient":""}},"footnotes":""},"categories":[3213,2910],"tags":[2912,4553,5704],"ppma_author":[2644],"class_list":["post-83856","post","type-post","status-publish","format-standard","has-post-thumbnail","hentry","category-business","category-current-news","tag-actualidad-3-en","tag-hotels","tag-melia-hotels-en"],"acf":[],"yoast_head":"<!-- This site is optimized with the Yoast SEO plugin v27.4 - https:\/\/yoast.com\/product\/yoast-seo-wordpress\/ -->\n<title>Meli\u00e1 Hotels, the most responsible tourism company in Spain according to MERCO - La Voz De Ibiza<\/title>\n<meta name=\"description\" content=\"The hotel chain leads the sectorial ranking of MERCO ESG Responsibility and enters the Top 20 of the most responsible companies in the country.\" \/>\n<meta name=\"robots\" content=\"index, follow, max-snippet:-1, max-image-preview:large, max-video-preview:-1\" \/>\n<link rel=\"canonical\" href=\"https:\/\/lavozdeibiza.com\/en\/current-news\/melia-hotels-the-most-responsible-tourism-company-in-spain-according-to-merco\/\" \/>\n<meta property=\"og:locale\" content=\"en_US\" \/>\n<meta property=\"og:type\" content=\"article\" \/>\n<meta property=\"og:title\" content=\"Meli\u00e1 Hotels, the most responsible tourism company in Spain according to MERCO - La Voz De Ibiza\" \/>\n<meta property=\"og:description\" content=\"The hotel chain leads the sectorial ranking of MERCO ESG Responsibility and enters the Top 20 of the most responsible companies in the country.\" \/>\n<meta property=\"og:url\" content=\"https:\/\/lavozdeibiza.com\/en\/current-news\/melia-hotels-the-most-responsible-tourism-company-in-spain-according-to-merco\/\" \/>\n<meta property=\"og:site_name\" content=\"La Voz De Ibiza\" \/>\n<meta property=\"article:published_time\" content=\"2025-01-30T14:37:56+00:00\" \/>\n<meta property=\"og:image\" content=\"https:\/\/lavozdeibiza.com\/wp-content\/uploads\/2024\/05\/Melia-Hoteles-Ibiza.jpeg\" \/>\n\t<meta property=\"og:image:width\" content=\"740\" \/>\n\t<meta property=\"og:image:height\" content=\"493\" \/>\n\t<meta property=\"og:image:type\" content=\"image\/jpeg\" \/>\n<meta name=\"author\" content=\"La Voz de Ibiza\" \/>\n<meta name=\"twitter:card\" content=\"summary_large_image\" \/>\n<meta name=\"twitter:creator\" content=\"@vozdeibiza\" \/>\n<meta name=\"twitter:site\" content=\"@vozdeibiza\" \/>\n<meta name=\"twitter:label1\" content=\"Written by\" \/>\n\t<meta name=\"twitter:data1\" content=\"La Voz de Ibiza\" \/>\n\t<meta name=\"twitter:label2\" content=\"Est. reading time\" \/>\n\t<meta name=\"twitter:data2\" content=\"2 minutes\" \/>\n<script type=\"application\/ld+json\" class=\"yoast-schema-graph\">{\"@context\":\"https:\\\/\\\/schema.org\",\"@graph\":[{\"@type\":\"NewsArticle\",\"@id\":\"https:\\\/\\\/lavozdeibiza.com\\\/en\\\/current-news\\\/melia-hotels-the-most-responsible-tourism-company-in-spain-according-to-merco\\\/#article\",\"isPartOf\":{\"@id\":\"https:\\\/\\\/lavozdeibiza.com\\\/en\\\/current-news\\\/melia-hotels-the-most-responsible-tourism-company-in-spain-according-to-merco\\\/\"},\"author\":{\"name\":\"La Voz de Ibiza\",\"@id\":\"https:\\\/\\\/lavozdeibiza.com\\\/en\\\/#\\\/schema\\\/person\\\/4134262403fe1838d0a79018fd5aa7d4\"},\"headline\":\"Meli\u00e1 Hotels, the most responsible tourism company in Spain according to MERCO\",\"datePublished\":\"2025-01-30T14:37:56+00:00\",\"mainEntityOfPage\":{\"@id\":\"https:\\\/\\\/lavozdeibiza.com\\\/en\\\/current-news\\\/melia-hotels-the-most-responsible-tourism-company-in-spain-according-to-merco\\\/\"},\"wordCount\":327,\"publisher\":{\"@id\":\"https:\\\/\\\/lavozdeibiza.com\\\/en\\\/#organization\"},\"image\":{\"@id\":\"https:\\\/\\\/lavozdeibiza.com\\\/en\\\/current-news\\\/melia-hotels-the-most-responsible-tourism-company-in-spain-according-to-merco\\\/#primaryimage\"},\"thumbnailUrl\":\"https:\\\/\\\/lavozdeibiza.com\\\/wp-content\\\/uploads\\\/2024\\\/05\\\/Melia-Hoteles-Ibiza.jpeg\",\"keywords\":[\"Actualidad 3\",\"hotels\",\"Meli\u00e0 Hotels\"],\"articleSection\":[\"BUSINESS\",\"CURRENT NEWS\"],\"inLanguage\":\"en-US\"},{\"@type\":[\"WebPage\",\"ItemPage\"],\"@id\":\"https:\\\/\\\/lavozdeibiza.com\\\/en\\\/current-news\\\/melia-hotels-the-most-responsible-tourism-company-in-spain-according-to-merco\\\/\",\"url\":\"https:\\\/\\\/lavozdeibiza.com\\\/en\\\/current-news\\\/melia-hotels-the-most-responsible-tourism-company-in-spain-according-to-merco\\\/\",\"name\":\"Meli\u00e1 Hotels, the most responsible tourism company in Spain according to MERCO - La Voz De Ibiza\",\"isPartOf\":{\"@id\":\"https:\\\/\\\/lavozdeibiza.com\\\/en\\\/#website\"},\"primaryImageOfPage\":{\"@id\":\"https:\\\/\\\/lavozdeibiza.com\\\/en\\\/current-news\\\/melia-hotels-the-most-responsible-tourism-company-in-spain-according-to-merco\\\/#primaryimage\"},\"image\":{\"@id\":\"https:\\\/\\\/lavozdeibiza.com\\\/en\\\/current-news\\\/melia-hotels-the-most-responsible-tourism-company-in-spain-according-to-merco\\\/#primaryimage\"},\"thumbnailUrl\":\"https:\\\/\\\/lavozdeibiza.com\\\/wp-content\\\/uploads\\\/2024\\\/05\\\/Melia-Hoteles-Ibiza.jpeg\",\"datePublished\":\"2025-01-30T14:37:56+00:00\",\"description\":\"The hotel chain leads the sectorial ranking of MERCO ESG Responsibility and enters the Top 20 of the most responsible companies in the country.\",\"breadcrumb\":{\"@id\":\"https:\\\/\\\/lavozdeibiza.com\\\/en\\\/current-news\\\/melia-hotels-the-most-responsible-tourism-company-in-spain-according-to-merco\\\/#breadcrumb\"},\"inLanguage\":\"en-US\",\"potentialAction\":[{\"@type\":\"ReadAction\",\"target\":[\"https:\\\/\\\/lavozdeibiza.com\\\/en\\\/current-news\\\/melia-hotels-the-most-responsible-tourism-company-in-spain-according-to-merco\\\/\"]}]},{\"@type\":\"ImageObject\",\"inLanguage\":\"en-US\",\"@id\":\"https:\\\/\\\/lavozdeibiza.com\\\/en\\\/current-news\\\/melia-hotels-the-most-responsible-tourism-company-in-spain-according-to-merco\\\/#primaryimage\",\"url\":\"https:\\\/\\\/lavozdeibiza.com\\\/wp-content\\\/uploads\\\/2024\\\/05\\\/Melia-Hoteles-Ibiza.jpeg\",\"contentUrl\":\"https:\\\/\\\/lavozdeibiza.com\\\/wp-content\\\/uploads\\\/2024\\\/05\\\/Melia-Hoteles-Ibiza.jpeg\",\"width\":740,\"height\":493,\"caption\":\"Melia Hoteles Ibiza\"},{\"@type\":\"BreadcrumbList\",\"@id\":\"https:\\\/\\\/lavozdeibiza.com\\\/en\\\/current-news\\\/melia-hotels-the-most-responsible-tourism-company-in-spain-according-to-merco\\\/#breadcrumb\",\"itemListElement\":[{\"@type\":\"ListItem\",\"position\":1,\"name\":\"Portada\",\"item\":\"https:\\\/\\\/lavozdeibiza.com\\\/en\\\/\"},{\"@type\":\"ListItem\",\"position\":2,\"name\":\"Meli\u00e1 Hotels, the most responsible tourism company in Spain according to MERCO\"}]},{\"@type\":\"WebSite\",\"@id\":\"https:\\\/\\\/lavozdeibiza.com\\\/en\\\/#website\",\"url\":\"https:\\\/\\\/lavozdeibiza.com\\\/en\\\/\",\"name\":\"La Voz de Ibiza\",\"description\":\"Diario de informaci\u00f3n actualidad y noticias de Ibiza. Todas las noticias de los municipios de Ibiza\",\"publisher\":{\"@id\":\"https:\\\/\\\/lavozdeibiza.com\\\/en\\\/#organization\"},\"potentialAction\":[{\"@type\":\"SearchAction\",\"target\":{\"@type\":\"EntryPoint\",\"urlTemplate\":\"https:\\\/\\\/lavozdeibiza.com\\\/en\\\/?s={search_term_string}\"},\"query-input\":{\"@type\":\"PropertyValueSpecification\",\"valueRequired\":true,\"valueName\":\"search_term_string\"}}],\"inLanguage\":\"en-US\"},{\"@type\":[\"Organization\",\"NewsMediaOrganization\"],\"@id\":\"https:\\\/\\\/lavozdeibiza.com\\\/en\\\/#organization\",\"name\":\"La Voz de Ibiza\",\"url\":\"https:\\\/\\\/lavozdeibiza.com\\\/en\\\/\",\"logo\":{\"@type\":\"ImageObject\",\"inLanguage\":\"en-US\",\"@id\":\"https:\\\/\\\/lavozdeibiza.com\\\/en\\\/#\\\/schema\\\/logo\\\/image\\\/\",\"url\":\"https:\\\/\\\/lavozdeibiza.com\\\/wp-content\\\/uploads\\\/2023\\\/10\\\/logo-lvib-grande.jpg\",\"contentUrl\":\"https:\\\/\\\/lavozdeibiza.com\\\/wp-content\\\/uploads\\\/2023\\\/10\\\/logo-lvib-grande.jpg\",\"width\":1500,\"height\":1000,\"caption\":\"La Voz de Ibiza\"},\"image\":{\"@id\":\"https:\\\/\\\/lavozdeibiza.com\\\/en\\\/#\\\/schema\\\/logo\\\/image\\\/\"},\"sameAs\":[\"https:\\\/\\\/x.com\\\/vozdeibiza\",\"https:\\\/\\\/www.instagram.com\\\/lavozibiza\\\/\"]},{\"@type\":\"Person\",\"@id\":\"https:\\\/\\\/lavozdeibiza.com\\\/en\\\/#\\\/schema\\\/person\\\/4134262403fe1838d0a79018fd5aa7d4\",\"name\":\"La Voz de Ibiza\",\"image\":{\"@type\":\"ImageObject\",\"inLanguage\":\"en-US\",\"@id\":\"https:\\\/\\\/secure.gravatar.com\\\/avatar\\\/63cbef5d61a1efbd11b8e6d68f619b5206c448e1cb8189a04b26329b2539a1e2?s=96&d=mm&r=g86a2aa9c0273e55fe6b6a68d5a9e39f0\",\"url\":\"https:\\\/\\\/secure.gravatar.com\\\/avatar\\\/63cbef5d61a1efbd11b8e6d68f619b5206c448e1cb8189a04b26329b2539a1e2?s=96&d=mm&r=g\",\"contentUrl\":\"https:\\\/\\\/secure.gravatar.com\\\/avatar\\\/63cbef5d61a1efbd11b8e6d68f619b5206c448e1cb8189a04b26329b2539a1e2?s=96&d=mm&r=g\",\"caption\":\"La Voz de Ibiza\"},\"url\":\"https:\\\/\\\/lavozdeibiza.com\\\/en\\\/author\\\/la-voz-de-ibiza\\\/\"},{\"@type\":\"SiteNavigationElement\",\"@id\":\"https:\\\/\\\/lavozdeibiza.com\\\/en\\\/#site-navigation\",\"cssSelector\":[\".cib-main-menu\"]},{\"@type\":\"WPHeader\",\"@id\":\"https:\\\/\\\/lavozdeibiza.com\\\/en\\\/#header\",\"cssSelector\":[\".cib-header\"]},{\"@type\":\"WPFooter\",\"@id\":\"https:\\\/\\\/lavozdeibiza.com\\\/en\\\/#footer\",\"cssSelector\":[\".cib-footer\"]}]}<\/script>\n<!-- \/ Yoast SEO plugin. -->","yoast_head_json":{"title":"Meli\u00e1 Hotels, the most responsible tourism company in Spain according to MERCO - La Voz De Ibiza","description":"The hotel chain leads the sectorial ranking of MERCO ESG Responsibility and enters the Top 20 of the most responsible companies in the country.","robots":{"index":"index","follow":"follow","max-snippet":"max-snippet:-1","max-image-preview":"max-image-preview:large","max-video-preview":"max-video-preview:-1"},"canonical":"https:\/\/lavozdeibiza.com\/en\/current-news\/melia-hotels-the-most-responsible-tourism-company-in-spain-according-to-merco\/","og_locale":"en_US","og_type":"article","og_title":"Meli\u00e1 Hotels, the most responsible tourism company in Spain according to MERCO - La Voz De Ibiza","og_description":"The hotel chain leads the sectorial ranking of MERCO ESG Responsibility and enters the Top 20 of the most responsible companies in the country.","og_url":"https:\/\/lavozdeibiza.com\/en\/current-news\/melia-hotels-the-most-responsible-tourism-company-in-spain-according-to-merco\/","og_site_name":"La Voz De Ibiza","article_published_time":"2025-01-30T14:37:56+00:00","og_image":[{"width":740,"height":493,"url":"https:\/\/lavozdeibiza.com\/wp-content\/uploads\/2024\/05\/Melia-Hoteles-Ibiza.jpeg","type":"image\/jpeg"}],"author":"La Voz de Ibiza","twitter_card":"summary_large_image","twitter_creator":"@vozdeibiza","twitter_site":"@vozdeibiza","twitter_misc":{"Written by":"La Voz de Ibiza","Est. reading time":"2 minutes"},"schema":{"@context":"https:\/\/schema.org","@graph":[{"@type":"NewsArticle","@id":"https:\/\/lavozdeibiza.com\/en\/current-news\/melia-hotels-the-most-responsible-tourism-company-in-spain-according-to-merco\/#article","isPartOf":{"@id":"https:\/\/lavozdeibiza.com\/en\/current-news\/melia-hotels-the-most-responsible-tourism-company-in-spain-according-to-merco\/"},"author":{"name":"La Voz de Ibiza","@id":"https:\/\/lavozdeibiza.com\/en\/#\/schema\/person\/4134262403fe1838d0a79018fd5aa7d4"},"headline":"Meli\u00e1 Hotels, the most responsible tourism company in Spain according to MERCO","datePublished":"2025-01-30T14:37:56+00:00","mainEntityOfPage":{"@id":"https:\/\/lavozdeibiza.com\/en\/current-news\/melia-hotels-the-most-responsible-tourism-company-in-spain-according-to-merco\/"},"wordCount":327,"publisher":{"@id":"https:\/\/lavozdeibiza.com\/en\/#organization"},"image":{"@id":"https:\/\/lavozdeibiza.com\/en\/current-news\/melia-hotels-the-most-responsible-tourism-company-in-spain-according-to-merco\/#primaryimage"},"thumbnailUrl":"https:\/\/lavozdeibiza.com\/wp-content\/uploads\/2024\/05\/Melia-Hoteles-Ibiza.jpeg","keywords":["Actualidad 3","hotels","Meli\u00e0 Hotels"],"articleSection":["BUSINESS","CURRENT NEWS"],"inLanguage":"en-US"},{"@type":["WebPage","ItemPage"],"@id":"https:\/\/lavozdeibiza.com\/en\/current-news\/melia-hotels-the-most-responsible-tourism-company-in-spain-according-to-merco\/","url":"https:\/\/lavozdeibiza.com\/en\/current-news\/melia-hotels-the-most-responsible-tourism-company-in-spain-according-to-merco\/","name":"Meli\u00e1 Hotels, the most responsible tourism company in Spain according to MERCO - La Voz De Ibiza","isPartOf":{"@id":"https:\/\/lavozdeibiza.com\/en\/#website"},"primaryImageOfPage":{"@id":"https:\/\/lavozdeibiza.com\/en\/current-news\/melia-hotels-the-most-responsible-tourism-company-in-spain-according-to-merco\/#primaryimage"},"image":{"@id":"https:\/\/lavozdeibiza.com\/en\/current-news\/melia-hotels-the-most-responsible-tourism-company-in-spain-according-to-merco\/#primaryimage"},"thumbnailUrl":"https:\/\/lavozdeibiza.com\/wp-content\/uploads\/2024\/05\/Melia-Hoteles-Ibiza.jpeg","datePublished":"2025-01-30T14:37:56+00:00","description":"The hotel chain leads the sectorial ranking of MERCO ESG Responsibility and enters the Top 20 of the most responsible companies in the country.","breadcrumb":{"@id":"https:\/\/lavozdeibiza.com\/en\/current-news\/melia-hotels-the-most-responsible-tourism-company-in-spain-according-to-merco\/#breadcrumb"},"inLanguage":"en-US","potentialAction":[{"@type":"ReadAction","target":["https:\/\/lavozdeibiza.com\/en\/current-news\/melia-hotels-the-most-responsible-tourism-company-in-spain-according-to-merco\/"]}]},{"@type":"ImageObject","inLanguage":"en-US","@id":"https:\/\/lavozdeibiza.com\/en\/current-news\/melia-hotels-the-most-responsible-tourism-company-in-spain-according-to-merco\/#primaryimage","url":"https:\/\/lavozdeibiza.com\/wp-content\/uploads\/2024\/05\/Melia-Hoteles-Ibiza.jpeg","contentUrl":"https:\/\/lavozdeibiza.com\/wp-content\/uploads\/2024\/05\/Melia-Hoteles-Ibiza.jpeg","width":740,"height":493,"caption":"Melia Hoteles Ibiza"},{"@type":"BreadcrumbList","@id":"https:\/\/lavozdeibiza.com\/en\/current-news\/melia-hotels-the-most-responsible-tourism-company-in-spain-according-to-merco\/#breadcrumb","itemListElement":[{"@type":"ListItem","position":1,"name":"Portada","item":"https:\/\/lavozdeibiza.com\/en\/"},{"@type":"ListItem","position":2,"name":"Meli\u00e1 Hotels, the most responsible tourism company in Spain according to MERCO"}]},{"@type":"WebSite","@id":"https:\/\/lavozdeibiza.com\/en\/#website","url":"https:\/\/lavozdeibiza.com\/en\/","name":"La Voz de Ibiza","description":"Diario de informaci\u00f3n actualidad y noticias de Ibiza. Todas las noticias de los municipios de Ibiza","publisher":{"@id":"https:\/\/lavozdeibiza.com\/en\/#organization"},"potentialAction":[{"@type":"SearchAction","target":{"@type":"EntryPoint","urlTemplate":"https:\/\/lavozdeibiza.com\/en\/?s={search_term_string}"},"query-input":{"@type":"PropertyValueSpecification","valueRequired":true,"valueName":"search_term_string"}}],"inLanguage":"en-US"},{"@type":["Organization","NewsMediaOrganization"],"@id":"https:\/\/lavozdeibiza.com\/en\/#organization","name":"La Voz de Ibiza","url":"https:\/\/lavozdeibiza.com\/en\/","logo":{"@type":"ImageObject","inLanguage":"en-US","@id":"https:\/\/lavozdeibiza.com\/en\/#\/schema\/logo\/image\/","url":"https:\/\/lavozdeibiza.com\/wp-content\/uploads\/2023\/10\/logo-lvib-grande.jpg","contentUrl":"https:\/\/lavozdeibiza.com\/wp-content\/uploads\/2023\/10\/logo-lvib-grande.jpg","width":1500,"height":1000,"caption":"La Voz de Ibiza"},"image":{"@id":"https:\/\/lavozdeibiza.com\/en\/#\/schema\/logo\/image\/"},"sameAs":["https:\/\/x.com\/vozdeibiza","https:\/\/www.instagram.com\/lavozibiza\/"]},{"@type":"Person","@id":"https:\/\/lavozdeibiza.com\/en\/#\/schema\/person\/4134262403fe1838d0a79018fd5aa7d4","name":"La Voz de Ibiza","image":{"@type":"ImageObject","inLanguage":"en-US","@id":"https:\/\/secure.gravatar.com\/avatar\/63cbef5d61a1efbd11b8e6d68f619b5206c448e1cb8189a04b26329b2539a1e2?s=96&d=mm&r=g86a2aa9c0273e55fe6b6a68d5a9e39f0","url":"https:\/\/secure.gravatar.com\/avatar\/63cbef5d61a1efbd11b8e6d68f619b5206c448e1cb8189a04b26329b2539a1e2?s=96&d=mm&r=g","contentUrl":"https:\/\/secure.gravatar.com\/avatar\/63cbef5d61a1efbd11b8e6d68f619b5206c448e1cb8189a04b26329b2539a1e2?s=96&d=mm&r=g","caption":"La Voz de Ibiza"},"url":"https:\/\/lavozdeibiza.com\/en\/author\/la-voz-de-ibiza\/"},{"@type":"SiteNavigationElement","@id":"https:\/\/lavozdeibiza.com\/en\/#site-navigation","cssSelector":[".cib-main-menu"]},{"@type":"WPHeader","@id":"https:\/\/lavozdeibiza.com\/en\/#header","cssSelector":[".cib-header"]},{"@type":"WPFooter","@id":"https:\/\/lavozdeibiza.com\/en\/#footer","cssSelector":[".cib-footer"]}]}},"authors":[{"term_id":2644,"user_id":3,"is_guest":0,"slug":"la-voz-de-ibiza","display_name":"La Voz de Ibiza","avatar_url":"https:\/\/secure.gravatar.com\/avatar\/63cbef5d61a1efbd11b8e6d68f619b5206c448e1cb8189a04b26329b2539a1e2?s=96&d=mm&r=g","0":null,"1":"","2":"","3":"","4":"","5":"","6":"","7":"","8":"","9":"","10":""}],"_links":{"self":[{"href":"https:\/\/lavozdeibiza.com\/en\/wp-json\/wp\/v2\/posts\/83856","targetHints":{"allow":["GET"]}}],"collection":[{"href":"https:\/\/lavozdeibiza.com\/en\/wp-json\/wp\/v2\/posts"}],"about":[{"href":"https:\/\/lavozdeibiza.com\/en\/wp-json\/wp\/v2\/types\/post"}],"author":[{"embeddable":true,"href":"https:\/\/lavozdeibiza.com\/en\/wp-json\/wp\/v2\/users\/3"}],"replies":[{"embeddable":true,"href":"https:\/\/lavozdeibiza.com\/en\/wp-json\/wp\/v2\/comments?post=83856"}],"version-history":[{"count":0,"href":"https:\/\/lavozdeibiza.com\/en\/wp-json\/wp\/v2\/posts\/83856\/revisions"}],"wp:featuredmedia":[{"embeddable":true,"href":"https:\/\/lavozdeibiza.com\/en\/wp-json\/wp\/v2\/media\/45613"}],"wp:attachment":[{"href":"https:\/\/lavozdeibiza.com\/en\/wp-json\/wp\/v2\/media?parent=83856"}],"wp:term":[{"taxonomy":"category","embeddable":true,"href":"https:\/\/lavozdeibiza.com\/en\/wp-json\/wp\/v2\/categories?post=83856"},{"taxonomy":"post_tag","embeddable":true,"href":"https:\/\/lavozdeibiza.com\/en\/wp-json\/wp\/v2\/tags?post=83856"},{"taxonomy":"author","embeddable":true,"href":"https:\/\/lavozdeibiza.com\/en\/wp-json\/wp\/v2\/ppma_author?post=83856"}],"curies":[{"name":"wp","href":"https:\/\/api.w.org\/{rel}","templated":true}]}}