{"id":84924,"date":"2025-02-06T17:50:59","date_gmt":"2025-02-06T16:50:59","guid":{"rendered":"https:\/\/lavozdeibiza.com\/sin-categorizar\/2025\/02\/06\/fewer-brits-in-ibiza-the-english-press-talks-about-massive-cancellations\/"},"modified":"2025-02-06T17:50:59","modified_gmt":"2025-02-06T16:50:59","slug":"fewer-brits-in-ibiza-the-english-press-talks-about-massive-cancellations","status":"publish","type":"post","link":"https:\/\/lavozdeibiza.com\/en\/current-news\/fewer-brits-in-ibiza-the-english-press-talks-about-massive-cancellations\/","title":{"rendered":"Fewer Brits in Ibiza? The English press talks about massive cancellations"},"content":{"rendered":"<p><strong>Ibiza<\/strong>, one of the favorite destinations for the British, could face a reduction in the arrival of <a href=\"https:\/\/lavozdeibiza.com\/actualidad\/2025\/02\/02\/el-turismo-sigue-en-alza-en-baleares-mas-gasto-por-visitante-y-un-123-de-crecimiento-hasta-noviembre\/?swcfpc=1\">tourists<\/a> from this country in 2025, according to the English media <strong><em>Birmingham Live.<\/em><\/strong><\/p>\n<p>In a recently published article, the newspaper claims that &#8220;thousands&#8221; of tourists have cancelled their vacations on the island because they consider that they are &#8220;not welcome&#8221;, alluding to the protests that took place in 2024 against the tourist overcrowding in the Balearic Islands.<\/p>\n<ul>\n<li>\n<h5><a href=\"https:\/\/lavozdeibiza.com\/actualidad\/2025\/02\/02\/el-turismo-sigue-en-alza-en-baleares-mas-gasto-por-visitante-y-un-123-de-crecimiento-hasta-noviembre\/?swcfpc=1\">Tourism continues to rise in the Balearic Islands: more spending per visitor and 12.3% growth through November<\/a><\/h5>\n<\/li>\n<\/ul>\n<p>However, the British media itself does not provide data to back up its claim.  <strong>In fact, the only numbers cited correspond to last season and reflect a 3.2% drop in British tourism throughout the Balearic archipelago, with a more pronounced fall in July, when a 10.1% drop was recorded compared to the previous year.<\/strong><\/p>\n<h2><strong>A change in the preferences of British tourists<\/strong><\/h2>\n<p>According to <em>Birmingham Live<\/em>, one of the factors that would explain the alleged fall of British tourists in Ibiza is the rise of Menorca as an alternative destination within the Balearic Islands. Based on data from the travel platform <em>TravelSupermarket<\/em>, the media highlights that searches for vacations in Menorca have increased by 341%, surpassing those of Mallorca and Ibiza. <\/p>\n<p><strong>The British report argues that Menorca attracts a tourist profile that seeks quieter beaches, charming villages and a more relaxed atmosphere, as opposed to the leisure and party offer that characterizes Ibiza.<\/strong>  In addition, he highlights that the rise of active tourism and the demand for experiences more closely linked to nature are also playing a key role in this change in trend.<\/p>\n<h2><strong>A relative decline in British tourism<\/strong><\/h2>\n<p>Despite what was published by the British press, official data reflect that the Balearic Islands had a record year in tourism terms in 2024, with a total of 18.7 million visitors, which represented an increase of almost 900,000 tourists compared to 2023. However, although the total number of tourists increased, the growth rate was lower than in other Spanish destinations such as the Canary Islands, Catalonia or Andalusia. <\/p>\n<p>As for British tourism, the figures show a decline of 3.2% for the year as a whole, a figure that could be related to various factors, including the economic situation in the United Kingdom, which is going through a period of stagnation and mild recession.<\/p>\n<h2><strong>Expectations for the 2025 season<\/strong><\/h2>\n<p>A few months before the start of the tourist season in Ibiza, it is still too early to confirm whether there will really be a significant decline in British arrivals. Definitive data on the behavior of tourism in 2025 can only be assessed after the end of the year. <\/p>\n<h4>Continue reading<\/h4>\n<ul>\n<li>\n<h5><a href=\"https:\/\/lavozdeibiza.com\/sociedad\/2024\/12\/05\/la-conexion-entre-la-tecnologia-y-el-turismo-nuevas-formas-de-disfrutar-ibiza\/?swcfpc=1\">The connection between technology and tourism: new ways to enjoy Ibiza<\/a><\/h5>\n<\/li>\n<\/ul>\n","protected":false},"excerpt":{"rendered":"<p>According to the British media, one of the factors that would explain the alleged fall of British tourists in Ibiza is the rise of Menorca.<\/p>\n","protected":false},"author":1,"featured_media":63255,"comment_status":"closed","ping_status":"closed","sticky":false,"template":"","format":"standard","meta":{"_acf_changed":false,"site-sidebar-layout":"default","site-content-layout":"","ast-site-content-layout":"default","site-content-style":"default","site-sidebar-style":"default","ast-global-header-display":"","ast-banner-title-visibility":"","ast-main-header-display":"","ast-hfb-above-header-display":"","ast-hfb-below-header-display":"","ast-hfb-mobile-header-display":"","site-post-title":"","ast-breadcrumbs-content":"","ast-featured-img":"","footer-sml-layout":"","ast-disable-related-posts":"","theme-transparent-header-meta":"default","adv-header-id-meta":"","stick-header-meta":"","header-above-stick-meta":"","header-main-stick-meta":"","header-below-stick-meta":"","astra-migrate-meta-layouts":"default","ast-page-background-enabled":"default","ast-page-background-meta":{"desktop":{"background-color":"var(--ast-global-color-4)","background-image":"","background-repeat":"repeat","background-position":"center center","background-size":"auto","background-attachment":"scroll","background-type":"","background-media":"","overlay-type":"","overlay-color":"","overlay-opacity":"","overlay-gradient":""},"tablet":{"background-color":"","background-image":"","background-repeat":"repeat","background-position":"center center","background-size":"auto","background-attachment":"scroll","background-type":"","background-media":"","overlay-type":"","overlay-color":"","overlay-opacity":"","overlay-gradient":""},"mobile":{"background-color":"","background-image":"","background-repeat":"repeat","background-position":"center center","background-size":"auto","background-attachment":"scroll","background-type":"","background-media":"","overlay-type":"","overlay-color":"","overlay-opacity":"","overlay-gradient":""}},"ast-content-background-meta":{"desktop":{"background-color":"var(--ast-global-color-5)","background-image":"","background-repeat":"repeat","background-position":"center center","background-size":"auto","background-attachment":"scroll","background-type":"","background-media":"","overlay-type":"","overlay-color":"","overlay-opacity":"","overlay-gradient":""},"tablet":{"background-color":"var(--ast-global-color-5)","background-image":"","background-repeat":"repeat","background-position":"center center","background-size":"auto","background-attachment":"scroll","background-type":"","background-media":"","overlay-type":"","overlay-color":"","overlay-opacity":"","overlay-gradient":""},"mobile":{"background-color":"var(--ast-global-color-5)","background-image":"","background-repeat":"repeat","background-position":"center center","background-size":"auto","background-attachment":"scroll","background-type":"","background-media":"","overlay-type":"","overlay-color":"","overlay-opacity":"","overlay-gradient":""}},"footnotes":""},"categories":[2910,2918,3287],"tags":[4816,5439],"ppma_author":[2662],"class_list":["post-84924","post","type-post","status-publish","format-standard","has-post-thumbnail","hentry","category-current-news","category-ibiza-en","category-society","tag-tourism","tag-united-kingdom"],"acf":[],"yoast_head":"<!-- This site is optimized with the Yoast SEO plugin v27.4 - https:\/\/yoast.com\/product\/yoast-seo-wordpress\/ -->\n<title>Fewer Brits in Ibiza? The English press talks about massive cancellations - La Voz De Ibiza<\/title>\n<meta name=\"description\" content=\"According to the British media, one of the factors that would explain the alleged fall of British tourists in Ibiza is the rise of Menorca.\" \/>\n<meta name=\"robots\" content=\"index, follow, max-snippet:-1, max-image-preview:large, max-video-preview:-1\" \/>\n<link rel=\"canonical\" href=\"https:\/\/lavozdeibiza.com\/en\/current-news\/fewer-brits-in-ibiza-the-english-press-talks-about-massive-cancellations\/\" \/>\n<meta property=\"og:locale\" content=\"en_US\" \/>\n<meta property=\"og:type\" content=\"article\" \/>\n<meta property=\"og:title\" content=\"Fewer Brits in Ibiza? The English press talks about massive cancellations - La Voz De Ibiza\" \/>\n<meta property=\"og:description\" content=\"According to the British media, one of the factors that would explain the alleged fall of British tourists in Ibiza is the rise of Menorca.\" \/>\n<meta property=\"og:url\" content=\"https:\/\/lavozdeibiza.com\/en\/current-news\/fewer-brits-in-ibiza-the-english-press-talks-about-massive-cancellations\/\" \/>\n<meta property=\"og:site_name\" content=\"La Voz De Ibiza\" \/>\n<meta property=\"article:published_time\" content=\"2025-02-06T16:50:59+00:00\" \/>\n<meta property=\"og:image\" content=\"https:\/\/lavozdeibiza.com\/wp-content\/uploads\/2024\/09\/turismo-empleo.jpg\" \/>\n\t<meta property=\"og:image:width\" content=\"1280\" \/>\n\t<meta property=\"og:image:height\" content=\"853\" \/>\n\t<meta property=\"og:image:type\" content=\"image\/jpeg\" \/>\n<meta name=\"author\" content=\"Marcos Camiolo\" \/>\n<meta name=\"twitter:card\" content=\"summary_large_image\" \/>\n<meta name=\"twitter:creator\" content=\"@vozdeibiza\" \/>\n<meta name=\"twitter:site\" content=\"@vozdeibiza\" \/>\n<meta name=\"twitter:label1\" content=\"Written by\" \/>\n\t<meta name=\"twitter:data1\" content=\"Administrador\" \/>\n\t<meta name=\"twitter:label2\" content=\"Est. reading time\" \/>\n\t<meta name=\"twitter:data2\" content=\"2 minutes\" \/>\n<script type=\"application\/ld+json\" class=\"yoast-schema-graph\">{\"@context\":\"https:\\\/\\\/schema.org\",\"@graph\":[{\"@type\":\"NewsArticle\",\"@id\":\"https:\\\/\\\/lavozdeibiza.com\\\/en\\\/current-news\\\/fewer-brits-in-ibiza-the-english-press-talks-about-massive-cancellations\\\/#article\",\"isPartOf\":{\"@id\":\"https:\\\/\\\/lavozdeibiza.com\\\/en\\\/current-news\\\/fewer-brits-in-ibiza-the-english-press-talks-about-massive-cancellations\\\/\"},\"author\":{\"name\":\"Administrador\",\"@id\":\"https:\\\/\\\/lavozdeibiza.com\\\/en\\\/#\\\/schema\\\/person\\\/a117247bb9cbe19d974f3e7836c216af\"},\"headline\":\"Fewer Brits in Ibiza? The English press talks about massive cancellations\",\"datePublished\":\"2025-02-06T16:50:59+00:00\",\"mainEntityOfPage\":{\"@id\":\"https:\\\/\\\/lavozdeibiza.com\\\/en\\\/current-news\\\/fewer-brits-in-ibiza-the-english-press-talks-about-massive-cancellations\\\/\"},\"wordCount\":459,\"publisher\":{\"@id\":\"https:\\\/\\\/lavozdeibiza.com\\\/en\\\/#organization\"},\"image\":{\"@id\":\"https:\\\/\\\/lavozdeibiza.com\\\/en\\\/current-news\\\/fewer-brits-in-ibiza-the-english-press-talks-about-massive-cancellations\\\/#primaryimage\"},\"thumbnailUrl\":\"https:\\\/\\\/lavozdeibiza.com\\\/wp-content\\\/uploads\\\/2024\\\/09\\\/turismo-empleo.jpg\",\"keywords\":[\"Tourism\",\"united kingdom\"],\"articleSection\":[\"CURRENT NEWS\",\"IBIZA\",\"SOCIETY\"],\"inLanguage\":\"en-US\"},{\"@type\":[\"WebPage\",\"ItemPage\"],\"@id\":\"https:\\\/\\\/lavozdeibiza.com\\\/en\\\/current-news\\\/fewer-brits-in-ibiza-the-english-press-talks-about-massive-cancellations\\\/\",\"url\":\"https:\\\/\\\/lavozdeibiza.com\\\/en\\\/current-news\\\/fewer-brits-in-ibiza-the-english-press-talks-about-massive-cancellations\\\/\",\"name\":\"Fewer Brits in Ibiza? The English press talks about massive cancellations - La Voz De Ibiza\",\"isPartOf\":{\"@id\":\"https:\\\/\\\/lavozdeibiza.com\\\/en\\\/#website\"},\"primaryImageOfPage\":{\"@id\":\"https:\\\/\\\/lavozdeibiza.com\\\/en\\\/current-news\\\/fewer-brits-in-ibiza-the-english-press-talks-about-massive-cancellations\\\/#primaryimage\"},\"image\":{\"@id\":\"https:\\\/\\\/lavozdeibiza.com\\\/en\\\/current-news\\\/fewer-brits-in-ibiza-the-english-press-talks-about-massive-cancellations\\\/#primaryimage\"},\"thumbnailUrl\":\"https:\\\/\\\/lavozdeibiza.com\\\/wp-content\\\/uploads\\\/2024\\\/09\\\/turismo-empleo.jpg\",\"datePublished\":\"2025-02-06T16:50:59+00:00\",\"description\":\"According to the British media, one of the factors that would explain the alleged fall of British tourists in Ibiza is the rise of Menorca.\",\"breadcrumb\":{\"@id\":\"https:\\\/\\\/lavozdeibiza.com\\\/en\\\/current-news\\\/fewer-brits-in-ibiza-the-english-press-talks-about-massive-cancellations\\\/#breadcrumb\"},\"inLanguage\":\"en-US\",\"potentialAction\":[{\"@type\":\"ReadAction\",\"target\":[\"https:\\\/\\\/lavozdeibiza.com\\\/en\\\/current-news\\\/fewer-brits-in-ibiza-the-english-press-talks-about-massive-cancellations\\\/\"]}]},{\"@type\":\"ImageObject\",\"inLanguage\":\"en-US\",\"@id\":\"https:\\\/\\\/lavozdeibiza.com\\\/en\\\/current-news\\\/fewer-brits-in-ibiza-the-english-press-talks-about-massive-cancellations\\\/#primaryimage\",\"url\":\"https:\\\/\\\/lavozdeibiza.com\\\/wp-content\\\/uploads\\\/2024\\\/09\\\/turismo-empleo.jpg\",\"contentUrl\":\"https:\\\/\\\/lavozdeibiza.com\\\/wp-content\\\/uploads\\\/2024\\\/09\\\/turismo-empleo.jpg\",\"width\":1280,\"height\":853,\"caption\":\"13\\\/11\\\/2023 AMP.- Paro.- El paro sube en 713 personas en agosto en Baleares, aunque se reduce un 6,7% interanual. El paro registrado en las oficinas de los servicios p\u00fablicos de empleo subi\u00f3 en 713 personas en agosto en Baleares en relaci\u00f3n al mes anterior (+2,6%) hasta los 28.112 desempleados , aunque a nivel interanual el paro baj\u00f3 en la regi\u00f3n un 6,7% (2.019 parados menos), seg\u00fan datos publicados por el Ministerio de Trabajo y Econom\u00eda Social. ECONOMIA ANDALUC\u00cdA ESPA\u00d1A EUROPA M\u00c1LAGA TURISMO COSTA DEL SOL\"},{\"@type\":\"BreadcrumbList\",\"@id\":\"https:\\\/\\\/lavozdeibiza.com\\\/en\\\/current-news\\\/fewer-brits-in-ibiza-the-english-press-talks-about-massive-cancellations\\\/#breadcrumb\",\"itemListElement\":[{\"@type\":\"ListItem\",\"position\":1,\"name\":\"Portada\",\"item\":\"https:\\\/\\\/lavozdeibiza.com\\\/en\\\/\"},{\"@type\":\"ListItem\",\"position\":2,\"name\":\"Fewer Brits in Ibiza? The English press talks about massive cancellations\"}]},{\"@type\":\"WebSite\",\"@id\":\"https:\\\/\\\/lavozdeibiza.com\\\/en\\\/#website\",\"url\":\"https:\\\/\\\/lavozdeibiza.com\\\/en\\\/\",\"name\":\"La Voz de Ibiza\",\"description\":\"Diario de informaci\u00f3n actualidad y noticias de Ibiza. Todas las noticias de los municipios de Ibiza\",\"publisher\":{\"@id\":\"https:\\\/\\\/lavozdeibiza.com\\\/en\\\/#organization\"},\"potentialAction\":[{\"@type\":\"SearchAction\",\"target\":{\"@type\":\"EntryPoint\",\"urlTemplate\":\"https:\\\/\\\/lavozdeibiza.com\\\/en\\\/?s={search_term_string}\"},\"query-input\":{\"@type\":\"PropertyValueSpecification\",\"valueRequired\":true,\"valueName\":\"search_term_string\"}}],\"inLanguage\":\"en-US\"},{\"@type\":[\"Organization\",\"NewsMediaOrganization\"],\"@id\":\"https:\\\/\\\/lavozdeibiza.com\\\/en\\\/#organization\",\"name\":\"La Voz de Ibiza\",\"url\":\"https:\\\/\\\/lavozdeibiza.com\\\/en\\\/\",\"logo\":{\"@type\":\"ImageObject\",\"inLanguage\":\"en-US\",\"@id\":\"https:\\\/\\\/lavozdeibiza.com\\\/en\\\/#\\\/schema\\\/logo\\\/image\\\/\",\"url\":\"https:\\\/\\\/lavozdeibiza.com\\\/wp-content\\\/uploads\\\/2023\\\/10\\\/logo-lvib-grande.jpg\",\"contentUrl\":\"https:\\\/\\\/lavozdeibiza.com\\\/wp-content\\\/uploads\\\/2023\\\/10\\\/logo-lvib-grande.jpg\",\"width\":1500,\"height\":1000,\"caption\":\"La Voz de Ibiza\"},\"image\":{\"@id\":\"https:\\\/\\\/lavozdeibiza.com\\\/en\\\/#\\\/schema\\\/logo\\\/image\\\/\"},\"sameAs\":[\"https:\\\/\\\/x.com\\\/vozdeibiza\",\"https:\\\/\\\/www.instagram.com\\\/lavozibiza\\\/\"]},{\"@type\":\"Person\",\"@id\":\"https:\\\/\\\/lavozdeibiza.com\\\/en\\\/#\\\/schema\\\/person\\\/a117247bb9cbe19d974f3e7836c216af\",\"name\":\"Administrador\",\"image\":{\"@type\":\"ImageObject\",\"inLanguage\":\"en-US\",\"@id\":\"https:\\\/\\\/secure.gravatar.com\\\/avatar\\\/986e5d1feb165770155d072107f42e3b57732948d149f326b8e7f0d7c430afee?s=96&d=mm&r=g5cb9a474e9f1438539234491a8b23201\",\"url\":\"https:\\\/\\\/secure.gravatar.com\\\/avatar\\\/986e5d1feb165770155d072107f42e3b57732948d149f326b8e7f0d7c430afee?s=96&d=mm&r=g\",\"contentUrl\":\"https:\\\/\\\/secure.gravatar.com\\\/avatar\\\/986e5d1feb165770155d072107f42e3b57732948d149f326b8e7f0d7c430afee?s=96&d=mm&r=g\",\"caption\":\"Administrador\"},\"sameAs\":[\"http:\\\/\\\/lavozdeibiza.cibeles.net\"],\"url\":\"https:\\\/\\\/lavozdeibiza.com\\\/en\\\/author\\\/administrador\\\/\"},{\"@type\":\"SiteNavigationElement\",\"@id\":\"https:\\\/\\\/lavozdeibiza.com\\\/en\\\/#site-navigation\",\"cssSelector\":[\".cib-main-menu\"]},{\"@type\":\"WPHeader\",\"@id\":\"https:\\\/\\\/lavozdeibiza.com\\\/en\\\/#header\",\"cssSelector\":[\".cib-header\"]},{\"@type\":\"WPFooter\",\"@id\":\"https:\\\/\\\/lavozdeibiza.com\\\/en\\\/#footer\",\"cssSelector\":[\".cib-footer\"]}]}<\/script>\n<!-- \/ Yoast SEO plugin. -->","yoast_head_json":{"title":"Fewer Brits in Ibiza? The English press talks about massive cancellations - La Voz De Ibiza","description":"According to the British media, one of the factors that would explain the alleged fall of British tourists in Ibiza is the rise of Menorca.","robots":{"index":"index","follow":"follow","max-snippet":"max-snippet:-1","max-image-preview":"max-image-preview:large","max-video-preview":"max-video-preview:-1"},"canonical":"https:\/\/lavozdeibiza.com\/en\/current-news\/fewer-brits-in-ibiza-the-english-press-talks-about-massive-cancellations\/","og_locale":"en_US","og_type":"article","og_title":"Fewer Brits in Ibiza? The English press talks about massive cancellations - La Voz De Ibiza","og_description":"According to the British media, one of the factors that would explain the alleged fall of British tourists in Ibiza is the rise of Menorca.","og_url":"https:\/\/lavozdeibiza.com\/en\/current-news\/fewer-brits-in-ibiza-the-english-press-talks-about-massive-cancellations\/","og_site_name":"La Voz De Ibiza","article_published_time":"2025-02-06T16:50:59+00:00","og_image":[{"width":1280,"height":853,"url":"https:\/\/lavozdeibiza.com\/wp-content\/uploads\/2024\/09\/turismo-empleo.jpg","type":"image\/jpeg"}],"author":"Marcos Camiolo","twitter_card":"summary_large_image","twitter_creator":"@vozdeibiza","twitter_site":"@vozdeibiza","twitter_misc":{"Written by":"Administrador","Est. reading time":"2 minutes"},"schema":{"@context":"https:\/\/schema.org","@graph":[{"@type":"NewsArticle","@id":"https:\/\/lavozdeibiza.com\/en\/current-news\/fewer-brits-in-ibiza-the-english-press-talks-about-massive-cancellations\/#article","isPartOf":{"@id":"https:\/\/lavozdeibiza.com\/en\/current-news\/fewer-brits-in-ibiza-the-english-press-talks-about-massive-cancellations\/"},"author":{"name":"Administrador","@id":"https:\/\/lavozdeibiza.com\/en\/#\/schema\/person\/a117247bb9cbe19d974f3e7836c216af"},"headline":"Fewer Brits in Ibiza? The English press talks about massive cancellations","datePublished":"2025-02-06T16:50:59+00:00","mainEntityOfPage":{"@id":"https:\/\/lavozdeibiza.com\/en\/current-news\/fewer-brits-in-ibiza-the-english-press-talks-about-massive-cancellations\/"},"wordCount":459,"publisher":{"@id":"https:\/\/lavozdeibiza.com\/en\/#organization"},"image":{"@id":"https:\/\/lavozdeibiza.com\/en\/current-news\/fewer-brits-in-ibiza-the-english-press-talks-about-massive-cancellations\/#primaryimage"},"thumbnailUrl":"https:\/\/lavozdeibiza.com\/wp-content\/uploads\/2024\/09\/turismo-empleo.jpg","keywords":["Tourism","united kingdom"],"articleSection":["CURRENT NEWS","IBIZA","SOCIETY"],"inLanguage":"en-US"},{"@type":["WebPage","ItemPage"],"@id":"https:\/\/lavozdeibiza.com\/en\/current-news\/fewer-brits-in-ibiza-the-english-press-talks-about-massive-cancellations\/","url":"https:\/\/lavozdeibiza.com\/en\/current-news\/fewer-brits-in-ibiza-the-english-press-talks-about-massive-cancellations\/","name":"Fewer Brits in Ibiza? The English press talks about massive cancellations - La Voz De Ibiza","isPartOf":{"@id":"https:\/\/lavozdeibiza.com\/en\/#website"},"primaryImageOfPage":{"@id":"https:\/\/lavozdeibiza.com\/en\/current-news\/fewer-brits-in-ibiza-the-english-press-talks-about-massive-cancellations\/#primaryimage"},"image":{"@id":"https:\/\/lavozdeibiza.com\/en\/current-news\/fewer-brits-in-ibiza-the-english-press-talks-about-massive-cancellations\/#primaryimage"},"thumbnailUrl":"https:\/\/lavozdeibiza.com\/wp-content\/uploads\/2024\/09\/turismo-empleo.jpg","datePublished":"2025-02-06T16:50:59+00:00","description":"According to the British media, one of the factors that would explain the alleged fall of British tourists in Ibiza is the rise of Menorca.","breadcrumb":{"@id":"https:\/\/lavozdeibiza.com\/en\/current-news\/fewer-brits-in-ibiza-the-english-press-talks-about-massive-cancellations\/#breadcrumb"},"inLanguage":"en-US","potentialAction":[{"@type":"ReadAction","target":["https:\/\/lavozdeibiza.com\/en\/current-news\/fewer-brits-in-ibiza-the-english-press-talks-about-massive-cancellations\/"]}]},{"@type":"ImageObject","inLanguage":"en-US","@id":"https:\/\/lavozdeibiza.com\/en\/current-news\/fewer-brits-in-ibiza-the-english-press-talks-about-massive-cancellations\/#primaryimage","url":"https:\/\/lavozdeibiza.com\/wp-content\/uploads\/2024\/09\/turismo-empleo.jpg","contentUrl":"https:\/\/lavozdeibiza.com\/wp-content\/uploads\/2024\/09\/turismo-empleo.jpg","width":1280,"height":853,"caption":"13\/11\/2023 AMP.- Paro.- El paro sube en 713 personas en agosto en Baleares, aunque se reduce un 6,7% interanual. El paro registrado en las oficinas de los servicios p\u00fablicos de empleo subi\u00f3 en 713 personas en agosto en Baleares en relaci\u00f3n al mes anterior (+2,6%) hasta los 28.112 desempleados , aunque a nivel interanual el paro baj\u00f3 en la regi\u00f3n un 6,7% (2.019 parados menos), seg\u00fan datos publicados por el Ministerio de Trabajo y Econom\u00eda Social. ECONOMIA ANDALUC\u00cdA ESPA\u00d1A EUROPA M\u00c1LAGA TURISMO COSTA DEL SOL"},{"@type":"BreadcrumbList","@id":"https:\/\/lavozdeibiza.com\/en\/current-news\/fewer-brits-in-ibiza-the-english-press-talks-about-massive-cancellations\/#breadcrumb","itemListElement":[{"@type":"ListItem","position":1,"name":"Portada","item":"https:\/\/lavozdeibiza.com\/en\/"},{"@type":"ListItem","position":2,"name":"Fewer Brits in Ibiza? The English press talks about massive cancellations"}]},{"@type":"WebSite","@id":"https:\/\/lavozdeibiza.com\/en\/#website","url":"https:\/\/lavozdeibiza.com\/en\/","name":"La Voz de Ibiza","description":"Diario de informaci\u00f3n actualidad y noticias de Ibiza. Todas las noticias de los municipios de Ibiza","publisher":{"@id":"https:\/\/lavozdeibiza.com\/en\/#organization"},"potentialAction":[{"@type":"SearchAction","target":{"@type":"EntryPoint","urlTemplate":"https:\/\/lavozdeibiza.com\/en\/?s={search_term_string}"},"query-input":{"@type":"PropertyValueSpecification","valueRequired":true,"valueName":"search_term_string"}}],"inLanguage":"en-US"},{"@type":["Organization","NewsMediaOrganization"],"@id":"https:\/\/lavozdeibiza.com\/en\/#organization","name":"La Voz de Ibiza","url":"https:\/\/lavozdeibiza.com\/en\/","logo":{"@type":"ImageObject","inLanguage":"en-US","@id":"https:\/\/lavozdeibiza.com\/en\/#\/schema\/logo\/image\/","url":"https:\/\/lavozdeibiza.com\/wp-content\/uploads\/2023\/10\/logo-lvib-grande.jpg","contentUrl":"https:\/\/lavozdeibiza.com\/wp-content\/uploads\/2023\/10\/logo-lvib-grande.jpg","width":1500,"height":1000,"caption":"La Voz de Ibiza"},"image":{"@id":"https:\/\/lavozdeibiza.com\/en\/#\/schema\/logo\/image\/"},"sameAs":["https:\/\/x.com\/vozdeibiza","https:\/\/www.instagram.com\/lavozibiza\/"]},{"@type":"Person","@id":"https:\/\/lavozdeibiza.com\/en\/#\/schema\/person\/a117247bb9cbe19d974f3e7836c216af","name":"Administrador","image":{"@type":"ImageObject","inLanguage":"en-US","@id":"https:\/\/secure.gravatar.com\/avatar\/986e5d1feb165770155d072107f42e3b57732948d149f326b8e7f0d7c430afee?s=96&d=mm&r=g5cb9a474e9f1438539234491a8b23201","url":"https:\/\/secure.gravatar.com\/avatar\/986e5d1feb165770155d072107f42e3b57732948d149f326b8e7f0d7c430afee?s=96&d=mm&r=g","contentUrl":"https:\/\/secure.gravatar.com\/avatar\/986e5d1feb165770155d072107f42e3b57732948d149f326b8e7f0d7c430afee?s=96&d=mm&r=g","caption":"Administrador"},"sameAs":["http:\/\/lavozdeibiza.cibeles.net"],"url":"https:\/\/lavozdeibiza.com\/en\/author\/administrador\/"},{"@type":"SiteNavigationElement","@id":"https:\/\/lavozdeibiza.com\/en\/#site-navigation","cssSelector":[".cib-main-menu"]},{"@type":"WPHeader","@id":"https:\/\/lavozdeibiza.com\/en\/#header","cssSelector":[".cib-header"]},{"@type":"WPFooter","@id":"https:\/\/lavozdeibiza.com\/en\/#footer","cssSelector":[".cib-footer"]}]}},"authors":[{"term_id":2662,"user_id":13,"is_guest":0,"slug":null,"display_name":"Marcos Camiolo","avatar_url":"https:\/\/secure.gravatar.com\/avatar\/d719857709514c15fae505d026264415c16b7f4ecc142e2402c360de6499f6bb?s=96&d=mm&r=g","0":null,"1":"","2":"","3":"","4":"","5":"","6":"","7":"","8":"","9":"","10":""}],"_links":{"self":[{"href":"https:\/\/lavozdeibiza.com\/en\/wp-json\/wp\/v2\/posts\/84924","targetHints":{"allow":["GET"]}}],"collection":[{"href":"https:\/\/lavozdeibiza.com\/en\/wp-json\/wp\/v2\/posts"}],"about":[{"href":"https:\/\/lavozdeibiza.com\/en\/wp-json\/wp\/v2\/types\/post"}],"author":[{"embeddable":true,"href":"https:\/\/lavozdeibiza.com\/en\/wp-json\/wp\/v2\/users\/1"}],"replies":[{"embeddable":true,"href":"https:\/\/lavozdeibiza.com\/en\/wp-json\/wp\/v2\/comments?post=84924"}],"version-history":[{"count":0,"href":"https:\/\/lavozdeibiza.com\/en\/wp-json\/wp\/v2\/posts\/84924\/revisions"}],"wp:featuredmedia":[{"embeddable":true,"href":"https:\/\/lavozdeibiza.com\/en\/wp-json\/wp\/v2\/media\/63255"}],"wp:attachment":[{"href":"https:\/\/lavozdeibiza.com\/en\/wp-json\/wp\/v2\/media?parent=84924"}],"wp:term":[{"taxonomy":"category","embeddable":true,"href":"https:\/\/lavozdeibiza.com\/en\/wp-json\/wp\/v2\/categories?post=84924"},{"taxonomy":"post_tag","embeddable":true,"href":"https:\/\/lavozdeibiza.com\/en\/wp-json\/wp\/v2\/tags?post=84924"},{"taxonomy":"author","embeddable":true,"href":"https:\/\/lavozdeibiza.com\/en\/wp-json\/wp\/v2\/ppma_author?post=84924"}],"curies":[{"name":"wp","href":"https:\/\/api.w.org\/{rel}","templated":true}]}}