{"id":85303,"date":"2025-02-10T14:21:13","date_gmt":"2025-02-10T13:21:13","guid":{"rendered":"https:\/\/lavozdeibiza.com\/sin-categorizar\/2025\/02\/10\/cases-of-bullying-in-ibiza-and-formentera-increase-by-5\/"},"modified":"2025-02-10T14:21:13","modified_gmt":"2025-02-10T13:21:13","slug":"cases-of-bullying-in-ibiza-and-formentera-increase-by-5","status":"publish","type":"post","link":"https:\/\/lavozdeibiza.com\/en\/current-news\/cases-of-bullying-in-ibiza-and-formentera-increase-by-5\/","title":{"rendered":"Cases of bullying in Ibiza and Formentera increase by 5%."},"content":{"rendered":"<p>The police tutors in <strong>Ibiza and Formentera<\/strong> carried out <strong>1,072 actions during the academic year 2023-2024<\/strong>, representing an increase of <strong>5%<\/strong> over the previous period, according to the report presented by the Directorate General of Emergencies. Although interventions within the school environment <strong>have remained unchanged<\/strong>, actions outside schools have increased by <strong>18%<\/strong>, reflecting greater conflict in other environments. <\/p>\n<h3><strong>Decrease in conflicts inside the classroom, but more problems outside the classroom<\/strong><\/h3>\n<p>One of the most relevant data of the report is the <strong>7% reduction in the number of interventions for conflicts between students<\/strong> in the classrooms of Ibiza and Formentera. However, the increase in incidents outside the school environment puts the focus on <strong>problems such as family conflicts, social risk or risky behavior in public spaces<\/strong>. <\/p>\n<p>At the Balearic level, the number of interventions for <strong>serious bullying<\/strong> increased by <strong>34 %<\/strong>, although the authorities emphasize that the trend of increases close to 50 % has slowed down. As for <strong>drugs and possession of substances<\/strong>, there has been a decrease of <strong>11.6 %<\/strong> in the number of interventions in schools. <\/p>\n<h3><strong>More party interventions and prevention of risk behaviors<\/strong><\/h3>\n<p>The report also highlights the <strong>reinforcement of prevention in summer parties<\/strong>, one of the priorities of the Govern during the last course. In Ibiza and Formentera, <strong>workshops on alcohol consumption, drugs, knives and sexual aggressions were given to<\/strong> students of ESO and Bachillerato. <\/p>\n<p>For the next school year, the authorities seek to consolidate these initiatives and implement new <strong>emergency prevention programs<\/strong>, such as storm and high wind protocols for primary and secondary school students.<\/p>\n","protected":false},"excerpt":{"rendered":"<p>Conflicts outside schools rose by 18%, while incidents inside classrooms remained stable.<\/p>\n","protected":false},"author":3,"featured_media":85298,"comment_status":"closed","ping_status":"closed","sticky":false,"template":"","format":"standard","meta":{"_acf_changed":false,"site-sidebar-layout":"default","site-content-layout":"","ast-site-content-layout":"default","site-content-style":"default","site-sidebar-style":"default","ast-global-header-display":"","ast-banner-title-visibility":"","ast-main-header-display":"","ast-hfb-above-header-display":"","ast-hfb-below-header-display":"","ast-hfb-mobile-header-display":"","site-post-title":"","ast-breadcrumbs-content":"","ast-featured-img":"","footer-sml-layout":"","ast-disable-related-posts":"","theme-transparent-header-meta":"default","adv-header-id-meta":"","stick-header-meta":"","header-above-stick-meta":"","header-main-stick-meta":"","header-below-stick-meta":"","astra-migrate-meta-layouts":"default","ast-page-background-enabled":"default","ast-page-background-meta":{"desktop":{"background-color":"var(--ast-global-color-4)","background-image":"","background-repeat":"repeat","background-position":"center center","background-size":"auto","background-attachment":"scroll","background-type":"","background-media":"","overlay-type":"","overlay-color":"","overlay-opacity":"","overlay-gradient":""},"tablet":{"background-color":"","background-image":"","background-repeat":"repeat","background-position":"center center","background-size":"auto","background-attachment":"scroll","background-type":"","background-media":"","overlay-type":"","overlay-color":"","overlay-opacity":"","overlay-gradient":""},"mobile":{"background-color":"","background-image":"","background-repeat":"repeat","background-position":"center center","background-size":"auto","background-attachment":"scroll","background-type":"","background-media":"","overlay-type":"","overlay-color":"","overlay-opacity":"","overlay-gradient":""}},"ast-content-background-meta":{"desktop":{"background-color":"var(--ast-global-color-5)","background-image":"","background-repeat":"repeat","background-position":"center center","background-size":"auto","background-attachment":"scroll","background-type":"","background-media":"","overlay-type":"","overlay-color":"","overlay-opacity":"","overlay-gradient":""},"tablet":{"background-color":"var(--ast-global-color-5)","background-image":"","background-repeat":"repeat","background-position":"center center","background-size":"auto","background-attachment":"scroll","background-type":"","background-media":"","overlay-type":"","overlay-color":"","overlay-opacity":"","overlay-gradient":""},"mobile":{"background-color":"var(--ast-global-color-5)","background-image":"","background-repeat":"repeat","background-position":"center center","background-size":"auto","background-attachment":"scroll","background-type":"","background-media":"","overlay-type":"","overlay-color":"","overlay-opacity":"","overlay-gradient":""}},"footnotes":""},"categories":[4612,2910,3210,2918,3287],"tags":[2912,5095,5636],"ppma_author":[2644],"class_list":["post-85303","post","type-post","status-publish","format-standard","has-post-thumbnail","hentry","category-baleares-en","category-current-news","category-formentera-en","category-ibiza-en","category-society","tag-actualidad-3-en","tag-harassment","tag-schools"],"acf":[],"yoast_head":"<!-- This site is optimized with the Yoast SEO plugin v27.4 - https:\/\/yoast.com\/product\/yoast-seo-wordpress\/ -->\n<title>Cases of bullying in Ibiza and Formentera increase by 5%. - La Voz De Ibiza<\/title>\n<meta name=\"description\" content=\"Conflicts outside schools rose by 18%, while incidents inside classrooms remained stable.\" \/>\n<meta name=\"robots\" content=\"index, follow, max-snippet:-1, max-image-preview:large, max-video-preview:-1\" \/>\n<link rel=\"canonical\" href=\"https:\/\/lavozdeibiza.com\/en\/current-news\/cases-of-bullying-in-ibiza-and-formentera-increase-by-5\/\" \/>\n<meta property=\"og:locale\" content=\"en_US\" \/>\n<meta property=\"og:type\" content=\"article\" \/>\n<meta property=\"og:title\" content=\"Cases of bullying in Ibiza and Formentera increase by 5%. - La Voz De Ibiza\" \/>\n<meta property=\"og:description\" content=\"Conflicts outside schools rose by 18%, while incidents inside classrooms remained stable.\" \/>\n<meta property=\"og:url\" content=\"https:\/\/lavozdeibiza.com\/en\/current-news\/cases-of-bullying-in-ibiza-and-formentera-increase-by-5\/\" \/>\n<meta property=\"og:site_name\" content=\"La Voz De Ibiza\" \/>\n<meta property=\"article:published_time\" content=\"2025-02-10T13:21:13+00:00\" \/>\n<meta property=\"og:image\" content=\"https:\/\/lavozdeibiza.com\/wp-content\/uploads\/2025\/02\/fotonoticia_20250210124300_1920.jpg\" \/>\n\t<meta property=\"og:image:width\" content=\"1280\" \/>\n\t<meta property=\"og:image:height\" content=\"721\" \/>\n\t<meta property=\"og:image:type\" content=\"image\/jpeg\" \/>\n<meta name=\"author\" content=\"La Voz de Ibiza\" \/>\n<meta name=\"twitter:card\" content=\"summary_large_image\" \/>\n<meta name=\"twitter:creator\" content=\"@vozdeibiza\" \/>\n<meta name=\"twitter:site\" content=\"@vozdeibiza\" \/>\n<meta name=\"twitter:label1\" content=\"Written by\" \/>\n\t<meta name=\"twitter:data1\" content=\"La Voz de Ibiza\" \/>\n\t<meta name=\"twitter:label2\" content=\"Est. reading time\" \/>\n\t<meta name=\"twitter:data2\" content=\"1 minute\" \/>\n<script type=\"application\/ld+json\" class=\"yoast-schema-graph\">{\"@context\":\"https:\\\/\\\/schema.org\",\"@graph\":[{\"@type\":\"NewsArticle\",\"@id\":\"https:\\\/\\\/lavozdeibiza.com\\\/en\\\/current-news\\\/cases-of-bullying-in-ibiza-and-formentera-increase-by-5\\\/#article\",\"isPartOf\":{\"@id\":\"https:\\\/\\\/lavozdeibiza.com\\\/en\\\/current-news\\\/cases-of-bullying-in-ibiza-and-formentera-increase-by-5\\\/\"},\"author\":{\"name\":\"La Voz de Ibiza\",\"@id\":\"https:\\\/\\\/lavozdeibiza.com\\\/en\\\/#\\\/schema\\\/person\\\/4134262403fe1838d0a79018fd5aa7d4\"},\"headline\":\"Cases of bullying in Ibiza and Formentera increase by 5%.\",\"datePublished\":\"2025-02-10T13:21:13+00:00\",\"mainEntityOfPage\":{\"@id\":\"https:\\\/\\\/lavozdeibiza.com\\\/en\\\/current-news\\\/cases-of-bullying-in-ibiza-and-formentera-increase-by-5\\\/\"},\"wordCount\":259,\"publisher\":{\"@id\":\"https:\\\/\\\/lavozdeibiza.com\\\/en\\\/#organization\"},\"image\":{\"@id\":\"https:\\\/\\\/lavozdeibiza.com\\\/en\\\/current-news\\\/cases-of-bullying-in-ibiza-and-formentera-increase-by-5\\\/#primaryimage\"},\"thumbnailUrl\":\"https:\\\/\\\/lavozdeibiza.com\\\/wp-content\\\/uploads\\\/2025\\\/02\\\/fotonoticia_20250210124300_1920.jpg\",\"keywords\":[\"Actualidad 3\",\"harassment\",\"schools\"],\"articleSection\":[\"BALEARES\",\"CURRENT NEWS\",\"FORMENTERA\",\"IBIZA\",\"SOCIETY\"],\"inLanguage\":\"en-US\"},{\"@type\":[\"WebPage\",\"ItemPage\"],\"@id\":\"https:\\\/\\\/lavozdeibiza.com\\\/en\\\/current-news\\\/cases-of-bullying-in-ibiza-and-formentera-increase-by-5\\\/\",\"url\":\"https:\\\/\\\/lavozdeibiza.com\\\/en\\\/current-news\\\/cases-of-bullying-in-ibiza-and-formentera-increase-by-5\\\/\",\"name\":\"Cases of bullying in Ibiza and Formentera increase by 5%. - La Voz De Ibiza\",\"isPartOf\":{\"@id\":\"https:\\\/\\\/lavozdeibiza.com\\\/en\\\/#website\"},\"primaryImageOfPage\":{\"@id\":\"https:\\\/\\\/lavozdeibiza.com\\\/en\\\/current-news\\\/cases-of-bullying-in-ibiza-and-formentera-increase-by-5\\\/#primaryimage\"},\"image\":{\"@id\":\"https:\\\/\\\/lavozdeibiza.com\\\/en\\\/current-news\\\/cases-of-bullying-in-ibiza-and-formentera-increase-by-5\\\/#primaryimage\"},\"thumbnailUrl\":\"https:\\\/\\\/lavozdeibiza.com\\\/wp-content\\\/uploads\\\/2025\\\/02\\\/fotonoticia_20250210124300_1920.jpg\",\"datePublished\":\"2025-02-10T13:21:13+00:00\",\"description\":\"Conflicts outside schools rose by 18%, while incidents inside classrooms remained stable.\",\"breadcrumb\":{\"@id\":\"https:\\\/\\\/lavozdeibiza.com\\\/en\\\/current-news\\\/cases-of-bullying-in-ibiza-and-formentera-increase-by-5\\\/#breadcrumb\"},\"inLanguage\":\"en-US\",\"potentialAction\":[{\"@type\":\"ReadAction\",\"target\":[\"https:\\\/\\\/lavozdeibiza.com\\\/en\\\/current-news\\\/cases-of-bullying-in-ibiza-and-formentera-increase-by-5\\\/\"]}]},{\"@type\":\"ImageObject\",\"inLanguage\":\"en-US\",\"@id\":\"https:\\\/\\\/lavozdeibiza.com\\\/en\\\/current-news\\\/cases-of-bullying-in-ibiza-and-formentera-increase-by-5\\\/#primaryimage\",\"url\":\"https:\\\/\\\/lavozdeibiza.com\\\/wp-content\\\/uploads\\\/2025\\\/02\\\/fotonoticia_20250210124300_1920.jpg\",\"contentUrl\":\"https:\\\/\\\/lavozdeibiza.com\\\/wp-content\\\/uploads\\\/2025\\\/02\\\/fotonoticia_20250210124300_1920.jpg\",\"width\":1280,\"height\":721,\"caption\":\"El director general de Emergencias, Pablo G\u00e1rriz, y el coordinador del programa Polic\u00eda Tutor, Rafel Coves, en la rueda de prensa de la presentaci\u00f3n de la memoria del curso 2023-2024. - EUROPA PRESS\"},{\"@type\":\"BreadcrumbList\",\"@id\":\"https:\\\/\\\/lavozdeibiza.com\\\/en\\\/current-news\\\/cases-of-bullying-in-ibiza-and-formentera-increase-by-5\\\/#breadcrumb\",\"itemListElement\":[{\"@type\":\"ListItem\",\"position\":1,\"name\":\"Portada\",\"item\":\"https:\\\/\\\/lavozdeibiza.com\\\/en\\\/\"},{\"@type\":\"ListItem\",\"position\":2,\"name\":\"Cases of bullying in Ibiza and Formentera increase by 5%.\"}]},{\"@type\":\"WebSite\",\"@id\":\"https:\\\/\\\/lavozdeibiza.com\\\/en\\\/#website\",\"url\":\"https:\\\/\\\/lavozdeibiza.com\\\/en\\\/\",\"name\":\"La Voz de Ibiza\",\"description\":\"Diario de informaci\u00f3n actualidad y noticias de Ibiza. Todas las noticias de los municipios de Ibiza\",\"publisher\":{\"@id\":\"https:\\\/\\\/lavozdeibiza.com\\\/en\\\/#organization\"},\"potentialAction\":[{\"@type\":\"SearchAction\",\"target\":{\"@type\":\"EntryPoint\",\"urlTemplate\":\"https:\\\/\\\/lavozdeibiza.com\\\/en\\\/?s={search_term_string}\"},\"query-input\":{\"@type\":\"PropertyValueSpecification\",\"valueRequired\":true,\"valueName\":\"search_term_string\"}}],\"inLanguage\":\"en-US\"},{\"@type\":[\"Organization\",\"NewsMediaOrganization\"],\"@id\":\"https:\\\/\\\/lavozdeibiza.com\\\/en\\\/#organization\",\"name\":\"La Voz de Ibiza\",\"url\":\"https:\\\/\\\/lavozdeibiza.com\\\/en\\\/\",\"logo\":{\"@type\":\"ImageObject\",\"inLanguage\":\"en-US\",\"@id\":\"https:\\\/\\\/lavozdeibiza.com\\\/en\\\/#\\\/schema\\\/logo\\\/image\\\/\",\"url\":\"https:\\\/\\\/lavozdeibiza.com\\\/wp-content\\\/uploads\\\/2023\\\/10\\\/logo-lvib-grande.jpg\",\"contentUrl\":\"https:\\\/\\\/lavozdeibiza.com\\\/wp-content\\\/uploads\\\/2023\\\/10\\\/logo-lvib-grande.jpg\",\"width\":1500,\"height\":1000,\"caption\":\"La Voz de Ibiza\"},\"image\":{\"@id\":\"https:\\\/\\\/lavozdeibiza.com\\\/en\\\/#\\\/schema\\\/logo\\\/image\\\/\"},\"sameAs\":[\"https:\\\/\\\/x.com\\\/vozdeibiza\",\"https:\\\/\\\/www.instagram.com\\\/lavozibiza\\\/\"]},{\"@type\":\"Person\",\"@id\":\"https:\\\/\\\/lavozdeibiza.com\\\/en\\\/#\\\/schema\\\/person\\\/4134262403fe1838d0a79018fd5aa7d4\",\"name\":\"La Voz de Ibiza\",\"image\":{\"@type\":\"ImageObject\",\"inLanguage\":\"en-US\",\"@id\":\"https:\\\/\\\/secure.gravatar.com\\\/avatar\\\/63cbef5d61a1efbd11b8e6d68f619b5206c448e1cb8189a04b26329b2539a1e2?s=96&d=mm&r=g86a2aa9c0273e55fe6b6a68d5a9e39f0\",\"url\":\"https:\\\/\\\/secure.gravatar.com\\\/avatar\\\/63cbef5d61a1efbd11b8e6d68f619b5206c448e1cb8189a04b26329b2539a1e2?s=96&d=mm&r=g\",\"contentUrl\":\"https:\\\/\\\/secure.gravatar.com\\\/avatar\\\/63cbef5d61a1efbd11b8e6d68f619b5206c448e1cb8189a04b26329b2539a1e2?s=96&d=mm&r=g\",\"caption\":\"La Voz de Ibiza\"},\"url\":\"https:\\\/\\\/lavozdeibiza.com\\\/en\\\/author\\\/la-voz-de-ibiza\\\/\"},{\"@type\":\"SiteNavigationElement\",\"@id\":\"https:\\\/\\\/lavozdeibiza.com\\\/en\\\/#site-navigation\",\"cssSelector\":[\".cib-main-menu\"]},{\"@type\":\"WPHeader\",\"@id\":\"https:\\\/\\\/lavozdeibiza.com\\\/en\\\/#header\",\"cssSelector\":[\".cib-header\"]},{\"@type\":\"WPFooter\",\"@id\":\"https:\\\/\\\/lavozdeibiza.com\\\/en\\\/#footer\",\"cssSelector\":[\".cib-footer\"]}]}<\/script>\n<!-- \/ Yoast SEO plugin. -->","yoast_head_json":{"title":"Cases of bullying in Ibiza and Formentera increase by 5%. - La Voz De Ibiza","description":"Conflicts outside schools rose by 18%, while incidents inside classrooms remained stable.","robots":{"index":"index","follow":"follow","max-snippet":"max-snippet:-1","max-image-preview":"max-image-preview:large","max-video-preview":"max-video-preview:-1"},"canonical":"https:\/\/lavozdeibiza.com\/en\/current-news\/cases-of-bullying-in-ibiza-and-formentera-increase-by-5\/","og_locale":"en_US","og_type":"article","og_title":"Cases of bullying in Ibiza and Formentera increase by 5%. - La Voz De Ibiza","og_description":"Conflicts outside schools rose by 18%, while incidents inside classrooms remained stable.","og_url":"https:\/\/lavozdeibiza.com\/en\/current-news\/cases-of-bullying-in-ibiza-and-formentera-increase-by-5\/","og_site_name":"La Voz De Ibiza","article_published_time":"2025-02-10T13:21:13+00:00","og_image":[{"width":1280,"height":721,"url":"https:\/\/lavozdeibiza.com\/wp-content\/uploads\/2025\/02\/fotonoticia_20250210124300_1920.jpg","type":"image\/jpeg"}],"author":"La Voz de Ibiza","twitter_card":"summary_large_image","twitter_creator":"@vozdeibiza","twitter_site":"@vozdeibiza","twitter_misc":{"Written by":"La Voz de Ibiza","Est. reading time":"1 minute"},"schema":{"@context":"https:\/\/schema.org","@graph":[{"@type":"NewsArticle","@id":"https:\/\/lavozdeibiza.com\/en\/current-news\/cases-of-bullying-in-ibiza-and-formentera-increase-by-5\/#article","isPartOf":{"@id":"https:\/\/lavozdeibiza.com\/en\/current-news\/cases-of-bullying-in-ibiza-and-formentera-increase-by-5\/"},"author":{"name":"La Voz de Ibiza","@id":"https:\/\/lavozdeibiza.com\/en\/#\/schema\/person\/4134262403fe1838d0a79018fd5aa7d4"},"headline":"Cases of bullying in Ibiza and Formentera increase by 5%.","datePublished":"2025-02-10T13:21:13+00:00","mainEntityOfPage":{"@id":"https:\/\/lavozdeibiza.com\/en\/current-news\/cases-of-bullying-in-ibiza-and-formentera-increase-by-5\/"},"wordCount":259,"publisher":{"@id":"https:\/\/lavozdeibiza.com\/en\/#organization"},"image":{"@id":"https:\/\/lavozdeibiza.com\/en\/current-news\/cases-of-bullying-in-ibiza-and-formentera-increase-by-5\/#primaryimage"},"thumbnailUrl":"https:\/\/lavozdeibiza.com\/wp-content\/uploads\/2025\/02\/fotonoticia_20250210124300_1920.jpg","keywords":["Actualidad 3","harassment","schools"],"articleSection":["BALEARES","CURRENT NEWS","FORMENTERA","IBIZA","SOCIETY"],"inLanguage":"en-US"},{"@type":["WebPage","ItemPage"],"@id":"https:\/\/lavozdeibiza.com\/en\/current-news\/cases-of-bullying-in-ibiza-and-formentera-increase-by-5\/","url":"https:\/\/lavozdeibiza.com\/en\/current-news\/cases-of-bullying-in-ibiza-and-formentera-increase-by-5\/","name":"Cases of bullying in Ibiza and Formentera increase by 5%. - La Voz De Ibiza","isPartOf":{"@id":"https:\/\/lavozdeibiza.com\/en\/#website"},"primaryImageOfPage":{"@id":"https:\/\/lavozdeibiza.com\/en\/current-news\/cases-of-bullying-in-ibiza-and-formentera-increase-by-5\/#primaryimage"},"image":{"@id":"https:\/\/lavozdeibiza.com\/en\/current-news\/cases-of-bullying-in-ibiza-and-formentera-increase-by-5\/#primaryimage"},"thumbnailUrl":"https:\/\/lavozdeibiza.com\/wp-content\/uploads\/2025\/02\/fotonoticia_20250210124300_1920.jpg","datePublished":"2025-02-10T13:21:13+00:00","description":"Conflicts outside schools rose by 18%, while incidents inside classrooms remained stable.","breadcrumb":{"@id":"https:\/\/lavozdeibiza.com\/en\/current-news\/cases-of-bullying-in-ibiza-and-formentera-increase-by-5\/#breadcrumb"},"inLanguage":"en-US","potentialAction":[{"@type":"ReadAction","target":["https:\/\/lavozdeibiza.com\/en\/current-news\/cases-of-bullying-in-ibiza-and-formentera-increase-by-5\/"]}]},{"@type":"ImageObject","inLanguage":"en-US","@id":"https:\/\/lavozdeibiza.com\/en\/current-news\/cases-of-bullying-in-ibiza-and-formentera-increase-by-5\/#primaryimage","url":"https:\/\/lavozdeibiza.com\/wp-content\/uploads\/2025\/02\/fotonoticia_20250210124300_1920.jpg","contentUrl":"https:\/\/lavozdeibiza.com\/wp-content\/uploads\/2025\/02\/fotonoticia_20250210124300_1920.jpg","width":1280,"height":721,"caption":"El director general de Emergencias, Pablo G\u00e1rriz, y el coordinador del programa Polic\u00eda Tutor, Rafel Coves, en la rueda de prensa de la presentaci\u00f3n de la memoria del curso 2023-2024. - EUROPA PRESS"},{"@type":"BreadcrumbList","@id":"https:\/\/lavozdeibiza.com\/en\/current-news\/cases-of-bullying-in-ibiza-and-formentera-increase-by-5\/#breadcrumb","itemListElement":[{"@type":"ListItem","position":1,"name":"Portada","item":"https:\/\/lavozdeibiza.com\/en\/"},{"@type":"ListItem","position":2,"name":"Cases of bullying in Ibiza and Formentera increase by 5%."}]},{"@type":"WebSite","@id":"https:\/\/lavozdeibiza.com\/en\/#website","url":"https:\/\/lavozdeibiza.com\/en\/","name":"La Voz de Ibiza","description":"Diario de informaci\u00f3n actualidad y noticias de Ibiza. Todas las noticias de los municipios de Ibiza","publisher":{"@id":"https:\/\/lavozdeibiza.com\/en\/#organization"},"potentialAction":[{"@type":"SearchAction","target":{"@type":"EntryPoint","urlTemplate":"https:\/\/lavozdeibiza.com\/en\/?s={search_term_string}"},"query-input":{"@type":"PropertyValueSpecification","valueRequired":true,"valueName":"search_term_string"}}],"inLanguage":"en-US"},{"@type":["Organization","NewsMediaOrganization"],"@id":"https:\/\/lavozdeibiza.com\/en\/#organization","name":"La Voz de Ibiza","url":"https:\/\/lavozdeibiza.com\/en\/","logo":{"@type":"ImageObject","inLanguage":"en-US","@id":"https:\/\/lavozdeibiza.com\/en\/#\/schema\/logo\/image\/","url":"https:\/\/lavozdeibiza.com\/wp-content\/uploads\/2023\/10\/logo-lvib-grande.jpg","contentUrl":"https:\/\/lavozdeibiza.com\/wp-content\/uploads\/2023\/10\/logo-lvib-grande.jpg","width":1500,"height":1000,"caption":"La Voz de Ibiza"},"image":{"@id":"https:\/\/lavozdeibiza.com\/en\/#\/schema\/logo\/image\/"},"sameAs":["https:\/\/x.com\/vozdeibiza","https:\/\/www.instagram.com\/lavozibiza\/"]},{"@type":"Person","@id":"https:\/\/lavozdeibiza.com\/en\/#\/schema\/person\/4134262403fe1838d0a79018fd5aa7d4","name":"La Voz de Ibiza","image":{"@type":"ImageObject","inLanguage":"en-US","@id":"https:\/\/secure.gravatar.com\/avatar\/63cbef5d61a1efbd11b8e6d68f619b5206c448e1cb8189a04b26329b2539a1e2?s=96&d=mm&r=g86a2aa9c0273e55fe6b6a68d5a9e39f0","url":"https:\/\/secure.gravatar.com\/avatar\/63cbef5d61a1efbd11b8e6d68f619b5206c448e1cb8189a04b26329b2539a1e2?s=96&d=mm&r=g","contentUrl":"https:\/\/secure.gravatar.com\/avatar\/63cbef5d61a1efbd11b8e6d68f619b5206c448e1cb8189a04b26329b2539a1e2?s=96&d=mm&r=g","caption":"La Voz de Ibiza"},"url":"https:\/\/lavozdeibiza.com\/en\/author\/la-voz-de-ibiza\/"},{"@type":"SiteNavigationElement","@id":"https:\/\/lavozdeibiza.com\/en\/#site-navigation","cssSelector":[".cib-main-menu"]},{"@type":"WPHeader","@id":"https:\/\/lavozdeibiza.com\/en\/#header","cssSelector":[".cib-header"]},{"@type":"WPFooter","@id":"https:\/\/lavozdeibiza.com\/en\/#footer","cssSelector":[".cib-footer"]}]}},"authors":[{"term_id":2644,"user_id":3,"is_guest":0,"slug":"la-voz-de-ibiza","display_name":"La Voz de Ibiza","avatar_url":"https:\/\/secure.gravatar.com\/avatar\/63cbef5d61a1efbd11b8e6d68f619b5206c448e1cb8189a04b26329b2539a1e2?s=96&d=mm&r=g","0":null,"1":"","2":"","3":"","4":"","5":"","6":"","7":"","8":"","9":"","10":""}],"_links":{"self":[{"href":"https:\/\/lavozdeibiza.com\/en\/wp-json\/wp\/v2\/posts\/85303","targetHints":{"allow":["GET"]}}],"collection":[{"href":"https:\/\/lavozdeibiza.com\/en\/wp-json\/wp\/v2\/posts"}],"about":[{"href":"https:\/\/lavozdeibiza.com\/en\/wp-json\/wp\/v2\/types\/post"}],"author":[{"embeddable":true,"href":"https:\/\/lavozdeibiza.com\/en\/wp-json\/wp\/v2\/users\/3"}],"replies":[{"embeddable":true,"href":"https:\/\/lavozdeibiza.com\/en\/wp-json\/wp\/v2\/comments?post=85303"}],"version-history":[{"count":0,"href":"https:\/\/lavozdeibiza.com\/en\/wp-json\/wp\/v2\/posts\/85303\/revisions"}],"wp:featuredmedia":[{"embeddable":true,"href":"https:\/\/lavozdeibiza.com\/en\/wp-json\/wp\/v2\/media\/85298"}],"wp:attachment":[{"href":"https:\/\/lavozdeibiza.com\/en\/wp-json\/wp\/v2\/media?parent=85303"}],"wp:term":[{"taxonomy":"category","embeddable":true,"href":"https:\/\/lavozdeibiza.com\/en\/wp-json\/wp\/v2\/categories?post=85303"},{"taxonomy":"post_tag","embeddable":true,"href":"https:\/\/lavozdeibiza.com\/en\/wp-json\/wp\/v2\/tags?post=85303"},{"taxonomy":"author","embeddable":true,"href":"https:\/\/lavozdeibiza.com\/en\/wp-json\/wp\/v2\/ppma_author?post=85303"}],"curies":[{"name":"wp","href":"https:\/\/api.w.org\/{rel}","templated":true}]}}