{"id":85636,"date":"2025-02-13T11:21:44","date_gmt":"2025-02-13T10:21:44","guid":{"rendered":"https:\/\/lavozdeibiza.com\/sin-categorizar\/2025\/02\/13\/the-govern-awards-the-reform-of-the-gymnasium-of-ies-xarc-for-1-million-euros-the-works-will-begin-in-the-next-few-weeks\/"},"modified":"2025-02-13T11:21:44","modified_gmt":"2025-02-13T10:21:44","slug":"the-govern-awards-the-reform-of-the-gymnasium-of-ies-xarc-for-1-million-euros-the-works-will-begin-in-the-next-few-weeks","status":"publish","type":"post","link":"https:\/\/lavozdeibiza.com\/en\/current-news\/the-govern-awards-the-reform-of-the-gymnasium-of-ies-xarc-for-1-million-euros-the-works-will-begin-in-the-next-few-weeks\/","title":{"rendered":"The Govern awards the reform of the gymnasium of IES Xarc for 1 million euros: the works will begin in the next few weeks"},"content":{"rendered":"<p data-start=\"231\" data-end=\"705\">The <strong data-start=\"234\" data-end=\"306\">Balearic Institute of Infrastructures and Educational Services (Ibisec)<\/strong> has awarded the reform of the annex building of <strong data-start=\"355\" data-end=\"384\">IES Xarc in Santa Eul\u00e0ria<\/strong>, which houses the gym, a laboratory area, a multipurpose room and the bar of the center. <strong data-start=\"479\" data-end=\"634\">The works, awarded to the company Uxcar for 1.002 million euros, will begin in the coming weeks and will have a completion period of eight months<\/strong>, as reported by the <strong data-start=\"658\" data-end=\"702\">Ministry of Education and Universities<\/strong>.<\/p>\n<ul>\n<li data-start=\"231\" data-end=\"705\">\n<h4><a href=\"https:\/\/lavozdeibiza.com\/actualidad\/2025\/02\/12\/consulta-toda-la-programacion-de-las-fiestas-de-santa-eularia-para-no-perderte-nada\/?swcfpc=1\">Check all the program of the Santa Eul\u00e0ria Festival so you don&#8217;t miss anything.<\/a><\/h4>\n<\/li>\n<\/ul>\n<p data-start=\"707\" data-end=\"1084\">The intervention includes the complete refurbishment of the gymnasium, the locker rooms and bathrooms, the janitor&#8217;s house and the roof of the bar. In addition, <strong data-start=\"850\" data-end=\"950\">the interiors of the bathrooms and locker rooms will be renovated, and the false ceiling of the gymnasium will be repaired<\/strong>, thus ensuring the safety of these facilities, which were disqualified at the beginning of the 2023-2024 academic year due to their poor condition. <\/p>\n<h4 data-start=\"1086\" data-end=\"1148\"><strong data-start=\"1091\" data-end=\"1146\">More improvements at IES Xarc and other schools in Ibiza<\/strong><\/h4>\n<p data-start=\"1150\" data-end=\"1388\">On the other hand, at the beginning of March, the <strong data-start=\"1204\" data-end=\"1300\">works for the replacement of slats, exterior carpentry and painting of the facades of IES Xarc<\/strong>, which began in August and have involved an investment of <strong data-start=\"1359\" data-end=\"1385\">1.11 million euros<\/strong>, will be completed.<\/p>\n<p data-start=\"1390\" data-end=\"1708\">In addition, the Regional Ministry of Education has carried out the <strong data-start=\"1447\" data-end=\"1570\">replacement of carpentry and shutters in CEIP Can Raspalls (Sant Josep) and CEIP Guillem de Montgr\u00ed (Sant Antoni)<\/strong>. Both actions, with a cost of <strong data-start=\"1607\" data-end=\"1656\">349,447 euros and 254,230 euros respectively<\/strong>, have already been completed and will be received shortly. <\/p>\n<p data-start=\"1710\" data-end=\"2038\">At IES Bal\u00e0fia <strong data-start=\"1744\" data-end=\"1809\">a new access ramp to the playground<\/strong> has been built <strong data-start=\"1744\" data-end=\"1809\">and leaks have been repaired<\/strong>, while at IES Isidor Macabich <strong data-start=\"1867\" data-end=\"1904\">six bathrooms in the main building<\/strong> have been refurbished. The <strong data-start=\"1932\" data-end=\"1967\">UEECO classroom at CEIP Sant Antoni<\/strong> has also been enlarged, among other improvements, with an overall investment of <strong data-start=\"2018\" data-end=\"2035\">250,000 euros<\/strong>. <\/p>\n<h4 data-start=\"2040\" data-end=\"2077\"><strong data-start=\"2045\" data-end=\"2075\">New projects underway<\/strong><\/h4>\n<p data-start=\"2079\" data-end=\"2208\">The <strong data-start=\"2082\" data-end=\"2155\">territorial director of Education in Ibiza and Formentera, Juan \u00c1lvarez<\/strong>, has highlighted the importance of these actions: &#8220;For many years, the educational centers of Ibiza have suffered absolute neglect and the intervention of the Conselleria was very necessary to improve them&#8221;, he said.<\/p>\n<p data-start=\"2389\" data-end=\"2771\">He has also advanced that <strong data-start=\"2418\" data-end=\"2483\">the bidding process for the new CEIP Santa Eul\u00e0ria<\/strong>, which will allow the creation of <strong data-start=\"2514\" data-end=\"2545\">450 new school places<\/strong>, is already <strong data-start=\"2418\" data-end=\"2483\">underway<\/strong>. <strong data-start=\"2555\" data-end=\"2693\">Work is<\/strong> also <strong data-start=\"2555\" data-end=\"2693\">underway on the drafting of the projects for the new IES Can Cant\u00f3, the expansion of the IES Quart\u00f3 de Portmany and the IES Quart\u00f3 des Rei<\/strong>, as well as the <strong data-start=\"2710\" data-end=\"2768\">improvement and expansion of the CEIP Sant Carles and Sant Ciriac<\/strong>. <\/p>\n","protected":false},"excerpt":{"rendered":"<p>They include improvements in several areas of the center and will last for eight months.<\/p>\n","protected":false},"author":3,"featured_media":73939,"comment_status":"closed","ping_status":"closed","sticky":false,"template":"","format":"standard","meta":{"_acf_changed":false,"site-sidebar-layout":"default","site-content-layout":"","ast-site-content-layout":"default","site-content-style":"default","site-sidebar-style":"default","ast-global-header-display":"","ast-banner-title-visibility":"","ast-main-header-display":"","ast-hfb-above-header-display":"","ast-hfb-below-header-display":"","ast-hfb-mobile-header-display":"","site-post-title":"","ast-breadcrumbs-content":"","ast-featured-img":"","footer-sml-layout":"","ast-disable-related-posts":"","theme-transparent-header-meta":"default","adv-header-id-meta":"","stick-header-meta":"","header-above-stick-meta":"","header-main-stick-meta":"","header-below-stick-meta":"","astra-migrate-meta-layouts":"default","ast-page-background-enabled":"default","ast-page-background-meta":{"desktop":{"background-color":"var(--ast-global-color-4)","background-image":"","background-repeat":"repeat","background-position":"center center","background-size":"auto","background-attachment":"scroll","background-type":"","background-media":"","overlay-type":"","overlay-color":"","overlay-opacity":"","overlay-gradient":""},"tablet":{"background-color":"","background-image":"","background-repeat":"repeat","background-position":"center center","background-size":"auto","background-attachment":"scroll","background-type":"","background-media":"","overlay-type":"","overlay-color":"","overlay-opacity":"","overlay-gradient":""},"mobile":{"background-color":"","background-image":"","background-repeat":"repeat","background-position":"center center","background-size":"auto","background-attachment":"scroll","background-type":"","background-media":"","overlay-type":"","overlay-color":"","overlay-opacity":"","overlay-gradient":""}},"ast-content-background-meta":{"desktop":{"background-color":"var(--ast-global-color-5)","background-image":"","background-repeat":"repeat","background-position":"center center","background-size":"auto","background-attachment":"scroll","background-type":"","background-media":"","overlay-type":"","overlay-color":"","overlay-opacity":"","overlay-gradient":""},"tablet":{"background-color":"var(--ast-global-color-5)","background-image":"","background-repeat":"repeat","background-position":"center center","background-size":"auto","background-attachment":"scroll","background-type":"","background-media":"","overlay-type":"","overlay-color":"","overlay-opacity":"","overlay-gradient":""},"mobile":{"background-color":"var(--ast-global-color-5)","background-image":"","background-repeat":"repeat","background-position":"center center","background-size":"auto","background-attachment":"scroll","background-type":"","background-media":"","overlay-type":"","overlay-color":"","overlay-opacity":"","overlay-gradient":""}},"footnotes":""},"categories":[2910,2918,4551],"tags":[2921,5727,4598],"ppma_author":[2644],"class_list":["post-85636","post","type-post","status-publish","format-standard","has-post-thumbnail","hentry","category-current-news","category-ibiza-en","category-santa-eularia-en","tag-actualidad-2-en","tag-department-of-education-and-universities","tag-santa-eularia-en"],"acf":[],"yoast_head":"<!-- This site is optimized with the Yoast SEO plugin v27.4 - https:\/\/yoast.com\/product\/yoast-seo-wordpress\/ -->\n<title>The Govern awards the reform of the gymnasium of IES Xarc for 1 million euros: the works will begin in the next few weeks - La Voz De Ibiza<\/title>\n<meta name=\"description\" content=\"They include improvements in several areas of the center and will last for eight months.\" \/>\n<meta name=\"robots\" content=\"index, follow, max-snippet:-1, max-image-preview:large, max-video-preview:-1\" \/>\n<link rel=\"canonical\" href=\"https:\/\/lavozdeibiza.com\/en\/current-news\/the-govern-awards-the-reform-of-the-gymnasium-of-ies-xarc-for-1-million-euros-the-works-will-begin-in-the-next-few-weeks\/\" \/>\n<meta property=\"og:locale\" content=\"en_US\" \/>\n<meta property=\"og:type\" content=\"article\" \/>\n<meta property=\"og:title\" content=\"The Govern awards the reform of the gymnasium of IES Xarc for 1 million euros: the works will begin in the next few weeks - La Voz De Ibiza\" \/>\n<meta property=\"og:description\" content=\"They include improvements in several areas of the center and will last for eight months.\" \/>\n<meta property=\"og:url\" content=\"https:\/\/lavozdeibiza.com\/en\/current-news\/the-govern-awards-the-reform-of-the-gymnasium-of-ies-xarc-for-1-million-euros-the-works-will-begin-in-the-next-few-weeks\/\" \/>\n<meta property=\"og:site_name\" content=\"La Voz De Ibiza\" \/>\n<meta property=\"article:published_time\" content=\"2025-02-13T10:21:44+00:00\" \/>\n<meta property=\"og:image\" content=\"https:\/\/lavozdeibiza.com\/wp-content\/uploads\/2024\/11\/Screenshot_645.png\" \/>\n\t<meta property=\"og:image:width\" content=\"1108\" \/>\n\t<meta property=\"og:image:height\" content=\"695\" \/>\n\t<meta property=\"og:image:type\" content=\"image\/png\" \/>\n<meta name=\"author\" content=\"La Voz de Ibiza\" \/>\n<meta name=\"twitter:card\" content=\"summary_large_image\" \/>\n<meta name=\"twitter:creator\" content=\"@vozdeibiza\" \/>\n<meta name=\"twitter:site\" content=\"@vozdeibiza\" \/>\n<meta name=\"twitter:label1\" content=\"Written by\" \/>\n\t<meta name=\"twitter:data1\" content=\"La Voz de Ibiza\" \/>\n\t<meta name=\"twitter:label2\" content=\"Est. reading time\" \/>\n\t<meta name=\"twitter:data2\" content=\"2 minutes\" \/>\n<script type=\"application\/ld+json\" class=\"yoast-schema-graph\">{\"@context\":\"https:\\\/\\\/schema.org\",\"@graph\":[{\"@type\":\"NewsArticle\",\"@id\":\"https:\\\/\\\/lavozdeibiza.com\\\/en\\\/current-news\\\/the-govern-awards-the-reform-of-the-gymnasium-of-ies-xarc-for-1-million-euros-the-works-will-begin-in-the-next-few-weeks\\\/#article\",\"isPartOf\":{\"@id\":\"https:\\\/\\\/lavozdeibiza.com\\\/en\\\/current-news\\\/the-govern-awards-the-reform-of-the-gymnasium-of-ies-xarc-for-1-million-euros-the-works-will-begin-in-the-next-few-weeks\\\/\"},\"author\":{\"name\":\"La Voz de Ibiza\",\"@id\":\"https:\\\/\\\/lavozdeibiza.com\\\/en\\\/#\\\/schema\\\/person\\\/4134262403fe1838d0a79018fd5aa7d4\"},\"headline\":\"The Govern awards the reform of the gymnasium of IES Xarc for 1 million euros: the works will begin in the next few weeks\",\"datePublished\":\"2025-02-13T10:21:44+00:00\",\"mainEntityOfPage\":{\"@id\":\"https:\\\/\\\/lavozdeibiza.com\\\/en\\\/current-news\\\/the-govern-awards-the-reform-of-the-gymnasium-of-ies-xarc-for-1-million-euros-the-works-will-begin-in-the-next-few-weeks\\\/\"},\"wordCount\":454,\"publisher\":{\"@id\":\"https:\\\/\\\/lavozdeibiza.com\\\/en\\\/#organization\"},\"image\":{\"@id\":\"https:\\\/\\\/lavozdeibiza.com\\\/en\\\/current-news\\\/the-govern-awards-the-reform-of-the-gymnasium-of-ies-xarc-for-1-million-euros-the-works-will-begin-in-the-next-few-weeks\\\/#primaryimage\"},\"thumbnailUrl\":\"https:\\\/\\\/lavozdeibiza.com\\\/wp-content\\\/uploads\\\/2024\\\/11\\\/Screenshot_645.png\",\"keywords\":[\"Actualidad 2\",\"Department of Education and Universities\",\"santa eul\u00e0ria\"],\"articleSection\":[\"CURRENT NEWS\",\"IBIZA\",\"Santa Eul\u00e0ria\"],\"inLanguage\":\"en-US\"},{\"@type\":[\"WebPage\",\"ItemPage\"],\"@id\":\"https:\\\/\\\/lavozdeibiza.com\\\/en\\\/current-news\\\/the-govern-awards-the-reform-of-the-gymnasium-of-ies-xarc-for-1-million-euros-the-works-will-begin-in-the-next-few-weeks\\\/\",\"url\":\"https:\\\/\\\/lavozdeibiza.com\\\/en\\\/current-news\\\/the-govern-awards-the-reform-of-the-gymnasium-of-ies-xarc-for-1-million-euros-the-works-will-begin-in-the-next-few-weeks\\\/\",\"name\":\"The Govern awards the reform of the gymnasium of IES Xarc for 1 million euros: the works will begin in the next few weeks - La Voz De Ibiza\",\"isPartOf\":{\"@id\":\"https:\\\/\\\/lavozdeibiza.com\\\/en\\\/#website\"},\"primaryImageOfPage\":{\"@id\":\"https:\\\/\\\/lavozdeibiza.com\\\/en\\\/current-news\\\/the-govern-awards-the-reform-of-the-gymnasium-of-ies-xarc-for-1-million-euros-the-works-will-begin-in-the-next-few-weeks\\\/#primaryimage\"},\"image\":{\"@id\":\"https:\\\/\\\/lavozdeibiza.com\\\/en\\\/current-news\\\/the-govern-awards-the-reform-of-the-gymnasium-of-ies-xarc-for-1-million-euros-the-works-will-begin-in-the-next-few-weeks\\\/#primaryimage\"},\"thumbnailUrl\":\"https:\\\/\\\/lavozdeibiza.com\\\/wp-content\\\/uploads\\\/2024\\\/11\\\/Screenshot_645.png\",\"datePublished\":\"2025-02-13T10:21:44+00:00\",\"description\":\"They include improvements in several areas of the center and will last for eight months.\",\"breadcrumb\":{\"@id\":\"https:\\\/\\\/lavozdeibiza.com\\\/en\\\/current-news\\\/the-govern-awards-the-reform-of-the-gymnasium-of-ies-xarc-for-1-million-euros-the-works-will-begin-in-the-next-few-weeks\\\/#breadcrumb\"},\"inLanguage\":\"en-US\",\"potentialAction\":[{\"@type\":\"ReadAction\",\"target\":[\"https:\\\/\\\/lavozdeibiza.com\\\/en\\\/current-news\\\/the-govern-awards-the-reform-of-the-gymnasium-of-ies-xarc-for-1-million-euros-the-works-will-begin-in-the-next-few-weeks\\\/\"]}]},{\"@type\":\"ImageObject\",\"inLanguage\":\"en-US\",\"@id\":\"https:\\\/\\\/lavozdeibiza.com\\\/en\\\/current-news\\\/the-govern-awards-the-reform-of-the-gymnasium-of-ies-xarc-for-1-million-euros-the-works-will-begin-in-the-next-few-weeks\\\/#primaryimage\",\"url\":\"https:\\\/\\\/lavozdeibiza.com\\\/wp-content\\\/uploads\\\/2024\\\/11\\\/Screenshot_645.png\",\"contentUrl\":\"https:\\\/\\\/lavozdeibiza.com\\\/wp-content\\\/uploads\\\/2024\\\/11\\\/Screenshot_645.png\",\"width\":1108,\"height\":695,\"caption\":\"IES Xarc, en Santa Eul\u00e0ria\"},{\"@type\":\"BreadcrumbList\",\"@id\":\"https:\\\/\\\/lavozdeibiza.com\\\/en\\\/current-news\\\/the-govern-awards-the-reform-of-the-gymnasium-of-ies-xarc-for-1-million-euros-the-works-will-begin-in-the-next-few-weeks\\\/#breadcrumb\",\"itemListElement\":[{\"@type\":\"ListItem\",\"position\":1,\"name\":\"Portada\",\"item\":\"https:\\\/\\\/lavozdeibiza.com\\\/en\\\/\"},{\"@type\":\"ListItem\",\"position\":2,\"name\":\"The Govern awards the reform of the gymnasium of IES Xarc for 1 million euros: the works will begin in the next few weeks\"}]},{\"@type\":\"WebSite\",\"@id\":\"https:\\\/\\\/lavozdeibiza.com\\\/en\\\/#website\",\"url\":\"https:\\\/\\\/lavozdeibiza.com\\\/en\\\/\",\"name\":\"La Voz de Ibiza\",\"description\":\"Diario de informaci\u00f3n actualidad y noticias de Ibiza. Todas las noticias de los municipios de Ibiza\",\"publisher\":{\"@id\":\"https:\\\/\\\/lavozdeibiza.com\\\/en\\\/#organization\"},\"potentialAction\":[{\"@type\":\"SearchAction\",\"target\":{\"@type\":\"EntryPoint\",\"urlTemplate\":\"https:\\\/\\\/lavozdeibiza.com\\\/en\\\/?s={search_term_string}\"},\"query-input\":{\"@type\":\"PropertyValueSpecification\",\"valueRequired\":true,\"valueName\":\"search_term_string\"}}],\"inLanguage\":\"en-US\"},{\"@type\":[\"Organization\",\"NewsMediaOrganization\"],\"@id\":\"https:\\\/\\\/lavozdeibiza.com\\\/en\\\/#organization\",\"name\":\"La Voz de Ibiza\",\"url\":\"https:\\\/\\\/lavozdeibiza.com\\\/en\\\/\",\"logo\":{\"@type\":\"ImageObject\",\"inLanguage\":\"en-US\",\"@id\":\"https:\\\/\\\/lavozdeibiza.com\\\/en\\\/#\\\/schema\\\/logo\\\/image\\\/\",\"url\":\"https:\\\/\\\/lavozdeibiza.com\\\/wp-content\\\/uploads\\\/2023\\\/10\\\/logo-lvib-grande.jpg\",\"contentUrl\":\"https:\\\/\\\/lavozdeibiza.com\\\/wp-content\\\/uploads\\\/2023\\\/10\\\/logo-lvib-grande.jpg\",\"width\":1500,\"height\":1000,\"caption\":\"La Voz de Ibiza\"},\"image\":{\"@id\":\"https:\\\/\\\/lavozdeibiza.com\\\/en\\\/#\\\/schema\\\/logo\\\/image\\\/\"},\"sameAs\":[\"https:\\\/\\\/x.com\\\/vozdeibiza\",\"https:\\\/\\\/www.instagram.com\\\/lavozibiza\\\/\"]},{\"@type\":\"Person\",\"@id\":\"https:\\\/\\\/lavozdeibiza.com\\\/en\\\/#\\\/schema\\\/person\\\/4134262403fe1838d0a79018fd5aa7d4\",\"name\":\"La Voz de Ibiza\",\"image\":{\"@type\":\"ImageObject\",\"inLanguage\":\"en-US\",\"@id\":\"https:\\\/\\\/secure.gravatar.com\\\/avatar\\\/63cbef5d61a1efbd11b8e6d68f619b5206c448e1cb8189a04b26329b2539a1e2?s=96&d=mm&r=g86a2aa9c0273e55fe6b6a68d5a9e39f0\",\"url\":\"https:\\\/\\\/secure.gravatar.com\\\/avatar\\\/63cbef5d61a1efbd11b8e6d68f619b5206c448e1cb8189a04b26329b2539a1e2?s=96&d=mm&r=g\",\"contentUrl\":\"https:\\\/\\\/secure.gravatar.com\\\/avatar\\\/63cbef5d61a1efbd11b8e6d68f619b5206c448e1cb8189a04b26329b2539a1e2?s=96&d=mm&r=g\",\"caption\":\"La Voz de Ibiza\"},\"url\":\"https:\\\/\\\/lavozdeibiza.com\\\/en\\\/author\\\/la-voz-de-ibiza\\\/\"},{\"@type\":\"SiteNavigationElement\",\"@id\":\"https:\\\/\\\/lavozdeibiza.com\\\/en\\\/#site-navigation\",\"cssSelector\":[\".cib-main-menu\"]},{\"@type\":\"WPHeader\",\"@id\":\"https:\\\/\\\/lavozdeibiza.com\\\/en\\\/#header\",\"cssSelector\":[\".cib-header\"]},{\"@type\":\"WPFooter\",\"@id\":\"https:\\\/\\\/lavozdeibiza.com\\\/en\\\/#footer\",\"cssSelector\":[\".cib-footer\"]}]}<\/script>\n<!-- \/ Yoast SEO plugin. -->","yoast_head_json":{"title":"The Govern awards the reform of the gymnasium of IES Xarc for 1 million euros: the works will begin in the next few weeks - La Voz De Ibiza","description":"They include improvements in several areas of the center and will last for eight months.","robots":{"index":"index","follow":"follow","max-snippet":"max-snippet:-1","max-image-preview":"max-image-preview:large","max-video-preview":"max-video-preview:-1"},"canonical":"https:\/\/lavozdeibiza.com\/en\/current-news\/the-govern-awards-the-reform-of-the-gymnasium-of-ies-xarc-for-1-million-euros-the-works-will-begin-in-the-next-few-weeks\/","og_locale":"en_US","og_type":"article","og_title":"The Govern awards the reform of the gymnasium of IES Xarc for 1 million euros: the works will begin in the next few weeks - La Voz De Ibiza","og_description":"They include improvements in several areas of the center and will last for eight months.","og_url":"https:\/\/lavozdeibiza.com\/en\/current-news\/the-govern-awards-the-reform-of-the-gymnasium-of-ies-xarc-for-1-million-euros-the-works-will-begin-in-the-next-few-weeks\/","og_site_name":"La Voz De Ibiza","article_published_time":"2025-02-13T10:21:44+00:00","og_image":[{"width":1108,"height":695,"url":"https:\/\/lavozdeibiza.com\/wp-content\/uploads\/2024\/11\/Screenshot_645.png","type":"image\/png"}],"author":"La Voz de Ibiza","twitter_card":"summary_large_image","twitter_creator":"@vozdeibiza","twitter_site":"@vozdeibiza","twitter_misc":{"Written by":"La Voz de Ibiza","Est. reading time":"2 minutes"},"schema":{"@context":"https:\/\/schema.org","@graph":[{"@type":"NewsArticle","@id":"https:\/\/lavozdeibiza.com\/en\/current-news\/the-govern-awards-the-reform-of-the-gymnasium-of-ies-xarc-for-1-million-euros-the-works-will-begin-in-the-next-few-weeks\/#article","isPartOf":{"@id":"https:\/\/lavozdeibiza.com\/en\/current-news\/the-govern-awards-the-reform-of-the-gymnasium-of-ies-xarc-for-1-million-euros-the-works-will-begin-in-the-next-few-weeks\/"},"author":{"name":"La Voz de Ibiza","@id":"https:\/\/lavozdeibiza.com\/en\/#\/schema\/person\/4134262403fe1838d0a79018fd5aa7d4"},"headline":"The Govern awards the reform of the gymnasium of IES Xarc for 1 million euros: the works will begin in the next few weeks","datePublished":"2025-02-13T10:21:44+00:00","mainEntityOfPage":{"@id":"https:\/\/lavozdeibiza.com\/en\/current-news\/the-govern-awards-the-reform-of-the-gymnasium-of-ies-xarc-for-1-million-euros-the-works-will-begin-in-the-next-few-weeks\/"},"wordCount":454,"publisher":{"@id":"https:\/\/lavozdeibiza.com\/en\/#organization"},"image":{"@id":"https:\/\/lavozdeibiza.com\/en\/current-news\/the-govern-awards-the-reform-of-the-gymnasium-of-ies-xarc-for-1-million-euros-the-works-will-begin-in-the-next-few-weeks\/#primaryimage"},"thumbnailUrl":"https:\/\/lavozdeibiza.com\/wp-content\/uploads\/2024\/11\/Screenshot_645.png","keywords":["Actualidad 2","Department of Education and Universities","santa eul\u00e0ria"],"articleSection":["CURRENT NEWS","IBIZA","Santa Eul\u00e0ria"],"inLanguage":"en-US"},{"@type":["WebPage","ItemPage"],"@id":"https:\/\/lavozdeibiza.com\/en\/current-news\/the-govern-awards-the-reform-of-the-gymnasium-of-ies-xarc-for-1-million-euros-the-works-will-begin-in-the-next-few-weeks\/","url":"https:\/\/lavozdeibiza.com\/en\/current-news\/the-govern-awards-the-reform-of-the-gymnasium-of-ies-xarc-for-1-million-euros-the-works-will-begin-in-the-next-few-weeks\/","name":"The Govern awards the reform of the gymnasium of IES Xarc for 1 million euros: the works will begin in the next few weeks - La Voz De Ibiza","isPartOf":{"@id":"https:\/\/lavozdeibiza.com\/en\/#website"},"primaryImageOfPage":{"@id":"https:\/\/lavozdeibiza.com\/en\/current-news\/the-govern-awards-the-reform-of-the-gymnasium-of-ies-xarc-for-1-million-euros-the-works-will-begin-in-the-next-few-weeks\/#primaryimage"},"image":{"@id":"https:\/\/lavozdeibiza.com\/en\/current-news\/the-govern-awards-the-reform-of-the-gymnasium-of-ies-xarc-for-1-million-euros-the-works-will-begin-in-the-next-few-weeks\/#primaryimage"},"thumbnailUrl":"https:\/\/lavozdeibiza.com\/wp-content\/uploads\/2024\/11\/Screenshot_645.png","datePublished":"2025-02-13T10:21:44+00:00","description":"They include improvements in several areas of the center and will last for eight months.","breadcrumb":{"@id":"https:\/\/lavozdeibiza.com\/en\/current-news\/the-govern-awards-the-reform-of-the-gymnasium-of-ies-xarc-for-1-million-euros-the-works-will-begin-in-the-next-few-weeks\/#breadcrumb"},"inLanguage":"en-US","potentialAction":[{"@type":"ReadAction","target":["https:\/\/lavozdeibiza.com\/en\/current-news\/the-govern-awards-the-reform-of-the-gymnasium-of-ies-xarc-for-1-million-euros-the-works-will-begin-in-the-next-few-weeks\/"]}]},{"@type":"ImageObject","inLanguage":"en-US","@id":"https:\/\/lavozdeibiza.com\/en\/current-news\/the-govern-awards-the-reform-of-the-gymnasium-of-ies-xarc-for-1-million-euros-the-works-will-begin-in-the-next-few-weeks\/#primaryimage","url":"https:\/\/lavozdeibiza.com\/wp-content\/uploads\/2024\/11\/Screenshot_645.png","contentUrl":"https:\/\/lavozdeibiza.com\/wp-content\/uploads\/2024\/11\/Screenshot_645.png","width":1108,"height":695,"caption":"IES Xarc, en Santa Eul\u00e0ria"},{"@type":"BreadcrumbList","@id":"https:\/\/lavozdeibiza.com\/en\/current-news\/the-govern-awards-the-reform-of-the-gymnasium-of-ies-xarc-for-1-million-euros-the-works-will-begin-in-the-next-few-weeks\/#breadcrumb","itemListElement":[{"@type":"ListItem","position":1,"name":"Portada","item":"https:\/\/lavozdeibiza.com\/en\/"},{"@type":"ListItem","position":2,"name":"The Govern awards the reform of the gymnasium of IES Xarc for 1 million euros: the works will begin in the next few weeks"}]},{"@type":"WebSite","@id":"https:\/\/lavozdeibiza.com\/en\/#website","url":"https:\/\/lavozdeibiza.com\/en\/","name":"La Voz de Ibiza","description":"Diario de informaci\u00f3n actualidad y noticias de Ibiza. Todas las noticias de los municipios de Ibiza","publisher":{"@id":"https:\/\/lavozdeibiza.com\/en\/#organization"},"potentialAction":[{"@type":"SearchAction","target":{"@type":"EntryPoint","urlTemplate":"https:\/\/lavozdeibiza.com\/en\/?s={search_term_string}"},"query-input":{"@type":"PropertyValueSpecification","valueRequired":true,"valueName":"search_term_string"}}],"inLanguage":"en-US"},{"@type":["Organization","NewsMediaOrganization"],"@id":"https:\/\/lavozdeibiza.com\/en\/#organization","name":"La Voz de Ibiza","url":"https:\/\/lavozdeibiza.com\/en\/","logo":{"@type":"ImageObject","inLanguage":"en-US","@id":"https:\/\/lavozdeibiza.com\/en\/#\/schema\/logo\/image\/","url":"https:\/\/lavozdeibiza.com\/wp-content\/uploads\/2023\/10\/logo-lvib-grande.jpg","contentUrl":"https:\/\/lavozdeibiza.com\/wp-content\/uploads\/2023\/10\/logo-lvib-grande.jpg","width":1500,"height":1000,"caption":"La Voz de Ibiza"},"image":{"@id":"https:\/\/lavozdeibiza.com\/en\/#\/schema\/logo\/image\/"},"sameAs":["https:\/\/x.com\/vozdeibiza","https:\/\/www.instagram.com\/lavozibiza\/"]},{"@type":"Person","@id":"https:\/\/lavozdeibiza.com\/en\/#\/schema\/person\/4134262403fe1838d0a79018fd5aa7d4","name":"La Voz de Ibiza","image":{"@type":"ImageObject","inLanguage":"en-US","@id":"https:\/\/secure.gravatar.com\/avatar\/63cbef5d61a1efbd11b8e6d68f619b5206c448e1cb8189a04b26329b2539a1e2?s=96&d=mm&r=g86a2aa9c0273e55fe6b6a68d5a9e39f0","url":"https:\/\/secure.gravatar.com\/avatar\/63cbef5d61a1efbd11b8e6d68f619b5206c448e1cb8189a04b26329b2539a1e2?s=96&d=mm&r=g","contentUrl":"https:\/\/secure.gravatar.com\/avatar\/63cbef5d61a1efbd11b8e6d68f619b5206c448e1cb8189a04b26329b2539a1e2?s=96&d=mm&r=g","caption":"La Voz de Ibiza"},"url":"https:\/\/lavozdeibiza.com\/en\/author\/la-voz-de-ibiza\/"},{"@type":"SiteNavigationElement","@id":"https:\/\/lavozdeibiza.com\/en\/#site-navigation","cssSelector":[".cib-main-menu"]},{"@type":"WPHeader","@id":"https:\/\/lavozdeibiza.com\/en\/#header","cssSelector":[".cib-header"]},{"@type":"WPFooter","@id":"https:\/\/lavozdeibiza.com\/en\/#footer","cssSelector":[".cib-footer"]}]}},"authors":[{"term_id":2644,"user_id":3,"is_guest":0,"slug":"la-voz-de-ibiza","display_name":"La Voz de Ibiza","avatar_url":"https:\/\/secure.gravatar.com\/avatar\/63cbef5d61a1efbd11b8e6d68f619b5206c448e1cb8189a04b26329b2539a1e2?s=96&d=mm&r=g","0":null,"1":"","2":"","3":"","4":"","5":"","6":"","7":"","8":"","9":"","10":""}],"_links":{"self":[{"href":"https:\/\/lavozdeibiza.com\/en\/wp-json\/wp\/v2\/posts\/85636","targetHints":{"allow":["GET"]}}],"collection":[{"href":"https:\/\/lavozdeibiza.com\/en\/wp-json\/wp\/v2\/posts"}],"about":[{"href":"https:\/\/lavozdeibiza.com\/en\/wp-json\/wp\/v2\/types\/post"}],"author":[{"embeddable":true,"href":"https:\/\/lavozdeibiza.com\/en\/wp-json\/wp\/v2\/users\/3"}],"replies":[{"embeddable":true,"href":"https:\/\/lavozdeibiza.com\/en\/wp-json\/wp\/v2\/comments?post=85636"}],"version-history":[{"count":0,"href":"https:\/\/lavozdeibiza.com\/en\/wp-json\/wp\/v2\/posts\/85636\/revisions"}],"wp:featuredmedia":[{"embeddable":true,"href":"https:\/\/lavozdeibiza.com\/en\/wp-json\/wp\/v2\/media\/73939"}],"wp:attachment":[{"href":"https:\/\/lavozdeibiza.com\/en\/wp-json\/wp\/v2\/media?parent=85636"}],"wp:term":[{"taxonomy":"category","embeddable":true,"href":"https:\/\/lavozdeibiza.com\/en\/wp-json\/wp\/v2\/categories?post=85636"},{"taxonomy":"post_tag","embeddable":true,"href":"https:\/\/lavozdeibiza.com\/en\/wp-json\/wp\/v2\/tags?post=85636"},{"taxonomy":"author","embeddable":true,"href":"https:\/\/lavozdeibiza.com\/en\/wp-json\/wp\/v2\/ppma_author?post=85636"}],"curies":[{"name":"wp","href":"https:\/\/api.w.org\/{rel}","templated":true}]}}